{"id":25565,"date":"2022-03-15T09:19:05","date_gmt":"2022-03-15T09:19:05","guid":{"rendered":"https:\/\/www.aguarda.es\/?p=25565"},"modified":"2022-03-15T09:19:05","modified_gmt":"2022-03-15T09:19:05","slug":"maica-larriba-pon-a-flores-toxal-como-exemplo-do-apoio-do-goberno-as-empresas-para-mellorar-a-eficiencia-enerxetica-e-favorecer-a-transicion-ecoloxica","status":"publish","type":"post","link":"https:\/\/www.aguarda.es\/en\/maica-larriba-pon-a-flores-toxal-como-exemplo-do-apoio-do-goberno-as-empresas-para-mellorar-a-eficiencia-enerxetica-e-favorecer-a-transicion-ecoloxica\/","title":{"rendered":"Maica Larriba pon a Flores Toxal como exemplo do apoio do Goberno \u00e1s empresas para mellorar a eficiencia enerx\u00e9tica e favorecer a transici\u00f3n ecol\u00f3xica"},"content":{"rendered":"<p><em><strong>&#8211; A empresa acaba de recibir unha axuda do IDAE de 176.000 euros para a instalaci\u00f3n dun sistema de produci\u00f3n de enerx\u00eda xeot\u00e9rmica<\/strong><\/em><br \/>\n<em><strong>&#8211; O Goberno financiou na provincia 8 proxectos innovadores de enerx\u00eda renovable por un importe de case 4 mill\u00f3ns de euros <\/strong><\/em><br \/>\n<em><strong>&#8211; A subdelegada destacou o peso deste sector na provincia, que no posto de control fronteirizo do porto de Vigo rexistrou un volume de exportaci\u00f3ns superior \u00e1s 390 toneladas durante o 2021<\/strong><\/em><br \/>\nA subdelegada do Goberno en Pontevedra, Maica Larriba, visitou esta ma\u00f1\u00e1 os invernadoiros de Flores Toxal en Salcidos (A Guarda) para co\u00f1ecer de primeira man o proxecto de produci\u00f3n de enerx\u00eda xeot\u00e9rmica financiado polo Instituto para a Diversificaci\u00f3n e Aforro da Enerx\u00eda (IDAE) por un importe de 176.000 euros.<br \/>\nO novo sistema de enerx\u00eda xeot\u00e9rmica, que pretende reducir os altos custos derivados do sistema de calefacci\u00f3n do invernadoiro, enm\u00e1rcase nas li\u00f1as de axuda para a produci\u00f3n de enerx\u00eda t\u00e9rmica e xeraci\u00f3n de enerx\u00eda el\u00e9ctrica do Ministerio para a Transici\u00f3n Ecol\u00f3xica e o Reto Demogr\u00e1fico.<br \/>\nTal e como salientou a subdelegada \u201cestas d\u00faas convocatorias financiaron na provincia 8 proxectos innovadores de xeraci\u00f3n de enerx\u00edas renovables por un importe de 3,9 mill\u00f3ns de euros\u201d.<br \/>\nMaica Larriba destacou que \u201cestas novas instalaci\u00f3ns de fontes renovables non s\u00f3 contrib\u00faen a reducir a emisi\u00f3n de gases contaminantes e a dependencia enerx\u00e9tica, sen\u00f3n que axudan a manter a actividade industrial e o emprego na provincia, sendo ademais un magn\u00edfico exemplo da colaboraci\u00f3n p\u00fablico-privada que promove o Plan de Recuperaci\u00f3n do Goberno\u201d.<\/p>\n<p><strong>Flores Toxal, un exemplo da importancia do sector floricultor na provincia<\/strong><br \/>\nDurante a s\u00faa visita, a subdelegada, que estivo acompa\u00f1ada do alcalde de A Guarda, Antonio Lomba. e os responsables da empresa Seraf\u00edn Dom\u00ednguez e Alfonso \u00c1lvarez, quixo tam\u00e9n salientar a importancia da floricultura na provincia. \u201cSon moitas as empresas que, como Flores Toxal, levan os seus produtos al\u00e9n das nosas fronteiras, exportando e importando flores e plantas desde o Baixo Mi\u00f1o\u201d.<br \/>\nNeste sentido, Maica Larriba destacou que segundo os datos proporcionados polo Posto de Control Fronteirizo de Vigo, durante o 2021 export\u00e1ronse m\u00e1is de 390.883 quilos de flores e plantas ornamentais, sendo Reino Unido e Brasil os principais destinatarios das exportaci\u00f3ns realizadas desde o porto vigu\u00e9s. En canto \u00e1s importaci\u00f3ns, no 2021 as empresas da provincia importaron m\u00e1is de 51.889 quilos de plantas e flores desde Colombia, Ecuador ou Costa Rica.<br \/>\nA subdelegada explicou que a pesar de que a meirande parte deste tipo de operaci\u00f3ns neste sector faise por v\u00eda a\u00e9rea debido a fraxilidade e tempos de vida do produto, \u201cos tr\u00e1ficos mar\u00edtimos rexistrados evidencian o peso dun sector relevante para a econom\u00eda da nosa provincia\u201d.<\/p>\n","protected":false},"excerpt":{"rendered":"<p>&#8211; A empresa acaba de recibir unha axuda do IDAE de 176.000 euros para a instalaci\u00f3n dun sistema de produci\u00f3n de enerx\u00eda xeot\u00e9rmica &#8211; O Goberno financiou na provincia 8 proxectos innovadores de enerx\u00eda renovable por un importe de case &hellip; <\/p>\n","protected":false},"author":2,"featured_media":25566,"comment_status":"open","ping_status":"open","sticky":false,"template":"","format":"standard","meta":[],"categories":[33],"tags":[226,1506,2712,2653,2580,2711],"yoast_head":"<!-- This site is optimized with the Yoast SEO plugin v21.1 - https:\/\/yoast.com\/wordpress\/plugins\/seo\/ -->\n<title>Maica Larriba pon a Flores Toxal como exemplo do apoio do Goberno \u00e1s empresas para mellorar a eficiencia enerx\u00e9tica e favorecer a transici\u00f3n ecol\u00f3xica - Concello da Guarda<\/title>\n<meta name=\"description\" content=\"Durante a s\u00faa visita, a subdelegada, que estivo acompa\u00f1ada do alcalde de A Guarda, Antonio Lomba. e os responsables da empresa Seraf\u00edn Dom\u00ednguez e Alfonso \u00c1lvarez, quixo tam\u00e9n salientar a importancia da floricultura na provincia. \u201cSon moitas as empresas que, como Flores Toxal, levan os seus produtos al\u00e9n das nosas fronteiras, exportando e importando flores e plantas desde o Baixo Mi\u00f1o\u201d.\" \/>\n<meta name=\"robots\" content=\"index, follow, max-snippet:-1, max-image-preview:large, max-video-preview:-1\" \/>\n<link rel=\"canonical\" href=\"https:\/\/www.aguarda.es\/en\/maica-larriba-pon-a-flores-toxal-como-exemplo-do-apoio-do-goberno-as-empresas-para-mellorar-a-eficiencia-enerxetica-e-favorecer-a-transicion-ecoloxica\/\" \/>\n<meta property=\"og:locale\" content=\"en_US\" \/>\n<meta property=\"og:type\" content=\"article\" \/>\n<meta property=\"og:title\" content=\"Maica Larriba pon a Flores Toxal como exemplo do apoio do Goberno \u00e1s empresas para mellorar a eficiencia enerx\u00e9tica e favorecer a transici\u00f3n ecol\u00f3xica - Concello da Guarda\" \/>\n<meta property=\"og:description\" content=\"Durante a s\u00faa visita, a subdelegada, que estivo acompa\u00f1ada do alcalde de A Guarda, Antonio Lomba. e os responsables da empresa Seraf\u00edn Dom\u00ednguez e Alfonso \u00c1lvarez, quixo tam\u00e9n salientar a importancia da floricultura na provincia. \u201cSon moitas as empresas que, como Flores Toxal, levan os seus produtos al\u00e9n das nosas fronteiras, exportando e importando flores e plantas desde o Baixo Mi\u00f1o\u201d.\" \/>\n<meta property=\"og:url\" content=\"https:\/\/www.aguarda.es\/en\/maica-larriba-pon-a-flores-toxal-como-exemplo-do-apoio-do-goberno-as-empresas-para-mellorar-a-eficiencia-enerxetica-e-favorecer-a-transicion-ecoloxica\/\" \/>\n<meta property=\"og:site_name\" content=\"Concello da Guarda\" \/>\n<meta property=\"article:publisher\" content=\"https:\/\/www.facebook.com\/ConcellodaGuarda\" \/>\n<meta property=\"article:published_time\" content=\"2022-03-15T09:19:05+00:00\" \/>\n<meta property=\"og:image\" content=\"https:\/\/www.aguarda.es\/wp-content\/uploads\/2022\/03\/20220314_SP_NdP_A-Guarda-Visita-Toxal.jpg?_t=1647335945\" \/>\n\t<meta property=\"og:image:width\" content=\"800\" \/>\n\t<meta property=\"og:image:height\" content=\"439\" \/>\n\t<meta property=\"og:image:type\" content=\"image\/jpeg\" \/>\n<meta name=\"author\" content=\"prensa\" \/>\n<meta name=\"twitter:card\" content=\"summary_large_image\" \/>\n<meta name=\"twitter:creator\" content=\"@AGuarda_es\" \/>\n<meta name=\"twitter:site\" content=\"@AGuarda_es\" \/>\n<meta name=\"twitter:label1\" content=\"Written by\" \/>\n\t<meta name=\"twitter:data1\" content=\"prensa\" \/>\n\t<meta name=\"twitter:label2\" content=\"Est. reading time\" \/>\n\t<meta name=\"twitter:data2\" content=\"3 minutes\" \/>\n<script type=\"application\/ld+json\" class=\"yoast-schema-graph\">{\"@context\":\"https:\/\/schema.org\",\"@graph\":[{\"@type\":\"WebPage\",\"@id\":\"https:\/\/www.aguarda.es\/en\/maica-larriba-pon-a-flores-toxal-como-exemplo-do-apoio-do-goberno-as-empresas-para-mellorar-a-eficiencia-enerxetica-e-favorecer-a-transicion-ecoloxica\/\",\"url\":\"https:\/\/www.aguarda.es\/en\/maica-larriba-pon-a-flores-toxal-como-exemplo-do-apoio-do-goberno-as-empresas-para-mellorar-a-eficiencia-enerxetica-e-favorecer-a-transicion-ecoloxica\/\",\"name\":\"Maica Larriba pon a Flores Toxal como exemplo do apoio do Goberno \u00e1s empresas para mellorar a eficiencia enerx\u00e9tica e favorecer a transici\u00f3n ecol\u00f3xica - Concello da Guarda\",\"isPartOf\":{\"@id\":\"https:\/\/www.aguarda.es\/en\/#website\"},\"datePublished\":\"2022-03-15T09:19:05+00:00\",\"dateModified\":\"2022-03-15T09:19:05+00:00\",\"author\":{\"@id\":\"https:\/\/www.aguarda.es\/en\/#\/schema\/person\/c463ca3006858ffb349d11179d044f21\"},\"description\":\"Durante a s\u00faa visita, a subdelegada, que estivo acompa\u00f1ada do alcalde de A Guarda, Antonio Lomba. e os responsables da empresa Seraf\u00edn Dom\u00ednguez e Alfonso \u00c1lvarez, quixo tam\u00e9n salientar a importancia da floricultura na provincia. \u201cSon moitas as empresas que, como Flores Toxal, levan os seus produtos al\u00e9n das nosas fronteiras, exportando e importando flores e plantas desde o Baixo Mi\u00f1o\u201d.\",\"breadcrumb\":{\"@id\":\"https:\/\/www.aguarda.es\/en\/maica-larriba-pon-a-flores-toxal-como-exemplo-do-apoio-do-goberno-as-empresas-para-mellorar-a-eficiencia-enerxetica-e-favorecer-a-transicion-ecoloxica\/#breadcrumb\"},\"inLanguage\":\"en-US\",\"potentialAction\":[{\"@type\":\"ReadAction\",\"target\":[\"https:\/\/www.aguarda.es\/en\/maica-larriba-pon-a-flores-toxal-como-exemplo-do-apoio-do-goberno-as-empresas-para-mellorar-a-eficiencia-enerxetica-e-favorecer-a-transicion-ecoloxica\/\"]}]},{\"@type\":\"BreadcrumbList\",\"@id\":\"https:\/\/www.aguarda.es\/en\/maica-larriba-pon-a-flores-toxal-como-exemplo-do-apoio-do-goberno-as-empresas-para-mellorar-a-eficiencia-enerxetica-e-favorecer-a-transicion-ecoloxica\/#breadcrumb\",\"itemListElement\":[{\"@type\":\"ListItem\",\"position\":1,\"name\":\"Portada\",\"item\":\"https:\/\/www.aguarda.es\/en\/\"},{\"@type\":\"ListItem\",\"position\":2,\"name\":\"Maica Larriba pon a Flores Toxal como exemplo do apoio do Goberno \u00e1s empresas para mellorar a eficiencia enerx\u00e9tica e favorecer a transici\u00f3n ecol\u00f3xica\"}]},{\"@type\":\"WebSite\",\"@id\":\"https:\/\/www.aguarda.es\/en\/#website\",\"url\":\"https:\/\/www.aguarda.es\/en\/\",\"name\":\"Concello da Guarda\",\"description\":\"P\u00e1xina web do concello da Guarda\",\"potentialAction\":[{\"@type\":\"SearchAction\",\"target\":{\"@type\":\"EntryPoint\",\"urlTemplate\":\"https:\/\/www.aguarda.es\/en\/?s={search_term_string}\"},\"query-input\":\"required name=search_term_string\"}],\"inLanguage\":\"en-US\"},{\"@type\":\"Person\",\"@id\":\"https:\/\/www.aguarda.es\/en\/#\/schema\/person\/c463ca3006858ffb349d11179d044f21\",\"name\":\"prensa\",\"image\":{\"@type\":\"ImageObject\",\"inLanguage\":\"en-US\",\"@id\":\"https:\/\/www.aguarda.es\/en\/#\/schema\/person\/image\/\",\"url\":\"https:\/\/secure.gravatar.com\/avatar\/5f90ef536b0f98306edf5c7a1135ffa1?s=96&d=mm&r=g\",\"contentUrl\":\"https:\/\/secure.gravatar.com\/avatar\/5f90ef536b0f98306edf5c7a1135ffa1?s=96&d=mm&r=g\",\"caption\":\"prensa\"},\"url\":\"https:\/\/www.aguarda.es\/en\/author\/prensa\/\"}]}<\/script>\n<!-- \/ Yoast SEO plugin. -->","yoast_head_json":{"title":"Maica Larriba pon a Flores Toxal como exemplo do apoio do Goberno \u00e1s empresas para mellorar a eficiencia enerx\u00e9tica e favorecer a transici\u00f3n ecol\u00f3xica - Concello da Guarda","description":"Durante a s\u00faa visita, a subdelegada, que estivo acompa\u00f1ada do alcalde de A Guarda, Antonio Lomba. e os responsables da empresa Seraf\u00edn Dom\u00ednguez e Alfonso \u00c1lvarez, quixo tam\u00e9n salientar a importancia da floricultura na provincia. \u201cSon moitas as empresas que, como Flores Toxal, levan os seus produtos al\u00e9n das nosas fronteiras, exportando e importando flores e plantas desde o Baixo Mi\u00f1o\u201d.","robots":{"index":"index","follow":"follow","max-snippet":"max-snippet:-1","max-image-preview":"max-image-preview:large","max-video-preview":"max-video-preview:-1"},"canonical":"https:\/\/www.aguarda.es\/en\/maica-larriba-pon-a-flores-toxal-como-exemplo-do-apoio-do-goberno-as-empresas-para-mellorar-a-eficiencia-enerxetica-e-favorecer-a-transicion-ecoloxica\/","og_locale":"en_US","og_type":"article","og_title":"Maica Larriba pon a Flores Toxal como exemplo do apoio do Goberno \u00e1s empresas para mellorar a eficiencia enerx\u00e9tica e favorecer a transici\u00f3n ecol\u00f3xica - Concello da Guarda","og_description":"Durante a s\u00faa visita, a subdelegada, que estivo acompa\u00f1ada do alcalde de A Guarda, Antonio Lomba. e os responsables da empresa Seraf\u00edn Dom\u00ednguez e Alfonso \u00c1lvarez, quixo tam\u00e9n salientar a importancia da floricultura na provincia. \u201cSon moitas as empresas que, como Flores Toxal, levan os seus produtos al\u00e9n das nosas fronteiras, exportando e importando flores e plantas desde o Baixo Mi\u00f1o\u201d.","og_url":"https:\/\/www.aguarda.es\/en\/maica-larriba-pon-a-flores-toxal-como-exemplo-do-apoio-do-goberno-as-empresas-para-mellorar-a-eficiencia-enerxetica-e-favorecer-a-transicion-ecoloxica\/","og_site_name":"Concello da Guarda","article_publisher":"https:\/\/www.facebook.com\/ConcellodaGuarda","article_published_time":"2022-03-15T09:19:05+00:00","og_image":[{"width":800,"height":439,"url":"https:\/\/www.aguarda.es\/wp-content\/uploads\/2022\/03\/20220314_SP_NdP_A-Guarda-Visita-Toxal.jpg?_t=1647335945","type":"image\/jpeg"}],"author":"prensa","twitter_card":"summary_large_image","twitter_creator":"@AGuarda_es","twitter_site":"@AGuarda_es","twitter_misc":{"Written by":"prensa","Est. reading time":"3 minutes"},"schema":{"@context":"https:\/\/schema.org","@graph":[{"@type":"WebPage","@id":"https:\/\/www.aguarda.es\/en\/maica-larriba-pon-a-flores-toxal-como-exemplo-do-apoio-do-goberno-as-empresas-para-mellorar-a-eficiencia-enerxetica-e-favorecer-a-transicion-ecoloxica\/","url":"https:\/\/www.aguarda.es\/en\/maica-larriba-pon-a-flores-toxal-como-exemplo-do-apoio-do-goberno-as-empresas-para-mellorar-a-eficiencia-enerxetica-e-favorecer-a-transicion-ecoloxica\/","name":"Maica Larriba pon a Flores Toxal como exemplo do apoio do Goberno \u00e1s empresas para mellorar a eficiencia enerx\u00e9tica e favorecer a transici\u00f3n ecol\u00f3xica - Concello da Guarda","isPartOf":{"@id":"https:\/\/www.aguarda.es\/en\/#website"},"datePublished":"2022-03-15T09:19:05+00:00","dateModified":"2022-03-15T09:19:05+00:00","author":{"@id":"https:\/\/www.aguarda.es\/en\/#\/schema\/person\/c463ca3006858ffb349d11179d044f21"},"description":"Durante a s\u00faa visita, a subdelegada, que estivo acompa\u00f1ada do alcalde de A Guarda, Antonio Lomba. e os responsables da empresa Seraf\u00edn Dom\u00ednguez e Alfonso \u00c1lvarez, quixo tam\u00e9n salientar a importancia da floricultura na provincia. \u201cSon moitas as empresas que, como Flores Toxal, levan os seus produtos al\u00e9n das nosas fronteiras, exportando e importando flores e plantas desde o Baixo Mi\u00f1o\u201d.","breadcrumb":{"@id":"https:\/\/www.aguarda.es\/en\/maica-larriba-pon-a-flores-toxal-como-exemplo-do-apoio-do-goberno-as-empresas-para-mellorar-a-eficiencia-enerxetica-e-favorecer-a-transicion-ecoloxica\/#breadcrumb"},"inLanguage":"en-US","potentialAction":[{"@type":"ReadAction","target":["https:\/\/www.aguarda.es\/en\/maica-larriba-pon-a-flores-toxal-como-exemplo-do-apoio-do-goberno-as-empresas-para-mellorar-a-eficiencia-enerxetica-e-favorecer-a-transicion-ecoloxica\/"]}]},{"@type":"BreadcrumbList","@id":"https:\/\/www.aguarda.es\/en\/maica-larriba-pon-a-flores-toxal-como-exemplo-do-apoio-do-goberno-as-empresas-para-mellorar-a-eficiencia-enerxetica-e-favorecer-a-transicion-ecoloxica\/#breadcrumb","itemListElement":[{"@type":"ListItem","position":1,"name":"Portada","item":"https:\/\/www.aguarda.es\/en\/"},{"@type":"ListItem","position":2,"name":"Maica Larriba pon a Flores Toxal como exemplo do apoio do Goberno \u00e1s empresas para mellorar a eficiencia enerx\u00e9tica e favorecer a transici\u00f3n ecol\u00f3xica"}]},{"@type":"WebSite","@id":"https:\/\/www.aguarda.es\/en\/#website","url":"https:\/\/www.aguarda.es\/en\/","name":"Concello da Guarda","description":"P\u00e1xina web do concello da Guarda","potentialAction":[{"@type":"SearchAction","target":{"@type":"EntryPoint","urlTemplate":"https:\/\/www.aguarda.es\/en\/?s={search_term_string}"},"query-input":"required name=search_term_string"}],"inLanguage":"en-US"},{"@type":"Person","@id":"https:\/\/www.aguarda.es\/en\/#\/schema\/person\/c463ca3006858ffb349d11179d044f21","name":"prensa","image":{"@type":"ImageObject","inLanguage":"en-US","@id":"https:\/\/www.aguarda.es\/en\/#\/schema\/person\/image\/","url":"https:\/\/secure.gravatar.com\/avatar\/5f90ef536b0f98306edf5c7a1135ffa1?s=96&d=mm&r=g","contentUrl":"https:\/\/secure.gravatar.com\/avatar\/5f90ef536b0f98306edf5c7a1135ffa1?s=96&d=mm&r=g","caption":"prensa"},"url":"https:\/\/www.aguarda.es\/en\/author\/prensa\/"}]}},"_links":{"self":[{"href":"https:\/\/www.aguarda.es\/en\/wp-json\/wp\/v2\/posts\/25565"}],"collection":[{"href":"https:\/\/www.aguarda.es\/en\/wp-json\/wp\/v2\/posts"}],"about":[{"href":"https:\/\/www.aguarda.es\/en\/wp-json\/wp\/v2\/types\/post"}],"author":[{"embeddable":true,"href":"https:\/\/www.aguarda.es\/en\/wp-json\/wp\/v2\/users\/2"}],"replies":[{"embeddable":true,"href":"https:\/\/www.aguarda.es\/en\/wp-json\/wp\/v2\/comments?post=25565"}],"version-history":[{"count":1,"href":"https:\/\/www.aguarda.es\/en\/wp-json\/wp\/v2\/posts\/25565\/revisions"}],"predecessor-version":[{"id":25568,"href":"https:\/\/www.aguarda.es\/en\/wp-json\/wp\/v2\/posts\/25565\/revisions\/25568"}],"wp:featuredmedia":[{"embeddable":true,"href":"https:\/\/www.aguarda.es\/en\/wp-json\/wp\/v2\/media\/25566"}],"wp:attachment":[{"href":"https:\/\/www.aguarda.es\/en\/wp-json\/wp\/v2\/media?parent=25565"}],"wp:term":[{"taxonomy":"category","embeddable":true,"href":"https:\/\/www.aguarda.es\/en\/wp-json\/wp\/v2\/categories?post=25565"},{"taxonomy":"post_tag","embeddable":true,"href":"https:\/\/www.aguarda.es\/en\/wp-json\/wp\/v2\/tags?post=25565"}],"curies":[{"name":"wp","href":"https:\/\/api.w.org\/{rel}","templated":true}]}}