{"id":25679,"date":"2022-04-01T18:12:13","date_gmt":"2022-04-01T18:12:13","guid":{"rendered":"https:\/\/www.aguarda.es\/?p=25679"},"modified":"2022-04-03T11:39:10","modified_gmt":"2022-04-03T11:39:10","slug":"a-guarda-da-a-benvida-a-abril-cunha-ampla-programacion-polo-mes-do-libro","status":"publish","type":"post","link":"https:\/\/www.aguarda.es\/en\/a-guarda-da-a-benvida-a-abril-cunha-ampla-programacion-polo-mes-do-libro\/","title":{"rendered":"A Guarda da a benvida a abril cunha ampla programaci\u00f3n polo mes do libro"},"content":{"rendered":"<p><em><strong>\u2022 Contacontos, exposici\u00f3ns, presentaci\u00f3ns de libros e actividades de r\u00faa para fomentar a lectura neste mes de abril.<\/strong><\/em><br \/>\nO Concello da Guarda, a trav\u00e9s da Conceller\u00eda de Cultura, ven de presentar as actividades e a programaci\u00f3n para o mes do libro 2022 que arrancou xa na xornada deste venres d\u00eda 1 de abril coa inauguraci\u00f3n da Exposici\u00f3n de libros \u201cO Principi\u00f1o\u201d.<br \/>\nA Casa dos Alonso foi o escenario elixido para presentar toda a programaci\u00f3n a cargo do Alcalde da vila, Antonio Lomba e da Concelleira de Cultura, Montserrat Magallanes. A este acto acudiron tam\u00e9n representantes das librar\u00edas da vila e demais convidados, que puideron participar tam\u00e9n na inauguraci\u00f3n da Exposici\u00f3n de libros \u201cO Principi\u00f1o\u201d, unha exposici\u00f3n que recolle m\u00e1is de 250 exemplares de diversas edici\u00f3ns sobre unha das novelas curtas mais importante e a obra mais famosa do escritor e aviador franc\u00e9s Antoine de Saint-Exup\u00e9ry.<br \/>\nOs exemplares expostos do Principi\u00f1o son propiedade de Chelo Vicente Rodr\u00edguez, unha veci\u00f1a da Guarda que comezou fai xa uns dez anos a coleccionar libros desta obra, a m\u00e1is traducida do mundo, contando na actualidade con traduci\u00f3n a m\u00e1is de cincocentos idiomas e 12 dialectos da xeograf\u00eda espa\u00f1ola. Chelo comezou esta interesante colecci\u00f3n a ra\u00edz das viaxes que foi realizando polo mundo, mercando exemplares en diferentes idiomas grazas tam\u00e9n a formar parte dun grupo de coleccionistas, mercando libros tam\u00e9n ilustrativos, que poder\u00e1n contemplar os visitantes que se acheguen \u00e1 Casa dos Alonso, na primeira exposici\u00f3n p\u00fablica na que se vai poder ver esta interesante e asombrosa colecci\u00f3n de libros do Principi\u00f1o.<br \/>\nSobre o autor falou Paco Vidal, un gran apaixonado da literatura e gran coleccionista tam\u00e9n de libros, que non desaproveitou esta oportunidade para falar da historia de Antoine de Saint-Exup\u00e9ry e o que significou e significa para moitas xeraci\u00f3ns a obra do Principi\u00f1o.<\/p>\n<p>Montserrat Magallanes, Concelleira de Cultura, quixo agradecer no acto de inauguraci\u00f3n a Chelo Vicente, que dende o primeiro momento se amosou moi receptiva a realizar esta exposici\u00f3n de libros do Principi\u00f1o e colaborou de xeito moi activo para que a mesma fose unha realidade en moi pouco tempo. Engadiu a Concelleira de Cultura que \u201c\u00e9 todo un luxo para a cidadan\u00eda guardesa, para tod@s, pequenos e maiores poder desfrutar desta exposici\u00f3n na Casa dos Alonso e poder co\u00f1ecer un pouco m\u00e1is dun dos libros m\u00e1is traducidos en todo o mundo. O Principi\u00f1o sit\u00faase nun lugar destacado nesta programaci\u00f3n do Mes do Libro, onde queremos que tod@s se aproximen \u00e1 lectura coma un elemento de busca da liberdade, do co\u00f1ecemento, do esp\u00edrito cr\u00edtico e tam\u00e9n &#8220;deses breves e incandescentes momentos de felicidade&#8221; como so\u00f1aba Jorge Luis Borges.<br \/>\nPara Antonio Lomba, Alcalde da Guarda, \u201cO pobo da Guarda, dende sempre, deu moita importancia aos libros, isto explica a gran produci\u00f3n e colaboraci\u00f3n editorial que se fai dende o concello. Este ano, poder comezar o mes do libro coa exposici\u00f3n sobre O Principi\u00f1o, \u00e9 un luxo. Espero que desfrutemos dela grandes e pequenos. E que para elo, n\u00f3s, os grandes, aceptemos a suxerencia do Principi\u00f1o e nos acordemos de cando eramos cativos.\u201d<\/p>\n<p style=\"text-align: left\"><strong>PROGRAMACI\u00d3N MES DO LIBRO<\/strong><br \/>\nO Mes do Libro 2022 na Guarda comeza coa Exposici\u00f3n de libros \u201cO Principi\u00f1o\u201d, que estar\u00e1 na Casa dos Alonso do 1 ao 10 de abril en horario de 9:00h a 14:00h e de 17:00h a 20:00h de luns a venres e en horario de 10:00h a 13:00h os s\u00e1bados.<br \/>\nA programaci\u00f3n contin\u00faa este s\u00e1bado d\u00eda 2 de abril co Contacontos polo d\u00eda do libro infantil con \u201cDEDAS\u201d \u00e1s 12:00h na Biblioteca Municipal da Guarda(Centro Cultural). DEDAS \u00e9 un conto ilustrado de 64 p\u00e1xinas onde agroma a poes\u00eda en cada li\u00f1a. Un libro evolutivo para nenos e nenas de 1 a 6 anos.<br \/>\nO Contacontos do d\u00eda 2 estar\u00e1 impartido polas autoras do libro : Soledad Garc\u00eda nos textos, Laine Villero a cargo das ilustraci\u00f3ns e Natalia Guisande como dese\u00f1adora. As tres artistas conforman o proxecto Solaina, unha fusi\u00f3n de arte: palabras, pintura e dese\u00f1o.<br \/>\nPara acudir \u00e1 esta actividade \u00e9 preciso anotarse previamente no Centro Cultural ou no tel\u00e9fono 986 61 1850, en horario de 16:00h a 21:00h.<br \/>\nEste ano decidiuse realizar a II Ruta do Libro, unha actividade na que participan as 4 librar\u00edas da vila e na que entregarase un agasallo na Biblioteca Municipal da Guarda a todas as persoas que consuman 30\u20ac nestes establecementos.<br \/>\nO 9 de abril \u00e1s 12:00h a Biblioteca Municipal da Guarda acolle o contacontos \u201cO Principi\u00f1o en figuras de Luz\u201d, \u00e9 preciso anotarse previamente no Centro Cultural ou no tel\u00e9fono 986 61 1850, en horario de 16:00h a 21:00h.<br \/>\nXa para rematar a programaci\u00f3n do mes do libro 2022, o 23 de abril celebraremos o D\u00eda do Libro con descontos especiais nas librar\u00edas da Guarda e obsequiarase cunha flor(ata fin de existencias) \u00e1s persoas que realicen compras neste d\u00eda. Ademais contarase de 10:30h a 13:00h cun emblema cl\u00e1sico dos c\u00f3mics de Espa\u00f1a, \u201cMortadelo e Filem\u00f3n\u201d, que visitar\u00e1n A Guarda para conmemorar este d\u00eda facendo un percorrido pola Biblioteca Municipal, as Librar\u00edas e as principais r\u00faas da vila.<br \/>\nRecorda que na Biblioteca Municipal da Guarda habilitarase un mural no que poder deixar a t\u00faa pegada con mensaxes ao longo de todo o mes de abril.<\/p>\n<p style=\"text-align: center\"><img decoding=\"async\" loading=\"lazy\" class=\"aligncenter size-full wp-image-25684\" src=\"https:\/\/www.aguarda.es\/wp-content\/uploads\/2022\/04\/Ruta-del-libro.jpg\" alt=\"\" width=\"800\" height=\"1132\" srcset=\"https:\/\/www.aguarda.es\/wp-content\/uploads\/2022\/04\/Ruta-del-libro.jpg 800w, https:\/\/www.aguarda.es\/wp-content\/uploads\/2022\/04\/Ruta-del-libro-212x300.jpg 212w, https:\/\/www.aguarda.es\/wp-content\/uploads\/2022\/04\/Ruta-del-libro-724x1024.jpg 724w, https:\/\/www.aguarda.es\/wp-content\/uploads\/2022\/04\/Ruta-del-libro-768x1087.jpg 768w\" sizes=\"(max-width: 800px) 100vw, 800px\" \/><img decoding=\"async\" loading=\"lazy\" class=\"aligncenter size-full wp-image-25682\" src=\"https:\/\/www.aguarda.es\/wp-content\/uploads\/2022\/04\/Programacion.jpg\" alt=\"\" width=\"800\" height=\"1129\" srcset=\"https:\/\/www.aguarda.es\/wp-content\/uploads\/2022\/04\/Programacion.jpg 800w, https:\/\/www.aguarda.es\/wp-content\/uploads\/2022\/04\/Programacion-213x300.jpg 213w, https:\/\/www.aguarda.es\/wp-content\/uploads\/2022\/04\/Programacion-726x1024.jpg 726w, https:\/\/www.aguarda.es\/wp-content\/uploads\/2022\/04\/Programacion-768x1084.jpg 768w\" sizes=\"(max-width: 800px) 100vw, 800px\" \/><\/p>\n","protected":false},"excerpt":{"rendered":"<p>\u2022 Contacontos, exposici\u00f3ns, presentaci\u00f3ns de libros e actividades de r\u00faa para fomentar a lectura neste mes de abril. O Concello da Guarda, a trav\u00e9s da Conceller\u00eda de Cultura, ven de presentar as actividades e a programaci\u00f3n para o mes do &hellip; <\/p>\n","protected":false},"author":2,"featured_media":25680,"comment_status":"open","ping_status":"open","sticky":false,"template":"","format":"standard","meta":[],"categories":[34],"tags":[226,243,2732],"yoast_head":"<!-- This site is optimized with the Yoast SEO plugin v21.1 - https:\/\/yoast.com\/wordpress\/plugins\/seo\/ -->\n<title>A Guarda da a benvida a abril cunha ampla programaci\u00f3n polo mes do libro - Concello da Guarda<\/title>\n<meta name=\"description\" content=\"Contacontos, exposici\u00f3ns, presentaci\u00f3ns de libros e actividades de r\u00faa para fomentar a lectura neste mes de abril.\" \/>\n<meta name=\"robots\" content=\"index, follow, max-snippet:-1, max-image-preview:large, max-video-preview:-1\" \/>\n<link rel=\"canonical\" href=\"https:\/\/www.aguarda.es\/en\/a-guarda-da-a-benvida-a-abril-cunha-ampla-programacion-polo-mes-do-libro\/\" \/>\n<meta property=\"og:locale\" content=\"en_US\" \/>\n<meta property=\"og:type\" content=\"article\" \/>\n<meta property=\"og:title\" content=\"A Guarda da a benvida a abril cunha ampla programaci\u00f3n polo mes do libro - Concello da Guarda\" \/>\n<meta property=\"og:description\" content=\"Contacontos, exposici\u00f3ns, presentaci\u00f3ns de libros e actividades de r\u00faa para fomentar a lectura neste mes de abril.\" \/>\n<meta property=\"og:url\" content=\"https:\/\/www.aguarda.es\/en\/a-guarda-da-a-benvida-a-abril-cunha-ampla-programacion-polo-mes-do-libro\/\" \/>\n<meta property=\"og:site_name\" content=\"Concello da Guarda\" \/>\n<meta property=\"article:publisher\" content=\"https:\/\/www.facebook.com\/ConcellodaGuarda\" \/>\n<meta property=\"article:published_time\" content=\"2022-04-01T18:12:13+00:00\" \/>\n<meta property=\"article:modified_time\" content=\"2022-04-03T11:39:10+00:00\" \/>\n<meta property=\"og:image\" content=\"https:\/\/www.aguarda.es\/wp-content\/uploads\/2022\/04\/PARA-PRENSA.jpg?_t=1648985951\" \/>\n\t<meta property=\"og:image:width\" content=\"800\" \/>\n\t<meta property=\"og:image:height\" content=\"800\" \/>\n\t<meta property=\"og:image:type\" content=\"image\/jpeg\" \/>\n<meta name=\"author\" content=\"prensa\" \/>\n<meta name=\"twitter:card\" content=\"summary_large_image\" \/>\n<meta name=\"twitter:creator\" content=\"@AGuarda_es\" \/>\n<meta name=\"twitter:site\" content=\"@AGuarda_es\" \/>\n<meta name=\"twitter:label1\" content=\"Written by\" \/>\n\t<meta name=\"twitter:data1\" content=\"prensa\" \/>\n\t<meta name=\"twitter:label2\" content=\"Est. reading time\" \/>\n\t<meta name=\"twitter:data2\" content=\"5 minutes\" \/>\n<script type=\"application\/ld+json\" class=\"yoast-schema-graph\">{\"@context\":\"https:\/\/schema.org\",\"@graph\":[{\"@type\":\"WebPage\",\"@id\":\"https:\/\/www.aguarda.es\/en\/a-guarda-da-a-benvida-a-abril-cunha-ampla-programacion-polo-mes-do-libro\/\",\"url\":\"https:\/\/www.aguarda.es\/en\/a-guarda-da-a-benvida-a-abril-cunha-ampla-programacion-polo-mes-do-libro\/\",\"name\":\"A Guarda da a benvida a abril cunha ampla programaci\u00f3n polo mes do libro - Concello da Guarda\",\"isPartOf\":{\"@id\":\"https:\/\/www.aguarda.es\/en\/#website\"},\"datePublished\":\"2022-04-01T18:12:13+00:00\",\"dateModified\":\"2022-04-03T11:39:10+00:00\",\"author\":{\"@id\":\"https:\/\/www.aguarda.es\/en\/#\/schema\/person\/c463ca3006858ffb349d11179d044f21\"},\"description\":\"Contacontos, exposici\u00f3ns, presentaci\u00f3ns de libros e actividades de r\u00faa para fomentar a lectura neste mes de abril.\",\"breadcrumb\":{\"@id\":\"https:\/\/www.aguarda.es\/en\/a-guarda-da-a-benvida-a-abril-cunha-ampla-programacion-polo-mes-do-libro\/#breadcrumb\"},\"inLanguage\":\"en-US\",\"potentialAction\":[{\"@type\":\"ReadAction\",\"target\":[\"https:\/\/www.aguarda.es\/en\/a-guarda-da-a-benvida-a-abril-cunha-ampla-programacion-polo-mes-do-libro\/\"]}]},{\"@type\":\"BreadcrumbList\",\"@id\":\"https:\/\/www.aguarda.es\/en\/a-guarda-da-a-benvida-a-abril-cunha-ampla-programacion-polo-mes-do-libro\/#breadcrumb\",\"itemListElement\":[{\"@type\":\"ListItem\",\"position\":1,\"name\":\"Portada\",\"item\":\"https:\/\/www.aguarda.es\/en\/\"},{\"@type\":\"ListItem\",\"position\":2,\"name\":\"A Guarda da a benvida a abril cunha ampla programaci\u00f3n polo mes do libro\"}]},{\"@type\":\"WebSite\",\"@id\":\"https:\/\/www.aguarda.es\/en\/#website\",\"url\":\"https:\/\/www.aguarda.es\/en\/\",\"name\":\"Concello da Guarda\",\"description\":\"P\u00e1xina web do concello da Guarda\",\"potentialAction\":[{\"@type\":\"SearchAction\",\"target\":{\"@type\":\"EntryPoint\",\"urlTemplate\":\"https:\/\/www.aguarda.es\/en\/?s={search_term_string}\"},\"query-input\":\"required name=search_term_string\"}],\"inLanguage\":\"en-US\"},{\"@type\":\"Person\",\"@id\":\"https:\/\/www.aguarda.es\/en\/#\/schema\/person\/c463ca3006858ffb349d11179d044f21\",\"name\":\"prensa\",\"image\":{\"@type\":\"ImageObject\",\"inLanguage\":\"en-US\",\"@id\":\"https:\/\/www.aguarda.es\/en\/#\/schema\/person\/image\/\",\"url\":\"https:\/\/secure.gravatar.com\/avatar\/5f90ef536b0f98306edf5c7a1135ffa1?s=96&d=mm&r=g\",\"contentUrl\":\"https:\/\/secure.gravatar.com\/avatar\/5f90ef536b0f98306edf5c7a1135ffa1?s=96&d=mm&r=g\",\"caption\":\"prensa\"},\"url\":\"https:\/\/www.aguarda.es\/en\/author\/prensa\/\"}]}<\/script>\n<!-- \/ Yoast SEO plugin. -->","yoast_head_json":{"title":"A Guarda da a benvida a abril cunha ampla programaci\u00f3n polo mes do libro - Concello da Guarda","description":"Contacontos, exposici\u00f3ns, presentaci\u00f3ns de libros e actividades de r\u00faa para fomentar a lectura neste mes de abril.","robots":{"index":"index","follow":"follow","max-snippet":"max-snippet:-1","max-image-preview":"max-image-preview:large","max-video-preview":"max-video-preview:-1"},"canonical":"https:\/\/www.aguarda.es\/en\/a-guarda-da-a-benvida-a-abril-cunha-ampla-programacion-polo-mes-do-libro\/","og_locale":"en_US","og_type":"article","og_title":"A Guarda da a benvida a abril cunha ampla programaci\u00f3n polo mes do libro - Concello da Guarda","og_description":"Contacontos, exposici\u00f3ns, presentaci\u00f3ns de libros e actividades de r\u00faa para fomentar a lectura neste mes de abril.","og_url":"https:\/\/www.aguarda.es\/en\/a-guarda-da-a-benvida-a-abril-cunha-ampla-programacion-polo-mes-do-libro\/","og_site_name":"Concello da Guarda","article_publisher":"https:\/\/www.facebook.com\/ConcellodaGuarda","article_published_time":"2022-04-01T18:12:13+00:00","article_modified_time":"2022-04-03T11:39:10+00:00","og_image":[{"width":800,"height":800,"url":"https:\/\/www.aguarda.es\/wp-content\/uploads\/2022\/04\/PARA-PRENSA.jpg?_t=1648985951","type":"image\/jpeg"}],"author":"prensa","twitter_card":"summary_large_image","twitter_creator":"@AGuarda_es","twitter_site":"@AGuarda_es","twitter_misc":{"Written by":"prensa","Est. reading time":"5 minutes"},"schema":{"@context":"https:\/\/schema.org","@graph":[{"@type":"WebPage","@id":"https:\/\/www.aguarda.es\/en\/a-guarda-da-a-benvida-a-abril-cunha-ampla-programacion-polo-mes-do-libro\/","url":"https:\/\/www.aguarda.es\/en\/a-guarda-da-a-benvida-a-abril-cunha-ampla-programacion-polo-mes-do-libro\/","name":"A Guarda da a benvida a abril cunha ampla programaci\u00f3n polo mes do libro - Concello da Guarda","isPartOf":{"@id":"https:\/\/www.aguarda.es\/en\/#website"},"datePublished":"2022-04-01T18:12:13+00:00","dateModified":"2022-04-03T11:39:10+00:00","author":{"@id":"https:\/\/www.aguarda.es\/en\/#\/schema\/person\/c463ca3006858ffb349d11179d044f21"},"description":"Contacontos, exposici\u00f3ns, presentaci\u00f3ns de libros e actividades de r\u00faa para fomentar a lectura neste mes de abril.","breadcrumb":{"@id":"https:\/\/www.aguarda.es\/en\/a-guarda-da-a-benvida-a-abril-cunha-ampla-programacion-polo-mes-do-libro\/#breadcrumb"},"inLanguage":"en-US","potentialAction":[{"@type":"ReadAction","target":["https:\/\/www.aguarda.es\/en\/a-guarda-da-a-benvida-a-abril-cunha-ampla-programacion-polo-mes-do-libro\/"]}]},{"@type":"BreadcrumbList","@id":"https:\/\/www.aguarda.es\/en\/a-guarda-da-a-benvida-a-abril-cunha-ampla-programacion-polo-mes-do-libro\/#breadcrumb","itemListElement":[{"@type":"ListItem","position":1,"name":"Portada","item":"https:\/\/www.aguarda.es\/en\/"},{"@type":"ListItem","position":2,"name":"A Guarda da a benvida a abril cunha ampla programaci\u00f3n polo mes do libro"}]},{"@type":"WebSite","@id":"https:\/\/www.aguarda.es\/en\/#website","url":"https:\/\/www.aguarda.es\/en\/","name":"Concello da Guarda","description":"P\u00e1xina web do concello da Guarda","potentialAction":[{"@type":"SearchAction","target":{"@type":"EntryPoint","urlTemplate":"https:\/\/www.aguarda.es\/en\/?s={search_term_string}"},"query-input":"required name=search_term_string"}],"inLanguage":"en-US"},{"@type":"Person","@id":"https:\/\/www.aguarda.es\/en\/#\/schema\/person\/c463ca3006858ffb349d11179d044f21","name":"prensa","image":{"@type":"ImageObject","inLanguage":"en-US","@id":"https:\/\/www.aguarda.es\/en\/#\/schema\/person\/image\/","url":"https:\/\/secure.gravatar.com\/avatar\/5f90ef536b0f98306edf5c7a1135ffa1?s=96&d=mm&r=g","contentUrl":"https:\/\/secure.gravatar.com\/avatar\/5f90ef536b0f98306edf5c7a1135ffa1?s=96&d=mm&r=g","caption":"prensa"},"url":"https:\/\/www.aguarda.es\/en\/author\/prensa\/"}]}},"_links":{"self":[{"href":"https:\/\/www.aguarda.es\/en\/wp-json\/wp\/v2\/posts\/25679"}],"collection":[{"href":"https:\/\/www.aguarda.es\/en\/wp-json\/wp\/v2\/posts"}],"about":[{"href":"https:\/\/www.aguarda.es\/en\/wp-json\/wp\/v2\/types\/post"}],"author":[{"embeddable":true,"href":"https:\/\/www.aguarda.es\/en\/wp-json\/wp\/v2\/users\/2"}],"replies":[{"embeddable":true,"href":"https:\/\/www.aguarda.es\/en\/wp-json\/wp\/v2\/comments?post=25679"}],"version-history":[{"count":2,"href":"https:\/\/www.aguarda.es\/en\/wp-json\/wp\/v2\/posts\/25679\/revisions"}],"predecessor-version":[{"id":25687,"href":"https:\/\/www.aguarda.es\/en\/wp-json\/wp\/v2\/posts\/25679\/revisions\/25687"}],"wp:featuredmedia":[{"embeddable":true,"href":"https:\/\/www.aguarda.es\/en\/wp-json\/wp\/v2\/media\/25680"}],"wp:attachment":[{"href":"https:\/\/www.aguarda.es\/en\/wp-json\/wp\/v2\/media?parent=25679"}],"wp:term":[{"taxonomy":"category","embeddable":true,"href":"https:\/\/www.aguarda.es\/en\/wp-json\/wp\/v2\/categories?post=25679"},{"taxonomy":"post_tag","embeddable":true,"href":"https:\/\/www.aguarda.es\/en\/wp-json\/wp\/v2\/tags?post=25679"}],"curies":[{"name":"wp","href":"https:\/\/api.w.org\/{rel}","templated":true}]}}