{"id":25758,"date":"2022-04-18T07:33:34","date_gmt":"2022-04-18T07:33:34","guid":{"rendered":"https:\/\/www.aguarda.es\/?p=25758"},"modified":"2022-04-18T07:33:34","modified_gmt":"2022-04-18T07:33:34","slug":"o-omix-de-a-guarda-quere-escoitar-o-que-ten-que-dicir-a-xuventude-da-vila-sobre-o-seu-futuro","status":"publish","type":"post","link":"https:\/\/www.aguarda.es\/en\/o-omix-de-a-guarda-quere-escoitar-o-que-ten-que-dicir-a-xuventude-da-vila-sobre-o-seu-futuro\/","title":{"rendered":"O OMIX de A Guarda quere escoitar o que ten que dicir a xuventude da vila sobre o seu futuro"},"content":{"rendered":"<p><em><strong>\u2022 In\u00edciase unha investigaci\u00f3n sobre o futuro laboral e a perspectiva da mocidade<\/strong><\/em><br \/>\n<em><strong>\u2022 Os resultados presentaranse na vindeira Feira de Emprego de outubro<\/strong><\/em><\/p>\n<p>A Oficina Municipal de Informaci\u00f3n Xuvenil ven de comezar un proxecto de investigaci\u00f3n sobre a visi\u00f3n de A Guarda dos mozos e mozas de entre 15 e 29 anos e as perspectivas de futuro laboral que ofrece a vila.<\/p>\n<p>O elemento clave para o \u00e9xito da investigaci\u00f3n ser\u00e1 a participaci\u00f3n activa da mocidade, que se canalizar\u00e1 a trav\u00e9s dunha primeira fase de sondaxe masiva e a posterior creaci\u00f3n dun Foro participativo. A devandita enquisa estar\u00e1 dispo\u00f1ible en formato electr\u00f3nico ata o d\u00eda 29 de abril na seguinte ligaz\u00f3n <a href=\"https:\/\/es.surveymonkey.com\/r\/OMIX\">https:\/\/es.surveymonkey.com\/r\/OMIX<\/a> . Nela, b\u00fascase co\u00f1ecer cales son os aspectos m\u00e1is valorados neste segmento de idade \u00e1 hora de escoller o seu futuro -ou actual- lugar de residencia, o desenvolvemento da s\u00faa carreira profesional e en que grao A Guarda pode satisfacer esas expectativas. Para garantir as taxas de participaci\u00f3n o m\u00e1is altas posibles, realizaranse visitas aos centros educativos guardeses nos pr\u00f3ximos d\u00edas. Tam\u00e9n se colocar\u00e1n carteis con c\u00f3digos QR en diferentes puntos de tr\u00e1nsito habitual da mocidade, coma as asociaci\u00f3ns e clubs ou o propio OMIX.<\/p>\n<p>O posterior Foro participativo far\u00e1 unha achega m\u00e1is pr\u00f3xima \u00e1 visi\u00f3n global da mocidade da vila a trav\u00e9s de din\u00e1micas participativas e actividades, que ser\u00e1n levadas a cabo por unha facilitadora experta na materia da empresa intheMOVE. A inscrici\u00f3n no evento, que se desenvolver\u00e1 en dependencias do concello o 11 de maio, poderase realizar a trav\u00e9s da citada enquisa.<\/p>\n<p>Para rematar a investigaci\u00f3n, cos datos obtidos de ambas fases elaborarase un v\u00eddeo resumo que ser\u00e1 presentado na Feira de Emprego de outubro.<\/p>\n<p>Malos tempos para ser novo<br \/>\nSegundo os \u00faltimos datos publicados polo Instituto da Xuventude sobre o desemprego xuvenil, Galicia \u00e9 unha das comunidades aut\u00f3nomas cunha taxa por debaixo da media estatal, que as\u00ed e todo \u00e9 dun 12% no pasado mes de febreiro. Este mesmo organismo, no seu \u00faltimo Informe Xuventude Espa\u00f1a publicado no 2021, recolle que a crise do Covid foi a \u00faltima circunstancia en afectar negativamente \u00e1 taxa de emancipaci\u00f3n das mozas e mozos espa\u00f1ois, aumentando a fenda con outros pa\u00edses da Uni\u00f3n Europea.<\/p>\n<p>A xa acu\u00f1ada \u201cd\u00e9cada perdida\u201d, que leva \u00e1s costas os efectos a longo prazo da crise econ\u00f3mica do 2008 e dunha pandemia, destaca a inestabilidade do mercado laboral como factor determinante \u00e1 hora de considerar o seu futuro m\u00e1is inmediato. Proximamente saberemos se a mocidade de A Guarda reflicte estas inquedanzas nesta investigaci\u00f3n.<\/p>\n","protected":false},"excerpt":{"rendered":"<p>\u2022 In\u00edciase unha investigaci\u00f3n sobre o futuro laboral e a perspectiva da mocidade \u2022 Os resultados presentaranse na vindeira Feira de Emprego de outubro A Oficina Municipal de Informaci\u00f3n Xuvenil ven de comezar un proxecto de investigaci\u00f3n sobre a visi\u00f3n &hellip; <\/p>\n","protected":false},"author":2,"featured_media":25759,"comment_status":"open","ping_status":"open","sticky":false,"template":"","format":"standard","meta":[],"categories":[48],"tags":[226,1889,2741,1799,284,286],"yoast_head":"<!-- This site is optimized with the Yoast SEO plugin v21.1 - https:\/\/yoast.com\/wordpress\/plugins\/seo\/ -->\n<title>O OMIX de A Guarda quere escoitar o que ten que dicir a xuventude da vila sobre o seu futuro - Concello da Guarda<\/title>\n<meta name=\"robots\" content=\"index, follow, max-snippet:-1, max-image-preview:large, max-video-preview:-1\" \/>\n<link rel=\"canonical\" href=\"https:\/\/www.aguarda.es\/en\/o-omix-de-a-guarda-quere-escoitar-o-que-ten-que-dicir-a-xuventude-da-vila-sobre-o-seu-futuro\/\" \/>\n<meta property=\"og:locale\" content=\"en_US\" \/>\n<meta property=\"og:type\" content=\"article\" \/>\n<meta property=\"og:title\" content=\"O OMIX de A Guarda quere escoitar o que ten que dicir a xuventude da vila sobre o seu futuro - Concello da Guarda\" \/>\n<meta property=\"og:description\" content=\"\u2022 In\u00edciase unha investigaci\u00f3n sobre o futuro laboral e a perspectiva da mocidade \u2022 Os resultados presentaranse na vindeira Feira de Emprego de outubro A Oficina Municipal de Informaci\u00f3n Xuvenil ven de comezar un proxecto de investigaci\u00f3n sobre a visi\u00f3n &hellip;\" \/>\n<meta property=\"og:url\" content=\"https:\/\/www.aguarda.es\/en\/o-omix-de-a-guarda-quere-escoitar-o-que-ten-que-dicir-a-xuventude-da-vila-sobre-o-seu-futuro\/\" \/>\n<meta property=\"og:site_name\" content=\"Concello da Guarda\" \/>\n<meta property=\"article:publisher\" content=\"https:\/\/www.facebook.com\/ConcellodaGuarda\" \/>\n<meta property=\"article:published_time\" content=\"2022-04-18T07:33:34+00:00\" \/>\n<meta property=\"og:image\" content=\"https:\/\/www.aguarda.es\/wp-content\/uploads\/2022\/04\/FB-parte-1.jpg?_t=1650267215\" \/>\n\t<meta property=\"og:image:width\" content=\"800\" \/>\n\t<meta property=\"og:image:height\" content=\"671\" \/>\n\t<meta property=\"og:image:type\" content=\"image\/jpeg\" \/>\n<meta name=\"author\" content=\"prensa\" \/>\n<meta name=\"twitter:card\" content=\"summary_large_image\" \/>\n<meta name=\"twitter:creator\" content=\"@AGuarda_es\" \/>\n<meta name=\"twitter:site\" content=\"@AGuarda_es\" \/>\n<meta name=\"twitter:label1\" content=\"Written by\" \/>\n\t<meta name=\"twitter:data1\" content=\"prensa\" \/>\n\t<meta name=\"twitter:label2\" content=\"Est. reading time\" \/>\n\t<meta name=\"twitter:data2\" content=\"3 minutes\" \/>\n<script type=\"application\/ld+json\" class=\"yoast-schema-graph\">{\"@context\":\"https:\/\/schema.org\",\"@graph\":[{\"@type\":\"WebPage\",\"@id\":\"https:\/\/www.aguarda.es\/en\/o-omix-de-a-guarda-quere-escoitar-o-que-ten-que-dicir-a-xuventude-da-vila-sobre-o-seu-futuro\/\",\"url\":\"https:\/\/www.aguarda.es\/en\/o-omix-de-a-guarda-quere-escoitar-o-que-ten-que-dicir-a-xuventude-da-vila-sobre-o-seu-futuro\/\",\"name\":\"O OMIX de A Guarda quere escoitar o que ten que dicir a xuventude da vila sobre o seu futuro - Concello da Guarda\",\"isPartOf\":{\"@id\":\"https:\/\/www.aguarda.es\/en\/#website\"},\"datePublished\":\"2022-04-18T07:33:34+00:00\",\"dateModified\":\"2022-04-18T07:33:34+00:00\",\"author\":{\"@id\":\"https:\/\/www.aguarda.es\/en\/#\/schema\/person\/c463ca3006858ffb349d11179d044f21\"},\"breadcrumb\":{\"@id\":\"https:\/\/www.aguarda.es\/en\/o-omix-de-a-guarda-quere-escoitar-o-que-ten-que-dicir-a-xuventude-da-vila-sobre-o-seu-futuro\/#breadcrumb\"},\"inLanguage\":\"en-US\",\"potentialAction\":[{\"@type\":\"ReadAction\",\"target\":[\"https:\/\/www.aguarda.es\/en\/o-omix-de-a-guarda-quere-escoitar-o-que-ten-que-dicir-a-xuventude-da-vila-sobre-o-seu-futuro\/\"]}]},{\"@type\":\"BreadcrumbList\",\"@id\":\"https:\/\/www.aguarda.es\/en\/o-omix-de-a-guarda-quere-escoitar-o-que-ten-que-dicir-a-xuventude-da-vila-sobre-o-seu-futuro\/#breadcrumb\",\"itemListElement\":[{\"@type\":\"ListItem\",\"position\":1,\"name\":\"Portada\",\"item\":\"https:\/\/www.aguarda.es\/en\/\"},{\"@type\":\"ListItem\",\"position\":2,\"name\":\"O OMIX de A Guarda quere escoitar o que ten que dicir a xuventude da vila sobre o seu futuro\"}]},{\"@type\":\"WebSite\",\"@id\":\"https:\/\/www.aguarda.es\/en\/#website\",\"url\":\"https:\/\/www.aguarda.es\/en\/\",\"name\":\"Concello da Guarda\",\"description\":\"P\u00e1xina web do concello da Guarda\",\"potentialAction\":[{\"@type\":\"SearchAction\",\"target\":{\"@type\":\"EntryPoint\",\"urlTemplate\":\"https:\/\/www.aguarda.es\/en\/?s={search_term_string}\"},\"query-input\":\"required name=search_term_string\"}],\"inLanguage\":\"en-US\"},{\"@type\":\"Person\",\"@id\":\"https:\/\/www.aguarda.es\/en\/#\/schema\/person\/c463ca3006858ffb349d11179d044f21\",\"name\":\"prensa\",\"image\":{\"@type\":\"ImageObject\",\"inLanguage\":\"en-US\",\"@id\":\"https:\/\/www.aguarda.es\/en\/#\/schema\/person\/image\/\",\"url\":\"https:\/\/secure.gravatar.com\/avatar\/5f90ef536b0f98306edf5c7a1135ffa1?s=96&d=mm&r=g\",\"contentUrl\":\"https:\/\/secure.gravatar.com\/avatar\/5f90ef536b0f98306edf5c7a1135ffa1?s=96&d=mm&r=g\",\"caption\":\"prensa\"},\"url\":\"https:\/\/www.aguarda.es\/en\/author\/prensa\/\"}]}<\/script>\n<!-- \/ Yoast SEO plugin. -->","yoast_head_json":{"title":"O OMIX de A Guarda quere escoitar o que ten que dicir a xuventude da vila sobre o seu futuro - Concello da Guarda","robots":{"index":"index","follow":"follow","max-snippet":"max-snippet:-1","max-image-preview":"max-image-preview:large","max-video-preview":"max-video-preview:-1"},"canonical":"https:\/\/www.aguarda.es\/en\/o-omix-de-a-guarda-quere-escoitar-o-que-ten-que-dicir-a-xuventude-da-vila-sobre-o-seu-futuro\/","og_locale":"en_US","og_type":"article","og_title":"O OMIX de A Guarda quere escoitar o que ten que dicir a xuventude da vila sobre o seu futuro - Concello da Guarda","og_description":"\u2022 In\u00edciase unha investigaci\u00f3n sobre o futuro laboral e a perspectiva da mocidade \u2022 Os resultados presentaranse na vindeira Feira de Emprego de outubro A Oficina Municipal de Informaci\u00f3n Xuvenil ven de comezar un proxecto de investigaci\u00f3n sobre a visi\u00f3n &hellip;","og_url":"https:\/\/www.aguarda.es\/en\/o-omix-de-a-guarda-quere-escoitar-o-que-ten-que-dicir-a-xuventude-da-vila-sobre-o-seu-futuro\/","og_site_name":"Concello da Guarda","article_publisher":"https:\/\/www.facebook.com\/ConcellodaGuarda","article_published_time":"2022-04-18T07:33:34+00:00","og_image":[{"width":800,"height":671,"url":"https:\/\/www.aguarda.es\/wp-content\/uploads\/2022\/04\/FB-parte-1.jpg?_t=1650267215","type":"image\/jpeg"}],"author":"prensa","twitter_card":"summary_large_image","twitter_creator":"@AGuarda_es","twitter_site":"@AGuarda_es","twitter_misc":{"Written by":"prensa","Est. reading time":"3 minutes"},"schema":{"@context":"https:\/\/schema.org","@graph":[{"@type":"WebPage","@id":"https:\/\/www.aguarda.es\/en\/o-omix-de-a-guarda-quere-escoitar-o-que-ten-que-dicir-a-xuventude-da-vila-sobre-o-seu-futuro\/","url":"https:\/\/www.aguarda.es\/en\/o-omix-de-a-guarda-quere-escoitar-o-que-ten-que-dicir-a-xuventude-da-vila-sobre-o-seu-futuro\/","name":"O OMIX de A Guarda quere escoitar o que ten que dicir a xuventude da vila sobre o seu futuro - Concello da Guarda","isPartOf":{"@id":"https:\/\/www.aguarda.es\/en\/#website"},"datePublished":"2022-04-18T07:33:34+00:00","dateModified":"2022-04-18T07:33:34+00:00","author":{"@id":"https:\/\/www.aguarda.es\/en\/#\/schema\/person\/c463ca3006858ffb349d11179d044f21"},"breadcrumb":{"@id":"https:\/\/www.aguarda.es\/en\/o-omix-de-a-guarda-quere-escoitar-o-que-ten-que-dicir-a-xuventude-da-vila-sobre-o-seu-futuro\/#breadcrumb"},"inLanguage":"en-US","potentialAction":[{"@type":"ReadAction","target":["https:\/\/www.aguarda.es\/en\/o-omix-de-a-guarda-quere-escoitar-o-que-ten-que-dicir-a-xuventude-da-vila-sobre-o-seu-futuro\/"]}]},{"@type":"BreadcrumbList","@id":"https:\/\/www.aguarda.es\/en\/o-omix-de-a-guarda-quere-escoitar-o-que-ten-que-dicir-a-xuventude-da-vila-sobre-o-seu-futuro\/#breadcrumb","itemListElement":[{"@type":"ListItem","position":1,"name":"Portada","item":"https:\/\/www.aguarda.es\/en\/"},{"@type":"ListItem","position":2,"name":"O OMIX de A Guarda quere escoitar o que ten que dicir a xuventude da vila sobre o seu futuro"}]},{"@type":"WebSite","@id":"https:\/\/www.aguarda.es\/en\/#website","url":"https:\/\/www.aguarda.es\/en\/","name":"Concello da Guarda","description":"P\u00e1xina web do concello da Guarda","potentialAction":[{"@type":"SearchAction","target":{"@type":"EntryPoint","urlTemplate":"https:\/\/www.aguarda.es\/en\/?s={search_term_string}"},"query-input":"required name=search_term_string"}],"inLanguage":"en-US"},{"@type":"Person","@id":"https:\/\/www.aguarda.es\/en\/#\/schema\/person\/c463ca3006858ffb349d11179d044f21","name":"prensa","image":{"@type":"ImageObject","inLanguage":"en-US","@id":"https:\/\/www.aguarda.es\/en\/#\/schema\/person\/image\/","url":"https:\/\/secure.gravatar.com\/avatar\/5f90ef536b0f98306edf5c7a1135ffa1?s=96&d=mm&r=g","contentUrl":"https:\/\/secure.gravatar.com\/avatar\/5f90ef536b0f98306edf5c7a1135ffa1?s=96&d=mm&r=g","caption":"prensa"},"url":"https:\/\/www.aguarda.es\/en\/author\/prensa\/"}]}},"_links":{"self":[{"href":"https:\/\/www.aguarda.es\/en\/wp-json\/wp\/v2\/posts\/25758"}],"collection":[{"href":"https:\/\/www.aguarda.es\/en\/wp-json\/wp\/v2\/posts"}],"about":[{"href":"https:\/\/www.aguarda.es\/en\/wp-json\/wp\/v2\/types\/post"}],"author":[{"embeddable":true,"href":"https:\/\/www.aguarda.es\/en\/wp-json\/wp\/v2\/users\/2"}],"replies":[{"embeddable":true,"href":"https:\/\/www.aguarda.es\/en\/wp-json\/wp\/v2\/comments?post=25758"}],"version-history":[{"count":2,"href":"https:\/\/www.aguarda.es\/en\/wp-json\/wp\/v2\/posts\/25758\/revisions"}],"predecessor-version":[{"id":25762,"href":"https:\/\/www.aguarda.es\/en\/wp-json\/wp\/v2\/posts\/25758\/revisions\/25762"}],"wp:featuredmedia":[{"embeddable":true,"href":"https:\/\/www.aguarda.es\/en\/wp-json\/wp\/v2\/media\/25759"}],"wp:attachment":[{"href":"https:\/\/www.aguarda.es\/en\/wp-json\/wp\/v2\/media?parent=25758"}],"wp:term":[{"taxonomy":"category","embeddable":true,"href":"https:\/\/www.aguarda.es\/en\/wp-json\/wp\/v2\/categories?post=25758"},{"taxonomy":"post_tag","embeddable":true,"href":"https:\/\/www.aguarda.es\/en\/wp-json\/wp\/v2\/tags?post=25758"}],"curies":[{"name":"wp","href":"https:\/\/api.w.org\/{rel}","templated":true}]}}