{"id":25767,"date":"2022-04-19T08:24:23","date_gmt":"2022-04-19T08:24:23","guid":{"rendered":"https:\/\/www.aguarda.es\/?p=25767"},"modified":"2022-04-19T08:24:23","modified_gmt":"2022-04-19T08:24:23","slug":"8-mozos-do-baixo-mino-viaxan-a-ezcaray-a-rioxa-a-formarse-como-axentes-antibulos","status":"publish","type":"post","link":"https:\/\/www.aguarda.es\/en\/8-mozos-do-baixo-mino-viaxan-a-ezcaray-a-rioxa-a-formarse-como-axentes-antibulos\/","title":{"rendered":"8 mozos do Baixo Mi\u00f1o viaxan a Ezcaray, A Rioxa, a formarse como axentes AntiBulos"},"content":{"rendered":"<p>Do 11 ao 16 de abril 8 mozos galegos e 8 rioxanos participaron nun encontro no que aprenderon como identificar e desenmascarar bulos.<br \/>\nEste encontro cel\u00e9brase dentro do marco do proxecto europeo Axentes AntiBulos, unha iniciativa coordinada pola asociaci\u00f3n guardesa FOCO e en colaboraci\u00f3n coa asociaci\u00f3n xuvenil e teatral ON&amp; OFF (A Rioxa) e o Concello da Guarda.<br \/>\nNeste encontro, os participantes aprenderon cales son as principais caracter\u00edsticas com\u00fans a todos os bulos (unha linguaxe emocional e alarmista, o uso de falsos expertos ou as teor\u00edas da conspiraci\u00f3n) as\u00ed como estratexias para facerlles fronte antes mesmo de que se viralicen.<br \/>\nTam\u00e9n aprenderon ferramentas e t\u00e9cnicas teatrais baseadas na improvisaci\u00f3n, o desenvolvemento de personaxes ou o teatro de proceso para poder crear de maneira colaborativa e aut\u00f3noma pezas esc\u00e9nicas.<br \/>\nTras este encontro, o grupo participantes guard\u00e9s participar\u00e1 de maneira semanal en talleres nos que crear\u00e1n unha performance ao redor dun bulo que se mostrar\u00e1 en setembro nas r\u00faas da Guarda.<\/p>\n","protected":false},"excerpt":{"rendered":"<p>Do 11 ao 16 de abril 8 mozos galegos e 8 rioxanos participaron nun encontro no que aprenderon como identificar e desenmascarar bulos. Este encontro cel\u00e9brase dentro do marco do proxecto europeo Axentes AntiBulos, unha iniciativa coordinada pola asociaci\u00f3n guardesa &hellip; <\/p>\n","protected":false},"author":2,"featured_media":25768,"comment_status":"open","ping_status":"open","sticky":false,"template":"","format":"standard","meta":[],"categories":[33],"tags":[226,2743,373],"yoast_head":"<!-- This site is optimized with the Yoast SEO plugin v21.1 - https:\/\/yoast.com\/wordpress\/plugins\/seo\/ -->\n<title>8 mozos do Baixo Mi\u00f1o viaxan a Ezcaray, A Rioxa, a formarse como axentes AntiBulos - Concello da Guarda<\/title>\n<meta name=\"description\" content=\"Este encontro cel\u00e9brase dentro do marco do proxecto europeo Axentes AntiBulos, unha iniciativa coordinada pola asociaci\u00f3n guardesa FOCO e en colaboraci\u00f3n coa asociaci\u00f3n xuvenil e teatral ON&amp; OFF (A Rioxa) e o Concello da Guarda.\" \/>\n<meta name=\"robots\" content=\"index, follow, max-snippet:-1, max-image-preview:large, max-video-preview:-1\" \/>\n<link rel=\"canonical\" href=\"https:\/\/www.aguarda.es\/en\/8-mozos-do-baixo-mino-viaxan-a-ezcaray-a-rioxa-a-formarse-como-axentes-antibulos\/\" \/>\n<meta property=\"og:locale\" content=\"en_US\" \/>\n<meta property=\"og:type\" content=\"article\" \/>\n<meta property=\"og:title\" content=\"8 mozos do Baixo Mi\u00f1o viaxan a Ezcaray, A Rioxa, a formarse como axentes AntiBulos - Concello da Guarda\" \/>\n<meta property=\"og:description\" content=\"Este encontro cel\u00e9brase dentro do marco do proxecto europeo Axentes AntiBulos, unha iniciativa coordinada pola asociaci\u00f3n guardesa FOCO e en colaboraci\u00f3n coa asociaci\u00f3n xuvenil e teatral ON&amp; OFF (A Rioxa) e o Concello da Guarda.\" \/>\n<meta property=\"og:url\" content=\"https:\/\/www.aguarda.es\/en\/8-mozos-do-baixo-mino-viaxan-a-ezcaray-a-rioxa-a-formarse-como-axentes-antibulos\/\" \/>\n<meta property=\"og:site_name\" content=\"Concello da Guarda\" \/>\n<meta property=\"article:publisher\" content=\"https:\/\/www.facebook.com\/ConcellodaGuarda\" \/>\n<meta property=\"article:published_time\" content=\"2022-04-19T08:24:23+00:00\" \/>\n<meta property=\"og:image\" content=\"https:\/\/www.aguarda.es\/wp-content\/uploads\/2022\/04\/n3.jpg?_t=1650356663\" \/>\n\t<meta property=\"og:image:width\" content=\"800\" \/>\n\t<meta property=\"og:image:height\" content=\"533\" \/>\n\t<meta property=\"og:image:type\" content=\"image\/jpeg\" \/>\n<meta name=\"author\" content=\"prensa\" \/>\n<meta name=\"twitter:card\" content=\"summary_large_image\" \/>\n<meta name=\"twitter:creator\" content=\"@AGuarda_es\" \/>\n<meta name=\"twitter:site\" content=\"@AGuarda_es\" \/>\n<meta name=\"twitter:label1\" content=\"Written by\" \/>\n\t<meta name=\"twitter:data1\" content=\"prensa\" \/>\n\t<meta name=\"twitter:label2\" content=\"Est. reading time\" \/>\n\t<meta name=\"twitter:data2\" content=\"1 minute\" \/>\n<script type=\"application\/ld+json\" class=\"yoast-schema-graph\">{\"@context\":\"https:\/\/schema.org\",\"@graph\":[{\"@type\":\"WebPage\",\"@id\":\"https:\/\/www.aguarda.es\/en\/8-mozos-do-baixo-mino-viaxan-a-ezcaray-a-rioxa-a-formarse-como-axentes-antibulos\/\",\"url\":\"https:\/\/www.aguarda.es\/en\/8-mozos-do-baixo-mino-viaxan-a-ezcaray-a-rioxa-a-formarse-como-axentes-antibulos\/\",\"name\":\"8 mozos do Baixo Mi\u00f1o viaxan a Ezcaray, A Rioxa, a formarse como axentes AntiBulos - Concello da Guarda\",\"isPartOf\":{\"@id\":\"https:\/\/www.aguarda.es\/en\/#website\"},\"datePublished\":\"2022-04-19T08:24:23+00:00\",\"dateModified\":\"2022-04-19T08:24:23+00:00\",\"author\":{\"@id\":\"https:\/\/www.aguarda.es\/en\/#\/schema\/person\/c463ca3006858ffb349d11179d044f21\"},\"description\":\"Este encontro cel\u00e9brase dentro do marco do proxecto europeo Axentes AntiBulos, unha iniciativa coordinada pola asociaci\u00f3n guardesa FOCO e en colaboraci\u00f3n coa asociaci\u00f3n xuvenil e teatral ON& OFF (A Rioxa) e o Concello da Guarda.\",\"breadcrumb\":{\"@id\":\"https:\/\/www.aguarda.es\/en\/8-mozos-do-baixo-mino-viaxan-a-ezcaray-a-rioxa-a-formarse-como-axentes-antibulos\/#breadcrumb\"},\"inLanguage\":\"en-US\",\"potentialAction\":[{\"@type\":\"ReadAction\",\"target\":[\"https:\/\/www.aguarda.es\/en\/8-mozos-do-baixo-mino-viaxan-a-ezcaray-a-rioxa-a-formarse-como-axentes-antibulos\/\"]}]},{\"@type\":\"BreadcrumbList\",\"@id\":\"https:\/\/www.aguarda.es\/en\/8-mozos-do-baixo-mino-viaxan-a-ezcaray-a-rioxa-a-formarse-como-axentes-antibulos\/#breadcrumb\",\"itemListElement\":[{\"@type\":\"ListItem\",\"position\":1,\"name\":\"Portada\",\"item\":\"https:\/\/www.aguarda.es\/en\/\"},{\"@type\":\"ListItem\",\"position\":2,\"name\":\"8 mozos do Baixo Mi\u00f1o viaxan a Ezcaray, A Rioxa, a formarse como axentes AntiBulos\"}]},{\"@type\":\"WebSite\",\"@id\":\"https:\/\/www.aguarda.es\/en\/#website\",\"url\":\"https:\/\/www.aguarda.es\/en\/\",\"name\":\"Concello da Guarda\",\"description\":\"P\u00e1xina web do concello da Guarda\",\"potentialAction\":[{\"@type\":\"SearchAction\",\"target\":{\"@type\":\"EntryPoint\",\"urlTemplate\":\"https:\/\/www.aguarda.es\/en\/?s={search_term_string}\"},\"query-input\":\"required name=search_term_string\"}],\"inLanguage\":\"en-US\"},{\"@type\":\"Person\",\"@id\":\"https:\/\/www.aguarda.es\/en\/#\/schema\/person\/c463ca3006858ffb349d11179d044f21\",\"name\":\"prensa\",\"image\":{\"@type\":\"ImageObject\",\"inLanguage\":\"en-US\",\"@id\":\"https:\/\/www.aguarda.es\/en\/#\/schema\/person\/image\/\",\"url\":\"https:\/\/secure.gravatar.com\/avatar\/5f90ef536b0f98306edf5c7a1135ffa1?s=96&d=mm&r=g\",\"contentUrl\":\"https:\/\/secure.gravatar.com\/avatar\/5f90ef536b0f98306edf5c7a1135ffa1?s=96&d=mm&r=g\",\"caption\":\"prensa\"},\"url\":\"https:\/\/www.aguarda.es\/en\/author\/prensa\/\"}]}<\/script>\n<!-- \/ Yoast SEO plugin. -->","yoast_head_json":{"title":"8 mozos do Baixo Mi\u00f1o viaxan a Ezcaray, A Rioxa, a formarse como axentes AntiBulos - Concello da Guarda","description":"Este encontro cel\u00e9brase dentro do marco do proxecto europeo Axentes AntiBulos, unha iniciativa coordinada pola asociaci\u00f3n guardesa FOCO e en colaboraci\u00f3n coa asociaci\u00f3n xuvenil e teatral ON& OFF (A Rioxa) e o Concello da Guarda.","robots":{"index":"index","follow":"follow","max-snippet":"max-snippet:-1","max-image-preview":"max-image-preview:large","max-video-preview":"max-video-preview:-1"},"canonical":"https:\/\/www.aguarda.es\/en\/8-mozos-do-baixo-mino-viaxan-a-ezcaray-a-rioxa-a-formarse-como-axentes-antibulos\/","og_locale":"en_US","og_type":"article","og_title":"8 mozos do Baixo Mi\u00f1o viaxan a Ezcaray, A Rioxa, a formarse como axentes AntiBulos - Concello da Guarda","og_description":"Este encontro cel\u00e9brase dentro do marco do proxecto europeo Axentes AntiBulos, unha iniciativa coordinada pola asociaci\u00f3n guardesa FOCO e en colaboraci\u00f3n coa asociaci\u00f3n xuvenil e teatral ON& OFF (A Rioxa) e o Concello da Guarda.","og_url":"https:\/\/www.aguarda.es\/en\/8-mozos-do-baixo-mino-viaxan-a-ezcaray-a-rioxa-a-formarse-como-axentes-antibulos\/","og_site_name":"Concello da Guarda","article_publisher":"https:\/\/www.facebook.com\/ConcellodaGuarda","article_published_time":"2022-04-19T08:24:23+00:00","og_image":[{"width":800,"height":533,"url":"https:\/\/www.aguarda.es\/wp-content\/uploads\/2022\/04\/n3.jpg?_t=1650356663","type":"image\/jpeg"}],"author":"prensa","twitter_card":"summary_large_image","twitter_creator":"@AGuarda_es","twitter_site":"@AGuarda_es","twitter_misc":{"Written by":"prensa","Est. reading time":"1 minute"},"schema":{"@context":"https:\/\/schema.org","@graph":[{"@type":"WebPage","@id":"https:\/\/www.aguarda.es\/en\/8-mozos-do-baixo-mino-viaxan-a-ezcaray-a-rioxa-a-formarse-como-axentes-antibulos\/","url":"https:\/\/www.aguarda.es\/en\/8-mozos-do-baixo-mino-viaxan-a-ezcaray-a-rioxa-a-formarse-como-axentes-antibulos\/","name":"8 mozos do Baixo Mi\u00f1o viaxan a Ezcaray, A Rioxa, a formarse como axentes AntiBulos - Concello da Guarda","isPartOf":{"@id":"https:\/\/www.aguarda.es\/en\/#website"},"datePublished":"2022-04-19T08:24:23+00:00","dateModified":"2022-04-19T08:24:23+00:00","author":{"@id":"https:\/\/www.aguarda.es\/en\/#\/schema\/person\/c463ca3006858ffb349d11179d044f21"},"description":"Este encontro cel\u00e9brase dentro do marco do proxecto europeo Axentes AntiBulos, unha iniciativa coordinada pola asociaci\u00f3n guardesa FOCO e en colaboraci\u00f3n coa asociaci\u00f3n xuvenil e teatral ON& OFF (A Rioxa) e o Concello da Guarda.","breadcrumb":{"@id":"https:\/\/www.aguarda.es\/en\/8-mozos-do-baixo-mino-viaxan-a-ezcaray-a-rioxa-a-formarse-como-axentes-antibulos\/#breadcrumb"},"inLanguage":"en-US","potentialAction":[{"@type":"ReadAction","target":["https:\/\/www.aguarda.es\/en\/8-mozos-do-baixo-mino-viaxan-a-ezcaray-a-rioxa-a-formarse-como-axentes-antibulos\/"]}]},{"@type":"BreadcrumbList","@id":"https:\/\/www.aguarda.es\/en\/8-mozos-do-baixo-mino-viaxan-a-ezcaray-a-rioxa-a-formarse-como-axentes-antibulos\/#breadcrumb","itemListElement":[{"@type":"ListItem","position":1,"name":"Portada","item":"https:\/\/www.aguarda.es\/en\/"},{"@type":"ListItem","position":2,"name":"8 mozos do Baixo Mi\u00f1o viaxan a Ezcaray, A Rioxa, a formarse como axentes AntiBulos"}]},{"@type":"WebSite","@id":"https:\/\/www.aguarda.es\/en\/#website","url":"https:\/\/www.aguarda.es\/en\/","name":"Concello da Guarda","description":"P\u00e1xina web do concello da Guarda","potentialAction":[{"@type":"SearchAction","target":{"@type":"EntryPoint","urlTemplate":"https:\/\/www.aguarda.es\/en\/?s={search_term_string}"},"query-input":"required name=search_term_string"}],"inLanguage":"en-US"},{"@type":"Person","@id":"https:\/\/www.aguarda.es\/en\/#\/schema\/person\/c463ca3006858ffb349d11179d044f21","name":"prensa","image":{"@type":"ImageObject","inLanguage":"en-US","@id":"https:\/\/www.aguarda.es\/en\/#\/schema\/person\/image\/","url":"https:\/\/secure.gravatar.com\/avatar\/5f90ef536b0f98306edf5c7a1135ffa1?s=96&d=mm&r=g","contentUrl":"https:\/\/secure.gravatar.com\/avatar\/5f90ef536b0f98306edf5c7a1135ffa1?s=96&d=mm&r=g","caption":"prensa"},"url":"https:\/\/www.aguarda.es\/en\/author\/prensa\/"}]}},"_links":{"self":[{"href":"https:\/\/www.aguarda.es\/en\/wp-json\/wp\/v2\/posts\/25767"}],"collection":[{"href":"https:\/\/www.aguarda.es\/en\/wp-json\/wp\/v2\/posts"}],"about":[{"href":"https:\/\/www.aguarda.es\/en\/wp-json\/wp\/v2\/types\/post"}],"author":[{"embeddable":true,"href":"https:\/\/www.aguarda.es\/en\/wp-json\/wp\/v2\/users\/2"}],"replies":[{"embeddable":true,"href":"https:\/\/www.aguarda.es\/en\/wp-json\/wp\/v2\/comments?post=25767"}],"version-history":[{"count":1,"href":"https:\/\/www.aguarda.es\/en\/wp-json\/wp\/v2\/posts\/25767\/revisions"}],"predecessor-version":[{"id":25770,"href":"https:\/\/www.aguarda.es\/en\/wp-json\/wp\/v2\/posts\/25767\/revisions\/25770"}],"wp:featuredmedia":[{"embeddable":true,"href":"https:\/\/www.aguarda.es\/en\/wp-json\/wp\/v2\/media\/25768"}],"wp:attachment":[{"href":"https:\/\/www.aguarda.es\/en\/wp-json\/wp\/v2\/media?parent=25767"}],"wp:term":[{"taxonomy":"category","embeddable":true,"href":"https:\/\/www.aguarda.es\/en\/wp-json\/wp\/v2\/categories?post=25767"},{"taxonomy":"post_tag","embeddable":true,"href":"https:\/\/www.aguarda.es\/en\/wp-json\/wp\/v2\/tags?post=25767"}],"curies":[{"name":"wp","href":"https:\/\/api.w.org\/{rel}","templated":true}]}}