{"id":25880,"date":"2022-05-04T10:44:59","date_gmt":"2022-05-04T10:44:59","guid":{"rendered":"https:\/\/www.aguarda.es\/?p=25880"},"modified":"2022-05-04T10:44:59","modified_gmt":"2022-05-04T10:44:59","slug":"remata-a-ii-ruta-do-libro-2022-da-guarda","status":"publish","type":"post","link":"https:\/\/www.aguarda.es\/en\/remata-a-ii-ruta-do-libro-2022-da-guarda\/","title":{"rendered":"Remata a II Ruta do Libro 2022 da Guarda"},"content":{"rendered":"<p><em><strong>\u2022 Os posuidores do pasaporte a\u00ednda poden recoller ao longo desta semana o seu agasallo na Biblioteca P\u00fablica Municipal.<\/strong><\/em><\/p>\n<p>O mes de abril estivo na Guarda adicado ao libro e \u00e1 lectura, concentrando diferentes actividades como contacontos na Biblioteca, presentaci\u00f3ns de libros, a exposici\u00f3n sobre o Principi\u00f1o e a celebraci\u00f3n do D\u00eda do Libro o propio 23 de abril coa visita de Mortadelo e Filem\u00f3n na Biblioteca e Librer\u00edas, as\u00ed como o desconto na venda de libros.<\/p>\n<p>Paralelamente a estas actividade desenvolveuse a II Ruta do Libro, coa pretensi\u00f3n de premiar o consumo de libros nas nosas librer\u00edas coa entrega dun agasallo na Biblioteca Municipal, consistente nunha l\u00e1mpada de lectura, para aquelas persoas que xuntaran un gasto igual ou superior a 30\u20ac en libros.<\/p>\n<p>Esta iniciativa, que se celebrou por segundo ano consecutivo foi moi ben acollida por p\u00fablico e librer\u00edas, que valoraron positivamente a iniciativa. As\u00ed mais de cento cincuenta un persoas acheg\u00e1ronse ata a Biblioteca a recoller a s\u00faa lampadi\u00f1a, demostrando unha vez mais o gusto polo libro e a lectura existente na nosa vila. A campa\u00f1a desenvolta co prop\u00f3sito de p\u00f3r en valor a importancia do libro e a lectura destacando o bo pulso da cidadan\u00eda guardesa e do tecido comercial coa variedade e riqueza que leva a unha vila como a nosa a concentrar ata catro librer\u00edas nas que atopar un amplo cat\u00e1logo de novidades editoriais de todo tipo.<\/p>\n<p>Todos aqueles lectores que durante o mes de abril adquirisen libros en calquera das librer\u00edas da vila por valor de 30\u20ac poder\u00e1n a\u00ednda canxear os seus tickets na Biblioteca. Non \u00e9 preciso ter o pasaporte lector, pero s\u00ed os tickets de compra en unha ou varias librer\u00edas.<\/p>\n<p>A campa\u00f1a foi completada coa edici\u00f3n de tres audiovisuais de curta duraci\u00f3n, distribu\u00eddos nas nosas redes sociais cos que quixemos deixar constancia da importancia do libro como base da cultura e do co\u00f1ecemento, os gustos dos lectores guardeses e a ampla oferta de libros que se poden atopar nos establecementos da nosa localidade. As\u00ed mesmo realizouse unha enquisa entre os participantes que valoraron positivamente a iniciativa e aportaron novas ideas para facela medrar en vindeiras ocasi\u00f3ns.<\/p>\n","protected":false},"excerpt":{"rendered":"<p>\u2022 Os posuidores do pasaporte a\u00ednda poden recoller ao longo desta semana o seu agasallo na Biblioteca P\u00fablica Municipal. O mes de abril estivo na Guarda adicado ao libro e \u00e1 lectura, concentrando diferentes actividades como contacontos na Biblioteca, presentaci\u00f3ns &hellip; <\/p>\n","protected":false},"author":2,"featured_media":25881,"comment_status":"open","ping_status":"open","sticky":false,"template":"","format":"standard","meta":[],"categories":[34],"tags":[226,707,243,2763],"yoast_head":"<!-- This site is optimized with the Yoast SEO plugin v21.1 - https:\/\/yoast.com\/wordpress\/plugins\/seo\/ -->\n<title>Remata a II Ruta do Libro 2022 da Guarda - Concello da Guarda<\/title>\n<meta name=\"description\" content=\"\u2022 Os posuidores do pasaporte a\u00ednda poden recoller ao longo desta semana o seu agasallo na Biblioteca P\u00fablica Municipal.\" \/>\n<meta name=\"robots\" content=\"index, follow, max-snippet:-1, max-image-preview:large, max-video-preview:-1\" \/>\n<link rel=\"canonical\" href=\"https:\/\/www.aguarda.es\/en\/remata-a-ii-ruta-do-libro-2022-da-guarda\/\" \/>\n<meta property=\"og:locale\" content=\"en_US\" \/>\n<meta property=\"og:type\" content=\"article\" \/>\n<meta property=\"og:title\" content=\"Remata a II Ruta do Libro 2022 da Guarda - Concello da Guarda\" \/>\n<meta property=\"og:description\" content=\"\u2022 Os posuidores do pasaporte a\u00ednda poden recoller ao longo desta semana o seu agasallo na Biblioteca P\u00fablica Municipal.\" \/>\n<meta property=\"og:url\" content=\"https:\/\/www.aguarda.es\/en\/remata-a-ii-ruta-do-libro-2022-da-guarda\/\" \/>\n<meta property=\"og:site_name\" content=\"Concello da Guarda\" \/>\n<meta property=\"article:publisher\" content=\"https:\/\/www.facebook.com\/ConcellodaGuarda\" \/>\n<meta property=\"article:published_time\" content=\"2022-05-04T10:44:59+00:00\" \/>\n<meta property=\"og:image\" content=\"https:\/\/www.aguarda.es\/wp-content\/uploads\/2022\/05\/Sin-titulo-1.jpg?_t=1651661100\" \/>\n\t<meta property=\"og:image:width\" content=\"800\" \/>\n\t<meta property=\"og:image:height\" content=\"800\" \/>\n\t<meta property=\"og:image:type\" content=\"image\/jpeg\" \/>\n<meta name=\"author\" content=\"prensa\" \/>\n<meta name=\"twitter:card\" content=\"summary_large_image\" \/>\n<meta name=\"twitter:creator\" content=\"@AGuarda_es\" \/>\n<meta name=\"twitter:site\" content=\"@AGuarda_es\" \/>\n<meta name=\"twitter:label1\" content=\"Written by\" \/>\n\t<meta name=\"twitter:data1\" content=\"prensa\" \/>\n\t<meta name=\"twitter:label2\" content=\"Est. reading time\" \/>\n\t<meta name=\"twitter:data2\" content=\"2 minutes\" \/>\n<script type=\"application\/ld+json\" class=\"yoast-schema-graph\">{\"@context\":\"https:\/\/schema.org\",\"@graph\":[{\"@type\":\"WebPage\",\"@id\":\"https:\/\/www.aguarda.es\/en\/remata-a-ii-ruta-do-libro-2022-da-guarda\/\",\"url\":\"https:\/\/www.aguarda.es\/en\/remata-a-ii-ruta-do-libro-2022-da-guarda\/\",\"name\":\"Remata a II Ruta do Libro 2022 da Guarda - Concello da Guarda\",\"isPartOf\":{\"@id\":\"https:\/\/www.aguarda.es\/en\/#website\"},\"datePublished\":\"2022-05-04T10:44:59+00:00\",\"dateModified\":\"2022-05-04T10:44:59+00:00\",\"author\":{\"@id\":\"https:\/\/www.aguarda.es\/en\/#\/schema\/person\/c463ca3006858ffb349d11179d044f21\"},\"description\":\"\u2022 Os posuidores do pasaporte a\u00ednda poden recoller ao longo desta semana o seu agasallo na Biblioteca P\u00fablica Municipal.\",\"breadcrumb\":{\"@id\":\"https:\/\/www.aguarda.es\/en\/remata-a-ii-ruta-do-libro-2022-da-guarda\/#breadcrumb\"},\"inLanguage\":\"en-US\",\"potentialAction\":[{\"@type\":\"ReadAction\",\"target\":[\"https:\/\/www.aguarda.es\/en\/remata-a-ii-ruta-do-libro-2022-da-guarda\/\"]}]},{\"@type\":\"BreadcrumbList\",\"@id\":\"https:\/\/www.aguarda.es\/en\/remata-a-ii-ruta-do-libro-2022-da-guarda\/#breadcrumb\",\"itemListElement\":[{\"@type\":\"ListItem\",\"position\":1,\"name\":\"Portada\",\"item\":\"https:\/\/www.aguarda.es\/en\/\"},{\"@type\":\"ListItem\",\"position\":2,\"name\":\"Remata a II Ruta do Libro 2022 da Guarda\"}]},{\"@type\":\"WebSite\",\"@id\":\"https:\/\/www.aguarda.es\/en\/#website\",\"url\":\"https:\/\/www.aguarda.es\/en\/\",\"name\":\"Concello da Guarda\",\"description\":\"P\u00e1xina web do concello da Guarda\",\"potentialAction\":[{\"@type\":\"SearchAction\",\"target\":{\"@type\":\"EntryPoint\",\"urlTemplate\":\"https:\/\/www.aguarda.es\/en\/?s={search_term_string}\"},\"query-input\":\"required name=search_term_string\"}],\"inLanguage\":\"en-US\"},{\"@type\":\"Person\",\"@id\":\"https:\/\/www.aguarda.es\/en\/#\/schema\/person\/c463ca3006858ffb349d11179d044f21\",\"name\":\"prensa\",\"image\":{\"@type\":\"ImageObject\",\"inLanguage\":\"en-US\",\"@id\":\"https:\/\/www.aguarda.es\/en\/#\/schema\/person\/image\/\",\"url\":\"https:\/\/secure.gravatar.com\/avatar\/5f90ef536b0f98306edf5c7a1135ffa1?s=96&d=mm&r=g\",\"contentUrl\":\"https:\/\/secure.gravatar.com\/avatar\/5f90ef536b0f98306edf5c7a1135ffa1?s=96&d=mm&r=g\",\"caption\":\"prensa\"},\"url\":\"https:\/\/www.aguarda.es\/en\/author\/prensa\/\"}]}<\/script>\n<!-- \/ Yoast SEO plugin. -->","yoast_head_json":{"title":"Remata a II Ruta do Libro 2022 da Guarda - Concello da Guarda","description":"\u2022 Os posuidores do pasaporte a\u00ednda poden recoller ao longo desta semana o seu agasallo na Biblioteca P\u00fablica Municipal.","robots":{"index":"index","follow":"follow","max-snippet":"max-snippet:-1","max-image-preview":"max-image-preview:large","max-video-preview":"max-video-preview:-1"},"canonical":"https:\/\/www.aguarda.es\/en\/remata-a-ii-ruta-do-libro-2022-da-guarda\/","og_locale":"en_US","og_type":"article","og_title":"Remata a II Ruta do Libro 2022 da Guarda - Concello da Guarda","og_description":"\u2022 Os posuidores do pasaporte a\u00ednda poden recoller ao longo desta semana o seu agasallo na Biblioteca P\u00fablica Municipal.","og_url":"https:\/\/www.aguarda.es\/en\/remata-a-ii-ruta-do-libro-2022-da-guarda\/","og_site_name":"Concello da Guarda","article_publisher":"https:\/\/www.facebook.com\/ConcellodaGuarda","article_published_time":"2022-05-04T10:44:59+00:00","og_image":[{"width":800,"height":800,"url":"https:\/\/www.aguarda.es\/wp-content\/uploads\/2022\/05\/Sin-titulo-1.jpg?_t=1651661100","type":"image\/jpeg"}],"author":"prensa","twitter_card":"summary_large_image","twitter_creator":"@AGuarda_es","twitter_site":"@AGuarda_es","twitter_misc":{"Written by":"prensa","Est. reading time":"2 minutes"},"schema":{"@context":"https:\/\/schema.org","@graph":[{"@type":"WebPage","@id":"https:\/\/www.aguarda.es\/en\/remata-a-ii-ruta-do-libro-2022-da-guarda\/","url":"https:\/\/www.aguarda.es\/en\/remata-a-ii-ruta-do-libro-2022-da-guarda\/","name":"Remata a II Ruta do Libro 2022 da Guarda - Concello da Guarda","isPartOf":{"@id":"https:\/\/www.aguarda.es\/en\/#website"},"datePublished":"2022-05-04T10:44:59+00:00","dateModified":"2022-05-04T10:44:59+00:00","author":{"@id":"https:\/\/www.aguarda.es\/en\/#\/schema\/person\/c463ca3006858ffb349d11179d044f21"},"description":"\u2022 Os posuidores do pasaporte a\u00ednda poden recoller ao longo desta semana o seu agasallo na Biblioteca P\u00fablica Municipal.","breadcrumb":{"@id":"https:\/\/www.aguarda.es\/en\/remata-a-ii-ruta-do-libro-2022-da-guarda\/#breadcrumb"},"inLanguage":"en-US","potentialAction":[{"@type":"ReadAction","target":["https:\/\/www.aguarda.es\/en\/remata-a-ii-ruta-do-libro-2022-da-guarda\/"]}]},{"@type":"BreadcrumbList","@id":"https:\/\/www.aguarda.es\/en\/remata-a-ii-ruta-do-libro-2022-da-guarda\/#breadcrumb","itemListElement":[{"@type":"ListItem","position":1,"name":"Portada","item":"https:\/\/www.aguarda.es\/en\/"},{"@type":"ListItem","position":2,"name":"Remata a II Ruta do Libro 2022 da Guarda"}]},{"@type":"WebSite","@id":"https:\/\/www.aguarda.es\/en\/#website","url":"https:\/\/www.aguarda.es\/en\/","name":"Concello da Guarda","description":"P\u00e1xina web do concello da Guarda","potentialAction":[{"@type":"SearchAction","target":{"@type":"EntryPoint","urlTemplate":"https:\/\/www.aguarda.es\/en\/?s={search_term_string}"},"query-input":"required name=search_term_string"}],"inLanguage":"en-US"},{"@type":"Person","@id":"https:\/\/www.aguarda.es\/en\/#\/schema\/person\/c463ca3006858ffb349d11179d044f21","name":"prensa","image":{"@type":"ImageObject","inLanguage":"en-US","@id":"https:\/\/www.aguarda.es\/en\/#\/schema\/person\/image\/","url":"https:\/\/secure.gravatar.com\/avatar\/5f90ef536b0f98306edf5c7a1135ffa1?s=96&d=mm&r=g","contentUrl":"https:\/\/secure.gravatar.com\/avatar\/5f90ef536b0f98306edf5c7a1135ffa1?s=96&d=mm&r=g","caption":"prensa"},"url":"https:\/\/www.aguarda.es\/en\/author\/prensa\/"}]}},"_links":{"self":[{"href":"https:\/\/www.aguarda.es\/en\/wp-json\/wp\/v2\/posts\/25880"}],"collection":[{"href":"https:\/\/www.aguarda.es\/en\/wp-json\/wp\/v2\/posts"}],"about":[{"href":"https:\/\/www.aguarda.es\/en\/wp-json\/wp\/v2\/types\/post"}],"author":[{"embeddable":true,"href":"https:\/\/www.aguarda.es\/en\/wp-json\/wp\/v2\/users\/2"}],"replies":[{"embeddable":true,"href":"https:\/\/www.aguarda.es\/en\/wp-json\/wp\/v2\/comments?post=25880"}],"version-history":[{"count":2,"href":"https:\/\/www.aguarda.es\/en\/wp-json\/wp\/v2\/posts\/25880\/revisions"}],"predecessor-version":[{"id":25884,"href":"https:\/\/www.aguarda.es\/en\/wp-json\/wp\/v2\/posts\/25880\/revisions\/25884"}],"wp:featuredmedia":[{"embeddable":true,"href":"https:\/\/www.aguarda.es\/en\/wp-json\/wp\/v2\/media\/25881"}],"wp:attachment":[{"href":"https:\/\/www.aguarda.es\/en\/wp-json\/wp\/v2\/media?parent=25880"}],"wp:term":[{"taxonomy":"category","embeddable":true,"href":"https:\/\/www.aguarda.es\/en\/wp-json\/wp\/v2\/categories?post=25880"},{"taxonomy":"post_tag","embeddable":true,"href":"https:\/\/www.aguarda.es\/en\/wp-json\/wp\/v2\/tags?post=25880"}],"curies":[{"name":"wp","href":"https:\/\/api.w.org\/{rel}","templated":true}]}}