{"id":26035,"date":"2022-05-18T11:54:14","date_gmt":"2022-05-18T11:54:14","guid":{"rendered":"https:\/\/www.aguarda.es\/?p=26035"},"modified":"2022-05-18T11:54:14","modified_gmt":"2022-05-18T11:54:14","slug":"a-guarda-acolle-este-domingo-o-espectaculo-de-humor-duas-mulleres-de-bandeiras1","status":"publish","type":"post","link":"https:\/\/www.aguarda.es\/en\/a-guarda-acolle-este-domingo-o-espectaculo-de-humor-duas-mulleres-de-bandeiras1\/","title":{"rendered":"A Guarda acolle este domingo o espect\u00e1culo de humor \u201cD\u00faas mulleres de bandeiras+1\u201d"},"content":{"rendered":"<p><em><strong>\u2022 Coa participaci\u00f3n de Cristina Mar\u00f3, Nerea Garmendia e Rafa Dur\u00e1n, o acto ter\u00e1 lugar \u00e1s 18:00h na Praza de Avelino Vicente.<\/strong><\/em><\/p>\n<p>O vindeiro domingo d\u00eda 22 de maio \u00e1s 18:00h da tarde a Praza de Avelino Vicente ser\u00e1 o escenario para o Espect\u00e1culo de Humor \u201cDos mulleres de Bandeiras+1\u201d. En caso de choiva realizarase no Centro Cultural.<\/p>\n<p>Neste espect\u00e1culo de mon\u00f3logos as actrices Nerea Garmendia e Cristina Mar\u00f3 falan en clave de humor das s\u00faas calamidades e de como, grazas ao positivismo as dificultades poden ser unha arma para enfrontarse \u00e1 vida. Contar\u00e1n experiencias sobre o amor, a vida e as s\u00faas enfermidades. O d\u00fao de actrices estar\u00e1 acompa\u00f1ado polo showman e presentador da TVG Rafa Dur\u00e1n, quen complementar\u00e1 o show c\u00f3mico coa axuda e a complicidade do p\u00fablico, asegurando as\u00ed a diversi\u00f3n para t\u00f3dolos presentes na tarde do domingo.<\/p>\n<p>As d\u00faas actrices, cunha larga traxectoria en televisi\u00f3n, cine e teatro padecen enfermidades como epilepsia e xordeira no caso de Nerea Garmendia ou esclerose m\u00faltiple no caso de Cristina Mar\u00f3, e por iso queren demostrar ante o p\u00fablico que a pesar a pesar de que as veces non nos sorr\u00eda a vida , con sentido do humor e forza p\u00f3dese sa\u00edr adiante.<\/p>\n<p><strong>Sobre as actrices e o presentador<\/strong><\/p>\n<p>Nerea Garmendia, actriz e presentadora vasca \u00e9 co\u00f1ecida especialmente polas s\u00faas aparici\u00f3ns no programa c\u00f3mico da ETB Vaya semanita e na serie Los hombres de Paco (Tele 5), as\u00ed como pola s\u00faa presenza en outros programas como La noche&#8230; con Fuentes y C\u00eda (Tele 5), 90-60-90, diario secreto de una adolescente, La Reina del Sur (Antena 3 y Telemundo), Los Qui\u00e9n (Antena 3), etc.<\/p>\n<p><strong>Cristina Mar\u00f3<\/strong><br \/>\nActriz e presentadora galega co\u00f1ecida polas s\u00faas intervenci\u00f3ns na TVG como presentadora nos nos informativos especiais da TVG, en Land Rober ou na segunda temporada de Calendario extravagante. Mais tam\u00e9n tivo incursi\u00f3ns na televisi\u00f3n nacional, en programas como La hora de Jos\u00e9 Mota (TVE 1) ou La Tira (La Sexta), as\u00ed como reportera de La Sexta. As\u00ed mesmo \u00e9 actriz de cine e teatro, destacando t\u00edtulos como El Ladr\u00f3n de Reliquias (2003, Jos\u00e9 Cora), Blockbuster (2013, Tirso Calero) ou a serie A\u00edda (2008, Telecinco)<\/p>\n<p><strong>Rafa Dur\u00e1n<\/strong><br \/>\nO presentador e c\u00f3mico natural de Baiona, conta xa con m\u00e1is de 13 anos de experiencia en escenarios, locais, eventos, galas, televisi\u00f3n, etc\u2026 En televisi\u00f3n ten encabezado varios formatos sobre todo no canal auton\u00f3mico galego, pero tam\u00e9n a nivel nacional: \u201cComando Chef\u201d TVG, \u201cBuenas Noches y Buena Suerte\u201d Antena3, \u201cDe Buena Ley\u201d Telecinco, \u201cDevino\u201d V televisi\u00f3n, \u201cPolo Chan\u201d TVG, \u201cMientras Duermes\u201d Telecinco, \u201cO Clan dos Impostores\u201d TVG, \u201cM\u00e1is Galego\u201d TVG, \u201cImos de feira\u201d TVG, \u201cEstache bo!\u201d TVG\u2026 Se ten especializado na conduci\u00f3n e dinamizaci\u00f3n de eventos de co\u00f1ecidas empresas por toda Espa\u00f1a: Banco Santander, Nivea, Audi, Loreal\u2026 Tam\u00e9n foi a imaxe de marcas como Estrella Galicia, Burger king o Bosch entre outras.<\/p>\n","protected":false},"excerpt":{"rendered":"<p>\u2022 Coa participaci\u00f3n de Cristina Mar\u00f3, Nerea Garmendia e Rafa Dur\u00e1n, o acto ter\u00e1 lugar \u00e1s 18:00h na Praza de Avelino Vicente. O vindeiro domingo d\u00eda 22 de maio \u00e1s 18:00h da tarde a Praza de Avelino Vicente ser\u00e1 o &hellip; <\/p>\n","protected":false},"author":2,"featured_media":26036,"comment_status":"open","ping_status":"open","sticky":false,"template":"","format":"standard","meta":[],"categories":[34],"tags":[226,243,2772,1317],"yoast_head":"<!-- This site is optimized with the Yoast SEO plugin v21.1 - https:\/\/yoast.com\/wordpress\/plugins\/seo\/ -->\n<title>A Guarda acolle este domingo o espect\u00e1culo de humor \u201cD\u00faas mulleres de bandeiras+1\u201d - Concello da Guarda<\/title>\n<meta name=\"description\" content=\"\u2022 Coa participaci\u00f3n de Cristina Mar\u00f3, Nerea Garmendia e Rafa Dur\u00e1n, o acto ter\u00e1 lugar \u00e1s 18:00h na Praza de Avelino Vicente.\" \/>\n<meta name=\"robots\" content=\"index, follow, max-snippet:-1, max-image-preview:large, max-video-preview:-1\" \/>\n<link rel=\"canonical\" href=\"https:\/\/www.aguarda.es\/en\/a-guarda-acolle-este-domingo-o-espectaculo-de-humor-duas-mulleres-de-bandeiras1\/\" \/>\n<meta property=\"og:locale\" content=\"en_US\" \/>\n<meta property=\"og:type\" content=\"article\" \/>\n<meta property=\"og:title\" content=\"A Guarda acolle este domingo o espect\u00e1culo de humor \u201cD\u00faas mulleres de bandeiras+1\u201d - Concello da Guarda\" \/>\n<meta property=\"og:description\" content=\"\u2022 Coa participaci\u00f3n de Cristina Mar\u00f3, Nerea Garmendia e Rafa Dur\u00e1n, o acto ter\u00e1 lugar \u00e1s 18:00h na Praza de Avelino Vicente.\" \/>\n<meta property=\"og:url\" content=\"https:\/\/www.aguarda.es\/en\/a-guarda-acolle-este-domingo-o-espectaculo-de-humor-duas-mulleres-de-bandeiras1\/\" \/>\n<meta property=\"og:site_name\" content=\"Concello da Guarda\" \/>\n<meta property=\"article:publisher\" content=\"https:\/\/www.facebook.com\/ConcellodaGuarda\" \/>\n<meta property=\"article:published_time\" content=\"2022-05-18T11:54:14+00:00\" \/>\n<meta property=\"og:image\" content=\"https:\/\/www.aguarda.es\/wp-content\/uploads\/2022\/05\/NP-18052022-A-Guarda-acolle-este-domingo-o-espectaculo-de-humor-Duas-mulleres-de-bandeiras1.jpg?_t=1652874855\" \/>\n\t<meta property=\"og:image:width\" content=\"800\" \/>\n\t<meta property=\"og:image:height\" content=\"800\" \/>\n\t<meta property=\"og:image:type\" content=\"image\/jpeg\" \/>\n<meta name=\"author\" content=\"prensa\" \/>\n<meta name=\"twitter:card\" content=\"summary_large_image\" \/>\n<meta name=\"twitter:creator\" content=\"@AGuarda_es\" \/>\n<meta name=\"twitter:site\" content=\"@AGuarda_es\" \/>\n<meta name=\"twitter:label1\" content=\"Written by\" \/>\n\t<meta name=\"twitter:data1\" content=\"prensa\" \/>\n\t<meta name=\"twitter:label2\" content=\"Est. reading time\" \/>\n\t<meta name=\"twitter:data2\" content=\"3 minutes\" \/>\n<script type=\"application\/ld+json\" class=\"yoast-schema-graph\">{\"@context\":\"https:\/\/schema.org\",\"@graph\":[{\"@type\":\"WebPage\",\"@id\":\"https:\/\/www.aguarda.es\/en\/a-guarda-acolle-este-domingo-o-espectaculo-de-humor-duas-mulleres-de-bandeiras1\/\",\"url\":\"https:\/\/www.aguarda.es\/en\/a-guarda-acolle-este-domingo-o-espectaculo-de-humor-duas-mulleres-de-bandeiras1\/\",\"name\":\"A Guarda acolle este domingo o espect\u00e1culo de humor \u201cD\u00faas mulleres de bandeiras+1\u201d - Concello da Guarda\",\"isPartOf\":{\"@id\":\"https:\/\/www.aguarda.es\/en\/#website\"},\"datePublished\":\"2022-05-18T11:54:14+00:00\",\"dateModified\":\"2022-05-18T11:54:14+00:00\",\"author\":{\"@id\":\"https:\/\/www.aguarda.es\/en\/#\/schema\/person\/c463ca3006858ffb349d11179d044f21\"},\"description\":\"\u2022 Coa participaci\u00f3n de Cristina Mar\u00f3, Nerea Garmendia e Rafa Dur\u00e1n, o acto ter\u00e1 lugar \u00e1s 18:00h na Praza de Avelino Vicente.\",\"breadcrumb\":{\"@id\":\"https:\/\/www.aguarda.es\/en\/a-guarda-acolle-este-domingo-o-espectaculo-de-humor-duas-mulleres-de-bandeiras1\/#breadcrumb\"},\"inLanguage\":\"en-US\",\"potentialAction\":[{\"@type\":\"ReadAction\",\"target\":[\"https:\/\/www.aguarda.es\/en\/a-guarda-acolle-este-domingo-o-espectaculo-de-humor-duas-mulleres-de-bandeiras1\/\"]}]},{\"@type\":\"BreadcrumbList\",\"@id\":\"https:\/\/www.aguarda.es\/en\/a-guarda-acolle-este-domingo-o-espectaculo-de-humor-duas-mulleres-de-bandeiras1\/#breadcrumb\",\"itemListElement\":[{\"@type\":\"ListItem\",\"position\":1,\"name\":\"Portada\",\"item\":\"https:\/\/www.aguarda.es\/en\/\"},{\"@type\":\"ListItem\",\"position\":2,\"name\":\"A Guarda acolle este domingo o espect\u00e1culo de humor \u201cD\u00faas mulleres de bandeiras+1\u201d\"}]},{\"@type\":\"WebSite\",\"@id\":\"https:\/\/www.aguarda.es\/en\/#website\",\"url\":\"https:\/\/www.aguarda.es\/en\/\",\"name\":\"Concello da Guarda\",\"description\":\"P\u00e1xina web do concello da Guarda\",\"potentialAction\":[{\"@type\":\"SearchAction\",\"target\":{\"@type\":\"EntryPoint\",\"urlTemplate\":\"https:\/\/www.aguarda.es\/en\/?s={search_term_string}\"},\"query-input\":\"required name=search_term_string\"}],\"inLanguage\":\"en-US\"},{\"@type\":\"Person\",\"@id\":\"https:\/\/www.aguarda.es\/en\/#\/schema\/person\/c463ca3006858ffb349d11179d044f21\",\"name\":\"prensa\",\"image\":{\"@type\":\"ImageObject\",\"inLanguage\":\"en-US\",\"@id\":\"https:\/\/www.aguarda.es\/en\/#\/schema\/person\/image\/\",\"url\":\"https:\/\/secure.gravatar.com\/avatar\/5f90ef536b0f98306edf5c7a1135ffa1?s=96&d=mm&r=g\",\"contentUrl\":\"https:\/\/secure.gravatar.com\/avatar\/5f90ef536b0f98306edf5c7a1135ffa1?s=96&d=mm&r=g\",\"caption\":\"prensa\"},\"url\":\"https:\/\/www.aguarda.es\/en\/author\/prensa\/\"}]}<\/script>\n<!-- \/ Yoast SEO plugin. -->","yoast_head_json":{"title":"A Guarda acolle este domingo o espect\u00e1culo de humor \u201cD\u00faas mulleres de bandeiras+1\u201d - Concello da Guarda","description":"\u2022 Coa participaci\u00f3n de Cristina Mar\u00f3, Nerea Garmendia e Rafa Dur\u00e1n, o acto ter\u00e1 lugar \u00e1s 18:00h na Praza de Avelino Vicente.","robots":{"index":"index","follow":"follow","max-snippet":"max-snippet:-1","max-image-preview":"max-image-preview:large","max-video-preview":"max-video-preview:-1"},"canonical":"https:\/\/www.aguarda.es\/en\/a-guarda-acolle-este-domingo-o-espectaculo-de-humor-duas-mulleres-de-bandeiras1\/","og_locale":"en_US","og_type":"article","og_title":"A Guarda acolle este domingo o espect\u00e1culo de humor \u201cD\u00faas mulleres de bandeiras+1\u201d - Concello da Guarda","og_description":"\u2022 Coa participaci\u00f3n de Cristina Mar\u00f3, Nerea Garmendia e Rafa Dur\u00e1n, o acto ter\u00e1 lugar \u00e1s 18:00h na Praza de Avelino Vicente.","og_url":"https:\/\/www.aguarda.es\/en\/a-guarda-acolle-este-domingo-o-espectaculo-de-humor-duas-mulleres-de-bandeiras1\/","og_site_name":"Concello da Guarda","article_publisher":"https:\/\/www.facebook.com\/ConcellodaGuarda","article_published_time":"2022-05-18T11:54:14+00:00","og_image":[{"width":800,"height":800,"url":"https:\/\/www.aguarda.es\/wp-content\/uploads\/2022\/05\/NP-18052022-A-Guarda-acolle-este-domingo-o-espectaculo-de-humor-Duas-mulleres-de-bandeiras1.jpg?_t=1652874855","type":"image\/jpeg"}],"author":"prensa","twitter_card":"summary_large_image","twitter_creator":"@AGuarda_es","twitter_site":"@AGuarda_es","twitter_misc":{"Written by":"prensa","Est. reading time":"3 minutes"},"schema":{"@context":"https:\/\/schema.org","@graph":[{"@type":"WebPage","@id":"https:\/\/www.aguarda.es\/en\/a-guarda-acolle-este-domingo-o-espectaculo-de-humor-duas-mulleres-de-bandeiras1\/","url":"https:\/\/www.aguarda.es\/en\/a-guarda-acolle-este-domingo-o-espectaculo-de-humor-duas-mulleres-de-bandeiras1\/","name":"A Guarda acolle este domingo o espect\u00e1culo de humor \u201cD\u00faas mulleres de bandeiras+1\u201d - Concello da Guarda","isPartOf":{"@id":"https:\/\/www.aguarda.es\/en\/#website"},"datePublished":"2022-05-18T11:54:14+00:00","dateModified":"2022-05-18T11:54:14+00:00","author":{"@id":"https:\/\/www.aguarda.es\/en\/#\/schema\/person\/c463ca3006858ffb349d11179d044f21"},"description":"\u2022 Coa participaci\u00f3n de Cristina Mar\u00f3, Nerea Garmendia e Rafa Dur\u00e1n, o acto ter\u00e1 lugar \u00e1s 18:00h na Praza de Avelino Vicente.","breadcrumb":{"@id":"https:\/\/www.aguarda.es\/en\/a-guarda-acolle-este-domingo-o-espectaculo-de-humor-duas-mulleres-de-bandeiras1\/#breadcrumb"},"inLanguage":"en-US","potentialAction":[{"@type":"ReadAction","target":["https:\/\/www.aguarda.es\/en\/a-guarda-acolle-este-domingo-o-espectaculo-de-humor-duas-mulleres-de-bandeiras1\/"]}]},{"@type":"BreadcrumbList","@id":"https:\/\/www.aguarda.es\/en\/a-guarda-acolle-este-domingo-o-espectaculo-de-humor-duas-mulleres-de-bandeiras1\/#breadcrumb","itemListElement":[{"@type":"ListItem","position":1,"name":"Portada","item":"https:\/\/www.aguarda.es\/en\/"},{"@type":"ListItem","position":2,"name":"A Guarda acolle este domingo o espect\u00e1culo de humor \u201cD\u00faas mulleres de bandeiras+1\u201d"}]},{"@type":"WebSite","@id":"https:\/\/www.aguarda.es\/en\/#website","url":"https:\/\/www.aguarda.es\/en\/","name":"Concello da Guarda","description":"P\u00e1xina web do concello da Guarda","potentialAction":[{"@type":"SearchAction","target":{"@type":"EntryPoint","urlTemplate":"https:\/\/www.aguarda.es\/en\/?s={search_term_string}"},"query-input":"required name=search_term_string"}],"inLanguage":"en-US"},{"@type":"Person","@id":"https:\/\/www.aguarda.es\/en\/#\/schema\/person\/c463ca3006858ffb349d11179d044f21","name":"prensa","image":{"@type":"ImageObject","inLanguage":"en-US","@id":"https:\/\/www.aguarda.es\/en\/#\/schema\/person\/image\/","url":"https:\/\/secure.gravatar.com\/avatar\/5f90ef536b0f98306edf5c7a1135ffa1?s=96&d=mm&r=g","contentUrl":"https:\/\/secure.gravatar.com\/avatar\/5f90ef536b0f98306edf5c7a1135ffa1?s=96&d=mm&r=g","caption":"prensa"},"url":"https:\/\/www.aguarda.es\/en\/author\/prensa\/"}]}},"_links":{"self":[{"href":"https:\/\/www.aguarda.es\/en\/wp-json\/wp\/v2\/posts\/26035"}],"collection":[{"href":"https:\/\/www.aguarda.es\/en\/wp-json\/wp\/v2\/posts"}],"about":[{"href":"https:\/\/www.aguarda.es\/en\/wp-json\/wp\/v2\/types\/post"}],"author":[{"embeddable":true,"href":"https:\/\/www.aguarda.es\/en\/wp-json\/wp\/v2\/users\/2"}],"replies":[{"embeddable":true,"href":"https:\/\/www.aguarda.es\/en\/wp-json\/wp\/v2\/comments?post=26035"}],"version-history":[{"count":1,"href":"https:\/\/www.aguarda.es\/en\/wp-json\/wp\/v2\/posts\/26035\/revisions"}],"predecessor-version":[{"id":26038,"href":"https:\/\/www.aguarda.es\/en\/wp-json\/wp\/v2\/posts\/26035\/revisions\/26038"}],"wp:featuredmedia":[{"embeddable":true,"href":"https:\/\/www.aguarda.es\/en\/wp-json\/wp\/v2\/media\/26036"}],"wp:attachment":[{"href":"https:\/\/www.aguarda.es\/en\/wp-json\/wp\/v2\/media?parent=26035"}],"wp:term":[{"taxonomy":"category","embeddable":true,"href":"https:\/\/www.aguarda.es\/en\/wp-json\/wp\/v2\/categories?post=26035"},{"taxonomy":"post_tag","embeddable":true,"href":"https:\/\/www.aguarda.es\/en\/wp-json\/wp\/v2\/tags?post=26035"}],"curies":[{"name":"wp","href":"https:\/\/api.w.org\/{rel}","templated":true}]}}