{"id":26039,"date":"2022-05-18T15:45:04","date_gmt":"2022-05-18T15:45:04","guid":{"rendered":"https:\/\/www.aguarda.es\/?p=26039"},"modified":"2022-05-18T15:45:04","modified_gmt":"2022-05-18T15:45:04","slug":"a-comunicacion-por-ferri-entre-a-guarda-e-caminha-permanecera-interrompida-todo-o-ano-pola-avaria-no-embarcadoiro-da-pasaxe","status":"publish","type":"post","link":"https:\/\/www.aguarda.es\/en\/a-comunicacion-por-ferri-entre-a-guarda-e-caminha-permanecera-interrompida-todo-o-ano-pola-avaria-no-embarcadoiro-da-pasaxe\/","title":{"rendered":"A comunicaci\u00f3n por ferri entre A Guarda e Caminha permanecer\u00e1 interrompida todo o ano pola avar\u00eda no embarcadoiro da Pasaxe"},"content":{"rendered":"<p>Os graves problemas que ten o peirao de atraque do ferri na marxe Galega fan inviables as viaxes do barco que cubre o servizo de trasporte de pasaxeiros e veh\u00edculos entre A Guarda e Caminha.<br \/>\nPortos de Galicia resolveu o contrato de cesi\u00f3n da Estaci\u00f3n Mar\u00edtima da Pasaxe ao concello da Guarda cando estaba a punto de producirse a adxudicaci\u00f3n da explotaci\u00f3n do inmoble como cafeter\u00eda-restaurante a unha empresa local.<br \/>\nA Guarda a 18 de maio de 2022. Na reuni\u00f3n mantida \u00e1 petici\u00f3n do alcalde da Guarda, Antonio Lomba, coa presidenta de portos de Galicia, Susana Lenguas, \u00e1 que tam\u00e9n acudiu o presidente da c\u00e1mara de Caminha, Miguel Alves, a responsable das instalaci\u00f3ns de atraque do ferri trasladou aos mandatarios municipais a grave situaci\u00f3n actual do embarcadoiro e a complexidade da reparaci\u00f3n que hai que acometer.<br \/>\nA preocupaci\u00f3n dos responsables dos concellos da Guarda e de Caminha pola comunicaci\u00f3n entre as d\u00faas vilas e a ausencia de noticias fiables en relaci\u00f3n a reparaci\u00f3n da avar\u00eda no peirao, foron o motivo de concertar unha xuntanza entre os alcaldes e Portos de Galicia.<br \/>\nAs inquedanzas dos alcaldes foron compartidas pola presidenta de Portos de Galicia que confirmou que, despois da valoraci\u00f3n do estado actual do peirao, estase a elaborar un estudo t\u00e9cnico que servir\u00e1 de base para a redacci\u00f3n do proxecto de rehabilitaci\u00f3n. Susana Lenguas foi cautelosa en canto a cont\u00eda e prazos para executar a reparaci\u00f3n. En calquera caso avanzou que a obra poder\u00eda rondar os 300.000 \u20ac e en canto a execuci\u00f3n haber\u00eda que pensar en 2023.<br \/>\nHai que ter en conta que esta situaci\u00f3n de falta de comunicaci\u00f3n entre as d\u00faas vilas do esteiro do mi\u00f1o xa non \u00e9 de agora. Primeiro foi o peche de fronteiras con motivo da pandemia do COVID-19 e dende o ver\u00e1n de 2021 ven motivada pola avar\u00eda do peirao.<br \/>\nA falta comunicaci\u00f3n entre A Guarda e Cami\u00f1a resulta moi prexudicial para o mantemento das relaci\u00f3ns sociais e econ\u00f3micas entre as d\u00faas vilas raianas: para a veci\u00f1anza das d\u00faas localidades, para o transito de turistas e visitantes e para o paso dos peregrinos que seguen o cami\u00f1o portugu\u00e9s da Costa. Por este motivo, Antonio Lomba, co apoio dos alcaldes e alcaldesas do Cami\u00f1o Portugu\u00e9s da Costa e o sector privado vinculado \u00e1 ruta xacobea, vi\u00f1a demandando da Xunta de Galicia un transporte alternativo ao ferri mentres este non funcionaba. Un transporte alternativo, centrado principalmente en resolver os problemas dos peregrinos, empezou a funcionar a pasada Semana Santa e est\u00e1 permitindo que se recupere a continuidade do cami\u00f1o a Santiago.<br \/>\n\u201cA demanda da veci\u00f1anza e a que se produce en tempada alta polos turistas e visitantes non pode ser cuberta polas embarcaci\u00f3ns habilitadas na actualidade debido ao s\u00faa reducida capacidade e a imposibilidade de transportar veh\u00edculos\u201d. Declaraba Antonio Lomba. Asi mesmo dic\u00eda \u201c\u00e9 necesario recuperar o peirao do ferri, ben sexa para este barco ou para outro que poida necesitalo a curto prazo\u201d.<br \/>\nOutro tema que Antonio Lomba abordou na reuni\u00f3n con Portos de Galicia foi a resoluci\u00f3n do contrato de cesi\u00f3n da Estaci\u00f3n Mar\u00edtima da Pasaxe ao concello da Guarda. O contrato entre Portos e o concello da Guarda ti\u00f1a vixencia ata o ano 2029 pero a entidade dependente da Xunta de Galicia, alegando cambios normativos, notificou ao concello a extinci\u00f3n do mesmo.<br \/>\nAs consecuencias inmediatas da resoluci\u00f3n do contrato son a anulaci\u00f3n do procedemento de licitaci\u00f3n que se estaba a producir para a explotaci\u00f3n da cafeter\u00eda da Estaci\u00f3n Mar\u00edtima e por outra banda que Portos se volve a facer cargo do inmoble. Neste sentido o alcalde trasladoulle a Susana Lenguas a petici\u00f3n de que puxeran en marcha algunha actividade no edificio como o concello ti\u00f1a previsto facelo a trav\u00e9s da licitaci\u00f3n. \u201cSer\u00eda unha pena agora que estaba a punto de adxudicarse a unha empresa local para que empezara a explotala, que Portos decidira quedarse de novo coa Estaci\u00f3n para non facer nada nela.\u201d declaraba o alcalde.<br \/>\nDende o concello da Guarda conf\u00edan en que o pr\u00f3ximo ver\u00e1n, tendo en conta que estamos en ano xacobeo e que se espera unha grande afluencia de peregrinos e visitantes, Portos de Galicia po\u00f1a en funcionamento as instalaci\u00f3ns da Estaci\u00f3n Mar\u00edtima da Pasaxe.<\/p>\n","protected":false},"excerpt":{"rendered":"<p>Os graves problemas que ten o peirao de atraque do ferri na marxe Galega fan inviables as viaxes do barco que cubre o servizo de trasporte de pasaxeiros e veh\u00edculos entre A Guarda e Caminha. Portos de Galicia resolveu o &hellip; <\/p>\n","protected":false},"author":2,"featured_media":26040,"comment_status":"open","ping_status":"open","sticky":false,"template":"","format":"standard","meta":[],"categories":[56,33],"tags":[226,327,970,509],"yoast_head":"<!-- This site is optimized with the Yoast SEO plugin v21.1 - https:\/\/yoast.com\/wordpress\/plugins\/seo\/ -->\n<title>A comunicaci\u00f3n por ferri entre A Guarda e Caminha permanecer\u00e1 interrompida todo o ano pola avar\u00eda no embarcadoiro da Pasaxe - Concello da Guarda<\/title>\n<meta name=\"description\" content=\"Os graves problemas que ten o peirao de atraque do ferri na marxe Galega fan inviables as viaxes do barco que cubre o servizo de trasporte de pasaxeiros e veh\u00edculos entre A Guarda e Caminha.\" \/>\n<meta name=\"robots\" content=\"index, follow, max-snippet:-1, max-image-preview:large, max-video-preview:-1\" \/>\n<link rel=\"canonical\" href=\"https:\/\/www.aguarda.es\/en\/a-comunicacion-por-ferri-entre-a-guarda-e-caminha-permanecera-interrompida-todo-o-ano-pola-avaria-no-embarcadoiro-da-pasaxe\/\" \/>\n<meta property=\"og:locale\" content=\"en_US\" \/>\n<meta property=\"og:type\" content=\"article\" \/>\n<meta property=\"og:title\" content=\"A comunicaci\u00f3n por ferri entre A Guarda e Caminha permanecer\u00e1 interrompida todo o ano pola avar\u00eda no embarcadoiro da Pasaxe - Concello da Guarda\" \/>\n<meta property=\"og:description\" content=\"Os graves problemas que ten o peirao de atraque do ferri na marxe Galega fan inviables as viaxes do barco que cubre o servizo de trasporte de pasaxeiros e veh\u00edculos entre A Guarda e Caminha.\" \/>\n<meta property=\"og:url\" content=\"https:\/\/www.aguarda.es\/en\/a-comunicacion-por-ferri-entre-a-guarda-e-caminha-permanecera-interrompida-todo-o-ano-pola-avaria-no-embarcadoiro-da-pasaxe\/\" \/>\n<meta property=\"og:site_name\" content=\"Concello da Guarda\" \/>\n<meta property=\"article:publisher\" content=\"https:\/\/www.facebook.com\/ConcellodaGuarda\" \/>\n<meta property=\"article:published_time\" content=\"2022-05-18T15:45:04+00:00\" \/>\n<meta property=\"og:image\" content=\"https:\/\/www.aguarda.es\/wp-content\/uploads\/2022\/05\/NP-18052022-A-comunicacion-por-ferri-entre-A-Guarda-e-Caminha-permanecera-interrompida-todo-o-ano-pola-avaria-no-embarcadoiro-da-Pasaxe.jpg?_t=1652888704\" \/>\n\t<meta property=\"og:image:width\" content=\"827\" \/>\n\t<meta property=\"og:image:height\" content=\"465\" \/>\n\t<meta property=\"og:image:type\" content=\"image\/jpeg\" \/>\n<meta name=\"author\" content=\"prensa\" \/>\n<meta name=\"twitter:card\" content=\"summary_large_image\" \/>\n<meta name=\"twitter:creator\" content=\"@AGuarda_es\" \/>\n<meta name=\"twitter:site\" content=\"@AGuarda_es\" \/>\n<meta name=\"twitter:label1\" content=\"Written by\" \/>\n\t<meta name=\"twitter:data1\" content=\"prensa\" \/>\n\t<meta name=\"twitter:label2\" content=\"Est. reading time\" \/>\n\t<meta name=\"twitter:data2\" content=\"4 minutes\" \/>\n<script type=\"application\/ld+json\" class=\"yoast-schema-graph\">{\"@context\":\"https:\/\/schema.org\",\"@graph\":[{\"@type\":\"WebPage\",\"@id\":\"https:\/\/www.aguarda.es\/en\/a-comunicacion-por-ferri-entre-a-guarda-e-caminha-permanecera-interrompida-todo-o-ano-pola-avaria-no-embarcadoiro-da-pasaxe\/\",\"url\":\"https:\/\/www.aguarda.es\/en\/a-comunicacion-por-ferri-entre-a-guarda-e-caminha-permanecera-interrompida-todo-o-ano-pola-avaria-no-embarcadoiro-da-pasaxe\/\",\"name\":\"A comunicaci\u00f3n por ferri entre A Guarda e Caminha permanecer\u00e1 interrompida todo o ano pola avar\u00eda no embarcadoiro da Pasaxe - Concello da Guarda\",\"isPartOf\":{\"@id\":\"https:\/\/www.aguarda.es\/en\/#website\"},\"datePublished\":\"2022-05-18T15:45:04+00:00\",\"dateModified\":\"2022-05-18T15:45:04+00:00\",\"author\":{\"@id\":\"https:\/\/www.aguarda.es\/en\/#\/schema\/person\/c463ca3006858ffb349d11179d044f21\"},\"description\":\"Os graves problemas que ten o peirao de atraque do ferri na marxe Galega fan inviables as viaxes do barco que cubre o servizo de trasporte de pasaxeiros e veh\u00edculos entre A Guarda e Caminha.\",\"breadcrumb\":{\"@id\":\"https:\/\/www.aguarda.es\/en\/a-comunicacion-por-ferri-entre-a-guarda-e-caminha-permanecera-interrompida-todo-o-ano-pola-avaria-no-embarcadoiro-da-pasaxe\/#breadcrumb\"},\"inLanguage\":\"en-US\",\"potentialAction\":[{\"@type\":\"ReadAction\",\"target\":[\"https:\/\/www.aguarda.es\/en\/a-comunicacion-por-ferri-entre-a-guarda-e-caminha-permanecera-interrompida-todo-o-ano-pola-avaria-no-embarcadoiro-da-pasaxe\/\"]}]},{\"@type\":\"BreadcrumbList\",\"@id\":\"https:\/\/www.aguarda.es\/en\/a-comunicacion-por-ferri-entre-a-guarda-e-caminha-permanecera-interrompida-todo-o-ano-pola-avaria-no-embarcadoiro-da-pasaxe\/#breadcrumb\",\"itemListElement\":[{\"@type\":\"ListItem\",\"position\":1,\"name\":\"Portada\",\"item\":\"https:\/\/www.aguarda.es\/en\/\"},{\"@type\":\"ListItem\",\"position\":2,\"name\":\"A comunicaci\u00f3n por ferri entre A Guarda e Caminha permanecer\u00e1 interrompida todo o ano pola avar\u00eda no embarcadoiro da Pasaxe\"}]},{\"@type\":\"WebSite\",\"@id\":\"https:\/\/www.aguarda.es\/en\/#website\",\"url\":\"https:\/\/www.aguarda.es\/en\/\",\"name\":\"Concello da Guarda\",\"description\":\"P\u00e1xina web do concello da Guarda\",\"potentialAction\":[{\"@type\":\"SearchAction\",\"target\":{\"@type\":\"EntryPoint\",\"urlTemplate\":\"https:\/\/www.aguarda.es\/en\/?s={search_term_string}\"},\"query-input\":\"required name=search_term_string\"}],\"inLanguage\":\"en-US\"},{\"@type\":\"Person\",\"@id\":\"https:\/\/www.aguarda.es\/en\/#\/schema\/person\/c463ca3006858ffb349d11179d044f21\",\"name\":\"prensa\",\"image\":{\"@type\":\"ImageObject\",\"inLanguage\":\"en-US\",\"@id\":\"https:\/\/www.aguarda.es\/en\/#\/schema\/person\/image\/\",\"url\":\"https:\/\/secure.gravatar.com\/avatar\/5f90ef536b0f98306edf5c7a1135ffa1?s=96&d=mm&r=g\",\"contentUrl\":\"https:\/\/secure.gravatar.com\/avatar\/5f90ef536b0f98306edf5c7a1135ffa1?s=96&d=mm&r=g\",\"caption\":\"prensa\"},\"url\":\"https:\/\/www.aguarda.es\/en\/author\/prensa\/\"}]}<\/script>\n<!-- \/ Yoast SEO plugin. -->","yoast_head_json":{"title":"A comunicaci\u00f3n por ferri entre A Guarda e Caminha permanecer\u00e1 interrompida todo o ano pola avar\u00eda no embarcadoiro da Pasaxe - Concello da Guarda","description":"Os graves problemas que ten o peirao de atraque do ferri na marxe Galega fan inviables as viaxes do barco que cubre o servizo de trasporte de pasaxeiros e veh\u00edculos entre A Guarda e Caminha.","robots":{"index":"index","follow":"follow","max-snippet":"max-snippet:-1","max-image-preview":"max-image-preview:large","max-video-preview":"max-video-preview:-1"},"canonical":"https:\/\/www.aguarda.es\/en\/a-comunicacion-por-ferri-entre-a-guarda-e-caminha-permanecera-interrompida-todo-o-ano-pola-avaria-no-embarcadoiro-da-pasaxe\/","og_locale":"en_US","og_type":"article","og_title":"A comunicaci\u00f3n por ferri entre A Guarda e Caminha permanecer\u00e1 interrompida todo o ano pola avar\u00eda no embarcadoiro da Pasaxe - Concello da Guarda","og_description":"Os graves problemas que ten o peirao de atraque do ferri na marxe Galega fan inviables as viaxes do barco que cubre o servizo de trasporte de pasaxeiros e veh\u00edculos entre A Guarda e Caminha.","og_url":"https:\/\/www.aguarda.es\/en\/a-comunicacion-por-ferri-entre-a-guarda-e-caminha-permanecera-interrompida-todo-o-ano-pola-avaria-no-embarcadoiro-da-pasaxe\/","og_site_name":"Concello da Guarda","article_publisher":"https:\/\/www.facebook.com\/ConcellodaGuarda","article_published_time":"2022-05-18T15:45:04+00:00","og_image":[{"width":827,"height":465,"url":"https:\/\/www.aguarda.es\/wp-content\/uploads\/2022\/05\/NP-18052022-A-comunicacion-por-ferri-entre-A-Guarda-e-Caminha-permanecera-interrompida-todo-o-ano-pola-avaria-no-embarcadoiro-da-Pasaxe.jpg?_t=1652888704","type":"image\/jpeg"}],"author":"prensa","twitter_card":"summary_large_image","twitter_creator":"@AGuarda_es","twitter_site":"@AGuarda_es","twitter_misc":{"Written by":"prensa","Est. reading time":"4 minutes"},"schema":{"@context":"https:\/\/schema.org","@graph":[{"@type":"WebPage","@id":"https:\/\/www.aguarda.es\/en\/a-comunicacion-por-ferri-entre-a-guarda-e-caminha-permanecera-interrompida-todo-o-ano-pola-avaria-no-embarcadoiro-da-pasaxe\/","url":"https:\/\/www.aguarda.es\/en\/a-comunicacion-por-ferri-entre-a-guarda-e-caminha-permanecera-interrompida-todo-o-ano-pola-avaria-no-embarcadoiro-da-pasaxe\/","name":"A comunicaci\u00f3n por ferri entre A Guarda e Caminha permanecer\u00e1 interrompida todo o ano pola avar\u00eda no embarcadoiro da Pasaxe - Concello da Guarda","isPartOf":{"@id":"https:\/\/www.aguarda.es\/en\/#website"},"datePublished":"2022-05-18T15:45:04+00:00","dateModified":"2022-05-18T15:45:04+00:00","author":{"@id":"https:\/\/www.aguarda.es\/en\/#\/schema\/person\/c463ca3006858ffb349d11179d044f21"},"description":"Os graves problemas que ten o peirao de atraque do ferri na marxe Galega fan inviables as viaxes do barco que cubre o servizo de trasporte de pasaxeiros e veh\u00edculos entre A Guarda e Caminha.","breadcrumb":{"@id":"https:\/\/www.aguarda.es\/en\/a-comunicacion-por-ferri-entre-a-guarda-e-caminha-permanecera-interrompida-todo-o-ano-pola-avaria-no-embarcadoiro-da-pasaxe\/#breadcrumb"},"inLanguage":"en-US","potentialAction":[{"@type":"ReadAction","target":["https:\/\/www.aguarda.es\/en\/a-comunicacion-por-ferri-entre-a-guarda-e-caminha-permanecera-interrompida-todo-o-ano-pola-avaria-no-embarcadoiro-da-pasaxe\/"]}]},{"@type":"BreadcrumbList","@id":"https:\/\/www.aguarda.es\/en\/a-comunicacion-por-ferri-entre-a-guarda-e-caminha-permanecera-interrompida-todo-o-ano-pola-avaria-no-embarcadoiro-da-pasaxe\/#breadcrumb","itemListElement":[{"@type":"ListItem","position":1,"name":"Portada","item":"https:\/\/www.aguarda.es\/en\/"},{"@type":"ListItem","position":2,"name":"A comunicaci\u00f3n por ferri entre A Guarda e Caminha permanecer\u00e1 interrompida todo o ano pola avar\u00eda no embarcadoiro da Pasaxe"}]},{"@type":"WebSite","@id":"https:\/\/www.aguarda.es\/en\/#website","url":"https:\/\/www.aguarda.es\/en\/","name":"Concello da Guarda","description":"P\u00e1xina web do concello da Guarda","potentialAction":[{"@type":"SearchAction","target":{"@type":"EntryPoint","urlTemplate":"https:\/\/www.aguarda.es\/en\/?s={search_term_string}"},"query-input":"required name=search_term_string"}],"inLanguage":"en-US"},{"@type":"Person","@id":"https:\/\/www.aguarda.es\/en\/#\/schema\/person\/c463ca3006858ffb349d11179d044f21","name":"prensa","image":{"@type":"ImageObject","inLanguage":"en-US","@id":"https:\/\/www.aguarda.es\/en\/#\/schema\/person\/image\/","url":"https:\/\/secure.gravatar.com\/avatar\/5f90ef536b0f98306edf5c7a1135ffa1?s=96&d=mm&r=g","contentUrl":"https:\/\/secure.gravatar.com\/avatar\/5f90ef536b0f98306edf5c7a1135ffa1?s=96&d=mm&r=g","caption":"prensa"},"url":"https:\/\/www.aguarda.es\/en\/author\/prensa\/"}]}},"_links":{"self":[{"href":"https:\/\/www.aguarda.es\/en\/wp-json\/wp\/v2\/posts\/26039"}],"collection":[{"href":"https:\/\/www.aguarda.es\/en\/wp-json\/wp\/v2\/posts"}],"about":[{"href":"https:\/\/www.aguarda.es\/en\/wp-json\/wp\/v2\/types\/post"}],"author":[{"embeddable":true,"href":"https:\/\/www.aguarda.es\/en\/wp-json\/wp\/v2\/users\/2"}],"replies":[{"embeddable":true,"href":"https:\/\/www.aguarda.es\/en\/wp-json\/wp\/v2\/comments?post=26039"}],"version-history":[{"count":2,"href":"https:\/\/www.aguarda.es\/en\/wp-json\/wp\/v2\/posts\/26039\/revisions"}],"predecessor-version":[{"id":26043,"href":"https:\/\/www.aguarda.es\/en\/wp-json\/wp\/v2\/posts\/26039\/revisions\/26043"}],"wp:featuredmedia":[{"embeddable":true,"href":"https:\/\/www.aguarda.es\/en\/wp-json\/wp\/v2\/media\/26040"}],"wp:attachment":[{"href":"https:\/\/www.aguarda.es\/en\/wp-json\/wp\/v2\/media?parent=26039"}],"wp:term":[{"taxonomy":"category","embeddable":true,"href":"https:\/\/www.aguarda.es\/en\/wp-json\/wp\/v2\/categories?post=26039"},{"taxonomy":"post_tag","embeddable":true,"href":"https:\/\/www.aguarda.es\/en\/wp-json\/wp\/v2\/tags?post=26039"}],"curies":[{"name":"wp","href":"https:\/\/api.w.org\/{rel}","templated":true}]}}