{"id":26045,"date":"2022-05-19T07:32:31","date_gmt":"2022-05-19T07:32:31","guid":{"rendered":"https:\/\/www.aguarda.es\/?p=26045"},"modified":"2022-05-19T07:32:31","modified_gmt":"2022-05-19T07:32:31","slug":"a-guarda-abre-as-inscricions-do-campamento-urbano-de-veran-o-vindeiro-27-de-maio","status":"publish","type":"post","link":"https:\/\/www.aguarda.es\/en\/a-guarda-abre-as-inscricions-do-campamento-urbano-de-veran-o-vindeiro-27-de-maio\/","title":{"rendered":"A Guarda abre as inscrici\u00f3ns do campamento urbano de ver\u00e1n o vindeiro 27 de maio"},"content":{"rendered":"<p><em><strong>\u2022 As bases e solicitude poderanse consultar unha vez abra o prazo na web municipal www.aguarda.es<\/strong><\/em><\/p>\n<p>A partir do 27 de maio e ata o 10 de xu\u00f1o estar\u00e1 aberto o prazo para solicitar praza no campamento urbano de ver\u00e1n. O campamento desenvolverase durante os meses de xullo e agosto no Castelo de Santa Cruz en horario de 9 a 14 horas, e estar\u00e1 dirixido a nenos e nenas de 4 a 12 anos.<br \/>\nO principal obxectivo deste actividade \u00e9 a de conciliar vida familiar e laboral a trav\u00e9s de actividades educativas e l\u00fadicas coas que dinamizar o tempo libre que representa o ver\u00e1n tras rematar o per\u00edodo lectivo<br \/>\nOs rapaces e rapazas ter\u00e1n unha alternativa de ocio din\u00e1mico e educativo a trav\u00e9s de talleres, xogos, actividades deportivas, etc., pero sobre todo compartir\u00e1n un espazo de xogo diferente.<br \/>\nAs bases e solicitude poderanse consultar unha vez abra o prazo na web municipal www.aguarda.es<\/p>\n","protected":false},"excerpt":{"rendered":"<p>\u2022 As bases e solicitude poderanse consultar unha vez abra o prazo na web municipal www.aguarda.es A partir do 27 de maio e ata o 10 de xu\u00f1o estar\u00e1 aberto o prazo para solicitar praza no campamento urbano de ver\u00e1n. &hellip; <\/p>\n","protected":false},"author":2,"featured_media":26046,"comment_status":"open","ping_status":"open","sticky":false,"template":"","format":"standard","meta":[],"categories":[48],"tags":[226,1422,2773,286],"yoast_head":"<!-- This site is optimized with the Yoast SEO plugin v21.1 - https:\/\/yoast.com\/wordpress\/plugins\/seo\/ -->\n<title>A Guarda abre as inscrici\u00f3ns do campamento urbano de ver\u00e1n o vindeiro 27 de maio - Concello da Guarda<\/title>\n<meta name=\"description\" content=\"\u2022 As bases e solicitude poderanse consultar unha vez abra o prazo na web municipal www.aguarda.es\" \/>\n<meta name=\"robots\" content=\"index, follow, max-snippet:-1, max-image-preview:large, max-video-preview:-1\" \/>\n<link rel=\"canonical\" href=\"https:\/\/www.aguarda.es\/en\/a-guarda-abre-as-inscricions-do-campamento-urbano-de-veran-o-vindeiro-27-de-maio\/\" \/>\n<meta property=\"og:locale\" content=\"en_US\" \/>\n<meta property=\"og:type\" content=\"article\" \/>\n<meta property=\"og:title\" content=\"A Guarda abre as inscrici\u00f3ns do campamento urbano de ver\u00e1n o vindeiro 27 de maio - Concello da Guarda\" \/>\n<meta property=\"og:description\" content=\"\u2022 As bases e solicitude poderanse consultar unha vez abra o prazo na web municipal www.aguarda.es\" \/>\n<meta property=\"og:url\" content=\"https:\/\/www.aguarda.es\/en\/a-guarda-abre-as-inscricions-do-campamento-urbano-de-veran-o-vindeiro-27-de-maio\/\" \/>\n<meta property=\"og:site_name\" content=\"Concello da Guarda\" \/>\n<meta property=\"article:publisher\" content=\"https:\/\/www.facebook.com\/ConcellodaGuarda\" \/>\n<meta property=\"article:published_time\" content=\"2022-05-19T07:32:31+00:00\" \/>\n<meta property=\"og:image\" content=\"https:\/\/www.aguarda.es\/wp-content\/uploads\/2022\/05\/NP-19052022-A-Guarda-abre-as-inscricions-do-campamento-urbano-de-veran-o-vindeiro-27-de-maio.jpg?_t=1652945552\" \/>\n\t<meta property=\"og:image:width\" content=\"800\" \/>\n\t<meta property=\"og:image:height\" content=\"1132\" \/>\n\t<meta property=\"og:image:type\" content=\"image\/jpeg\" \/>\n<meta name=\"author\" content=\"prensa\" \/>\n<meta name=\"twitter:card\" content=\"summary_large_image\" \/>\n<meta name=\"twitter:creator\" content=\"@AGuarda_es\" \/>\n<meta name=\"twitter:site\" content=\"@AGuarda_es\" \/>\n<meta name=\"twitter:label1\" content=\"Written by\" \/>\n\t<meta name=\"twitter:data1\" content=\"prensa\" \/>\n\t<meta name=\"twitter:label2\" content=\"Est. reading time\" \/>\n\t<meta name=\"twitter:data2\" content=\"1 minute\" \/>\n<script type=\"application\/ld+json\" class=\"yoast-schema-graph\">{\"@context\":\"https:\/\/schema.org\",\"@graph\":[{\"@type\":\"WebPage\",\"@id\":\"https:\/\/www.aguarda.es\/en\/a-guarda-abre-as-inscricions-do-campamento-urbano-de-veran-o-vindeiro-27-de-maio\/\",\"url\":\"https:\/\/www.aguarda.es\/en\/a-guarda-abre-as-inscricions-do-campamento-urbano-de-veran-o-vindeiro-27-de-maio\/\",\"name\":\"A Guarda abre as inscrici\u00f3ns do campamento urbano de ver\u00e1n o vindeiro 27 de maio - Concello da Guarda\",\"isPartOf\":{\"@id\":\"https:\/\/www.aguarda.es\/en\/#website\"},\"datePublished\":\"2022-05-19T07:32:31+00:00\",\"dateModified\":\"2022-05-19T07:32:31+00:00\",\"author\":{\"@id\":\"https:\/\/www.aguarda.es\/en\/#\/schema\/person\/c463ca3006858ffb349d11179d044f21\"},\"description\":\"\u2022 As bases e solicitude poderanse consultar unha vez abra o prazo na web municipal www.aguarda.es\",\"breadcrumb\":{\"@id\":\"https:\/\/www.aguarda.es\/en\/a-guarda-abre-as-inscricions-do-campamento-urbano-de-veran-o-vindeiro-27-de-maio\/#breadcrumb\"},\"inLanguage\":\"en-US\",\"potentialAction\":[{\"@type\":\"ReadAction\",\"target\":[\"https:\/\/www.aguarda.es\/en\/a-guarda-abre-as-inscricions-do-campamento-urbano-de-veran-o-vindeiro-27-de-maio\/\"]}]},{\"@type\":\"BreadcrumbList\",\"@id\":\"https:\/\/www.aguarda.es\/en\/a-guarda-abre-as-inscricions-do-campamento-urbano-de-veran-o-vindeiro-27-de-maio\/#breadcrumb\",\"itemListElement\":[{\"@type\":\"ListItem\",\"position\":1,\"name\":\"Portada\",\"item\":\"https:\/\/www.aguarda.es\/en\/\"},{\"@type\":\"ListItem\",\"position\":2,\"name\":\"A Guarda abre as inscrici\u00f3ns do campamento urbano de ver\u00e1n o vindeiro 27 de maio\"}]},{\"@type\":\"WebSite\",\"@id\":\"https:\/\/www.aguarda.es\/en\/#website\",\"url\":\"https:\/\/www.aguarda.es\/en\/\",\"name\":\"Concello da Guarda\",\"description\":\"P\u00e1xina web do concello da Guarda\",\"potentialAction\":[{\"@type\":\"SearchAction\",\"target\":{\"@type\":\"EntryPoint\",\"urlTemplate\":\"https:\/\/www.aguarda.es\/en\/?s={search_term_string}\"},\"query-input\":\"required name=search_term_string\"}],\"inLanguage\":\"en-US\"},{\"@type\":\"Person\",\"@id\":\"https:\/\/www.aguarda.es\/en\/#\/schema\/person\/c463ca3006858ffb349d11179d044f21\",\"name\":\"prensa\",\"image\":{\"@type\":\"ImageObject\",\"inLanguage\":\"en-US\",\"@id\":\"https:\/\/www.aguarda.es\/en\/#\/schema\/person\/image\/\",\"url\":\"https:\/\/secure.gravatar.com\/avatar\/5f90ef536b0f98306edf5c7a1135ffa1?s=96&d=mm&r=g\",\"contentUrl\":\"https:\/\/secure.gravatar.com\/avatar\/5f90ef536b0f98306edf5c7a1135ffa1?s=96&d=mm&r=g\",\"caption\":\"prensa\"},\"url\":\"https:\/\/www.aguarda.es\/en\/author\/prensa\/\"}]}<\/script>\n<!-- \/ Yoast SEO plugin. -->","yoast_head_json":{"title":"A Guarda abre as inscrici\u00f3ns do campamento urbano de ver\u00e1n o vindeiro 27 de maio - Concello da Guarda","description":"\u2022 As bases e solicitude poderanse consultar unha vez abra o prazo na web municipal www.aguarda.es","robots":{"index":"index","follow":"follow","max-snippet":"max-snippet:-1","max-image-preview":"max-image-preview:large","max-video-preview":"max-video-preview:-1"},"canonical":"https:\/\/www.aguarda.es\/en\/a-guarda-abre-as-inscricions-do-campamento-urbano-de-veran-o-vindeiro-27-de-maio\/","og_locale":"en_US","og_type":"article","og_title":"A Guarda abre as inscrici\u00f3ns do campamento urbano de ver\u00e1n o vindeiro 27 de maio - Concello da Guarda","og_description":"\u2022 As bases e solicitude poderanse consultar unha vez abra o prazo na web municipal www.aguarda.es","og_url":"https:\/\/www.aguarda.es\/en\/a-guarda-abre-as-inscricions-do-campamento-urbano-de-veran-o-vindeiro-27-de-maio\/","og_site_name":"Concello da Guarda","article_publisher":"https:\/\/www.facebook.com\/ConcellodaGuarda","article_published_time":"2022-05-19T07:32:31+00:00","og_image":[{"width":800,"height":1132,"url":"https:\/\/www.aguarda.es\/wp-content\/uploads\/2022\/05\/NP-19052022-A-Guarda-abre-as-inscricions-do-campamento-urbano-de-veran-o-vindeiro-27-de-maio.jpg?_t=1652945552","type":"image\/jpeg"}],"author":"prensa","twitter_card":"summary_large_image","twitter_creator":"@AGuarda_es","twitter_site":"@AGuarda_es","twitter_misc":{"Written by":"prensa","Est. reading time":"1 minute"},"schema":{"@context":"https:\/\/schema.org","@graph":[{"@type":"WebPage","@id":"https:\/\/www.aguarda.es\/en\/a-guarda-abre-as-inscricions-do-campamento-urbano-de-veran-o-vindeiro-27-de-maio\/","url":"https:\/\/www.aguarda.es\/en\/a-guarda-abre-as-inscricions-do-campamento-urbano-de-veran-o-vindeiro-27-de-maio\/","name":"A Guarda abre as inscrici\u00f3ns do campamento urbano de ver\u00e1n o vindeiro 27 de maio - Concello da Guarda","isPartOf":{"@id":"https:\/\/www.aguarda.es\/en\/#website"},"datePublished":"2022-05-19T07:32:31+00:00","dateModified":"2022-05-19T07:32:31+00:00","author":{"@id":"https:\/\/www.aguarda.es\/en\/#\/schema\/person\/c463ca3006858ffb349d11179d044f21"},"description":"\u2022 As bases e solicitude poderanse consultar unha vez abra o prazo na web municipal www.aguarda.es","breadcrumb":{"@id":"https:\/\/www.aguarda.es\/en\/a-guarda-abre-as-inscricions-do-campamento-urbano-de-veran-o-vindeiro-27-de-maio\/#breadcrumb"},"inLanguage":"en-US","potentialAction":[{"@type":"ReadAction","target":["https:\/\/www.aguarda.es\/en\/a-guarda-abre-as-inscricions-do-campamento-urbano-de-veran-o-vindeiro-27-de-maio\/"]}]},{"@type":"BreadcrumbList","@id":"https:\/\/www.aguarda.es\/en\/a-guarda-abre-as-inscricions-do-campamento-urbano-de-veran-o-vindeiro-27-de-maio\/#breadcrumb","itemListElement":[{"@type":"ListItem","position":1,"name":"Portada","item":"https:\/\/www.aguarda.es\/en\/"},{"@type":"ListItem","position":2,"name":"A Guarda abre as inscrici\u00f3ns do campamento urbano de ver\u00e1n o vindeiro 27 de maio"}]},{"@type":"WebSite","@id":"https:\/\/www.aguarda.es\/en\/#website","url":"https:\/\/www.aguarda.es\/en\/","name":"Concello da Guarda","description":"P\u00e1xina web do concello da Guarda","potentialAction":[{"@type":"SearchAction","target":{"@type":"EntryPoint","urlTemplate":"https:\/\/www.aguarda.es\/en\/?s={search_term_string}"},"query-input":"required name=search_term_string"}],"inLanguage":"en-US"},{"@type":"Person","@id":"https:\/\/www.aguarda.es\/en\/#\/schema\/person\/c463ca3006858ffb349d11179d044f21","name":"prensa","image":{"@type":"ImageObject","inLanguage":"en-US","@id":"https:\/\/www.aguarda.es\/en\/#\/schema\/person\/image\/","url":"https:\/\/secure.gravatar.com\/avatar\/5f90ef536b0f98306edf5c7a1135ffa1?s=96&d=mm&r=g","contentUrl":"https:\/\/secure.gravatar.com\/avatar\/5f90ef536b0f98306edf5c7a1135ffa1?s=96&d=mm&r=g","caption":"prensa"},"url":"https:\/\/www.aguarda.es\/en\/author\/prensa\/"}]}},"_links":{"self":[{"href":"https:\/\/www.aguarda.es\/en\/wp-json\/wp\/v2\/posts\/26045"}],"collection":[{"href":"https:\/\/www.aguarda.es\/en\/wp-json\/wp\/v2\/posts"}],"about":[{"href":"https:\/\/www.aguarda.es\/en\/wp-json\/wp\/v2\/types\/post"}],"author":[{"embeddable":true,"href":"https:\/\/www.aguarda.es\/en\/wp-json\/wp\/v2\/users\/2"}],"replies":[{"embeddable":true,"href":"https:\/\/www.aguarda.es\/en\/wp-json\/wp\/v2\/comments?post=26045"}],"version-history":[{"count":1,"href":"https:\/\/www.aguarda.es\/en\/wp-json\/wp\/v2\/posts\/26045\/revisions"}],"predecessor-version":[{"id":26048,"href":"https:\/\/www.aguarda.es\/en\/wp-json\/wp\/v2\/posts\/26045\/revisions\/26048"}],"wp:featuredmedia":[{"embeddable":true,"href":"https:\/\/www.aguarda.es\/en\/wp-json\/wp\/v2\/media\/26046"}],"wp:attachment":[{"href":"https:\/\/www.aguarda.es\/en\/wp-json\/wp\/v2\/media?parent=26045"}],"wp:term":[{"taxonomy":"category","embeddable":true,"href":"https:\/\/www.aguarda.es\/en\/wp-json\/wp\/v2\/categories?post=26045"},{"taxonomy":"post_tag","embeddable":true,"href":"https:\/\/www.aguarda.es\/en\/wp-json\/wp\/v2\/tags?post=26045"}],"curies":[{"name":"wp","href":"https:\/\/api.w.org\/{rel}","templated":true}]}}