{"id":26149,"date":"2022-06-01T14:17:38","date_gmt":"2022-06-01T14:17:38","guid":{"rendered":"https:\/\/www.aguarda.es\/?p=26149"},"modified":"2022-06-01T14:17:38","modified_gmt":"2022-06-01T14:17:38","slug":"o-albergue-municipal-da-guarda-amplia-a-sua-atencion-aos-peregrinos","status":"publish","type":"post","link":"https:\/\/www.aguarda.es\/en\/o-albergue-municipal-da-guarda-amplia-a-sua-atencion-aos-peregrinos\/","title":{"rendered":"O Albergue municipal da Guarda ampl\u00eda a s\u00faa atenci\u00f3n aos peregrinos"},"content":{"rendered":"<p><em><strong>\u2022 No mes de maio 1.686 peregrinos realizaron o Cami\u00f1o Portugu\u00e9s da Costa mant\u00e9ndose o noso cami\u00f1o no 4\u00ba posto dos cami\u00f1os a Santiago<\/strong><\/em><\/p>\n<p>O d\u00eda 1 de xu\u00f1o \u00e9 a data escollida na que o albergue municipal da Guarda recupera a normalidade no seu funcionamento retirando as restrici\u00f3ns que se manti\u00f1an por responsabilidade ante a particularidade e sensibilidade deste servizo.<\/p>\n<p>O albergue recibe peregrinos de todas as procedencias polo que se mantivo a coci\u00f1a pechada e o aforo limitado ao 50% a pesar de que a Conseller\u00eda de Sanidade foi aliviando progresivamente as restrici\u00f3ns a este tipo de aloxamento. A Guarda, como vila tur\u00edstica, disp\u00f3n doutros establecementos tur\u00edstico estando a oferta de aloxamento en inverno e primavera asegurada.<\/p>\n<p>A piques de comezar o ver\u00e1n volvese ao funcionamento normal do albergue para as\u00ed acoller ao peregrinos que realicen a s\u00faa etapa de descanso na nosa vila. O albergue conta con 36 prazas distribuidoras en d\u00faas habitaci\u00f3ns e a coci\u00f1a como espazo com\u00fan.<\/p>\n<p>Ademais de recuperar todas as prazas dispo\u00f1ibles e de abrir de novo a coci\u00f1a ampliase o horario de admisi\u00f3n ata \u00e1s 20:30h.<\/p>\n<p>Segundo os datos da Oficina do Peregrino de Santiago no mes de maio recolleron a Compostela m\u00e1is de 34.000 peregrinos e 1.686 realizaron o Cami\u00f1o Portugu\u00e9s da Costa mant\u00e9ndose o noso cami\u00f1o no 4\u00ba posto dos cami\u00f1os a Santiago.<\/p>\n","protected":false},"excerpt":{"rendered":"<p>\u2022 No mes de maio 1.686 peregrinos realizaron o Cami\u00f1o Portugu\u00e9s da Costa mant\u00e9ndose o noso cami\u00f1o no 4\u00ba posto dos cami\u00f1os a Santiago O d\u00eda 1 de xu\u00f1o \u00e9 a data escollida na que o albergue municipal da Guarda &hellip; <\/p>\n","protected":false},"author":2,"featured_media":26150,"comment_status":"open","ping_status":"open","sticky":false,"template":"","format":"standard","meta":[],"categories":[56],"tags":[226,821,1675,820,232],"yoast_head":"<!-- This site is optimized with the Yoast SEO plugin v21.1 - https:\/\/yoast.com\/wordpress\/plugins\/seo\/ -->\n<title>O Albergue municipal da Guarda ampl\u00eda a s\u00faa atenci\u00f3n aos peregrinos - Concello da Guarda<\/title>\n<meta name=\"description\" content=\"\u2022 No mes de maio 1.686 peregrinos realizaron o Cami\u00f1o Portugu\u00e9s da Costa mant\u00e9ndose o noso cami\u00f1o no 4\u00ba posto dos cami\u00f1os a Santiago\" \/>\n<meta name=\"robots\" content=\"index, follow, max-snippet:-1, max-image-preview:large, max-video-preview:-1\" \/>\n<link rel=\"canonical\" href=\"https:\/\/www.aguarda.es\/en\/o-albergue-municipal-da-guarda-amplia-a-sua-atencion-aos-peregrinos\/\" \/>\n<meta property=\"og:locale\" content=\"en_US\" \/>\n<meta property=\"og:type\" content=\"article\" \/>\n<meta property=\"og:title\" content=\"O Albergue municipal da Guarda ampl\u00eda a s\u00faa atenci\u00f3n aos peregrinos - Concello da Guarda\" \/>\n<meta property=\"og:description\" content=\"\u2022 No mes de maio 1.686 peregrinos realizaron o Cami\u00f1o Portugu\u00e9s da Costa mant\u00e9ndose o noso cami\u00f1o no 4\u00ba posto dos cami\u00f1os a Santiago\" \/>\n<meta property=\"og:url\" content=\"https:\/\/www.aguarda.es\/en\/o-albergue-municipal-da-guarda-amplia-a-sua-atencion-aos-peregrinos\/\" \/>\n<meta property=\"og:site_name\" content=\"Concello da Guarda\" \/>\n<meta property=\"article:publisher\" content=\"https:\/\/www.facebook.com\/ConcellodaGuarda\" \/>\n<meta property=\"article:published_time\" content=\"2022-06-01T14:17:38+00:00\" \/>\n<meta property=\"og:image\" content=\"https:\/\/www.aguarda.es\/wp-content\/uploads\/2022\/06\/horario-Albergue-a-partir-1-xuno-2022-copia.jpg?_t=1654093058\" \/>\n\t<meta property=\"og:image:width\" content=\"800\" \/>\n\t<meta property=\"og:image:height\" content=\"800\" \/>\n\t<meta property=\"og:image:type\" content=\"image\/jpeg\" \/>\n<meta name=\"author\" content=\"prensa\" \/>\n<meta name=\"twitter:card\" content=\"summary_large_image\" \/>\n<meta name=\"twitter:creator\" content=\"@AGuarda_es\" \/>\n<meta name=\"twitter:site\" content=\"@AGuarda_es\" \/>\n<meta name=\"twitter:label1\" content=\"Written by\" \/>\n\t<meta name=\"twitter:data1\" content=\"prensa\" \/>\n\t<meta name=\"twitter:label2\" content=\"Est. reading time\" \/>\n\t<meta name=\"twitter:data2\" content=\"2 minutes\" \/>\n<script type=\"application\/ld+json\" class=\"yoast-schema-graph\">{\"@context\":\"https:\/\/schema.org\",\"@graph\":[{\"@type\":\"WebPage\",\"@id\":\"https:\/\/www.aguarda.es\/en\/o-albergue-municipal-da-guarda-amplia-a-sua-atencion-aos-peregrinos\/\",\"url\":\"https:\/\/www.aguarda.es\/en\/o-albergue-municipal-da-guarda-amplia-a-sua-atencion-aos-peregrinos\/\",\"name\":\"O Albergue municipal da Guarda ampl\u00eda a s\u00faa atenci\u00f3n aos peregrinos - Concello da Guarda\",\"isPartOf\":{\"@id\":\"https:\/\/www.aguarda.es\/en\/#website\"},\"datePublished\":\"2022-06-01T14:17:38+00:00\",\"dateModified\":\"2022-06-01T14:17:38+00:00\",\"author\":{\"@id\":\"https:\/\/www.aguarda.es\/en\/#\/schema\/person\/c463ca3006858ffb349d11179d044f21\"},\"description\":\"\u2022 No mes de maio 1.686 peregrinos realizaron o Cami\u00f1o Portugu\u00e9s da Costa mant\u00e9ndose o noso cami\u00f1o no 4\u00ba posto dos cami\u00f1os a Santiago\",\"breadcrumb\":{\"@id\":\"https:\/\/www.aguarda.es\/en\/o-albergue-municipal-da-guarda-amplia-a-sua-atencion-aos-peregrinos\/#breadcrumb\"},\"inLanguage\":\"en-US\",\"potentialAction\":[{\"@type\":\"ReadAction\",\"target\":[\"https:\/\/www.aguarda.es\/en\/o-albergue-municipal-da-guarda-amplia-a-sua-atencion-aos-peregrinos\/\"]}]},{\"@type\":\"BreadcrumbList\",\"@id\":\"https:\/\/www.aguarda.es\/en\/o-albergue-municipal-da-guarda-amplia-a-sua-atencion-aos-peregrinos\/#breadcrumb\",\"itemListElement\":[{\"@type\":\"ListItem\",\"position\":1,\"name\":\"Portada\",\"item\":\"https:\/\/www.aguarda.es\/en\/\"},{\"@type\":\"ListItem\",\"position\":2,\"name\":\"O Albergue municipal da Guarda ampl\u00eda a s\u00faa atenci\u00f3n aos peregrinos\"}]},{\"@type\":\"WebSite\",\"@id\":\"https:\/\/www.aguarda.es\/en\/#website\",\"url\":\"https:\/\/www.aguarda.es\/en\/\",\"name\":\"Concello da Guarda\",\"description\":\"P\u00e1xina web do concello da Guarda\",\"potentialAction\":[{\"@type\":\"SearchAction\",\"target\":{\"@type\":\"EntryPoint\",\"urlTemplate\":\"https:\/\/www.aguarda.es\/en\/?s={search_term_string}\"},\"query-input\":\"required name=search_term_string\"}],\"inLanguage\":\"en-US\"},{\"@type\":\"Person\",\"@id\":\"https:\/\/www.aguarda.es\/en\/#\/schema\/person\/c463ca3006858ffb349d11179d044f21\",\"name\":\"prensa\",\"image\":{\"@type\":\"ImageObject\",\"inLanguage\":\"en-US\",\"@id\":\"https:\/\/www.aguarda.es\/en\/#\/schema\/person\/image\/\",\"url\":\"https:\/\/secure.gravatar.com\/avatar\/5f90ef536b0f98306edf5c7a1135ffa1?s=96&d=mm&r=g\",\"contentUrl\":\"https:\/\/secure.gravatar.com\/avatar\/5f90ef536b0f98306edf5c7a1135ffa1?s=96&d=mm&r=g\",\"caption\":\"prensa\"},\"url\":\"https:\/\/www.aguarda.es\/en\/author\/prensa\/\"}]}<\/script>\n<!-- \/ Yoast SEO plugin. -->","yoast_head_json":{"title":"O Albergue municipal da Guarda ampl\u00eda a s\u00faa atenci\u00f3n aos peregrinos - Concello da Guarda","description":"\u2022 No mes de maio 1.686 peregrinos realizaron o Cami\u00f1o Portugu\u00e9s da Costa mant\u00e9ndose o noso cami\u00f1o no 4\u00ba posto dos cami\u00f1os a Santiago","robots":{"index":"index","follow":"follow","max-snippet":"max-snippet:-1","max-image-preview":"max-image-preview:large","max-video-preview":"max-video-preview:-1"},"canonical":"https:\/\/www.aguarda.es\/en\/o-albergue-municipal-da-guarda-amplia-a-sua-atencion-aos-peregrinos\/","og_locale":"en_US","og_type":"article","og_title":"O Albergue municipal da Guarda ampl\u00eda a s\u00faa atenci\u00f3n aos peregrinos - Concello da Guarda","og_description":"\u2022 No mes de maio 1.686 peregrinos realizaron o Cami\u00f1o Portugu\u00e9s da Costa mant\u00e9ndose o noso cami\u00f1o no 4\u00ba posto dos cami\u00f1os a Santiago","og_url":"https:\/\/www.aguarda.es\/en\/o-albergue-municipal-da-guarda-amplia-a-sua-atencion-aos-peregrinos\/","og_site_name":"Concello da Guarda","article_publisher":"https:\/\/www.facebook.com\/ConcellodaGuarda","article_published_time":"2022-06-01T14:17:38+00:00","og_image":[{"width":800,"height":800,"url":"https:\/\/www.aguarda.es\/wp-content\/uploads\/2022\/06\/horario-Albergue-a-partir-1-xuno-2022-copia.jpg?_t=1654093058","type":"image\/jpeg"}],"author":"prensa","twitter_card":"summary_large_image","twitter_creator":"@AGuarda_es","twitter_site":"@AGuarda_es","twitter_misc":{"Written by":"prensa","Est. reading time":"2 minutes"},"schema":{"@context":"https:\/\/schema.org","@graph":[{"@type":"WebPage","@id":"https:\/\/www.aguarda.es\/en\/o-albergue-municipal-da-guarda-amplia-a-sua-atencion-aos-peregrinos\/","url":"https:\/\/www.aguarda.es\/en\/o-albergue-municipal-da-guarda-amplia-a-sua-atencion-aos-peregrinos\/","name":"O Albergue municipal da Guarda ampl\u00eda a s\u00faa atenci\u00f3n aos peregrinos - Concello da Guarda","isPartOf":{"@id":"https:\/\/www.aguarda.es\/en\/#website"},"datePublished":"2022-06-01T14:17:38+00:00","dateModified":"2022-06-01T14:17:38+00:00","author":{"@id":"https:\/\/www.aguarda.es\/en\/#\/schema\/person\/c463ca3006858ffb349d11179d044f21"},"description":"\u2022 No mes de maio 1.686 peregrinos realizaron o Cami\u00f1o Portugu\u00e9s da Costa mant\u00e9ndose o noso cami\u00f1o no 4\u00ba posto dos cami\u00f1os a Santiago","breadcrumb":{"@id":"https:\/\/www.aguarda.es\/en\/o-albergue-municipal-da-guarda-amplia-a-sua-atencion-aos-peregrinos\/#breadcrumb"},"inLanguage":"en-US","potentialAction":[{"@type":"ReadAction","target":["https:\/\/www.aguarda.es\/en\/o-albergue-municipal-da-guarda-amplia-a-sua-atencion-aos-peregrinos\/"]}]},{"@type":"BreadcrumbList","@id":"https:\/\/www.aguarda.es\/en\/o-albergue-municipal-da-guarda-amplia-a-sua-atencion-aos-peregrinos\/#breadcrumb","itemListElement":[{"@type":"ListItem","position":1,"name":"Portada","item":"https:\/\/www.aguarda.es\/en\/"},{"@type":"ListItem","position":2,"name":"O Albergue municipal da Guarda ampl\u00eda a s\u00faa atenci\u00f3n aos peregrinos"}]},{"@type":"WebSite","@id":"https:\/\/www.aguarda.es\/en\/#website","url":"https:\/\/www.aguarda.es\/en\/","name":"Concello da Guarda","description":"P\u00e1xina web do concello da Guarda","potentialAction":[{"@type":"SearchAction","target":{"@type":"EntryPoint","urlTemplate":"https:\/\/www.aguarda.es\/en\/?s={search_term_string}"},"query-input":"required name=search_term_string"}],"inLanguage":"en-US"},{"@type":"Person","@id":"https:\/\/www.aguarda.es\/en\/#\/schema\/person\/c463ca3006858ffb349d11179d044f21","name":"prensa","image":{"@type":"ImageObject","inLanguage":"en-US","@id":"https:\/\/www.aguarda.es\/en\/#\/schema\/person\/image\/","url":"https:\/\/secure.gravatar.com\/avatar\/5f90ef536b0f98306edf5c7a1135ffa1?s=96&d=mm&r=g","contentUrl":"https:\/\/secure.gravatar.com\/avatar\/5f90ef536b0f98306edf5c7a1135ffa1?s=96&d=mm&r=g","caption":"prensa"},"url":"https:\/\/www.aguarda.es\/en\/author\/prensa\/"}]}},"_links":{"self":[{"href":"https:\/\/www.aguarda.es\/en\/wp-json\/wp\/v2\/posts\/26149"}],"collection":[{"href":"https:\/\/www.aguarda.es\/en\/wp-json\/wp\/v2\/posts"}],"about":[{"href":"https:\/\/www.aguarda.es\/en\/wp-json\/wp\/v2\/types\/post"}],"author":[{"embeddable":true,"href":"https:\/\/www.aguarda.es\/en\/wp-json\/wp\/v2\/users\/2"}],"replies":[{"embeddable":true,"href":"https:\/\/www.aguarda.es\/en\/wp-json\/wp\/v2\/comments?post=26149"}],"version-history":[{"count":2,"href":"https:\/\/www.aguarda.es\/en\/wp-json\/wp\/v2\/posts\/26149\/revisions"}],"predecessor-version":[{"id":26153,"href":"https:\/\/www.aguarda.es\/en\/wp-json\/wp\/v2\/posts\/26149\/revisions\/26153"}],"wp:featuredmedia":[{"embeddable":true,"href":"https:\/\/www.aguarda.es\/en\/wp-json\/wp\/v2\/media\/26150"}],"wp:attachment":[{"href":"https:\/\/www.aguarda.es\/en\/wp-json\/wp\/v2\/media?parent=26149"}],"wp:term":[{"taxonomy":"category","embeddable":true,"href":"https:\/\/www.aguarda.es\/en\/wp-json\/wp\/v2\/categories?post=26149"},{"taxonomy":"post_tag","embeddable":true,"href":"https:\/\/www.aguarda.es\/en\/wp-json\/wp\/v2\/tags?post=26149"}],"curies":[{"name":"wp","href":"https:\/\/api.w.org\/{rel}","templated":true}]}}