{"id":26223,"date":"2022-06-13T07:54:55","date_gmt":"2022-06-13T07:54:55","guid":{"rendered":"https:\/\/www.aguarda.es\/?p=26223"},"modified":"2022-06-13T07:54:55","modified_gmt":"2022-06-13T07:54:55","slug":"as-alfombras-florais-encheran-de-cor-as-ruas-guardesas-esta-fin-de-semana","status":"publish","type":"post","link":"https:\/\/www.aguarda.es\/en\/as-alfombras-florais-encheran-de-cor-as-ruas-guardesas-esta-fin-de-semana\/","title":{"rendered":"As Alfombras florais encher\u00e1n de cor as r\u00faas guardesas esta fin de semana"},"content":{"rendered":"<p><em><strong>\u2022 A Guarda recupera unha das festas tradicionais da vila despois da pandemia da COVID-19 e convida a veci\u00f1os e visitantes a gozar da elaboraci\u00f3n das alfombras florais.<\/strong><\/em><\/p>\n<p>Esta fin de semana celebrase a festividade do Corpus na vila da Guarda e dende fai semanas moitas persoas traballan con moito esforzo e dedicaci\u00f3n na preparaci\u00f3n dos diferentes materiais que se empregar\u00e1n na madrugada deste domingo para a confecci\u00f3n das Alfombras Florais.<\/p>\n<p>Deste xeito, traballan a reo os veci\u00f1os do pobo que, colectivamente, organ\u00edzanse para levar a cabo esta actividade, a realizaci\u00f3n duns 2300 metros cadrados de superficie en tapices florais que lucir\u00e1n, no seu m\u00e1ximo esplendor, na ma\u00f1anci\u00f1a do domingo cando rematen os traballos dos centos de alfombristas das 10 r\u00faas que se engalan para esta ocasi\u00f3n.<\/p>\n<p>Existen informaci\u00f3ns antigas que deixan constancia da importancia da celebraci\u00f3n da Festa do Corpus na Guarda xa dende o s\u00e9culo XVIII, sendo a celebraci\u00f3n do Corpus Christi e do Sant\u00edsimo Sacramento as principais festas c\u00edvico-relixiosas do pobo da Guarda.<\/p>\n<p>A Asociaci\u00f3n Cultural Alfombras da Guarda, creada en 2018, \u00e9 a encargada na actualidade de velar pola promoci\u00f3n e manter a tradici\u00f3n hist\u00f3rica das alfombras florais do Corpus na Guarda, as\u00ed como dar a co\u00f1ecer, por en valor e visualizar o traballo e orgullo que sup\u00f3n para os seus veci\u00f1os, membros e colaboradores e a poboaci\u00f3n guardesa en xeral.<\/p>\n<p>Dende o Concello da Guarda se quere agradecer o labor de todas as persoas que traballan para que esta celebraci\u00f3n contin\u00fae e para que visitantes e locais podan gozar das mesmas, un enorme esforzo que se ve recompensado polos espectaculares resultados unha vez est\u00e1n confeccionadas, sendo aut\u00e9nticas obras de arte en flor.<\/p>\n","protected":false},"excerpt":{"rendered":"<p>\u2022 A Guarda recupera unha das festas tradicionais da vila despois da pandemia da COVID-19 e convida a veci\u00f1os e visitantes a gozar da elaboraci\u00f3n das alfombras florais. Esta fin de semana celebrase a festividade do Corpus na vila da &hellip; <\/p>\n","protected":false},"author":2,"featured_media":26224,"comment_status":"open","ping_status":"open","sticky":false,"template":"","format":"standard","meta":[],"categories":[56],"tags":[226,1142,2799,232],"yoast_head":"<!-- This site is optimized with the Yoast SEO plugin v21.1 - https:\/\/yoast.com\/wordpress\/plugins\/seo\/ -->\n<title>As Alfombras florais encher\u00e1n de cor as r\u00faas guardesas esta fin de semana - Concello da Guarda<\/title>\n<meta name=\"description\" content=\"A Guarda recupera unha das festas tradicionais da vila despois da pandemia da COVID-19 e convida a veci\u00f1os e visitantes a gozar da elaboraci\u00f3n das alfombras florais.\" \/>\n<meta name=\"robots\" content=\"index, follow, max-snippet:-1, max-image-preview:large, max-video-preview:-1\" \/>\n<link rel=\"canonical\" href=\"https:\/\/www.aguarda.es\/en\/as-alfombras-florais-encheran-de-cor-as-ruas-guardesas-esta-fin-de-semana\/\" \/>\n<meta property=\"og:locale\" content=\"en_US\" \/>\n<meta property=\"og:type\" content=\"article\" \/>\n<meta property=\"og:title\" content=\"As Alfombras florais encher\u00e1n de cor as r\u00faas guardesas esta fin de semana - Concello da Guarda\" \/>\n<meta property=\"og:description\" content=\"A Guarda recupera unha das festas tradicionais da vila despois da pandemia da COVID-19 e convida a veci\u00f1os e visitantes a gozar da elaboraci\u00f3n das alfombras florais.\" \/>\n<meta property=\"og:url\" content=\"https:\/\/www.aguarda.es\/en\/as-alfombras-florais-encheran-de-cor-as-ruas-guardesas-esta-fin-de-semana\/\" \/>\n<meta property=\"og:site_name\" content=\"Concello da Guarda\" \/>\n<meta property=\"article:publisher\" content=\"https:\/\/www.facebook.com\/ConcellodaGuarda\" \/>\n<meta property=\"article:published_time\" content=\"2022-06-13T07:54:55+00:00\" \/>\n<meta property=\"og:image\" content=\"https:\/\/www.aguarda.es\/wp-content\/uploads\/2022\/06\/NP-13062022-As-Alfombras-florais-encheran-de-cor-as-ruas-guardesas-esta-fin-de-semana-1.jpg?_t=1655106896\" \/>\n\t<meta property=\"og:image:width\" content=\"800\" \/>\n\t<meta property=\"og:image:height\" content=\"800\" \/>\n\t<meta property=\"og:image:type\" content=\"image\/jpeg\" \/>\n<meta name=\"author\" content=\"prensa\" \/>\n<meta name=\"twitter:card\" content=\"summary_large_image\" \/>\n<meta name=\"twitter:creator\" content=\"@AGuarda_es\" \/>\n<meta name=\"twitter:site\" content=\"@AGuarda_es\" \/>\n<meta name=\"twitter:label1\" content=\"Written by\" \/>\n\t<meta name=\"twitter:data1\" content=\"prensa\" \/>\n\t<meta name=\"twitter:label2\" content=\"Est. reading time\" \/>\n\t<meta name=\"twitter:data2\" content=\"2 minutes\" \/>\n<script type=\"application\/ld+json\" class=\"yoast-schema-graph\">{\"@context\":\"https:\/\/schema.org\",\"@graph\":[{\"@type\":\"WebPage\",\"@id\":\"https:\/\/www.aguarda.es\/en\/as-alfombras-florais-encheran-de-cor-as-ruas-guardesas-esta-fin-de-semana\/\",\"url\":\"https:\/\/www.aguarda.es\/en\/as-alfombras-florais-encheran-de-cor-as-ruas-guardesas-esta-fin-de-semana\/\",\"name\":\"As Alfombras florais encher\u00e1n de cor as r\u00faas guardesas esta fin de semana - Concello da Guarda\",\"isPartOf\":{\"@id\":\"https:\/\/www.aguarda.es\/en\/#website\"},\"datePublished\":\"2022-06-13T07:54:55+00:00\",\"dateModified\":\"2022-06-13T07:54:55+00:00\",\"author\":{\"@id\":\"https:\/\/www.aguarda.es\/en\/#\/schema\/person\/c463ca3006858ffb349d11179d044f21\"},\"description\":\"A Guarda recupera unha das festas tradicionais da vila despois da pandemia da COVID-19 e convida a veci\u00f1os e visitantes a gozar da elaboraci\u00f3n das alfombras florais.\",\"breadcrumb\":{\"@id\":\"https:\/\/www.aguarda.es\/en\/as-alfombras-florais-encheran-de-cor-as-ruas-guardesas-esta-fin-de-semana\/#breadcrumb\"},\"inLanguage\":\"en-US\",\"potentialAction\":[{\"@type\":\"ReadAction\",\"target\":[\"https:\/\/www.aguarda.es\/en\/as-alfombras-florais-encheran-de-cor-as-ruas-guardesas-esta-fin-de-semana\/\"]}]},{\"@type\":\"BreadcrumbList\",\"@id\":\"https:\/\/www.aguarda.es\/en\/as-alfombras-florais-encheran-de-cor-as-ruas-guardesas-esta-fin-de-semana\/#breadcrumb\",\"itemListElement\":[{\"@type\":\"ListItem\",\"position\":1,\"name\":\"Portada\",\"item\":\"https:\/\/www.aguarda.es\/en\/\"},{\"@type\":\"ListItem\",\"position\":2,\"name\":\"As Alfombras florais encher\u00e1n de cor as r\u00faas guardesas esta fin de semana\"}]},{\"@type\":\"WebSite\",\"@id\":\"https:\/\/www.aguarda.es\/en\/#website\",\"url\":\"https:\/\/www.aguarda.es\/en\/\",\"name\":\"Concello da Guarda\",\"description\":\"P\u00e1xina web do concello da Guarda\",\"potentialAction\":[{\"@type\":\"SearchAction\",\"target\":{\"@type\":\"EntryPoint\",\"urlTemplate\":\"https:\/\/www.aguarda.es\/en\/?s={search_term_string}\"},\"query-input\":\"required name=search_term_string\"}],\"inLanguage\":\"en-US\"},{\"@type\":\"Person\",\"@id\":\"https:\/\/www.aguarda.es\/en\/#\/schema\/person\/c463ca3006858ffb349d11179d044f21\",\"name\":\"prensa\",\"image\":{\"@type\":\"ImageObject\",\"inLanguage\":\"en-US\",\"@id\":\"https:\/\/www.aguarda.es\/en\/#\/schema\/person\/image\/\",\"url\":\"https:\/\/secure.gravatar.com\/avatar\/5f90ef536b0f98306edf5c7a1135ffa1?s=96&d=mm&r=g\",\"contentUrl\":\"https:\/\/secure.gravatar.com\/avatar\/5f90ef536b0f98306edf5c7a1135ffa1?s=96&d=mm&r=g\",\"caption\":\"prensa\"},\"url\":\"https:\/\/www.aguarda.es\/en\/author\/prensa\/\"}]}<\/script>\n<!-- \/ Yoast SEO plugin. -->","yoast_head_json":{"title":"As Alfombras florais encher\u00e1n de cor as r\u00faas guardesas esta fin de semana - Concello da Guarda","description":"A Guarda recupera unha das festas tradicionais da vila despois da pandemia da COVID-19 e convida a veci\u00f1os e visitantes a gozar da elaboraci\u00f3n das alfombras florais.","robots":{"index":"index","follow":"follow","max-snippet":"max-snippet:-1","max-image-preview":"max-image-preview:large","max-video-preview":"max-video-preview:-1"},"canonical":"https:\/\/www.aguarda.es\/en\/as-alfombras-florais-encheran-de-cor-as-ruas-guardesas-esta-fin-de-semana\/","og_locale":"en_US","og_type":"article","og_title":"As Alfombras florais encher\u00e1n de cor as r\u00faas guardesas esta fin de semana - Concello da Guarda","og_description":"A Guarda recupera unha das festas tradicionais da vila despois da pandemia da COVID-19 e convida a veci\u00f1os e visitantes a gozar da elaboraci\u00f3n das alfombras florais.","og_url":"https:\/\/www.aguarda.es\/en\/as-alfombras-florais-encheran-de-cor-as-ruas-guardesas-esta-fin-de-semana\/","og_site_name":"Concello da Guarda","article_publisher":"https:\/\/www.facebook.com\/ConcellodaGuarda","article_published_time":"2022-06-13T07:54:55+00:00","og_image":[{"width":800,"height":800,"url":"https:\/\/www.aguarda.es\/wp-content\/uploads\/2022\/06\/NP-13062022-As-Alfombras-florais-encheran-de-cor-as-ruas-guardesas-esta-fin-de-semana-1.jpg?_t=1655106896","type":"image\/jpeg"}],"author":"prensa","twitter_card":"summary_large_image","twitter_creator":"@AGuarda_es","twitter_site":"@AGuarda_es","twitter_misc":{"Written by":"prensa","Est. reading time":"2 minutes"},"schema":{"@context":"https:\/\/schema.org","@graph":[{"@type":"WebPage","@id":"https:\/\/www.aguarda.es\/en\/as-alfombras-florais-encheran-de-cor-as-ruas-guardesas-esta-fin-de-semana\/","url":"https:\/\/www.aguarda.es\/en\/as-alfombras-florais-encheran-de-cor-as-ruas-guardesas-esta-fin-de-semana\/","name":"As Alfombras florais encher\u00e1n de cor as r\u00faas guardesas esta fin de semana - Concello da Guarda","isPartOf":{"@id":"https:\/\/www.aguarda.es\/en\/#website"},"datePublished":"2022-06-13T07:54:55+00:00","dateModified":"2022-06-13T07:54:55+00:00","author":{"@id":"https:\/\/www.aguarda.es\/en\/#\/schema\/person\/c463ca3006858ffb349d11179d044f21"},"description":"A Guarda recupera unha das festas tradicionais da vila despois da pandemia da COVID-19 e convida a veci\u00f1os e visitantes a gozar da elaboraci\u00f3n das alfombras florais.","breadcrumb":{"@id":"https:\/\/www.aguarda.es\/en\/as-alfombras-florais-encheran-de-cor-as-ruas-guardesas-esta-fin-de-semana\/#breadcrumb"},"inLanguage":"en-US","potentialAction":[{"@type":"ReadAction","target":["https:\/\/www.aguarda.es\/en\/as-alfombras-florais-encheran-de-cor-as-ruas-guardesas-esta-fin-de-semana\/"]}]},{"@type":"BreadcrumbList","@id":"https:\/\/www.aguarda.es\/en\/as-alfombras-florais-encheran-de-cor-as-ruas-guardesas-esta-fin-de-semana\/#breadcrumb","itemListElement":[{"@type":"ListItem","position":1,"name":"Portada","item":"https:\/\/www.aguarda.es\/en\/"},{"@type":"ListItem","position":2,"name":"As Alfombras florais encher\u00e1n de cor as r\u00faas guardesas esta fin de semana"}]},{"@type":"WebSite","@id":"https:\/\/www.aguarda.es\/en\/#website","url":"https:\/\/www.aguarda.es\/en\/","name":"Concello da Guarda","description":"P\u00e1xina web do concello da Guarda","potentialAction":[{"@type":"SearchAction","target":{"@type":"EntryPoint","urlTemplate":"https:\/\/www.aguarda.es\/en\/?s={search_term_string}"},"query-input":"required name=search_term_string"}],"inLanguage":"en-US"},{"@type":"Person","@id":"https:\/\/www.aguarda.es\/en\/#\/schema\/person\/c463ca3006858ffb349d11179d044f21","name":"prensa","image":{"@type":"ImageObject","inLanguage":"en-US","@id":"https:\/\/www.aguarda.es\/en\/#\/schema\/person\/image\/","url":"https:\/\/secure.gravatar.com\/avatar\/5f90ef536b0f98306edf5c7a1135ffa1?s=96&d=mm&r=g","contentUrl":"https:\/\/secure.gravatar.com\/avatar\/5f90ef536b0f98306edf5c7a1135ffa1?s=96&d=mm&r=g","caption":"prensa"},"url":"https:\/\/www.aguarda.es\/en\/author\/prensa\/"}]}},"_links":{"self":[{"href":"https:\/\/www.aguarda.es\/en\/wp-json\/wp\/v2\/posts\/26223"}],"collection":[{"href":"https:\/\/www.aguarda.es\/en\/wp-json\/wp\/v2\/posts"}],"about":[{"href":"https:\/\/www.aguarda.es\/en\/wp-json\/wp\/v2\/types\/post"}],"author":[{"embeddable":true,"href":"https:\/\/www.aguarda.es\/en\/wp-json\/wp\/v2\/users\/2"}],"replies":[{"embeddable":true,"href":"https:\/\/www.aguarda.es\/en\/wp-json\/wp\/v2\/comments?post=26223"}],"version-history":[{"count":1,"href":"https:\/\/www.aguarda.es\/en\/wp-json\/wp\/v2\/posts\/26223\/revisions"}],"predecessor-version":[{"id":26226,"href":"https:\/\/www.aguarda.es\/en\/wp-json\/wp\/v2\/posts\/26223\/revisions\/26226"}],"wp:featuredmedia":[{"embeddable":true,"href":"https:\/\/www.aguarda.es\/en\/wp-json\/wp\/v2\/media\/26224"}],"wp:attachment":[{"href":"https:\/\/www.aguarda.es\/en\/wp-json\/wp\/v2\/media?parent=26223"}],"wp:term":[{"taxonomy":"category","embeddable":true,"href":"https:\/\/www.aguarda.es\/en\/wp-json\/wp\/v2\/categories?post=26223"},{"taxonomy":"post_tag","embeddable":true,"href":"https:\/\/www.aguarda.es\/en\/wp-json\/wp\/v2\/tags?post=26223"}],"curies":[{"name":"wp","href":"https:\/\/api.w.org\/{rel}","templated":true}]}}