{"id":26301,"date":"2022-06-20T11:27:29","date_gmt":"2022-06-20T11:27:29","guid":{"rendered":"https:\/\/www.aguarda.es\/?p=26301"},"modified":"2022-06-20T11:27:29","modified_gmt":"2022-06-20T11:27:29","slug":"o-concello-da-guarda-sumase-ao-dia-mundial-da-ela","status":"publish","type":"post","link":"https:\/\/www.aguarda.es\/en\/o-concello-da-guarda-sumase-ao-dia-mundial-da-ela\/","title":{"rendered":"O concello da Guarda s\u00famase ao D\u00eda Mundial da ELA"},"content":{"rendered":"<p>\u2022 A fachada do consistorio municipal permanecer\u00e1 iluminada de cor verde en sinal de apoio aos enfermos e aos familiares de pacientes afectados por esta doenza.<\/p>\n<p>O Concello s\u00famase este ano \u00e1 chamada realizada dende a Asociaci\u00f3n Galega de Afectados de Esclerosis Lateral Amiotr\u00f3fica &#8211; AGAELA, en nome da Confederaci\u00f3n Nacional de Entidades de ELA &#8211; ConELA, para que as entidades locais se sumen de xeito solidario ao D\u00eda Mundial da ELA.<\/p>\n<p>A ELA (Esclerosis Lateral Amiotr\u00f3fica) probablemente sexa unha das enfermidades m\u00e1is devastadoras \u00e1s que se pode enfrontar calquera persoa e calquera familia. Por iso, \u00e9 fundamental darlle visibilidade e que a sociedade comprenda a que se enfrontan os enfermos e as s\u00faas familias ante este fatal diagn\u00f3stico.<\/p>\n<p>Deste xeito o vindeiro d\u00eda 21 de xu\u00f1o e coincidindo co D\u00eda Mundial da ELA ponse en marcha #LuzporlaELA, una acci\u00f3n de visibilidade na que o Concello da Guarda participa iluminando de cor verde a fachada do consistorio municipal en apoio e solidariedade coas persoas afectadas pola ELA e deixar constancia de que \u201cA ELA existe\u201d.<\/p>\n<p>En 2021, 250 municipios das 17 Comunidades Aut\u00f3nomas participaron iluminando de verde m\u00e1is de 400 monumentos de toda Espa\u00f1a. Todo un logro de participaci\u00f3n e colaboraci\u00f3n conxunta de todos e todas.<\/p>\n","protected":false},"excerpt":{"rendered":"<p>\u2022 A fachada do consistorio municipal permanecer\u00e1 iluminada de cor verde en sinal de apoio aos enfermos e aos familiares de pacientes afectados por esta doenza. O Concello s\u00famase este ano \u00e1 chamada realizada dende a Asociaci\u00f3n Galega de Afectados &hellip; <\/p>\n","protected":false},"author":2,"featured_media":26302,"comment_status":"open","ping_status":"open","sticky":false,"template":"","format":"standard","meta":[],"categories":[33],"tags":[2807,2808],"yoast_head":"<!-- This site is optimized with the Yoast SEO plugin v21.1 - https:\/\/yoast.com\/wordpress\/plugins\/seo\/ -->\n<title>O concello da Guarda s\u00famase ao D\u00eda Mundial da ELA - Concello da Guarda<\/title>\n<meta name=\"description\" content=\"A fachada do consistorio municipal permanecer\u00e1 iluminada de cor verde en sinal de apoio aos enfermos e aos familiares de pacientes afectados por esta doenza.\" \/>\n<meta name=\"robots\" content=\"index, follow, max-snippet:-1, max-image-preview:large, max-video-preview:-1\" \/>\n<link rel=\"canonical\" href=\"https:\/\/www.aguarda.es\/en\/o-concello-da-guarda-sumase-ao-dia-mundial-da-ela\/\" \/>\n<meta property=\"og:locale\" content=\"en_US\" \/>\n<meta property=\"og:type\" content=\"article\" \/>\n<meta property=\"og:title\" content=\"O concello da Guarda s\u00famase ao D\u00eda Mundial da ELA - Concello da Guarda\" \/>\n<meta property=\"og:description\" content=\"A fachada do consistorio municipal permanecer\u00e1 iluminada de cor verde en sinal de apoio aos enfermos e aos familiares de pacientes afectados por esta doenza.\" \/>\n<meta property=\"og:url\" content=\"https:\/\/www.aguarda.es\/en\/o-concello-da-guarda-sumase-ao-dia-mundial-da-ela\/\" \/>\n<meta property=\"og:site_name\" content=\"Concello da Guarda\" \/>\n<meta property=\"article:publisher\" content=\"https:\/\/www.facebook.com\/ConcellodaGuarda\" \/>\n<meta property=\"article:published_time\" content=\"2022-06-20T11:27:29+00:00\" \/>\n<meta property=\"og:image\" content=\"https:\/\/www.aguarda.es\/wp-content\/uploads\/2022\/06\/NP-20062022-O-concello-da-Guarda-sumase-ao-Dia-Mundial-da-ELA-2.jpg?_t=1655724451\" \/>\n\t<meta property=\"og:image:width\" content=\"800\" \/>\n\t<meta property=\"og:image:height\" content=\"600\" \/>\n\t<meta property=\"og:image:type\" content=\"image\/jpeg\" \/>\n<meta name=\"author\" content=\"prensa\" \/>\n<meta name=\"twitter:card\" content=\"summary_large_image\" \/>\n<meta name=\"twitter:creator\" content=\"@AGuarda_es\" \/>\n<meta name=\"twitter:site\" content=\"@AGuarda_es\" \/>\n<meta name=\"twitter:label1\" content=\"Written by\" \/>\n\t<meta name=\"twitter:data1\" content=\"prensa\" \/>\n\t<meta name=\"twitter:label2\" content=\"Est. reading time\" \/>\n\t<meta name=\"twitter:data2\" content=\"1 minute\" \/>\n<script type=\"application\/ld+json\" class=\"yoast-schema-graph\">{\"@context\":\"https:\/\/schema.org\",\"@graph\":[{\"@type\":\"WebPage\",\"@id\":\"https:\/\/www.aguarda.es\/en\/o-concello-da-guarda-sumase-ao-dia-mundial-da-ela\/\",\"url\":\"https:\/\/www.aguarda.es\/en\/o-concello-da-guarda-sumase-ao-dia-mundial-da-ela\/\",\"name\":\"O concello da Guarda s\u00famase ao D\u00eda Mundial da ELA - Concello da Guarda\",\"isPartOf\":{\"@id\":\"https:\/\/www.aguarda.es\/en\/#website\"},\"datePublished\":\"2022-06-20T11:27:29+00:00\",\"dateModified\":\"2022-06-20T11:27:29+00:00\",\"author\":{\"@id\":\"https:\/\/www.aguarda.es\/en\/#\/schema\/person\/c463ca3006858ffb349d11179d044f21\"},\"description\":\"A fachada do consistorio municipal permanecer\u00e1 iluminada de cor verde en sinal de apoio aos enfermos e aos familiares de pacientes afectados por esta doenza.\",\"breadcrumb\":{\"@id\":\"https:\/\/www.aguarda.es\/en\/o-concello-da-guarda-sumase-ao-dia-mundial-da-ela\/#breadcrumb\"},\"inLanguage\":\"en-US\",\"potentialAction\":[{\"@type\":\"ReadAction\",\"target\":[\"https:\/\/www.aguarda.es\/en\/o-concello-da-guarda-sumase-ao-dia-mundial-da-ela\/\"]}]},{\"@type\":\"BreadcrumbList\",\"@id\":\"https:\/\/www.aguarda.es\/en\/o-concello-da-guarda-sumase-ao-dia-mundial-da-ela\/#breadcrumb\",\"itemListElement\":[{\"@type\":\"ListItem\",\"position\":1,\"name\":\"Portada\",\"item\":\"https:\/\/www.aguarda.es\/en\/\"},{\"@type\":\"ListItem\",\"position\":2,\"name\":\"O concello da Guarda s\u00famase ao D\u00eda Mundial da ELA\"}]},{\"@type\":\"WebSite\",\"@id\":\"https:\/\/www.aguarda.es\/en\/#website\",\"url\":\"https:\/\/www.aguarda.es\/en\/\",\"name\":\"Concello da Guarda\",\"description\":\"P\u00e1xina web do concello da Guarda\",\"potentialAction\":[{\"@type\":\"SearchAction\",\"target\":{\"@type\":\"EntryPoint\",\"urlTemplate\":\"https:\/\/www.aguarda.es\/en\/?s={search_term_string}\"},\"query-input\":\"required name=search_term_string\"}],\"inLanguage\":\"en-US\"},{\"@type\":\"Person\",\"@id\":\"https:\/\/www.aguarda.es\/en\/#\/schema\/person\/c463ca3006858ffb349d11179d044f21\",\"name\":\"prensa\",\"image\":{\"@type\":\"ImageObject\",\"inLanguage\":\"en-US\",\"@id\":\"https:\/\/www.aguarda.es\/en\/#\/schema\/person\/image\/\",\"url\":\"https:\/\/secure.gravatar.com\/avatar\/5f90ef536b0f98306edf5c7a1135ffa1?s=96&d=mm&r=g\",\"contentUrl\":\"https:\/\/secure.gravatar.com\/avatar\/5f90ef536b0f98306edf5c7a1135ffa1?s=96&d=mm&r=g\",\"caption\":\"prensa\"},\"url\":\"https:\/\/www.aguarda.es\/en\/author\/prensa\/\"}]}<\/script>\n<!-- \/ Yoast SEO plugin. -->","yoast_head_json":{"title":"O concello da Guarda s\u00famase ao D\u00eda Mundial da ELA - Concello da Guarda","description":"A fachada do consistorio municipal permanecer\u00e1 iluminada de cor verde en sinal de apoio aos enfermos e aos familiares de pacientes afectados por esta doenza.","robots":{"index":"index","follow":"follow","max-snippet":"max-snippet:-1","max-image-preview":"max-image-preview:large","max-video-preview":"max-video-preview:-1"},"canonical":"https:\/\/www.aguarda.es\/en\/o-concello-da-guarda-sumase-ao-dia-mundial-da-ela\/","og_locale":"en_US","og_type":"article","og_title":"O concello da Guarda s\u00famase ao D\u00eda Mundial da ELA - Concello da Guarda","og_description":"A fachada do consistorio municipal permanecer\u00e1 iluminada de cor verde en sinal de apoio aos enfermos e aos familiares de pacientes afectados por esta doenza.","og_url":"https:\/\/www.aguarda.es\/en\/o-concello-da-guarda-sumase-ao-dia-mundial-da-ela\/","og_site_name":"Concello da Guarda","article_publisher":"https:\/\/www.facebook.com\/ConcellodaGuarda","article_published_time":"2022-06-20T11:27:29+00:00","og_image":[{"width":800,"height":600,"url":"https:\/\/www.aguarda.es\/wp-content\/uploads\/2022\/06\/NP-20062022-O-concello-da-Guarda-sumase-ao-Dia-Mundial-da-ELA-2.jpg?_t=1655724451","type":"image\/jpeg"}],"author":"prensa","twitter_card":"summary_large_image","twitter_creator":"@AGuarda_es","twitter_site":"@AGuarda_es","twitter_misc":{"Written by":"prensa","Est. reading time":"1 minute"},"schema":{"@context":"https:\/\/schema.org","@graph":[{"@type":"WebPage","@id":"https:\/\/www.aguarda.es\/en\/o-concello-da-guarda-sumase-ao-dia-mundial-da-ela\/","url":"https:\/\/www.aguarda.es\/en\/o-concello-da-guarda-sumase-ao-dia-mundial-da-ela\/","name":"O concello da Guarda s\u00famase ao D\u00eda Mundial da ELA - Concello da Guarda","isPartOf":{"@id":"https:\/\/www.aguarda.es\/en\/#website"},"datePublished":"2022-06-20T11:27:29+00:00","dateModified":"2022-06-20T11:27:29+00:00","author":{"@id":"https:\/\/www.aguarda.es\/en\/#\/schema\/person\/c463ca3006858ffb349d11179d044f21"},"description":"A fachada do consistorio municipal permanecer\u00e1 iluminada de cor verde en sinal de apoio aos enfermos e aos familiares de pacientes afectados por esta doenza.","breadcrumb":{"@id":"https:\/\/www.aguarda.es\/en\/o-concello-da-guarda-sumase-ao-dia-mundial-da-ela\/#breadcrumb"},"inLanguage":"en-US","potentialAction":[{"@type":"ReadAction","target":["https:\/\/www.aguarda.es\/en\/o-concello-da-guarda-sumase-ao-dia-mundial-da-ela\/"]}]},{"@type":"BreadcrumbList","@id":"https:\/\/www.aguarda.es\/en\/o-concello-da-guarda-sumase-ao-dia-mundial-da-ela\/#breadcrumb","itemListElement":[{"@type":"ListItem","position":1,"name":"Portada","item":"https:\/\/www.aguarda.es\/en\/"},{"@type":"ListItem","position":2,"name":"O concello da Guarda s\u00famase ao D\u00eda Mundial da ELA"}]},{"@type":"WebSite","@id":"https:\/\/www.aguarda.es\/en\/#website","url":"https:\/\/www.aguarda.es\/en\/","name":"Concello da Guarda","description":"P\u00e1xina web do concello da Guarda","potentialAction":[{"@type":"SearchAction","target":{"@type":"EntryPoint","urlTemplate":"https:\/\/www.aguarda.es\/en\/?s={search_term_string}"},"query-input":"required name=search_term_string"}],"inLanguage":"en-US"},{"@type":"Person","@id":"https:\/\/www.aguarda.es\/en\/#\/schema\/person\/c463ca3006858ffb349d11179d044f21","name":"prensa","image":{"@type":"ImageObject","inLanguage":"en-US","@id":"https:\/\/www.aguarda.es\/en\/#\/schema\/person\/image\/","url":"https:\/\/secure.gravatar.com\/avatar\/5f90ef536b0f98306edf5c7a1135ffa1?s=96&d=mm&r=g","contentUrl":"https:\/\/secure.gravatar.com\/avatar\/5f90ef536b0f98306edf5c7a1135ffa1?s=96&d=mm&r=g","caption":"prensa"},"url":"https:\/\/www.aguarda.es\/en\/author\/prensa\/"}]}},"_links":{"self":[{"href":"https:\/\/www.aguarda.es\/en\/wp-json\/wp\/v2\/posts\/26301"}],"collection":[{"href":"https:\/\/www.aguarda.es\/en\/wp-json\/wp\/v2\/posts"}],"about":[{"href":"https:\/\/www.aguarda.es\/en\/wp-json\/wp\/v2\/types\/post"}],"author":[{"embeddable":true,"href":"https:\/\/www.aguarda.es\/en\/wp-json\/wp\/v2\/users\/2"}],"replies":[{"embeddable":true,"href":"https:\/\/www.aguarda.es\/en\/wp-json\/wp\/v2\/comments?post=26301"}],"version-history":[{"count":1,"href":"https:\/\/www.aguarda.es\/en\/wp-json\/wp\/v2\/posts\/26301\/revisions"}],"predecessor-version":[{"id":26304,"href":"https:\/\/www.aguarda.es\/en\/wp-json\/wp\/v2\/posts\/26301\/revisions\/26304"}],"wp:featuredmedia":[{"embeddable":true,"href":"https:\/\/www.aguarda.es\/en\/wp-json\/wp\/v2\/media\/26302"}],"wp:attachment":[{"href":"https:\/\/www.aguarda.es\/en\/wp-json\/wp\/v2\/media?parent=26301"}],"wp:term":[{"taxonomy":"category","embeddable":true,"href":"https:\/\/www.aguarda.es\/en\/wp-json\/wp\/v2\/categories?post=26301"},{"taxonomy":"post_tag","embeddable":true,"href":"https:\/\/www.aguarda.es\/en\/wp-json\/wp\/v2\/tags?post=26301"}],"curies":[{"name":"wp","href":"https:\/\/api.w.org\/{rel}","templated":true}]}}