{"id":26341,"date":"2022-06-23T15:17:34","date_gmt":"2022-06-23T15:17:34","guid":{"rendered":"https:\/\/www.aguarda.es\/?p=26341"},"modified":"2022-06-23T15:33:18","modified_gmt":"2022-06-23T15:33:18","slug":"comeza-en-pavia-italia-o-proxecto-actua-verde-que-dara-lugar-ao-festival-internacional-de-teatro-xuvenil-e-medio-ambiente-na-guarda-en-abril-de-2023","status":"publish","type":"post","link":"https:\/\/www.aguarda.es\/en\/comeza-en-pavia-italia-o-proxecto-actua-verde-que-dara-lugar-ao-festival-internacional-de-teatro-xuvenil-e-medio-ambiente-na-guarda-en-abril-de-2023\/","title":{"rendered":"Comeza en Pav\u00eda, Italia, o proxecto \u201cAct\u00faa Verde\u201d que dar\u00e1 lugar ao Festival Internacional de Teatro Xuvenil e Medio Ambiente na Guarda en abril de 2023"},"content":{"rendered":"<ul>\n<li><em><strong>Dende o Concello da Guarda, a Concelleira de Desenvolvemento Local, F\u00e1tima Rodr\u00edguez, valorou moi positivamente esta iniciativa, coma unha aposta polo apoio a todas aquelas iniciativas innovadoras que ofrezan alternativas de ocio e aprendizaxe \u00e1 xuventude.<\/strong><\/em><\/li>\n<\/ul>\n<p>Durante o curso 2022-2023, e cun financiamento europeo de 30.000\u20ac, realizaranse talleres de teatro semanais para mozos de 13 a 19 anos cunha iniciativa da asociaci\u00f3n FOCO coa colaboraci\u00f3n do Concello da Guarda.<br \/>\nNeste proxecto europeo Act\u00faa Verde, FOCO (A Guarda) e Calypso (Pav\u00eda, Italia) traballar\u00e1n con 20 mozas e mozos guardeses e italianos de entre 13 e 18 anos. Estes mozos e mozas ser\u00e1n persoas interesadas en reflexionar sobre temas ambientais e que queiran explorar o teatro como experiencia de aprendizaxe.<br \/>\nAdemais, e para ampliar o impacto do proxecto, desenvolveranse e mostrar\u00e1n unhas performances sobre cambio clim\u00e1tico. Estas performances presentaranse na Guarda durante a primeira edici\u00f3n do Festival Europeo de Teatro Xuvenil e Medio Ambiente \u2018Act\u00faa Verde\u2019, que ten previsto realizarse durante o mes de abril de 2023.<br \/>\nDentro deste festival organizaranse actividades para diferentes p\u00fablicos (talleres de teatro para persoas mozas, tanto participantes do proxecto como outras), crianzas, ou persoas adultas. Todas as actividades cara ao p\u00fablico do festival, durante os dous \u00faltimos d\u00edas da mobilidade de mozos\/as, estar\u00e1n dirixidas \u00e1 poboaci\u00f3n en xeral para aumentar a s\u00faa conciencia sobre o cambio clim\u00e1tico.<br \/>\nEste proxecto comezou en Pavia, Italia, durante os d\u00edas 21 e 22 de xu\u00f1o na sede de \u201cCalypso \u2013 il teatro per il sociale\u201d, a asociaci\u00f3n italiana socia de FOCO neste proxecto. Durante estes d\u00edas, os representantes das d\u00faas organizaci\u00f3ns tiveron a primeira reuni\u00f3n do proxecto e realizaron un obradoiro de arte e activismo nun centro social da cidade de Pav\u00eda, facilitado polo equipo de FOCO.<\/p>\n<p>Dende o Concello da Guarda, a Concelleira de Desenvolvemento Local, F\u00e1tima Rodr\u00edguez, valorou moi positivamente esta iniciativa, coma unha aposta polo apoio a todas aquelas iniciativas innovadoras que ofrezan alternativas de ocio e aprendizaxe \u00e1 xuventude.<\/p>\n","protected":false},"excerpt":{"rendered":"<p>Dende o Concello da Guarda, a Concelleira de Desenvolvemento Local, F\u00e1tima Rodr\u00edguez, valorou moi positivamente esta iniciativa, coma unha aposta polo apoio a todas aquelas iniciativas innovadoras que ofrezan alternativas de ocio e aprendizaxe \u00e1 xuventude. Durante o curso 2022-2023, &hellip; <\/p>\n","protected":false},"author":2,"featured_media":26342,"comment_status":"open","ping_status":"open","sticky":false,"template":"","format":"standard","meta":[],"categories":[40,33],"tags":[226,2816,227,373],"yoast_head":"<!-- This site is optimized with the Yoast SEO plugin v21.1 - https:\/\/yoast.com\/wordpress\/plugins\/seo\/ -->\n<title>Comeza en Pav\u00eda, Italia, o proxecto \u201cAct\u00faa Verde\u201d que dar\u00e1 lugar ao Festival Internacional de Teatro Xuvenil e Medio Ambiente na Guarda en abril de 2023 - Concello da Guarda<\/title>\n<meta name=\"description\" content=\"Durante o curso 2022-2023, e cun financiamento europeo de 30.000\u20ac, realizaranse talleres de teatro semanais para mozos de 13 a 19 anos cunha iniciativa da asociaci\u00f3n FOCO coa colaboraci\u00f3n do Concello da Guarda.\" \/>\n<meta name=\"robots\" content=\"index, follow, max-snippet:-1, max-image-preview:large, max-video-preview:-1\" \/>\n<link rel=\"canonical\" href=\"https:\/\/www.aguarda.es\/en\/comeza-en-pavia-italia-o-proxecto-actua-verde-que-dara-lugar-ao-festival-internacional-de-teatro-xuvenil-e-medio-ambiente-na-guarda-en-abril-de-2023\/\" \/>\n<meta property=\"og:locale\" content=\"en_US\" \/>\n<meta property=\"og:type\" content=\"article\" \/>\n<meta property=\"og:title\" content=\"Comeza en Pav\u00eda, Italia, o proxecto \u201cAct\u00faa Verde\u201d que dar\u00e1 lugar ao Festival Internacional de Teatro Xuvenil e Medio Ambiente na Guarda en abril de 2023 - Concello da Guarda\" \/>\n<meta property=\"og:description\" content=\"Durante o curso 2022-2023, e cun financiamento europeo de 30.000\u20ac, realizaranse talleres de teatro semanais para mozos de 13 a 19 anos cunha iniciativa da asociaci\u00f3n FOCO coa colaboraci\u00f3n do Concello da Guarda.\" \/>\n<meta property=\"og:url\" content=\"https:\/\/www.aguarda.es\/en\/comeza-en-pavia-italia-o-proxecto-actua-verde-que-dara-lugar-ao-festival-internacional-de-teatro-xuvenil-e-medio-ambiente-na-guarda-en-abril-de-2023\/\" \/>\n<meta property=\"og:site_name\" content=\"Concello da Guarda\" \/>\n<meta property=\"article:publisher\" content=\"https:\/\/www.facebook.com\/ConcellodaGuarda\" \/>\n<meta property=\"article:published_time\" content=\"2022-06-23T15:17:34+00:00\" \/>\n<meta property=\"article:modified_time\" content=\"2022-06-23T15:33:18+00:00\" \/>\n<meta property=\"og:image\" content=\"https:\/\/www.aguarda.es\/wp-content\/uploads\/2022\/06\/IMG-0347.jpg?_t=1655998398\" \/>\n\t<meta property=\"og:image:width\" content=\"827\" \/>\n\t<meta property=\"og:image:height\" content=\"620\" \/>\n\t<meta property=\"og:image:type\" content=\"image\/jpeg\" \/>\n<meta name=\"author\" content=\"prensa\" \/>\n<meta name=\"twitter:card\" content=\"summary_large_image\" \/>\n<meta name=\"twitter:creator\" content=\"@AGuarda_es\" \/>\n<meta name=\"twitter:site\" content=\"@AGuarda_es\" \/>\n<meta name=\"twitter:label1\" content=\"Written by\" \/>\n\t<meta name=\"twitter:data1\" content=\"prensa\" \/>\n\t<meta name=\"twitter:label2\" content=\"Est. reading time\" \/>\n\t<meta name=\"twitter:data2\" content=\"2 minutes\" \/>\n<script type=\"application\/ld+json\" class=\"yoast-schema-graph\">{\"@context\":\"https:\/\/schema.org\",\"@graph\":[{\"@type\":\"WebPage\",\"@id\":\"https:\/\/www.aguarda.es\/en\/comeza-en-pavia-italia-o-proxecto-actua-verde-que-dara-lugar-ao-festival-internacional-de-teatro-xuvenil-e-medio-ambiente-na-guarda-en-abril-de-2023\/\",\"url\":\"https:\/\/www.aguarda.es\/en\/comeza-en-pavia-italia-o-proxecto-actua-verde-que-dara-lugar-ao-festival-internacional-de-teatro-xuvenil-e-medio-ambiente-na-guarda-en-abril-de-2023\/\",\"name\":\"Comeza en Pav\u00eda, Italia, o proxecto \u201cAct\u00faa Verde\u201d que dar\u00e1 lugar ao Festival Internacional de Teatro Xuvenil e Medio Ambiente na Guarda en abril de 2023 - Concello da Guarda\",\"isPartOf\":{\"@id\":\"https:\/\/www.aguarda.es\/en\/#website\"},\"datePublished\":\"2022-06-23T15:17:34+00:00\",\"dateModified\":\"2022-06-23T15:33:18+00:00\",\"author\":{\"@id\":\"https:\/\/www.aguarda.es\/en\/#\/schema\/person\/c463ca3006858ffb349d11179d044f21\"},\"description\":\"Durante o curso 2022-2023, e cun financiamento europeo de 30.000\u20ac, realizaranse talleres de teatro semanais para mozos de 13 a 19 anos cunha iniciativa da asociaci\u00f3n FOCO coa colaboraci\u00f3n do Concello da Guarda.\",\"breadcrumb\":{\"@id\":\"https:\/\/www.aguarda.es\/en\/comeza-en-pavia-italia-o-proxecto-actua-verde-que-dara-lugar-ao-festival-internacional-de-teatro-xuvenil-e-medio-ambiente-na-guarda-en-abril-de-2023\/#breadcrumb\"},\"inLanguage\":\"en-US\",\"potentialAction\":[{\"@type\":\"ReadAction\",\"target\":[\"https:\/\/www.aguarda.es\/en\/comeza-en-pavia-italia-o-proxecto-actua-verde-que-dara-lugar-ao-festival-internacional-de-teatro-xuvenil-e-medio-ambiente-na-guarda-en-abril-de-2023\/\"]}]},{\"@type\":\"BreadcrumbList\",\"@id\":\"https:\/\/www.aguarda.es\/en\/comeza-en-pavia-italia-o-proxecto-actua-verde-que-dara-lugar-ao-festival-internacional-de-teatro-xuvenil-e-medio-ambiente-na-guarda-en-abril-de-2023\/#breadcrumb\",\"itemListElement\":[{\"@type\":\"ListItem\",\"position\":1,\"name\":\"Portada\",\"item\":\"https:\/\/www.aguarda.es\/en\/\"},{\"@type\":\"ListItem\",\"position\":2,\"name\":\"Comeza en Pav\u00eda, Italia, o proxecto \u201cAct\u00faa Verde\u201d que dar\u00e1 lugar ao Festival Internacional de Teatro Xuvenil e Medio Ambiente na Guarda en abril de 2023\"}]},{\"@type\":\"WebSite\",\"@id\":\"https:\/\/www.aguarda.es\/en\/#website\",\"url\":\"https:\/\/www.aguarda.es\/en\/\",\"name\":\"Concello da Guarda\",\"description\":\"P\u00e1xina web do concello da Guarda\",\"potentialAction\":[{\"@type\":\"SearchAction\",\"target\":{\"@type\":\"EntryPoint\",\"urlTemplate\":\"https:\/\/www.aguarda.es\/en\/?s={search_term_string}\"},\"query-input\":\"required name=search_term_string\"}],\"inLanguage\":\"en-US\"},{\"@type\":\"Person\",\"@id\":\"https:\/\/www.aguarda.es\/en\/#\/schema\/person\/c463ca3006858ffb349d11179d044f21\",\"name\":\"prensa\",\"image\":{\"@type\":\"ImageObject\",\"inLanguage\":\"en-US\",\"@id\":\"https:\/\/www.aguarda.es\/en\/#\/schema\/person\/image\/\",\"url\":\"https:\/\/secure.gravatar.com\/avatar\/5f90ef536b0f98306edf5c7a1135ffa1?s=96&d=mm&r=g\",\"contentUrl\":\"https:\/\/secure.gravatar.com\/avatar\/5f90ef536b0f98306edf5c7a1135ffa1?s=96&d=mm&r=g\",\"caption\":\"prensa\"},\"url\":\"https:\/\/www.aguarda.es\/en\/author\/prensa\/\"}]}<\/script>\n<!-- \/ Yoast SEO plugin. -->","yoast_head_json":{"title":"Comeza en Pav\u00eda, Italia, o proxecto \u201cAct\u00faa Verde\u201d que dar\u00e1 lugar ao Festival Internacional de Teatro Xuvenil e Medio Ambiente na Guarda en abril de 2023 - Concello da Guarda","description":"Durante o curso 2022-2023, e cun financiamento europeo de 30.000\u20ac, realizaranse talleres de teatro semanais para mozos de 13 a 19 anos cunha iniciativa da asociaci\u00f3n FOCO coa colaboraci\u00f3n do Concello da Guarda.","robots":{"index":"index","follow":"follow","max-snippet":"max-snippet:-1","max-image-preview":"max-image-preview:large","max-video-preview":"max-video-preview:-1"},"canonical":"https:\/\/www.aguarda.es\/en\/comeza-en-pavia-italia-o-proxecto-actua-verde-que-dara-lugar-ao-festival-internacional-de-teatro-xuvenil-e-medio-ambiente-na-guarda-en-abril-de-2023\/","og_locale":"en_US","og_type":"article","og_title":"Comeza en Pav\u00eda, Italia, o proxecto \u201cAct\u00faa Verde\u201d que dar\u00e1 lugar ao Festival Internacional de Teatro Xuvenil e Medio Ambiente na Guarda en abril de 2023 - Concello da Guarda","og_description":"Durante o curso 2022-2023, e cun financiamento europeo de 30.000\u20ac, realizaranse talleres de teatro semanais para mozos de 13 a 19 anos cunha iniciativa da asociaci\u00f3n FOCO coa colaboraci\u00f3n do Concello da Guarda.","og_url":"https:\/\/www.aguarda.es\/en\/comeza-en-pavia-italia-o-proxecto-actua-verde-que-dara-lugar-ao-festival-internacional-de-teatro-xuvenil-e-medio-ambiente-na-guarda-en-abril-de-2023\/","og_site_name":"Concello da Guarda","article_publisher":"https:\/\/www.facebook.com\/ConcellodaGuarda","article_published_time":"2022-06-23T15:17:34+00:00","article_modified_time":"2022-06-23T15:33:18+00:00","og_image":[{"width":827,"height":620,"url":"https:\/\/www.aguarda.es\/wp-content\/uploads\/2022\/06\/IMG-0347.jpg?_t=1655998398","type":"image\/jpeg"}],"author":"prensa","twitter_card":"summary_large_image","twitter_creator":"@AGuarda_es","twitter_site":"@AGuarda_es","twitter_misc":{"Written by":"prensa","Est. reading time":"2 minutes"},"schema":{"@context":"https:\/\/schema.org","@graph":[{"@type":"WebPage","@id":"https:\/\/www.aguarda.es\/en\/comeza-en-pavia-italia-o-proxecto-actua-verde-que-dara-lugar-ao-festival-internacional-de-teatro-xuvenil-e-medio-ambiente-na-guarda-en-abril-de-2023\/","url":"https:\/\/www.aguarda.es\/en\/comeza-en-pavia-italia-o-proxecto-actua-verde-que-dara-lugar-ao-festival-internacional-de-teatro-xuvenil-e-medio-ambiente-na-guarda-en-abril-de-2023\/","name":"Comeza en Pav\u00eda, Italia, o proxecto \u201cAct\u00faa Verde\u201d que dar\u00e1 lugar ao Festival Internacional de Teatro Xuvenil e Medio Ambiente na Guarda en abril de 2023 - Concello da Guarda","isPartOf":{"@id":"https:\/\/www.aguarda.es\/en\/#website"},"datePublished":"2022-06-23T15:17:34+00:00","dateModified":"2022-06-23T15:33:18+00:00","author":{"@id":"https:\/\/www.aguarda.es\/en\/#\/schema\/person\/c463ca3006858ffb349d11179d044f21"},"description":"Durante o curso 2022-2023, e cun financiamento europeo de 30.000\u20ac, realizaranse talleres de teatro semanais para mozos de 13 a 19 anos cunha iniciativa da asociaci\u00f3n FOCO coa colaboraci\u00f3n do Concello da Guarda.","breadcrumb":{"@id":"https:\/\/www.aguarda.es\/en\/comeza-en-pavia-italia-o-proxecto-actua-verde-que-dara-lugar-ao-festival-internacional-de-teatro-xuvenil-e-medio-ambiente-na-guarda-en-abril-de-2023\/#breadcrumb"},"inLanguage":"en-US","potentialAction":[{"@type":"ReadAction","target":["https:\/\/www.aguarda.es\/en\/comeza-en-pavia-italia-o-proxecto-actua-verde-que-dara-lugar-ao-festival-internacional-de-teatro-xuvenil-e-medio-ambiente-na-guarda-en-abril-de-2023\/"]}]},{"@type":"BreadcrumbList","@id":"https:\/\/www.aguarda.es\/en\/comeza-en-pavia-italia-o-proxecto-actua-verde-que-dara-lugar-ao-festival-internacional-de-teatro-xuvenil-e-medio-ambiente-na-guarda-en-abril-de-2023\/#breadcrumb","itemListElement":[{"@type":"ListItem","position":1,"name":"Portada","item":"https:\/\/www.aguarda.es\/en\/"},{"@type":"ListItem","position":2,"name":"Comeza en Pav\u00eda, Italia, o proxecto \u201cAct\u00faa Verde\u201d que dar\u00e1 lugar ao Festival Internacional de Teatro Xuvenil e Medio Ambiente na Guarda en abril de 2023"}]},{"@type":"WebSite","@id":"https:\/\/www.aguarda.es\/en\/#website","url":"https:\/\/www.aguarda.es\/en\/","name":"Concello da Guarda","description":"P\u00e1xina web do concello da Guarda","potentialAction":[{"@type":"SearchAction","target":{"@type":"EntryPoint","urlTemplate":"https:\/\/www.aguarda.es\/en\/?s={search_term_string}"},"query-input":"required name=search_term_string"}],"inLanguage":"en-US"},{"@type":"Person","@id":"https:\/\/www.aguarda.es\/en\/#\/schema\/person\/c463ca3006858ffb349d11179d044f21","name":"prensa","image":{"@type":"ImageObject","inLanguage":"en-US","@id":"https:\/\/www.aguarda.es\/en\/#\/schema\/person\/image\/","url":"https:\/\/secure.gravatar.com\/avatar\/5f90ef536b0f98306edf5c7a1135ffa1?s=96&d=mm&r=g","contentUrl":"https:\/\/secure.gravatar.com\/avatar\/5f90ef536b0f98306edf5c7a1135ffa1?s=96&d=mm&r=g","caption":"prensa"},"url":"https:\/\/www.aguarda.es\/en\/author\/prensa\/"}]}},"_links":{"self":[{"href":"https:\/\/www.aguarda.es\/en\/wp-json\/wp\/v2\/posts\/26341"}],"collection":[{"href":"https:\/\/www.aguarda.es\/en\/wp-json\/wp\/v2\/posts"}],"about":[{"href":"https:\/\/www.aguarda.es\/en\/wp-json\/wp\/v2\/types\/post"}],"author":[{"embeddable":true,"href":"https:\/\/www.aguarda.es\/en\/wp-json\/wp\/v2\/users\/2"}],"replies":[{"embeddable":true,"href":"https:\/\/www.aguarda.es\/en\/wp-json\/wp\/v2\/comments?post=26341"}],"version-history":[{"count":3,"href":"https:\/\/www.aguarda.es\/en\/wp-json\/wp\/v2\/posts\/26341\/revisions"}],"predecessor-version":[{"id":26346,"href":"https:\/\/www.aguarda.es\/en\/wp-json\/wp\/v2\/posts\/26341\/revisions\/26346"}],"wp:featuredmedia":[{"embeddable":true,"href":"https:\/\/www.aguarda.es\/en\/wp-json\/wp\/v2\/media\/26342"}],"wp:attachment":[{"href":"https:\/\/www.aguarda.es\/en\/wp-json\/wp\/v2\/media?parent=26341"}],"wp:term":[{"taxonomy":"category","embeddable":true,"href":"https:\/\/www.aguarda.es\/en\/wp-json\/wp\/v2\/categories?post=26341"},{"taxonomy":"post_tag","embeddable":true,"href":"https:\/\/www.aguarda.es\/en\/wp-json\/wp\/v2\/tags?post=26341"}],"curies":[{"name":"wp","href":"https:\/\/api.w.org\/{rel}","templated":true}]}}