{"id":26464,"date":"2022-07-02T16:03:28","date_gmt":"2022-07-02T16:03:28","guid":{"rendered":"https:\/\/www.aguarda.es\/?p=26464"},"modified":"2022-07-02T16:03:28","modified_gmt":"2022-07-02T16:03:28","slug":"a-guarda-quere-superar-os-120-quilos-de-langosta-por-posto-que-logrou-en-2019","status":"publish","type":"post","link":"https:\/\/www.aguarda.es\/en\/a-guarda-quere-superar-os-120-quilos-de-langosta-por-posto-que-logrou-en-2019\/","title":{"rendered":"A Guarda quere superar os 120 quilos de langosta por posto que logrou en 2019"},"content":{"rendered":"<p>M\u00e1is dun milleiro de persoas, entre veci\u00f1os e visitantes, d\u00e9ronse cita onte \u00e1 noite na carpa gastron\u00f3mica da XXX \u201cFesta da Langosta e da Coci\u00f1a Mari\u00f1eira\u201d para degustar os distintos pratos preparados por restaurantes da zona nos que a lagosta reinou en fog\u00f3ns e mesas. A perfecta organizaci\u00f3n do evento evitou as colas e, desde as oito da tarde ata as doce da noite, foron desfilando familias e grupos de amigos que deron boa conta dun men\u00fa moi variado (lagostas, n\u00e9coras, mexill\u00f3ns, paellas mari\u00f1eiras\u2026) e con claro sabor a mar. Este ano, os restauradores representados na carpa marc\u00e1ronse como obxectivo superar os 120 quilos de lagosta por posto vendidos en 2019 e, tal e como marchan as cousas, dita meta \u00e9 totalmente factible.<\/p>\n<p>E mentres no porto nutr\u00edanse os est\u00f3magos, na Praza do Rel\u00f3 busc\u00e1base outro tipo de emoci\u00f3ns co concerto inaugural do Mar de Blues. Un festival que contou con nomes propios do panorama internacional como Marcos Coll, un dos mellores armonicistas das \u00faltimas d\u00e9cadas; Will Jacobs, guitarrista, compositor e cantante cunha dilatada carreira forxada nos escenarios de Chicago; ou Julian Vaughn, unha eminencia do Jazz e do Blues que tocou con grandes como B.B. King. Tam\u00e9n estiveron no escenario Javier Vacas, gran baixista de estilo propio, e Javier Turnes, reco\u00f1ecido guitarrista e fundador da banda galega Bakin\u2019 Blues Band.<\/p>\n<p><img decoding=\"async\" loading=\"lazy\" class=\"aligncenter size-full wp-image-26465\" src=\"https:\/\/www.aguarda.es\/wp-content\/uploads\/2022\/07\/Conciertazo-no-Mar-de-Blues-.jpg\" alt=\"\" width=\"800\" height=\"600\" srcset=\"https:\/\/www.aguarda.es\/wp-content\/uploads\/2022\/07\/Conciertazo-no-Mar-de-Blues-.jpg 800w, https:\/\/www.aguarda.es\/wp-content\/uploads\/2022\/07\/Conciertazo-no-Mar-de-Blues--300x225.jpg 300w, https:\/\/www.aguarda.es\/wp-content\/uploads\/2022\/07\/Conciertazo-no-Mar-de-Blues--768x576.jpg 768w\" sizes=\"(max-width: 800px) 100vw, 800px\" \/>Pero non s\u00f3 o porto e a praza do Concello foron escenario da festa popular. Os locais da zona gozaron tam\u00e9n dun recuperado traj\u00edn, do mesmo xeito que os hoteis e pensi\u00f3ns, que rememoraron por obra e graza da \u201cFesta da Langosta e da Coci\u00f1a Mari\u00f1eira\u201d un dinamismo previo \u00e1 pandemia.<\/p>\n<p><strong>Artesan\u00eda, verm\u00fa mari\u00f1eiro e exposici\u00f3n etnogr\u00e1fica\u00a0 <\/strong><\/p>\n<p>A ma\u00f1\u00e1 do s\u00e1bado foi atarefada na Guarda. \u00c1 primeira hora, xa comezaban os preparativos na carpa e na r\u00faa do Porto coa instalaci\u00f3n das casetas de artesan\u00eda. Pola s\u00faa banda, a tripulaci\u00f3n do Piueiro revisaba o volanteiro para deixalo listo para as viaxes da fin de semana -a partir das catro desta tarde comezan os percorridos a bordo da embarcaci\u00f3n tradicional- e os locais da zona, a ritmo de pasacalles, despachaban os verm\u00fas mari\u00f1eiros para os m\u00e1is madrugadores.<\/p>\n<p>Na Praza do Rel\u00f3, os pequenos gozaban dunha \u2018masterclass\u2019 sen precedentes cos concertistas de Mar de Blues e tendo como testemu\u00f1a de excepci\u00f3n \u00e1 lagosta cangrexa. A mascota naceu este ano para co gallo do 30 aniversario da festa e, a\u00ednda que se concibiu como un divertimento para os m\u00e1is pequenos, converteuse nun dos grandes atractivos do evento guard\u00e9s ao ser solicitada por pequenos e maiores para o xa t\u00edpico selfie.<\/p>\n<p>Pola s\u00faa banda, o alcalde, Antonio Lomba, e a teniente de alcalde, Montserrat Magallanes, participaban ao mediod\u00eda na inauguraci\u00f3n da Exposici\u00f3n Etnogr\u00e1fica Mari\u00f1eira da Asociaci\u00f3n Piueiro, que xa se atopa aberta ao p\u00fablico e que permitir\u00e1 entender mellor o obxectivo desta asociaci\u00f3n, destinada \u00e1 recuperaci\u00f3n da tradici\u00f3n cultural mari\u00f1eira.<\/p>\n<p><img decoding=\"async\" loading=\"lazy\" class=\"aligncenter size-full wp-image-26469\" src=\"https:\/\/www.aguarda.es\/wp-content\/uploads\/2022\/07\/Tomas-Nunez-e-Joaquin-Cadilla-de-Piueiro-co-alcalde-da-Guarda.jpg\" alt=\"\" width=\"800\" height=\"600\" srcset=\"https:\/\/www.aguarda.es\/wp-content\/uploads\/2022\/07\/Tomas-Nunez-e-Joaquin-Cadilla-de-Piueiro-co-alcalde-da-Guarda.jpg 800w, https:\/\/www.aguarda.es\/wp-content\/uploads\/2022\/07\/Tomas-Nunez-e-Joaquin-Cadilla-de-Piueiro-co-alcalde-da-Guarda-300x225.jpg 300w, https:\/\/www.aguarda.es\/wp-content\/uploads\/2022\/07\/Tomas-Nunez-e-Joaquin-Cadilla-de-Piueiro-co-alcalde-da-Guarda-768x576.jpg 768w\" sizes=\"(max-width: 800px) 100vw, 800px\" \/><\/p>\n<p>Ma\u00f1\u00e1 domingo, os visitantes poder\u00e1n participar no roteiro das cetarias e do Museo do Mar, reservando previamente as s\u00faas prazas no correo festadalangosta@gmail.com\u00a0 ou no punto de informaci\u00f3n situado na carpa instalada no porto da Guarda. Os pasacalles a cargo de grupos locais continuar\u00e1n animando o verm\u00fa mari\u00f1eiro, que se pode probar nun gran n\u00famero de establecementos hostaleiros da Guarda. A m\u00fasica, neste terceiro e \u00faltimo d\u00eda de festa, po\u00f1eraa Erea Castro, cunha actuaci\u00f3n na Praza de San Benito, mentres que o grupo \u201cA Boalleira\u201d amenizar\u00e1 musicalmente a despedida entre o porto e a carpa.<\/p>\n","protected":false},"excerpt":{"rendered":"<p>M\u00e1is dun milleiro de persoas, entre veci\u00f1os e visitantes, d\u00e9ronse cita onte \u00e1 noite na carpa gastron\u00f3mica da XXX \u201cFesta da Langosta e da Coci\u00f1a Mari\u00f1eira\u201d para degustar os distintos pratos preparados por restaurantes da zona nos que a lagosta &hellip; <\/p>\n","protected":false},"author":2,"featured_media":26467,"comment_status":"open","ping_status":"open","sticky":false,"template":"","format":"standard","meta":[],"categories":[56],"tags":[226,1190,233],"yoast_head":"<!-- This site is optimized with the Yoast SEO plugin v21.1 - https:\/\/yoast.com\/wordpress\/plugins\/seo\/ -->\n<title>A Guarda quere superar os 120 quilos de langosta por posto que logrou en 2019 - Concello da Guarda<\/title>\n<meta name=\"description\" content=\"M\u00e1is dun milleiro de persoas d\u00e9ronse cita na carpa situada no porto para probar os primeiros pratos de langosta, \u00e1 prancha e cocida, e outros produtos t\u00edpicos da gastronom\u00eda dunha vila mari\u00f1eira como A Guarda.\" \/>\n<meta name=\"robots\" content=\"index, follow, max-snippet:-1, max-image-preview:large, max-video-preview:-1\" \/>\n<link rel=\"canonical\" href=\"https:\/\/www.aguarda.es\/en\/a-guarda-quere-superar-os-120-quilos-de-langosta-por-posto-que-logrou-en-2019\/\" \/>\n<meta property=\"og:locale\" content=\"en_US\" \/>\n<meta property=\"og:type\" content=\"article\" \/>\n<meta property=\"og:title\" content=\"A Guarda quere superar os 120 quilos de langosta por posto que logrou en 2019 - Concello da Guarda\" \/>\n<meta property=\"og:description\" content=\"M\u00e1is dun milleiro de persoas d\u00e9ronse cita na carpa situada no porto para probar os primeiros pratos de langosta, \u00e1 prancha e cocida, e outros produtos t\u00edpicos da gastronom\u00eda dunha vila mari\u00f1eira como A Guarda.\" \/>\n<meta property=\"og:url\" content=\"https:\/\/www.aguarda.es\/en\/a-guarda-quere-superar-os-120-quilos-de-langosta-por-posto-que-logrou-en-2019\/\" \/>\n<meta property=\"og:site_name\" content=\"Concello da Guarda\" \/>\n<meta property=\"article:publisher\" content=\"https:\/\/www.facebook.com\/ConcellodaGuarda\" \/>\n<meta property=\"article:published_time\" content=\"2022-07-02T16:03:28+00:00\" \/>\n<meta property=\"og:image\" content=\"https:\/\/www.aguarda.es\/wp-content\/uploads\/2022\/07\/Mais-dun-millar-de-persoas-asistiron-a-carpa-gastronomica.jpg?_t=1656777809\" \/>\n\t<meta property=\"og:image:width\" content=\"800\" \/>\n\t<meta property=\"og:image:height\" content=\"450\" \/>\n\t<meta property=\"og:image:type\" content=\"image\/jpeg\" \/>\n<meta name=\"author\" content=\"prensa\" \/>\n<meta name=\"twitter:card\" content=\"summary_large_image\" \/>\n<meta name=\"twitter:creator\" content=\"@AGuarda_es\" \/>\n<meta name=\"twitter:site\" content=\"@AGuarda_es\" \/>\n<meta name=\"twitter:label1\" content=\"Written by\" \/>\n\t<meta name=\"twitter:data1\" content=\"prensa\" \/>\n\t<meta name=\"twitter:label2\" content=\"Est. reading time\" \/>\n\t<meta name=\"twitter:data2\" content=\"4 minutes\" \/>\n<script type=\"application\/ld+json\" class=\"yoast-schema-graph\">{\"@context\":\"https:\/\/schema.org\",\"@graph\":[{\"@type\":\"WebPage\",\"@id\":\"https:\/\/www.aguarda.es\/en\/a-guarda-quere-superar-os-120-quilos-de-langosta-por-posto-que-logrou-en-2019\/\",\"url\":\"https:\/\/www.aguarda.es\/en\/a-guarda-quere-superar-os-120-quilos-de-langosta-por-posto-que-logrou-en-2019\/\",\"name\":\"A Guarda quere superar os 120 quilos de langosta por posto que logrou en 2019 - Concello da Guarda\",\"isPartOf\":{\"@id\":\"https:\/\/www.aguarda.es\/en\/#website\"},\"datePublished\":\"2022-07-02T16:03:28+00:00\",\"dateModified\":\"2022-07-02T16:03:28+00:00\",\"author\":{\"@id\":\"https:\/\/www.aguarda.es\/en\/#\/schema\/person\/c463ca3006858ffb349d11179d044f21\"},\"description\":\"M\u00e1is dun milleiro de persoas d\u00e9ronse cita na carpa situada no porto para probar os primeiros pratos de langosta, \u00e1 prancha e cocida, e outros produtos t\u00edpicos da gastronom\u00eda dunha vila mari\u00f1eira como A Guarda.\",\"breadcrumb\":{\"@id\":\"https:\/\/www.aguarda.es\/en\/a-guarda-quere-superar-os-120-quilos-de-langosta-por-posto-que-logrou-en-2019\/#breadcrumb\"},\"inLanguage\":\"en-US\",\"potentialAction\":[{\"@type\":\"ReadAction\",\"target\":[\"https:\/\/www.aguarda.es\/en\/a-guarda-quere-superar-os-120-quilos-de-langosta-por-posto-que-logrou-en-2019\/\"]}]},{\"@type\":\"BreadcrumbList\",\"@id\":\"https:\/\/www.aguarda.es\/en\/a-guarda-quere-superar-os-120-quilos-de-langosta-por-posto-que-logrou-en-2019\/#breadcrumb\",\"itemListElement\":[{\"@type\":\"ListItem\",\"position\":1,\"name\":\"Portada\",\"item\":\"https:\/\/www.aguarda.es\/en\/\"},{\"@type\":\"ListItem\",\"position\":2,\"name\":\"A Guarda quere superar os 120 quilos de langosta por posto que logrou en 2019\"}]},{\"@type\":\"WebSite\",\"@id\":\"https:\/\/www.aguarda.es\/en\/#website\",\"url\":\"https:\/\/www.aguarda.es\/en\/\",\"name\":\"Concello da Guarda\",\"description\":\"P\u00e1xina web do concello da Guarda\",\"potentialAction\":[{\"@type\":\"SearchAction\",\"target\":{\"@type\":\"EntryPoint\",\"urlTemplate\":\"https:\/\/www.aguarda.es\/en\/?s={search_term_string}\"},\"query-input\":\"required name=search_term_string\"}],\"inLanguage\":\"en-US\"},{\"@type\":\"Person\",\"@id\":\"https:\/\/www.aguarda.es\/en\/#\/schema\/person\/c463ca3006858ffb349d11179d044f21\",\"name\":\"prensa\",\"image\":{\"@type\":\"ImageObject\",\"inLanguage\":\"en-US\",\"@id\":\"https:\/\/www.aguarda.es\/en\/#\/schema\/person\/image\/\",\"url\":\"https:\/\/secure.gravatar.com\/avatar\/5f90ef536b0f98306edf5c7a1135ffa1?s=96&d=mm&r=g\",\"contentUrl\":\"https:\/\/secure.gravatar.com\/avatar\/5f90ef536b0f98306edf5c7a1135ffa1?s=96&d=mm&r=g\",\"caption\":\"prensa\"},\"url\":\"https:\/\/www.aguarda.es\/en\/author\/prensa\/\"}]}<\/script>\n<!-- \/ Yoast SEO plugin. -->","yoast_head_json":{"title":"A Guarda quere superar os 120 quilos de langosta por posto que logrou en 2019 - Concello da Guarda","description":"M\u00e1is dun milleiro de persoas d\u00e9ronse cita na carpa situada no porto para probar os primeiros pratos de langosta, \u00e1 prancha e cocida, e outros produtos t\u00edpicos da gastronom\u00eda dunha vila mari\u00f1eira como A Guarda.","robots":{"index":"index","follow":"follow","max-snippet":"max-snippet:-1","max-image-preview":"max-image-preview:large","max-video-preview":"max-video-preview:-1"},"canonical":"https:\/\/www.aguarda.es\/en\/a-guarda-quere-superar-os-120-quilos-de-langosta-por-posto-que-logrou-en-2019\/","og_locale":"en_US","og_type":"article","og_title":"A Guarda quere superar os 120 quilos de langosta por posto que logrou en 2019 - Concello da Guarda","og_description":"M\u00e1is dun milleiro de persoas d\u00e9ronse cita na carpa situada no porto para probar os primeiros pratos de langosta, \u00e1 prancha e cocida, e outros produtos t\u00edpicos da gastronom\u00eda dunha vila mari\u00f1eira como A Guarda.","og_url":"https:\/\/www.aguarda.es\/en\/a-guarda-quere-superar-os-120-quilos-de-langosta-por-posto-que-logrou-en-2019\/","og_site_name":"Concello da Guarda","article_publisher":"https:\/\/www.facebook.com\/ConcellodaGuarda","article_published_time":"2022-07-02T16:03:28+00:00","og_image":[{"width":800,"height":450,"url":"https:\/\/www.aguarda.es\/wp-content\/uploads\/2022\/07\/Mais-dun-millar-de-persoas-asistiron-a-carpa-gastronomica.jpg?_t=1656777809","type":"image\/jpeg"}],"author":"prensa","twitter_card":"summary_large_image","twitter_creator":"@AGuarda_es","twitter_site":"@AGuarda_es","twitter_misc":{"Written by":"prensa","Est. reading time":"4 minutes"},"schema":{"@context":"https:\/\/schema.org","@graph":[{"@type":"WebPage","@id":"https:\/\/www.aguarda.es\/en\/a-guarda-quere-superar-os-120-quilos-de-langosta-por-posto-que-logrou-en-2019\/","url":"https:\/\/www.aguarda.es\/en\/a-guarda-quere-superar-os-120-quilos-de-langosta-por-posto-que-logrou-en-2019\/","name":"A Guarda quere superar os 120 quilos de langosta por posto que logrou en 2019 - Concello da Guarda","isPartOf":{"@id":"https:\/\/www.aguarda.es\/en\/#website"},"datePublished":"2022-07-02T16:03:28+00:00","dateModified":"2022-07-02T16:03:28+00:00","author":{"@id":"https:\/\/www.aguarda.es\/en\/#\/schema\/person\/c463ca3006858ffb349d11179d044f21"},"description":"M\u00e1is dun milleiro de persoas d\u00e9ronse cita na carpa situada no porto para probar os primeiros pratos de langosta, \u00e1 prancha e cocida, e outros produtos t\u00edpicos da gastronom\u00eda dunha vila mari\u00f1eira como A Guarda.","breadcrumb":{"@id":"https:\/\/www.aguarda.es\/en\/a-guarda-quere-superar-os-120-quilos-de-langosta-por-posto-que-logrou-en-2019\/#breadcrumb"},"inLanguage":"en-US","potentialAction":[{"@type":"ReadAction","target":["https:\/\/www.aguarda.es\/en\/a-guarda-quere-superar-os-120-quilos-de-langosta-por-posto-que-logrou-en-2019\/"]}]},{"@type":"BreadcrumbList","@id":"https:\/\/www.aguarda.es\/en\/a-guarda-quere-superar-os-120-quilos-de-langosta-por-posto-que-logrou-en-2019\/#breadcrumb","itemListElement":[{"@type":"ListItem","position":1,"name":"Portada","item":"https:\/\/www.aguarda.es\/en\/"},{"@type":"ListItem","position":2,"name":"A Guarda quere superar os 120 quilos de langosta por posto que logrou en 2019"}]},{"@type":"WebSite","@id":"https:\/\/www.aguarda.es\/en\/#website","url":"https:\/\/www.aguarda.es\/en\/","name":"Concello da Guarda","description":"P\u00e1xina web do concello da Guarda","potentialAction":[{"@type":"SearchAction","target":{"@type":"EntryPoint","urlTemplate":"https:\/\/www.aguarda.es\/en\/?s={search_term_string}"},"query-input":"required name=search_term_string"}],"inLanguage":"en-US"},{"@type":"Person","@id":"https:\/\/www.aguarda.es\/en\/#\/schema\/person\/c463ca3006858ffb349d11179d044f21","name":"prensa","image":{"@type":"ImageObject","inLanguage":"en-US","@id":"https:\/\/www.aguarda.es\/en\/#\/schema\/person\/image\/","url":"https:\/\/secure.gravatar.com\/avatar\/5f90ef536b0f98306edf5c7a1135ffa1?s=96&d=mm&r=g","contentUrl":"https:\/\/secure.gravatar.com\/avatar\/5f90ef536b0f98306edf5c7a1135ffa1?s=96&d=mm&r=g","caption":"prensa"},"url":"https:\/\/www.aguarda.es\/en\/author\/prensa\/"}]}},"_links":{"self":[{"href":"https:\/\/www.aguarda.es\/en\/wp-json\/wp\/v2\/posts\/26464"}],"collection":[{"href":"https:\/\/www.aguarda.es\/en\/wp-json\/wp\/v2\/posts"}],"about":[{"href":"https:\/\/www.aguarda.es\/en\/wp-json\/wp\/v2\/types\/post"}],"author":[{"embeddable":true,"href":"https:\/\/www.aguarda.es\/en\/wp-json\/wp\/v2\/users\/2"}],"replies":[{"embeddable":true,"href":"https:\/\/www.aguarda.es\/en\/wp-json\/wp\/v2\/comments?post=26464"}],"version-history":[{"count":1,"href":"https:\/\/www.aguarda.es\/en\/wp-json\/wp\/v2\/posts\/26464\/revisions"}],"predecessor-version":[{"id":26471,"href":"https:\/\/www.aguarda.es\/en\/wp-json\/wp\/v2\/posts\/26464\/revisions\/26471"}],"wp:featuredmedia":[{"embeddable":true,"href":"https:\/\/www.aguarda.es\/en\/wp-json\/wp\/v2\/media\/26467"}],"wp:attachment":[{"href":"https:\/\/www.aguarda.es\/en\/wp-json\/wp\/v2\/media?parent=26464"}],"wp:term":[{"taxonomy":"category","embeddable":true,"href":"https:\/\/www.aguarda.es\/en\/wp-json\/wp\/v2\/categories?post=26464"},{"taxonomy":"post_tag","embeddable":true,"href":"https:\/\/www.aguarda.es\/en\/wp-json\/wp\/v2\/tags?post=26464"}],"curies":[{"name":"wp","href":"https:\/\/api.w.org\/{rel}","templated":true}]}}