{"id":26611,"date":"2022-07-27T11:21:04","date_gmt":"2022-07-27T11:21:04","guid":{"rendered":"https:\/\/www.aguarda.es\/?p=26611"},"modified":"2022-07-27T11:21:04","modified_gmt":"2022-07-27T11:21:04","slug":"o-concello-da-guarda-lanza-una-campana-de-sensibilizacion-en-saude-mental-en-colaboracion-coa-asociacion-avelaina","status":"publish","type":"post","link":"https:\/\/www.aguarda.es\/en\/o-concello-da-guarda-lanza-una-campana-de-sensibilizacion-en-saude-mental-en-colaboracion-coa-asociacion-avelaina\/","title":{"rendered":"O Concello da Guarda lanza una campa\u00f1a de sensibilizaci\u00f3n en sa\u00fade mental en colaboraci\u00f3n coa Asociaci\u00f3n Avela\u00ed\u00f1a"},"content":{"rendered":"<p>[vc_row][vc_column][vc_column_text]O Concello da Guarda lanza unha campa\u00f1a de sensibilizaci\u00f3n en sa\u00fade mental en colaboraci\u00f3n coa Asociaci\u00f3n Avela\u00ed\u00f1a.<\/p>\n<p>&nbsp;<\/p>\n<p>O acto, que tivo lugar na ma\u00f1\u00e1 do pasado venres d\u00eda 22 no Concello da Guarda, contou coa\u00a0 presencia de Antonio Lomba, alcalde de A Guarda; F\u00e1tima Rodr\u00edguez concelleira de educaci\u00f3n; Patricia\u00a0 Cu\u00f1a, t\u00e9cnica da OMIX; Clara Su\u00e1rez psic\u00f3loga de Asociaci\u00f3n Avela\u00ed\u00f1a e Rafael \u00c1lvarez, Director Xerente da Asociaci\u00f3n Avela\u00ed\u00f1a.<\/p>\n<p>&nbsp;<\/p>\n<p>Tratase dun v\u00eddeo cun formato de animaci\u00f3n que resulta atractivo para a poboaci\u00f3n m\u00e1is xove, permitindo unha difusi\u00f3n r\u00e1pida e eficaz a trav\u00e9s das redes sociais.<\/p>\n<p>&nbsp;<\/p>\n<p>Desde o Concello transm\u00edtese unha gran preocupaci\u00f3n polo empeoramento da sa\u00fade mental nos xoves que lles faen chegar desde centros educativos e familias.<\/p>\n<p>A adolescencia \u00e9 unha etapa \u00fanica e formativa e os cambios a nivel f\u00edsico, emocional e social faen aos adolescentes vulnerables a sufrir problemas de sa\u00fade mental.<\/p>\n<p>A situaci\u00f3n provocada pola pandemia elevou os factores de risco debido a illamento, restrici\u00f3ns, incertidumbre, falecemento de familiares ou amigos, risco da propia sa\u00fade, etc.<\/p>\n<p>Un Estudo de Unicef de 2021 Estado Mundial da Infancia: Na mi\u00f1a Mente amosa que a media de trastornos de sa\u00fade mental en xoves \u00e9 en Europa do 13,2% , mentres que en Espa\u00f1a esa cifra elevase ata o 20,8%<\/p>\n<p>Un estudo de Fundaci\u00f3n Mutua Madrile\u00f1a e Fundaci\u00f3n FAD Juventud realizado a xoves, amosa que o 56,4% perciben que tiveron problemas psicol\u00f3xicos nos \u00faltimos 12 meses, pero a metade non pediu axuda profesional por vergo\u00f1a, custe, ou non lle daban importancia.<\/p>\n<p>&nbsp;<\/p>\n<p>O Concello contou para a elaboraci\u00f3n do material da campa\u00f1a, coa Asociaci\u00f3n Avela\u00ed\u00f1a, entidade de referencia en sa\u00fade mental.<\/p>\n<p>O v\u00eddeo compartirase nas redes sociais, medios de comunicaci\u00f3n e farase chegar tam\u00e9n aos centros educativos coa intenci\u00f3n de que chegue ao maior n\u00famero de persoas posibles e que tam\u00e9n se utilice como ferramenta de traballo para entidades, profesorado, familias, etc.<\/p>\n<p>[\/vc_column_text][\/vc_column][\/vc_row][vc_row][vc_column][vc_video link=&#8221;https:\/\/youtu.be\/Y6mu6J_vRmQ&#8221; align=&#8221;center&#8221;][\/vc_column][\/vc_row]<\/p>\n","protected":false},"excerpt":{"rendered":"<p>[vc_row][vc_column][vc_column_text]O Concello da Guarda lanza unha campa\u00f1a de sensibilizaci\u00f3n en sa\u00fade mental en colaboraci\u00f3n coa Asociaci\u00f3n Avela\u00ed\u00f1a. &nbsp; O acto, que tivo lugar na ma\u00f1\u00e1 do pasado venres d\u00eda 22 no Concello da Guarda, contou coa\u00a0 presencia de Antonio Lomba, &hellip; <\/p>\n","protected":false},"author":2,"featured_media":26612,"comment_status":"open","ping_status":"open","sticky":false,"template":"","format":"standard","meta":[],"categories":[33],"tags":[226,655,2605],"yoast_head":"<!-- This site is optimized with the Yoast SEO plugin v21.1 - https:\/\/yoast.com\/wordpress\/plugins\/seo\/ -->\n<title>O Concello da Guarda lanza una campa\u00f1a de sensibilizaci\u00f3n en sa\u00fade mental en colaboraci\u00f3n coa Asociaci\u00f3n Avela\u00ed\u00f1a - Concello da Guarda<\/title>\n<meta name=\"description\" content=\"O Concello da Guarda lanza unha campa\u00f1a de sensibilizaci\u00f3n en sa\u00fade mental en colaboraci\u00f3n coa Asociaci\u00f3n Avela\u00ed\u00f1a.\" \/>\n<meta name=\"robots\" content=\"index, follow, max-snippet:-1, max-image-preview:large, max-video-preview:-1\" \/>\n<link rel=\"canonical\" href=\"https:\/\/www.aguarda.es\/en\/o-concello-da-guarda-lanza-una-campana-de-sensibilizacion-en-saude-mental-en-colaboracion-coa-asociacion-avelaina\/\" \/>\n<meta property=\"og:locale\" content=\"en_US\" \/>\n<meta property=\"og:type\" content=\"article\" \/>\n<meta property=\"og:title\" content=\"O Concello da Guarda lanza una campa\u00f1a de sensibilizaci\u00f3n en sa\u00fade mental en colaboraci\u00f3n coa Asociaci\u00f3n Avela\u00ed\u00f1a - Concello da Guarda\" \/>\n<meta property=\"og:description\" content=\"O Concello da Guarda lanza unha campa\u00f1a de sensibilizaci\u00f3n en sa\u00fade mental en colaboraci\u00f3n coa Asociaci\u00f3n Avela\u00ed\u00f1a.\" \/>\n<meta property=\"og:url\" content=\"https:\/\/www.aguarda.es\/en\/o-concello-da-guarda-lanza-una-campana-de-sensibilizacion-en-saude-mental-en-colaboracion-coa-asociacion-avelaina\/\" \/>\n<meta property=\"og:site_name\" content=\"Concello da Guarda\" \/>\n<meta property=\"article:publisher\" content=\"https:\/\/www.facebook.com\/ConcellodaGuarda\" \/>\n<meta property=\"article:published_time\" content=\"2022-07-27T11:21:04+00:00\" \/>\n<meta property=\"og:image\" content=\"https:\/\/www.aguarda.es\/wp-content\/uploads\/2022\/07\/NP-27072022-O-Concello-da-Guarda-lanza-una-campana-de-sensibilizacion-en-saude-mental-en-colaboracion-coa-Asociacion-Avelaina-1.jpg?_t=1658920865\" \/>\n\t<meta property=\"og:image:width\" content=\"800\" \/>\n\t<meta property=\"og:image:height\" content=\"533\" \/>\n\t<meta property=\"og:image:type\" content=\"image\/jpeg\" \/>\n<meta name=\"author\" content=\"prensa\" \/>\n<meta name=\"twitter:card\" content=\"summary_large_image\" \/>\n<meta name=\"twitter:creator\" content=\"@AGuarda_es\" \/>\n<meta name=\"twitter:site\" content=\"@AGuarda_es\" \/>\n<meta name=\"twitter:label1\" content=\"Written by\" \/>\n\t<meta name=\"twitter:data1\" content=\"prensa\" \/>\n\t<meta name=\"twitter:label2\" content=\"Est. reading time\" \/>\n\t<meta name=\"twitter:data2\" content=\"2 minutes\" \/>\n<script type=\"application\/ld+json\" class=\"yoast-schema-graph\">{\"@context\":\"https:\/\/schema.org\",\"@graph\":[{\"@type\":\"WebPage\",\"@id\":\"https:\/\/www.aguarda.es\/en\/o-concello-da-guarda-lanza-una-campana-de-sensibilizacion-en-saude-mental-en-colaboracion-coa-asociacion-avelaina\/\",\"url\":\"https:\/\/www.aguarda.es\/en\/o-concello-da-guarda-lanza-una-campana-de-sensibilizacion-en-saude-mental-en-colaboracion-coa-asociacion-avelaina\/\",\"name\":\"O Concello da Guarda lanza una campa\u00f1a de sensibilizaci\u00f3n en sa\u00fade mental en colaboraci\u00f3n coa Asociaci\u00f3n Avela\u00ed\u00f1a - Concello da Guarda\",\"isPartOf\":{\"@id\":\"https:\/\/www.aguarda.es\/en\/#website\"},\"datePublished\":\"2022-07-27T11:21:04+00:00\",\"dateModified\":\"2022-07-27T11:21:04+00:00\",\"author\":{\"@id\":\"https:\/\/www.aguarda.es\/en\/#\/schema\/person\/c463ca3006858ffb349d11179d044f21\"},\"description\":\"O Concello da Guarda lanza unha campa\u00f1a de sensibilizaci\u00f3n en sa\u00fade mental en colaboraci\u00f3n coa Asociaci\u00f3n Avela\u00ed\u00f1a.\",\"breadcrumb\":{\"@id\":\"https:\/\/www.aguarda.es\/en\/o-concello-da-guarda-lanza-una-campana-de-sensibilizacion-en-saude-mental-en-colaboracion-coa-asociacion-avelaina\/#breadcrumb\"},\"inLanguage\":\"en-US\",\"potentialAction\":[{\"@type\":\"ReadAction\",\"target\":[\"https:\/\/www.aguarda.es\/en\/o-concello-da-guarda-lanza-una-campana-de-sensibilizacion-en-saude-mental-en-colaboracion-coa-asociacion-avelaina\/\"]}]},{\"@type\":\"BreadcrumbList\",\"@id\":\"https:\/\/www.aguarda.es\/en\/o-concello-da-guarda-lanza-una-campana-de-sensibilizacion-en-saude-mental-en-colaboracion-coa-asociacion-avelaina\/#breadcrumb\",\"itemListElement\":[{\"@type\":\"ListItem\",\"position\":1,\"name\":\"Portada\",\"item\":\"https:\/\/www.aguarda.es\/en\/\"},{\"@type\":\"ListItem\",\"position\":2,\"name\":\"O Concello da Guarda lanza una campa\u00f1a de sensibilizaci\u00f3n en sa\u00fade mental en colaboraci\u00f3n coa Asociaci\u00f3n Avela\u00ed\u00f1a\"}]},{\"@type\":\"WebSite\",\"@id\":\"https:\/\/www.aguarda.es\/en\/#website\",\"url\":\"https:\/\/www.aguarda.es\/en\/\",\"name\":\"Concello da Guarda\",\"description\":\"P\u00e1xina web do concello da Guarda\",\"potentialAction\":[{\"@type\":\"SearchAction\",\"target\":{\"@type\":\"EntryPoint\",\"urlTemplate\":\"https:\/\/www.aguarda.es\/en\/?s={search_term_string}\"},\"query-input\":\"required name=search_term_string\"}],\"inLanguage\":\"en-US\"},{\"@type\":\"Person\",\"@id\":\"https:\/\/www.aguarda.es\/en\/#\/schema\/person\/c463ca3006858ffb349d11179d044f21\",\"name\":\"prensa\",\"image\":{\"@type\":\"ImageObject\",\"inLanguage\":\"en-US\",\"@id\":\"https:\/\/www.aguarda.es\/en\/#\/schema\/person\/image\/\",\"url\":\"https:\/\/secure.gravatar.com\/avatar\/5f90ef536b0f98306edf5c7a1135ffa1?s=96&d=mm&r=g\",\"contentUrl\":\"https:\/\/secure.gravatar.com\/avatar\/5f90ef536b0f98306edf5c7a1135ffa1?s=96&d=mm&r=g\",\"caption\":\"prensa\"},\"url\":\"https:\/\/www.aguarda.es\/en\/author\/prensa\/\"}]}<\/script>\n<!-- \/ Yoast SEO plugin. -->","yoast_head_json":{"title":"O Concello da Guarda lanza una campa\u00f1a de sensibilizaci\u00f3n en sa\u00fade mental en colaboraci\u00f3n coa Asociaci\u00f3n Avela\u00ed\u00f1a - Concello da Guarda","description":"O Concello da Guarda lanza unha campa\u00f1a de sensibilizaci\u00f3n en sa\u00fade mental en colaboraci\u00f3n coa Asociaci\u00f3n Avela\u00ed\u00f1a.","robots":{"index":"index","follow":"follow","max-snippet":"max-snippet:-1","max-image-preview":"max-image-preview:large","max-video-preview":"max-video-preview:-1"},"canonical":"https:\/\/www.aguarda.es\/en\/o-concello-da-guarda-lanza-una-campana-de-sensibilizacion-en-saude-mental-en-colaboracion-coa-asociacion-avelaina\/","og_locale":"en_US","og_type":"article","og_title":"O Concello da Guarda lanza una campa\u00f1a de sensibilizaci\u00f3n en sa\u00fade mental en colaboraci\u00f3n coa Asociaci\u00f3n Avela\u00ed\u00f1a - Concello da Guarda","og_description":"O Concello da Guarda lanza unha campa\u00f1a de sensibilizaci\u00f3n en sa\u00fade mental en colaboraci\u00f3n coa Asociaci\u00f3n Avela\u00ed\u00f1a.","og_url":"https:\/\/www.aguarda.es\/en\/o-concello-da-guarda-lanza-una-campana-de-sensibilizacion-en-saude-mental-en-colaboracion-coa-asociacion-avelaina\/","og_site_name":"Concello da Guarda","article_publisher":"https:\/\/www.facebook.com\/ConcellodaGuarda","article_published_time":"2022-07-27T11:21:04+00:00","og_image":[{"width":800,"height":533,"url":"https:\/\/www.aguarda.es\/wp-content\/uploads\/2022\/07\/NP-27072022-O-Concello-da-Guarda-lanza-una-campana-de-sensibilizacion-en-saude-mental-en-colaboracion-coa-Asociacion-Avelaina-1.jpg?_t=1658920865","type":"image\/jpeg"}],"author":"prensa","twitter_card":"summary_large_image","twitter_creator":"@AGuarda_es","twitter_site":"@AGuarda_es","twitter_misc":{"Written by":"prensa","Est. reading time":"2 minutes"},"schema":{"@context":"https:\/\/schema.org","@graph":[{"@type":"WebPage","@id":"https:\/\/www.aguarda.es\/en\/o-concello-da-guarda-lanza-una-campana-de-sensibilizacion-en-saude-mental-en-colaboracion-coa-asociacion-avelaina\/","url":"https:\/\/www.aguarda.es\/en\/o-concello-da-guarda-lanza-una-campana-de-sensibilizacion-en-saude-mental-en-colaboracion-coa-asociacion-avelaina\/","name":"O Concello da Guarda lanza una campa\u00f1a de sensibilizaci\u00f3n en sa\u00fade mental en colaboraci\u00f3n coa Asociaci\u00f3n Avela\u00ed\u00f1a - Concello da Guarda","isPartOf":{"@id":"https:\/\/www.aguarda.es\/en\/#website"},"datePublished":"2022-07-27T11:21:04+00:00","dateModified":"2022-07-27T11:21:04+00:00","author":{"@id":"https:\/\/www.aguarda.es\/en\/#\/schema\/person\/c463ca3006858ffb349d11179d044f21"},"description":"O Concello da Guarda lanza unha campa\u00f1a de sensibilizaci\u00f3n en sa\u00fade mental en colaboraci\u00f3n coa Asociaci\u00f3n Avela\u00ed\u00f1a.","breadcrumb":{"@id":"https:\/\/www.aguarda.es\/en\/o-concello-da-guarda-lanza-una-campana-de-sensibilizacion-en-saude-mental-en-colaboracion-coa-asociacion-avelaina\/#breadcrumb"},"inLanguage":"en-US","potentialAction":[{"@type":"ReadAction","target":["https:\/\/www.aguarda.es\/en\/o-concello-da-guarda-lanza-una-campana-de-sensibilizacion-en-saude-mental-en-colaboracion-coa-asociacion-avelaina\/"]}]},{"@type":"BreadcrumbList","@id":"https:\/\/www.aguarda.es\/en\/o-concello-da-guarda-lanza-una-campana-de-sensibilizacion-en-saude-mental-en-colaboracion-coa-asociacion-avelaina\/#breadcrumb","itemListElement":[{"@type":"ListItem","position":1,"name":"Portada","item":"https:\/\/www.aguarda.es\/en\/"},{"@type":"ListItem","position":2,"name":"O Concello da Guarda lanza una campa\u00f1a de sensibilizaci\u00f3n en sa\u00fade mental en colaboraci\u00f3n coa Asociaci\u00f3n Avela\u00ed\u00f1a"}]},{"@type":"WebSite","@id":"https:\/\/www.aguarda.es\/en\/#website","url":"https:\/\/www.aguarda.es\/en\/","name":"Concello da Guarda","description":"P\u00e1xina web do concello da Guarda","potentialAction":[{"@type":"SearchAction","target":{"@type":"EntryPoint","urlTemplate":"https:\/\/www.aguarda.es\/en\/?s={search_term_string}"},"query-input":"required name=search_term_string"}],"inLanguage":"en-US"},{"@type":"Person","@id":"https:\/\/www.aguarda.es\/en\/#\/schema\/person\/c463ca3006858ffb349d11179d044f21","name":"prensa","image":{"@type":"ImageObject","inLanguage":"en-US","@id":"https:\/\/www.aguarda.es\/en\/#\/schema\/person\/image\/","url":"https:\/\/secure.gravatar.com\/avatar\/5f90ef536b0f98306edf5c7a1135ffa1?s=96&d=mm&r=g","contentUrl":"https:\/\/secure.gravatar.com\/avatar\/5f90ef536b0f98306edf5c7a1135ffa1?s=96&d=mm&r=g","caption":"prensa"},"url":"https:\/\/www.aguarda.es\/en\/author\/prensa\/"}]}},"_links":{"self":[{"href":"https:\/\/www.aguarda.es\/en\/wp-json\/wp\/v2\/posts\/26611"}],"collection":[{"href":"https:\/\/www.aguarda.es\/en\/wp-json\/wp\/v2\/posts"}],"about":[{"href":"https:\/\/www.aguarda.es\/en\/wp-json\/wp\/v2\/types\/post"}],"author":[{"embeddable":true,"href":"https:\/\/www.aguarda.es\/en\/wp-json\/wp\/v2\/users\/2"}],"replies":[{"embeddable":true,"href":"https:\/\/www.aguarda.es\/en\/wp-json\/wp\/v2\/comments?post=26611"}],"version-history":[{"count":2,"href":"https:\/\/www.aguarda.es\/en\/wp-json\/wp\/v2\/posts\/26611\/revisions"}],"predecessor-version":[{"id":26615,"href":"https:\/\/www.aguarda.es\/en\/wp-json\/wp\/v2\/posts\/26611\/revisions\/26615"}],"wp:featuredmedia":[{"embeddable":true,"href":"https:\/\/www.aguarda.es\/en\/wp-json\/wp\/v2\/media\/26612"}],"wp:attachment":[{"href":"https:\/\/www.aguarda.es\/en\/wp-json\/wp\/v2\/media?parent=26611"}],"wp:term":[{"taxonomy":"category","embeddable":true,"href":"https:\/\/www.aguarda.es\/en\/wp-json\/wp\/v2\/categories?post=26611"},{"taxonomy":"post_tag","embeddable":true,"href":"https:\/\/www.aguarda.es\/en\/wp-json\/wp\/v2\/tags?post=26611"}],"curies":[{"name":"wp","href":"https:\/\/api.w.org\/{rel}","templated":true}]}}