{"id":26616,"date":"2022-07-27T14:37:08","date_gmt":"2022-07-27T14:37:08","guid":{"rendered":"https:\/\/www.aguarda.es\/?p=26616"},"modified":"2022-07-27T14:37:08","modified_gmt":"2022-07-27T14:37:08","slug":"a-guarda-informa-da-apertura-do-segundo-prazo-para-depotermal-2022","status":"publish","type":"post","link":"https:\/\/www.aguarda.es\/en\/a-guarda-informa-da-apertura-do-segundo-prazo-para-depotermal-2022\/","title":{"rendered":"A Guarda informa da apertura do segundo prazo para DEPOTermal 2022"},"content":{"rendered":"<p>A Deputaci\u00f3n de Pontevedra, a trav\u00e9s do Servizo de Cohesi\u00f3n Social e Xuventude, leva a cabo o plan de termalismo social \u201cDepotermal\u201d, que ten como finalidade facilitarlles \u00e1s veci\u00f1as e veci\u00f1os da provincia de Pontevedra o acceso a actividades de ocio saudable e envellecemento activo en establecementos hostaleiros (coma balnearios, talasos ou spa).<br \/>\nTr\u00e1tase, polo tanto, dun plan cun claro obxectivo social, xa que lles facilita o acceso ao turismo de sa\u00fade a persoas que doutro modo non poder\u00edan beneficiarse da s\u00faa dobre funci\u00f3n, como per\u00edodo de vacaci\u00f3ns e como tratamento sanitario, que ademais contrib\u00fae \u00e1 sostibilidade econ\u00f3mica da provincia.<br \/>\nDespois da primeira convocatoria, na que quedaron prazas sen cubrir, vense de anunciar unha segunda convocatoria co fin de ofertar as prazas dispo\u00f1ibles.<br \/>\nTr\u00e1tase dun programa destinado a persoas nadas antes do ano 1972, pensionistas, etc. No que poder gozar duns d\u00edas en balnearios ou hoteis con spa da provincia<br \/>\n<strong>Este novo prazo de solicitudes remata o vindeiro d\u00eda 2 de agosto<\/strong> e todas as persoas interesadas en participar poden acudir a Servizos Sociais do Concello da Guarda, no primeiro andar do edificio do concello vello na Praza do Rel\u00f3 ou informarse chamando ao 986 61 4507 ou enviando un correo electr\u00f3nico a sociais@aguarda.es<\/p>\n","protected":false},"excerpt":{"rendered":"<p>A Deputaci\u00f3n de Pontevedra, a trav\u00e9s do Servizo de Cohesi\u00f3n Social e Xuventude, leva a cabo o plan de termalismo social \u201cDepotermal\u201d, que ten como finalidade facilitarlles \u00e1s veci\u00f1as e veci\u00f1os da provincia de Pontevedra o acceso a actividades de &hellip; <\/p>\n","protected":false},"author":2,"featured_media":26617,"comment_status":"open","ping_status":"open","sticky":false,"template":"","format":"standard","meta":[],"categories":[45],"tags":[226,1033,274],"yoast_head":"<!-- This site is optimized with the Yoast SEO plugin v21.1 - https:\/\/yoast.com\/wordpress\/plugins\/seo\/ -->\n<title>A Guarda informa da apertura do segundo prazo para DEPOTermal 2022 - Concello da Guarda<\/title>\n<meta name=\"description\" content=\"Este novo prazo de solicitudes remata o vindeiro d\u00eda 2 de agosto e todas as persoas interesadas en participar poden acudir a Servizos Sociais do Concello da Guarda, no primeiro andar do edificio do concello vello na Praza do Rel\u00f3 ou informarse chamando ao 986 61 4507 ou enviando un correo electr\u00f3nico a sociais@aguarda.es\" \/>\n<meta name=\"robots\" content=\"index, follow, max-snippet:-1, max-image-preview:large, max-video-preview:-1\" \/>\n<link rel=\"canonical\" href=\"https:\/\/www.aguarda.es\/en\/a-guarda-informa-da-apertura-do-segundo-prazo-para-depotermal-2022\/\" \/>\n<meta property=\"og:locale\" content=\"en_US\" \/>\n<meta property=\"og:type\" content=\"article\" \/>\n<meta property=\"og:title\" content=\"A Guarda informa da apertura do segundo prazo para DEPOTermal 2022 - Concello da Guarda\" \/>\n<meta property=\"og:description\" content=\"Este novo prazo de solicitudes remata o vindeiro d\u00eda 2 de agosto e todas as persoas interesadas en participar poden acudir a Servizos Sociais do Concello da Guarda, no primeiro andar do edificio do concello vello na Praza do Rel\u00f3 ou informarse chamando ao 986 61 4507 ou enviando un correo electr\u00f3nico a sociais@aguarda.es\" \/>\n<meta property=\"og:url\" content=\"https:\/\/www.aguarda.es\/en\/a-guarda-informa-da-apertura-do-segundo-prazo-para-depotermal-2022\/\" \/>\n<meta property=\"og:site_name\" content=\"Concello da Guarda\" \/>\n<meta property=\"article:publisher\" content=\"https:\/\/www.facebook.com\/ConcellodaGuarda\" \/>\n<meta property=\"article:published_time\" content=\"2022-07-27T14:37:08+00:00\" \/>\n<meta property=\"og:image\" content=\"https:\/\/www.aguarda.es\/wp-content\/uploads\/2022\/07\/NP-27072022-A-Guarda-informa-da-apertura-do-segundo-prazo-para-DEPOTermal-2022.jpg?_t=1658932629\" \/>\n\t<meta property=\"og:image:width\" content=\"827\" \/>\n\t<meta property=\"og:image:height\" content=\"551\" \/>\n\t<meta property=\"og:image:type\" content=\"image\/jpeg\" \/>\n<meta name=\"author\" content=\"prensa\" \/>\n<meta name=\"twitter:card\" content=\"summary_large_image\" \/>\n<meta name=\"twitter:creator\" content=\"@AGuarda_es\" \/>\n<meta name=\"twitter:site\" content=\"@AGuarda_es\" \/>\n<meta name=\"twitter:label1\" content=\"Written by\" \/>\n\t<meta name=\"twitter:data1\" content=\"prensa\" \/>\n\t<meta name=\"twitter:label2\" content=\"Est. reading time\" \/>\n\t<meta name=\"twitter:data2\" content=\"2 minutes\" \/>\n<script type=\"application\/ld+json\" class=\"yoast-schema-graph\">{\"@context\":\"https:\/\/schema.org\",\"@graph\":[{\"@type\":\"WebPage\",\"@id\":\"https:\/\/www.aguarda.es\/en\/a-guarda-informa-da-apertura-do-segundo-prazo-para-depotermal-2022\/\",\"url\":\"https:\/\/www.aguarda.es\/en\/a-guarda-informa-da-apertura-do-segundo-prazo-para-depotermal-2022\/\",\"name\":\"A Guarda informa da apertura do segundo prazo para DEPOTermal 2022 - Concello da Guarda\",\"isPartOf\":{\"@id\":\"https:\/\/www.aguarda.es\/en\/#website\"},\"datePublished\":\"2022-07-27T14:37:08+00:00\",\"dateModified\":\"2022-07-27T14:37:08+00:00\",\"author\":{\"@id\":\"https:\/\/www.aguarda.es\/en\/#\/schema\/person\/c463ca3006858ffb349d11179d044f21\"},\"description\":\"Este novo prazo de solicitudes remata o vindeiro d\u00eda 2 de agosto e todas as persoas interesadas en participar poden acudir a Servizos Sociais do Concello da Guarda, no primeiro andar do edificio do concello vello na Praza do Rel\u00f3 ou informarse chamando ao 986 61 4507 ou enviando un correo electr\u00f3nico a sociais@aguarda.es\",\"breadcrumb\":{\"@id\":\"https:\/\/www.aguarda.es\/en\/a-guarda-informa-da-apertura-do-segundo-prazo-para-depotermal-2022\/#breadcrumb\"},\"inLanguage\":\"en-US\",\"potentialAction\":[{\"@type\":\"ReadAction\",\"target\":[\"https:\/\/www.aguarda.es\/en\/a-guarda-informa-da-apertura-do-segundo-prazo-para-depotermal-2022\/\"]}]},{\"@type\":\"BreadcrumbList\",\"@id\":\"https:\/\/www.aguarda.es\/en\/a-guarda-informa-da-apertura-do-segundo-prazo-para-depotermal-2022\/#breadcrumb\",\"itemListElement\":[{\"@type\":\"ListItem\",\"position\":1,\"name\":\"Portada\",\"item\":\"https:\/\/www.aguarda.es\/en\/\"},{\"@type\":\"ListItem\",\"position\":2,\"name\":\"A Guarda informa da apertura do segundo prazo para DEPOTermal 2022\"}]},{\"@type\":\"WebSite\",\"@id\":\"https:\/\/www.aguarda.es\/en\/#website\",\"url\":\"https:\/\/www.aguarda.es\/en\/\",\"name\":\"Concello da Guarda\",\"description\":\"P\u00e1xina web do concello da Guarda\",\"potentialAction\":[{\"@type\":\"SearchAction\",\"target\":{\"@type\":\"EntryPoint\",\"urlTemplate\":\"https:\/\/www.aguarda.es\/en\/?s={search_term_string}\"},\"query-input\":\"required name=search_term_string\"}],\"inLanguage\":\"en-US\"},{\"@type\":\"Person\",\"@id\":\"https:\/\/www.aguarda.es\/en\/#\/schema\/person\/c463ca3006858ffb349d11179d044f21\",\"name\":\"prensa\",\"image\":{\"@type\":\"ImageObject\",\"inLanguage\":\"en-US\",\"@id\":\"https:\/\/www.aguarda.es\/en\/#\/schema\/person\/image\/\",\"url\":\"https:\/\/secure.gravatar.com\/avatar\/5f90ef536b0f98306edf5c7a1135ffa1?s=96&d=mm&r=g\",\"contentUrl\":\"https:\/\/secure.gravatar.com\/avatar\/5f90ef536b0f98306edf5c7a1135ffa1?s=96&d=mm&r=g\",\"caption\":\"prensa\"},\"url\":\"https:\/\/www.aguarda.es\/en\/author\/prensa\/\"}]}<\/script>\n<!-- \/ Yoast SEO plugin. -->","yoast_head_json":{"title":"A Guarda informa da apertura do segundo prazo para DEPOTermal 2022 - Concello da Guarda","description":"Este novo prazo de solicitudes remata o vindeiro d\u00eda 2 de agosto e todas as persoas interesadas en participar poden acudir a Servizos Sociais do Concello da Guarda, no primeiro andar do edificio do concello vello na Praza do Rel\u00f3 ou informarse chamando ao 986 61 4507 ou enviando un correo electr\u00f3nico a sociais@aguarda.es","robots":{"index":"index","follow":"follow","max-snippet":"max-snippet:-1","max-image-preview":"max-image-preview:large","max-video-preview":"max-video-preview:-1"},"canonical":"https:\/\/www.aguarda.es\/en\/a-guarda-informa-da-apertura-do-segundo-prazo-para-depotermal-2022\/","og_locale":"en_US","og_type":"article","og_title":"A Guarda informa da apertura do segundo prazo para DEPOTermal 2022 - Concello da Guarda","og_description":"Este novo prazo de solicitudes remata o vindeiro d\u00eda 2 de agosto e todas as persoas interesadas en participar poden acudir a Servizos Sociais do Concello da Guarda, no primeiro andar do edificio do concello vello na Praza do Rel\u00f3 ou informarse chamando ao 986 61 4507 ou enviando un correo electr\u00f3nico a sociais@aguarda.es","og_url":"https:\/\/www.aguarda.es\/en\/a-guarda-informa-da-apertura-do-segundo-prazo-para-depotermal-2022\/","og_site_name":"Concello da Guarda","article_publisher":"https:\/\/www.facebook.com\/ConcellodaGuarda","article_published_time":"2022-07-27T14:37:08+00:00","og_image":[{"width":827,"height":551,"url":"https:\/\/www.aguarda.es\/wp-content\/uploads\/2022\/07\/NP-27072022-A-Guarda-informa-da-apertura-do-segundo-prazo-para-DEPOTermal-2022.jpg?_t=1658932629","type":"image\/jpeg"}],"author":"prensa","twitter_card":"summary_large_image","twitter_creator":"@AGuarda_es","twitter_site":"@AGuarda_es","twitter_misc":{"Written by":"prensa","Est. reading time":"2 minutes"},"schema":{"@context":"https:\/\/schema.org","@graph":[{"@type":"WebPage","@id":"https:\/\/www.aguarda.es\/en\/a-guarda-informa-da-apertura-do-segundo-prazo-para-depotermal-2022\/","url":"https:\/\/www.aguarda.es\/en\/a-guarda-informa-da-apertura-do-segundo-prazo-para-depotermal-2022\/","name":"A Guarda informa da apertura do segundo prazo para DEPOTermal 2022 - Concello da Guarda","isPartOf":{"@id":"https:\/\/www.aguarda.es\/en\/#website"},"datePublished":"2022-07-27T14:37:08+00:00","dateModified":"2022-07-27T14:37:08+00:00","author":{"@id":"https:\/\/www.aguarda.es\/en\/#\/schema\/person\/c463ca3006858ffb349d11179d044f21"},"description":"Este novo prazo de solicitudes remata o vindeiro d\u00eda 2 de agosto e todas as persoas interesadas en participar poden acudir a Servizos Sociais do Concello da Guarda, no primeiro andar do edificio do concello vello na Praza do Rel\u00f3 ou informarse chamando ao 986 61 4507 ou enviando un correo electr\u00f3nico a sociais@aguarda.es","breadcrumb":{"@id":"https:\/\/www.aguarda.es\/en\/a-guarda-informa-da-apertura-do-segundo-prazo-para-depotermal-2022\/#breadcrumb"},"inLanguage":"en-US","potentialAction":[{"@type":"ReadAction","target":["https:\/\/www.aguarda.es\/en\/a-guarda-informa-da-apertura-do-segundo-prazo-para-depotermal-2022\/"]}]},{"@type":"BreadcrumbList","@id":"https:\/\/www.aguarda.es\/en\/a-guarda-informa-da-apertura-do-segundo-prazo-para-depotermal-2022\/#breadcrumb","itemListElement":[{"@type":"ListItem","position":1,"name":"Portada","item":"https:\/\/www.aguarda.es\/en\/"},{"@type":"ListItem","position":2,"name":"A Guarda informa da apertura do segundo prazo para DEPOTermal 2022"}]},{"@type":"WebSite","@id":"https:\/\/www.aguarda.es\/en\/#website","url":"https:\/\/www.aguarda.es\/en\/","name":"Concello da Guarda","description":"P\u00e1xina web do concello da Guarda","potentialAction":[{"@type":"SearchAction","target":{"@type":"EntryPoint","urlTemplate":"https:\/\/www.aguarda.es\/en\/?s={search_term_string}"},"query-input":"required name=search_term_string"}],"inLanguage":"en-US"},{"@type":"Person","@id":"https:\/\/www.aguarda.es\/en\/#\/schema\/person\/c463ca3006858ffb349d11179d044f21","name":"prensa","image":{"@type":"ImageObject","inLanguage":"en-US","@id":"https:\/\/www.aguarda.es\/en\/#\/schema\/person\/image\/","url":"https:\/\/secure.gravatar.com\/avatar\/5f90ef536b0f98306edf5c7a1135ffa1?s=96&d=mm&r=g","contentUrl":"https:\/\/secure.gravatar.com\/avatar\/5f90ef536b0f98306edf5c7a1135ffa1?s=96&d=mm&r=g","caption":"prensa"},"url":"https:\/\/www.aguarda.es\/en\/author\/prensa\/"}]}},"_links":{"self":[{"href":"https:\/\/www.aguarda.es\/en\/wp-json\/wp\/v2\/posts\/26616"}],"collection":[{"href":"https:\/\/www.aguarda.es\/en\/wp-json\/wp\/v2\/posts"}],"about":[{"href":"https:\/\/www.aguarda.es\/en\/wp-json\/wp\/v2\/types\/post"}],"author":[{"embeddable":true,"href":"https:\/\/www.aguarda.es\/en\/wp-json\/wp\/v2\/users\/2"}],"replies":[{"embeddable":true,"href":"https:\/\/www.aguarda.es\/en\/wp-json\/wp\/v2\/comments?post=26616"}],"version-history":[{"count":1,"href":"https:\/\/www.aguarda.es\/en\/wp-json\/wp\/v2\/posts\/26616\/revisions"}],"predecessor-version":[{"id":26619,"href":"https:\/\/www.aguarda.es\/en\/wp-json\/wp\/v2\/posts\/26616\/revisions\/26619"}],"wp:featuredmedia":[{"embeddable":true,"href":"https:\/\/www.aguarda.es\/en\/wp-json\/wp\/v2\/media\/26617"}],"wp:attachment":[{"href":"https:\/\/www.aguarda.es\/en\/wp-json\/wp\/v2\/media?parent=26616"}],"wp:term":[{"taxonomy":"category","embeddable":true,"href":"https:\/\/www.aguarda.es\/en\/wp-json\/wp\/v2\/categories?post=26616"},{"taxonomy":"post_tag","embeddable":true,"href":"https:\/\/www.aguarda.es\/en\/wp-json\/wp\/v2\/tags?post=26616"}],"curies":[{"name":"wp","href":"https:\/\/api.w.org\/{rel}","templated":true}]}}