{"id":26700,"date":"2022-08-19T09:23:06","date_gmt":"2022-08-19T09:23:06","guid":{"rendered":"https:\/\/www.aguarda.es\/?p=26700"},"modified":"2022-08-19T09:23:06","modified_gmt":"2022-08-19T09:23:06","slug":"o-concello-da-guarda-activa-un-visor-web-para-a-prevencion-de-incendios-forestais","status":"publish","type":"post","link":"https:\/\/www.aguarda.es\/en\/o-concello-da-guarda-activa-un-visor-web-para-a-prevencion-de-incendios-forestais\/","title":{"rendered":"O concello da Guarda activa un visor web para a prevenci\u00f3n de incendios forestais"},"content":{"rendered":"<p>No mes de Xu\u00f1o do ano 2022 aprobouse definitivamente o Plan municipal de prevenci\u00f3n e defensa contra incendios forestais do Concello da Guarda(PMPDIF).<\/p>\n<p>O Plan define as redes secundarias de faixas de xesti\u00f3n de biomasa nunha franxa de 50 metros perimetral ao solo urbano, de n\u00facleo rural e urbanizable e vivendas illadas. Isto \u00e9, as zonas nas que a lei obriga a ter os terreos limpos e nos que hai especies arb\u00f3reas que non est\u00e1n permitidas.<\/p>\n<p>O concello da Guarda activou un visor web para que a veci\u00f1anza dispuxera dunha ferramenta dixital que lle facilitara consultar aquelas parcelas do termo municipal que est\u00e1n afectadas pola rede secundaria de faixas. As fincas que se atopen nestas faixas deber\u00e1n estar limpas.<\/p>\n<p>A finalidade da implantaci\u00f3n do visor \u00e9 dar a posibilidade de acceso aos cidad\u00e1ns \u00e1 informaci\u00f3n de car\u00e1cter p\u00fablico mediante unha ferramenta sinxela que aporta un beneficio en canto ao acceso inmediato a informaci\u00f3n, sen esperas nin citas previas, as\u00ed como para o concello aforrando tempos e recursos.<\/p>\n<p>A consulta e interacci\u00f3n co mapa pode realizarse dende un dispositivo electr\u00f3nico como un ordenador, un tel\u00e9fono m\u00f3bil ou unha tablet.<\/p>\n<p>Como utilidades a destacar ser\u00eda a localizaci\u00f3n mediante GPS, procura das parcelas por referencia catastral, enderezo, etc. ademais da opci\u00f3n de imprimir plano da zona seleccionada entre outras.<\/p>\n<p>Dende a Web municipal <a href=\"https:\/\/www.aguarda.es\/\">https:\/\/www.aguarda.es\/<\/a> ou a trav\u00e9s da ligaz\u00f3n <a href=\"https:\/\/arcg.is\/bX91b\">https:\/\/arcg.is\/bX91b<\/a> o contido ser\u00e1 accesible mediante un Visor Web.<\/p>\n<p style=\"text-align: center\"><a href=\"https:\/\/arcg.is\/bX91b\"><img decoding=\"async\" loading=\"lazy\" class=\"aligncenter size-full wp-image-26697\" src=\"https:\/\/www.aguarda.es\/wp-content\/uploads\/2022\/08\/BANNER-FAIXAS-INCENDIOS-copia.jpg\" alt=\"\" width=\"450\" height=\"90\" srcset=\"https:\/\/www.aguarda.es\/wp-content\/uploads\/2022\/08\/BANNER-FAIXAS-INCENDIOS-copia.jpg 450w, https:\/\/www.aguarda.es\/wp-content\/uploads\/2022\/08\/BANNER-FAIXAS-INCENDIOS-copia-300x60.jpg 300w\" sizes=\"(max-width: 450px) 100vw, 450px\" \/><\/a><\/p>\n","protected":false},"excerpt":{"rendered":"<p>No mes de Xu\u00f1o do ano 2022 aprobouse definitivamente o Plan municipal de prevenci\u00f3n e defensa contra incendios forestais do Concello da Guarda(PMPDIF). O Plan define as redes secundarias de faixas de xesti\u00f3n de biomasa nunha franxa de 50 metros &hellip; <\/p>\n","protected":false},"author":2,"featured_media":26701,"comment_status":"open","ping_status":"open","sticky":false,"template":"","format":"standard","meta":[],"categories":[40],"tags":[226,2419,2847],"yoast_head":"<!-- This site is optimized with the Yoast SEO plugin v21.1 - https:\/\/yoast.com\/wordpress\/plugins\/seo\/ -->\n<title>O concello da Guarda activa un visor web para a prevenci\u00f3n de incendios forestais - Concello da Guarda<\/title>\n<meta name=\"description\" content=\"No mes de Xu\u00f1o do ano 2022 aprobouse definitivamente o Plan municipal de prevenci\u00f3n e defensa contra incendios forestais do Concello da Guarda(PMPDIF).\" \/>\n<meta name=\"robots\" content=\"index, follow, max-snippet:-1, max-image-preview:large, max-video-preview:-1\" \/>\n<link rel=\"canonical\" href=\"https:\/\/www.aguarda.es\/en\/o-concello-da-guarda-activa-un-visor-web-para-a-prevencion-de-incendios-forestais\/\" \/>\n<meta property=\"og:locale\" content=\"en_US\" \/>\n<meta property=\"og:type\" content=\"article\" \/>\n<meta property=\"og:title\" content=\"O concello da Guarda activa un visor web para a prevenci\u00f3n de incendios forestais - Concello da Guarda\" \/>\n<meta property=\"og:description\" content=\"No mes de Xu\u00f1o do ano 2022 aprobouse definitivamente o Plan municipal de prevenci\u00f3n e defensa contra incendios forestais do Concello da Guarda(PMPDIF).\" \/>\n<meta property=\"og:url\" content=\"https:\/\/www.aguarda.es\/en\/o-concello-da-guarda-activa-un-visor-web-para-a-prevencion-de-incendios-forestais\/\" \/>\n<meta property=\"og:site_name\" content=\"Concello da Guarda\" \/>\n<meta property=\"article:publisher\" content=\"https:\/\/www.facebook.com\/ConcellodaGuarda\" \/>\n<meta property=\"article:published_time\" content=\"2022-08-19T09:23:06+00:00\" \/>\n<meta property=\"og:image\" content=\"https:\/\/www.aguarda.es\/wp-content\/uploads\/2022\/08\/Sin-titulo-2-1.jpg?_t=1660900987\" \/>\n\t<meta property=\"og:image:width\" content=\"800\" \/>\n\t<meta property=\"og:image:height\" content=\"409\" \/>\n\t<meta property=\"og:image:type\" content=\"image\/jpeg\" \/>\n<meta name=\"author\" content=\"prensa\" \/>\n<meta name=\"twitter:card\" content=\"summary_large_image\" \/>\n<meta name=\"twitter:creator\" content=\"@AGuarda_es\" \/>\n<meta name=\"twitter:site\" content=\"@AGuarda_es\" \/>\n<meta name=\"twitter:label1\" content=\"Written by\" \/>\n\t<meta name=\"twitter:data1\" content=\"prensa\" \/>\n\t<meta name=\"twitter:label2\" content=\"Est. reading time\" \/>\n\t<meta name=\"twitter:data2\" content=\"2 minutes\" \/>\n<script type=\"application\/ld+json\" class=\"yoast-schema-graph\">{\"@context\":\"https:\/\/schema.org\",\"@graph\":[{\"@type\":\"WebPage\",\"@id\":\"https:\/\/www.aguarda.es\/en\/o-concello-da-guarda-activa-un-visor-web-para-a-prevencion-de-incendios-forestais\/\",\"url\":\"https:\/\/www.aguarda.es\/en\/o-concello-da-guarda-activa-un-visor-web-para-a-prevencion-de-incendios-forestais\/\",\"name\":\"O concello da Guarda activa un visor web para a prevenci\u00f3n de incendios forestais - Concello da Guarda\",\"isPartOf\":{\"@id\":\"https:\/\/www.aguarda.es\/en\/#website\"},\"datePublished\":\"2022-08-19T09:23:06+00:00\",\"dateModified\":\"2022-08-19T09:23:06+00:00\",\"author\":{\"@id\":\"https:\/\/www.aguarda.es\/en\/#\/schema\/person\/c463ca3006858ffb349d11179d044f21\"},\"description\":\"No mes de Xu\u00f1o do ano 2022 aprobouse definitivamente o Plan municipal de prevenci\u00f3n e defensa contra incendios forestais do Concello da Guarda(PMPDIF).\",\"breadcrumb\":{\"@id\":\"https:\/\/www.aguarda.es\/en\/o-concello-da-guarda-activa-un-visor-web-para-a-prevencion-de-incendios-forestais\/#breadcrumb\"},\"inLanguage\":\"en-US\",\"potentialAction\":[{\"@type\":\"ReadAction\",\"target\":[\"https:\/\/www.aguarda.es\/en\/o-concello-da-guarda-activa-un-visor-web-para-a-prevencion-de-incendios-forestais\/\"]}]},{\"@type\":\"BreadcrumbList\",\"@id\":\"https:\/\/www.aguarda.es\/en\/o-concello-da-guarda-activa-un-visor-web-para-a-prevencion-de-incendios-forestais\/#breadcrumb\",\"itemListElement\":[{\"@type\":\"ListItem\",\"position\":1,\"name\":\"Portada\",\"item\":\"https:\/\/www.aguarda.es\/en\/\"},{\"@type\":\"ListItem\",\"position\":2,\"name\":\"O concello da Guarda activa un visor web para a prevenci\u00f3n de incendios forestais\"}]},{\"@type\":\"WebSite\",\"@id\":\"https:\/\/www.aguarda.es\/en\/#website\",\"url\":\"https:\/\/www.aguarda.es\/en\/\",\"name\":\"Concello da Guarda\",\"description\":\"P\u00e1xina web do concello da Guarda\",\"potentialAction\":[{\"@type\":\"SearchAction\",\"target\":{\"@type\":\"EntryPoint\",\"urlTemplate\":\"https:\/\/www.aguarda.es\/en\/?s={search_term_string}\"},\"query-input\":\"required name=search_term_string\"}],\"inLanguage\":\"en-US\"},{\"@type\":\"Person\",\"@id\":\"https:\/\/www.aguarda.es\/en\/#\/schema\/person\/c463ca3006858ffb349d11179d044f21\",\"name\":\"prensa\",\"image\":{\"@type\":\"ImageObject\",\"inLanguage\":\"en-US\",\"@id\":\"https:\/\/www.aguarda.es\/en\/#\/schema\/person\/image\/\",\"url\":\"https:\/\/secure.gravatar.com\/avatar\/5f90ef536b0f98306edf5c7a1135ffa1?s=96&d=mm&r=g\",\"contentUrl\":\"https:\/\/secure.gravatar.com\/avatar\/5f90ef536b0f98306edf5c7a1135ffa1?s=96&d=mm&r=g\",\"caption\":\"prensa\"},\"url\":\"https:\/\/www.aguarda.es\/en\/author\/prensa\/\"}]}<\/script>\n<!-- \/ Yoast SEO plugin. -->","yoast_head_json":{"title":"O concello da Guarda activa un visor web para a prevenci\u00f3n de incendios forestais - Concello da Guarda","description":"No mes de Xu\u00f1o do ano 2022 aprobouse definitivamente o Plan municipal de prevenci\u00f3n e defensa contra incendios forestais do Concello da Guarda(PMPDIF).","robots":{"index":"index","follow":"follow","max-snippet":"max-snippet:-1","max-image-preview":"max-image-preview:large","max-video-preview":"max-video-preview:-1"},"canonical":"https:\/\/www.aguarda.es\/en\/o-concello-da-guarda-activa-un-visor-web-para-a-prevencion-de-incendios-forestais\/","og_locale":"en_US","og_type":"article","og_title":"O concello da Guarda activa un visor web para a prevenci\u00f3n de incendios forestais - Concello da Guarda","og_description":"No mes de Xu\u00f1o do ano 2022 aprobouse definitivamente o Plan municipal de prevenci\u00f3n e defensa contra incendios forestais do Concello da Guarda(PMPDIF).","og_url":"https:\/\/www.aguarda.es\/en\/o-concello-da-guarda-activa-un-visor-web-para-a-prevencion-de-incendios-forestais\/","og_site_name":"Concello da Guarda","article_publisher":"https:\/\/www.facebook.com\/ConcellodaGuarda","article_published_time":"2022-08-19T09:23:06+00:00","og_image":[{"width":800,"height":409,"url":"https:\/\/www.aguarda.es\/wp-content\/uploads\/2022\/08\/Sin-titulo-2-1.jpg?_t=1660900987","type":"image\/jpeg"}],"author":"prensa","twitter_card":"summary_large_image","twitter_creator":"@AGuarda_es","twitter_site":"@AGuarda_es","twitter_misc":{"Written by":"prensa","Est. reading time":"2 minutes"},"schema":{"@context":"https:\/\/schema.org","@graph":[{"@type":"WebPage","@id":"https:\/\/www.aguarda.es\/en\/o-concello-da-guarda-activa-un-visor-web-para-a-prevencion-de-incendios-forestais\/","url":"https:\/\/www.aguarda.es\/en\/o-concello-da-guarda-activa-un-visor-web-para-a-prevencion-de-incendios-forestais\/","name":"O concello da Guarda activa un visor web para a prevenci\u00f3n de incendios forestais - Concello da Guarda","isPartOf":{"@id":"https:\/\/www.aguarda.es\/en\/#website"},"datePublished":"2022-08-19T09:23:06+00:00","dateModified":"2022-08-19T09:23:06+00:00","author":{"@id":"https:\/\/www.aguarda.es\/en\/#\/schema\/person\/c463ca3006858ffb349d11179d044f21"},"description":"No mes de Xu\u00f1o do ano 2022 aprobouse definitivamente o Plan municipal de prevenci\u00f3n e defensa contra incendios forestais do Concello da Guarda(PMPDIF).","breadcrumb":{"@id":"https:\/\/www.aguarda.es\/en\/o-concello-da-guarda-activa-un-visor-web-para-a-prevencion-de-incendios-forestais\/#breadcrumb"},"inLanguage":"en-US","potentialAction":[{"@type":"ReadAction","target":["https:\/\/www.aguarda.es\/en\/o-concello-da-guarda-activa-un-visor-web-para-a-prevencion-de-incendios-forestais\/"]}]},{"@type":"BreadcrumbList","@id":"https:\/\/www.aguarda.es\/en\/o-concello-da-guarda-activa-un-visor-web-para-a-prevencion-de-incendios-forestais\/#breadcrumb","itemListElement":[{"@type":"ListItem","position":1,"name":"Portada","item":"https:\/\/www.aguarda.es\/en\/"},{"@type":"ListItem","position":2,"name":"O concello da Guarda activa un visor web para a prevenci\u00f3n de incendios forestais"}]},{"@type":"WebSite","@id":"https:\/\/www.aguarda.es\/en\/#website","url":"https:\/\/www.aguarda.es\/en\/","name":"Concello da Guarda","description":"P\u00e1xina web do concello da Guarda","potentialAction":[{"@type":"SearchAction","target":{"@type":"EntryPoint","urlTemplate":"https:\/\/www.aguarda.es\/en\/?s={search_term_string}"},"query-input":"required name=search_term_string"}],"inLanguage":"en-US"},{"@type":"Person","@id":"https:\/\/www.aguarda.es\/en\/#\/schema\/person\/c463ca3006858ffb349d11179d044f21","name":"prensa","image":{"@type":"ImageObject","inLanguage":"en-US","@id":"https:\/\/www.aguarda.es\/en\/#\/schema\/person\/image\/","url":"https:\/\/secure.gravatar.com\/avatar\/5f90ef536b0f98306edf5c7a1135ffa1?s=96&d=mm&r=g","contentUrl":"https:\/\/secure.gravatar.com\/avatar\/5f90ef536b0f98306edf5c7a1135ffa1?s=96&d=mm&r=g","caption":"prensa"},"url":"https:\/\/www.aguarda.es\/en\/author\/prensa\/"}]}},"_links":{"self":[{"href":"https:\/\/www.aguarda.es\/en\/wp-json\/wp\/v2\/posts\/26700"}],"collection":[{"href":"https:\/\/www.aguarda.es\/en\/wp-json\/wp\/v2\/posts"}],"about":[{"href":"https:\/\/www.aguarda.es\/en\/wp-json\/wp\/v2\/types\/post"}],"author":[{"embeddable":true,"href":"https:\/\/www.aguarda.es\/en\/wp-json\/wp\/v2\/users\/2"}],"replies":[{"embeddable":true,"href":"https:\/\/www.aguarda.es\/en\/wp-json\/wp\/v2\/comments?post=26700"}],"version-history":[{"count":2,"href":"https:\/\/www.aguarda.es\/en\/wp-json\/wp\/v2\/posts\/26700\/revisions"}],"predecessor-version":[{"id":26704,"href":"https:\/\/www.aguarda.es\/en\/wp-json\/wp\/v2\/posts\/26700\/revisions\/26704"}],"wp:featuredmedia":[{"embeddable":true,"href":"https:\/\/www.aguarda.es\/en\/wp-json\/wp\/v2\/media\/26701"}],"wp:attachment":[{"href":"https:\/\/www.aguarda.es\/en\/wp-json\/wp\/v2\/media?parent=26700"}],"wp:term":[{"taxonomy":"category","embeddable":true,"href":"https:\/\/www.aguarda.es\/en\/wp-json\/wp\/v2\/categories?post=26700"},{"taxonomy":"post_tag","embeddable":true,"href":"https:\/\/www.aguarda.es\/en\/wp-json\/wp\/v2\/tags?post=26700"}],"curies":[{"name":"wp","href":"https:\/\/api.w.org\/{rel}","templated":true}]}}