{"id":26724,"date":"2022-08-23T11:29:23","date_gmt":"2022-08-23T11:29:23","guid":{"rendered":"https:\/\/www.aguarda.es\/?p=26724"},"modified":"2022-08-23T11:29:23","modified_gmt":"2022-08-23T11:29:23","slug":"o-plan-reacpon-permitira-a-guarda-ter-un-novo-pavillon-da-sangrina-mais-funcional-e-amplo-para-cubrir-as-necesidades-deportivas-da-vecinanza","status":"publish","type":"post","link":"https:\/\/www.aguarda.es\/en\/o-plan-reacpon-permitira-a-guarda-ter-un-novo-pavillon-da-sangrina-mais-funcional-e-amplo-para-cubrir-as-necesidades-deportivas-da-vecinanza\/","title":{"rendered":"O plan Reacpon permitir\u00e1 \u00e1 Guarda ter un novo Pavill\u00f3n da Sangri\u00f1a, m\u00e1is funcional e amplo, para cubrir as necesidades deportivas da veci\u00f1anza"},"content":{"rendered":"<p>O Pavill\u00f3n da Sangri\u00f1a, unha das dotaci\u00f3ns deportivas m\u00e1is importantes da provincia, est\u00e1 a ser obxecto dunha ambiciosa reforma e ampliaci\u00f3n coa que a Deputaci\u00f3n de Pontevedra remarca o seu compromiso co deporte. As obras contan cun orzamento de 1.870.667 euros, dos que a instituci\u00f3n provincial aporta 609.672 euros a trav\u00e9s do Plan ReacPon. O alcance da obra foi remarcado hoxe polo deputado provincial Carlos Font durante a visita que realizou acompa\u00f1ado do alcalde da Guarda, Antonio Lomba.<\/p>\n<p>&nbsp;<\/p>\n<p>As obras, que estar\u00e1n rematadas cara finais deste ano ou comezos do pr\u00f3ximo, dar\u00e1n un xiro de 360 graos ao pavill\u00f3n que medrar\u00e1 tanto ao longo -co engadido dunha nova bancada na parte posterior- como ao ancho -coa execuci\u00f3n dunha zona de circulaci\u00f3n na parte superior, que permitir\u00e1 un acceso m\u00e1is c\u00f3modo e controlado. E modernizarase coa\u00a0 reforma interior das s\u00faas instalaci\u00f3ns nas que albergar\u00e1 seis vestiarios -un accesible, un para \u00e1rbitros\/as e outros catro xerais-, unha zona para espectadores\/as en cadeira de rodas, unha \u00e1rea de prensa, un espazo de enfermer\u00eda e de control antidopaxe e unha cantina. Ademais, as actuaci\u00f3ns permitir\u00e1n aumentar o aforo do pavill\u00f3n nun 48%, o que supor\u00e1 a posibilidade de reunir nel ata a 700 persoas sentadas.<\/p>\n<p>&nbsp;<\/p>\n<p>Os fondos provinciais tam\u00e9n servir\u00e1n para acometer melloras no revestimento exterior do pavill\u00f3n ao facer que A Sangri\u00f1a conte cunha nova cuberta e fachada. Esta \u00faltima contar\u00e1 con d\u00faas alturas e permitir\u00e1 a entrada controlada de luz e na zona principal dese\u00f1arase un volume de formig\u00f3n que acoller\u00e1 un novo acceso, a cantina e a zona de vestiarios e aseos accesibles. Con todo elo, modern\u00edzase unha instalaci\u00f3n que data dos anos 80 e que, a pesar de que foi obxecto dalgunhas reformas, non cumpr\u00eda cos requisitos dunha instalaci\u00f3n que rexistra unha importante actividade social e deportiva.<\/p>\n<p>&nbsp;<\/p>\n<p>O proxecto que financia a Deputaci\u00f3n a trav\u00e9s do plan ReacPon contempla tam\u00e9n a rexeneraci\u00f3n dos espazos urbanos da contorna, con beirarr\u00faas con bandas de pedra e bordos sen diferencia de nivel. Deste xeito, porase en valor a contorna do pavill\u00f3n, unha instalaci\u00f3n referente para as e os deportistas deste concello xa que nel xogan e adestran os diferentes equipos do Atl\u00e9tico Guard\u00e9s e tam\u00e9n \u00e9 empregado por alumnado do CEIP da Sangri\u00f1a.<\/p>\n<p>&nbsp;<\/p>\n","protected":false},"excerpt":{"rendered":"<p>O Pavill\u00f3n da Sangri\u00f1a, unha das dotaci\u00f3ns deportivas m\u00e1is importantes da provincia, est\u00e1 a ser obxecto dunha ambiciosa reforma e ampliaci\u00f3n coa que a Deputaci\u00f3n de Pontevedra remarca o seu compromiso co deporte. As obras contan cun orzamento de 1.870.667 &hellip; <\/p>\n","protected":false},"author":2,"featured_media":26725,"comment_status":"open","ping_status":"open","sticky":false,"template":"","format":"standard","meta":{"inline_featured_image":false,"footnotes":""},"categories":[35],"tags":[226,276,274,1593,400,2631],"class_list":["post-26724","post","type-post","status-publish","format-standard","has-post-thumbnail","hentry","category-deporte","tag-a-guarda","tag-deporte","tag-deputacion-de-pontevedra","tag-infraestruturas","tag-pavillon-da-sangrina","tag-reacpon"],"yoast_head":"<!-- This site is optimized with the Yoast SEO plugin v28.4 - https:\/\/yoast.com\/product\/yoast-seo-wordpress\/ -->\n<title>O plan Reacpon permitir\u00e1 \u00e1 Guarda ter un novo Pavill\u00f3n da Sangri\u00f1a, m\u00e1is funcional e amplo, para cubrir as necesidades deportivas da veci\u00f1anza - Concello da Guarda<\/title>\n<meta name=\"description\" content=\"Cun orzamento de m\u00e1is de 1,8 mill\u00f3ns de euros, a reforma da infraestrutura mellora a accesibilidade, a seguridade, a eficiencia enerx\u00e9tica e o aforo\" \/>\n<meta name=\"robots\" content=\"index, follow, max-snippet:-1, max-image-preview:large, max-video-preview:-1\" \/>\n<link rel=\"canonical\" href=\"https:\/\/www.aguarda.es\/en\/o-plan-reacpon-permitira-a-guarda-ter-un-novo-pavillon-da-sangrina-mais-funcional-e-amplo-para-cubrir-as-necesidades-deportivas-da-vecinanza\/\" \/>\n<meta property=\"og:locale\" content=\"en_US\" \/>\n<meta property=\"og:type\" content=\"article\" \/>\n<meta property=\"og:title\" content=\"O plan Reacpon permitir\u00e1 \u00e1 Guarda ter un novo Pavill\u00f3n da Sangri\u00f1a, m\u00e1is funcional e amplo, para cubrir as necesidades deportivas da veci\u00f1anza - Concello da Guarda\" \/>\n<meta property=\"og:description\" content=\"Cun orzamento de m\u00e1is de 1,8 mill\u00f3ns de euros, a reforma da infraestrutura mellora a accesibilidade, a seguridade, a eficiencia enerx\u00e9tica e o aforo\" \/>\n<meta property=\"og:url\" content=\"https:\/\/www.aguarda.es\/en\/o-plan-reacpon-permitira-a-guarda-ter-un-novo-pavillon-da-sangrina-mais-funcional-e-amplo-para-cubrir-as-necesidades-deportivas-da-vecinanza\/\" \/>\n<meta property=\"og:site_name\" content=\"Concello da Guarda\" \/>\n<meta property=\"article:publisher\" content=\"https:\/\/www.facebook.com\/ConcellodaGuarda\" \/>\n<meta property=\"article:published_time\" content=\"2022-08-23T11:29:23+00:00\" \/>\n<meta property=\"og:image\" content=\"https:\/\/www.aguarda.es\/wp-content\/uploads\/2022\/08\/Visita-A-Sangrina-Carlos-Font-22-ago-2022.jpg?_t=1661254164\" \/>\n\t<meta property=\"og:image:width\" content=\"800\" \/>\n\t<meta property=\"og:image:height\" content=\"534\" \/>\n\t<meta property=\"og:image:type\" content=\"image\/jpeg\" \/>\n<meta name=\"author\" content=\"prensa\" \/>\n<meta name=\"twitter:card\" content=\"summary_large_image\" \/>\n<meta name=\"twitter:creator\" content=\"@AGuarda_es\" \/>\n<meta name=\"twitter:site\" content=\"@AGuarda_es\" \/>\n<meta name=\"twitter:label1\" content=\"Written by\" \/>\n\t<meta name=\"twitter:data1\" content=\"prensa\" \/>\n\t<meta name=\"twitter:label2\" content=\"Est. reading time\" \/>\n\t<meta name=\"twitter:data2\" content=\"3 minutes\" \/>\n<script type=\"application\/ld+json\" class=\"yoast-schema-graph\">{\"@context\":\"https:\\\/\\\/schema.org\",\"@graph\":[{\"@type\":\"Article\",\"@id\":\"https:\\\/\\\/www.aguarda.es\\\/en\\\/o-plan-reacpon-permitira-a-guarda-ter-un-novo-pavillon-da-sangrina-mais-funcional-e-amplo-para-cubrir-as-necesidades-deportivas-da-vecinanza\\\/#article\",\"isPartOf\":{\"@id\":\"https:\\\/\\\/www.aguarda.es\\\/en\\\/o-plan-reacpon-permitira-a-guarda-ter-un-novo-pavillon-da-sangrina-mais-funcional-e-amplo-para-cubrir-as-necesidades-deportivas-da-vecinanza\\\/\"},\"author\":{\"name\":\"prensa\",\"@id\":\"https:\\\/\\\/www.aguarda.es\\\/en\\\/#\\\/schema\\\/person\\\/c463ca3006858ffb349d11179d044f21\"},\"headline\":\"O plan Reacpon permitir\u00e1 \u00e1 Guarda ter un novo Pavill\u00f3n da Sangri\u00f1a, m\u00e1is funcional e amplo, para cubrir as necesidades deportivas da veci\u00f1anza\",\"datePublished\":\"2022-08-23T11:29:23+00:00\",\"mainEntityOfPage\":{\"@id\":\"https:\\\/\\\/www.aguarda.es\\\/en\\\/o-plan-reacpon-permitira-a-guarda-ter-un-novo-pavillon-da-sangrina-mais-funcional-e-amplo-para-cubrir-as-necesidades-deportivas-da-vecinanza\\\/\"},\"wordCount\":440,\"commentCount\":0,\"image\":{\"@id\":\"https:\\\/\\\/www.aguarda.es\\\/en\\\/o-plan-reacpon-permitira-a-guarda-ter-un-novo-pavillon-da-sangrina-mais-funcional-e-amplo-para-cubrir-as-necesidades-deportivas-da-vecinanza\\\/#primaryimage\"},\"thumbnailUrl\":\"https:\\\/\\\/www.aguarda.es\\\/wp-content\\\/uploads\\\/2022\\\/08\\\/Visita-A-Sangrina-Carlos-Font-22-ago-2022.jpg\",\"keywords\":[\"A Guarda\",\"Deporte\",\"Deputaci\u00f3n de Pontevedra\",\"infraestruturas\",\"Pavill\u00f3n da Sangri\u00f1a\",\"reacpon\"],\"articleSection\":[\"Deporte\"],\"inLanguage\":\"en-US\"},{\"@type\":\"WebPage\",\"@id\":\"https:\\\/\\\/www.aguarda.es\\\/en\\\/o-plan-reacpon-permitira-a-guarda-ter-un-novo-pavillon-da-sangrina-mais-funcional-e-amplo-para-cubrir-as-necesidades-deportivas-da-vecinanza\\\/\",\"url\":\"https:\\\/\\\/www.aguarda.es\\\/en\\\/o-plan-reacpon-permitira-a-guarda-ter-un-novo-pavillon-da-sangrina-mais-funcional-e-amplo-para-cubrir-as-necesidades-deportivas-da-vecinanza\\\/\",\"name\":\"O plan Reacpon permitir\u00e1 \u00e1 Guarda ter un novo Pavill\u00f3n da Sangri\u00f1a, m\u00e1is funcional e amplo, para cubrir as necesidades deportivas da veci\u00f1anza - Concello da Guarda\",\"isPartOf\":{\"@id\":\"https:\\\/\\\/www.aguarda.es\\\/en\\\/#website\"},\"primaryImageOfPage\":{\"@id\":\"https:\\\/\\\/www.aguarda.es\\\/en\\\/o-plan-reacpon-permitira-a-guarda-ter-un-novo-pavillon-da-sangrina-mais-funcional-e-amplo-para-cubrir-as-necesidades-deportivas-da-vecinanza\\\/#primaryimage\"},\"image\":{\"@id\":\"https:\\\/\\\/www.aguarda.es\\\/en\\\/o-plan-reacpon-permitira-a-guarda-ter-un-novo-pavillon-da-sangrina-mais-funcional-e-amplo-para-cubrir-as-necesidades-deportivas-da-vecinanza\\\/#primaryimage\"},\"thumbnailUrl\":\"https:\\\/\\\/www.aguarda.es\\\/wp-content\\\/uploads\\\/2022\\\/08\\\/Visita-A-Sangrina-Carlos-Font-22-ago-2022.jpg\",\"datePublished\":\"2022-08-23T11:29:23+00:00\",\"author\":{\"@id\":\"https:\\\/\\\/www.aguarda.es\\\/en\\\/#\\\/schema\\\/person\\\/c463ca3006858ffb349d11179d044f21\"},\"description\":\"Cun orzamento de m\u00e1is de 1,8 mill\u00f3ns de euros, a reforma da infraestrutura mellora a accesibilidade, a seguridade, a eficiencia enerx\u00e9tica e o aforo\",\"breadcrumb\":{\"@id\":\"https:\\\/\\\/www.aguarda.es\\\/en\\\/o-plan-reacpon-permitira-a-guarda-ter-un-novo-pavillon-da-sangrina-mais-funcional-e-amplo-para-cubrir-as-necesidades-deportivas-da-vecinanza\\\/#breadcrumb\"},\"inLanguage\":\"en-US\",\"potentialAction\":[{\"@type\":\"ReadAction\",\"target\":[\"https:\\\/\\\/www.aguarda.es\\\/en\\\/o-plan-reacpon-permitira-a-guarda-ter-un-novo-pavillon-da-sangrina-mais-funcional-e-amplo-para-cubrir-as-necesidades-deportivas-da-vecinanza\\\/\"]}]},{\"@type\":\"ImageObject\",\"inLanguage\":\"en-US\",\"@id\":\"https:\\\/\\\/www.aguarda.es\\\/en\\\/o-plan-reacpon-permitira-a-guarda-ter-un-novo-pavillon-da-sangrina-mais-funcional-e-amplo-para-cubrir-as-necesidades-deportivas-da-vecinanza\\\/#primaryimage\",\"url\":\"https:\\\/\\\/www.aguarda.es\\\/wp-content\\\/uploads\\\/2022\\\/08\\\/Visita-A-Sangrina-Carlos-Font-22-ago-2022.jpg\",\"contentUrl\":\"https:\\\/\\\/www.aguarda.es\\\/wp-content\\\/uploads\\\/2022\\\/08\\\/Visita-A-Sangrina-Carlos-Font-22-ago-2022.jpg\",\"width\":800,\"height\":534,\"caption\":\"O plan Reacpon permitir\u00e1 \u00e1 Guarda ter un novo Pavill\u00f3n da Sangri\u00f1a, m\u00e1is funcional e amplo, para cubrir as necesidades deportivas da veci\u00f1anza\"},{\"@type\":\"BreadcrumbList\",\"@id\":\"https:\\\/\\\/www.aguarda.es\\\/en\\\/o-plan-reacpon-permitira-a-guarda-ter-un-novo-pavillon-da-sangrina-mais-funcional-e-amplo-para-cubrir-as-necesidades-deportivas-da-vecinanza\\\/#breadcrumb\",\"itemListElement\":[{\"@type\":\"ListItem\",\"position\":1,\"name\":\"Portada\",\"item\":\"https:\\\/\\\/www.aguarda.es\\\/en\\\/\"},{\"@type\":\"ListItem\",\"position\":2,\"name\":\"O plan Reacpon permitir\u00e1 \u00e1 Guarda ter un novo Pavill\u00f3n da Sangri\u00f1a, m\u00e1is funcional e amplo, para cubrir as necesidades deportivas da veci\u00f1anza\"}]},{\"@type\":\"WebSite\",\"@id\":\"https:\\\/\\\/www.aguarda.es\\\/en\\\/#website\",\"url\":\"https:\\\/\\\/www.aguarda.es\\\/en\\\/\",\"name\":\"Concello da Guarda\",\"description\":\"P\u00e1xina web do concello da Guarda\",\"potentialAction\":[{\"@type\":\"SearchAction\",\"target\":{\"@type\":\"EntryPoint\",\"urlTemplate\":\"https:\\\/\\\/www.aguarda.es\\\/en\\\/?s={search_term_string}\"},\"query-input\":{\"@type\":\"PropertyValueSpecification\",\"valueRequired\":true,\"valueName\":\"search_term_string\"}}],\"inLanguage\":\"en-US\"},{\"@type\":\"Person\",\"@id\":\"https:\\\/\\\/www.aguarda.es\\\/en\\\/#\\\/schema\\\/person\\\/c463ca3006858ffb349d11179d044f21\",\"name\":\"prensa\",\"image\":{\"@type\":\"ImageObject\",\"inLanguage\":\"en-US\",\"@id\":\"https:\\\/\\\/secure.gravatar.com\\\/avatar\\\/387e117f874ba5d0a3439060b45d914395d77287b2e4890a49d1599fc3ef9189?s=96&d=mm&r=g\",\"url\":\"https:\\\/\\\/secure.gravatar.com\\\/avatar\\\/387e117f874ba5d0a3439060b45d914395d77287b2e4890a49d1599fc3ef9189?s=96&d=mm&r=g\",\"contentUrl\":\"https:\\\/\\\/secure.gravatar.com\\\/avatar\\\/387e117f874ba5d0a3439060b45d914395d77287b2e4890a49d1599fc3ef9189?s=96&d=mm&r=g\",\"caption\":\"prensa\"},\"url\":\"https:\\\/\\\/www.aguarda.es\\\/en\\\/author\\\/prensa\\\/\"}]}<\/script>\n<!-- \/ Yoast SEO plugin. -->","yoast_head_json":{"title":"O plan Reacpon permitir\u00e1 \u00e1 Guarda ter un novo Pavill\u00f3n da Sangri\u00f1a, m\u00e1is funcional e amplo, para cubrir as necesidades deportivas da veci\u00f1anza - Concello da Guarda","description":"Cun orzamento de m\u00e1is de 1,8 mill\u00f3ns de euros, a reforma da infraestrutura mellora a accesibilidade, a seguridade, a eficiencia enerx\u00e9tica e o aforo","robots":{"index":"index","follow":"follow","max-snippet":"max-snippet:-1","max-image-preview":"max-image-preview:large","max-video-preview":"max-video-preview:-1"},"canonical":"https:\/\/www.aguarda.es\/en\/o-plan-reacpon-permitira-a-guarda-ter-un-novo-pavillon-da-sangrina-mais-funcional-e-amplo-para-cubrir-as-necesidades-deportivas-da-vecinanza\/","og_locale":"en_US","og_type":"article","og_title":"O plan Reacpon permitir\u00e1 \u00e1 Guarda ter un novo Pavill\u00f3n da Sangri\u00f1a, m\u00e1is funcional e amplo, para cubrir as necesidades deportivas da veci\u00f1anza - Concello da Guarda","og_description":"Cun orzamento de m\u00e1is de 1,8 mill\u00f3ns de euros, a reforma da infraestrutura mellora a accesibilidade, a seguridade, a eficiencia enerx\u00e9tica e o aforo","og_url":"https:\/\/www.aguarda.es\/en\/o-plan-reacpon-permitira-a-guarda-ter-un-novo-pavillon-da-sangrina-mais-funcional-e-amplo-para-cubrir-as-necesidades-deportivas-da-vecinanza\/","og_site_name":"Concello da Guarda","article_publisher":"https:\/\/www.facebook.com\/ConcellodaGuarda","article_published_time":"2022-08-23T11:29:23+00:00","og_image":[{"width":800,"height":534,"url":"https:\/\/www.aguarda.es\/wp-content\/uploads\/2022\/08\/Visita-A-Sangrina-Carlos-Font-22-ago-2022.jpg?_t=1661254164","type":"image\/jpeg"}],"author":"prensa","twitter_card":"summary_large_image","twitter_creator":"@AGuarda_es","twitter_site":"@AGuarda_es","twitter_misc":{"Written by":"prensa","Est. reading time":"3 minutes"},"schema":{"@context":"https:\/\/schema.org","@graph":[{"@type":"Article","@id":"https:\/\/www.aguarda.es\/en\/o-plan-reacpon-permitira-a-guarda-ter-un-novo-pavillon-da-sangrina-mais-funcional-e-amplo-para-cubrir-as-necesidades-deportivas-da-vecinanza\/#article","isPartOf":{"@id":"https:\/\/www.aguarda.es\/en\/o-plan-reacpon-permitira-a-guarda-ter-un-novo-pavillon-da-sangrina-mais-funcional-e-amplo-para-cubrir-as-necesidades-deportivas-da-vecinanza\/"},"author":{"name":"prensa","@id":"https:\/\/www.aguarda.es\/en\/#\/schema\/person\/c463ca3006858ffb349d11179d044f21"},"headline":"O plan Reacpon permitir\u00e1 \u00e1 Guarda ter un novo Pavill\u00f3n da Sangri\u00f1a, m\u00e1is funcional e amplo, para cubrir as necesidades deportivas da veci\u00f1anza","datePublished":"2022-08-23T11:29:23+00:00","mainEntityOfPage":{"@id":"https:\/\/www.aguarda.es\/en\/o-plan-reacpon-permitira-a-guarda-ter-un-novo-pavillon-da-sangrina-mais-funcional-e-amplo-para-cubrir-as-necesidades-deportivas-da-vecinanza\/"},"wordCount":440,"commentCount":0,"image":{"@id":"https:\/\/www.aguarda.es\/en\/o-plan-reacpon-permitira-a-guarda-ter-un-novo-pavillon-da-sangrina-mais-funcional-e-amplo-para-cubrir-as-necesidades-deportivas-da-vecinanza\/#primaryimage"},"thumbnailUrl":"https:\/\/www.aguarda.es\/wp-content\/uploads\/2022\/08\/Visita-A-Sangrina-Carlos-Font-22-ago-2022.jpg","keywords":["A Guarda","Deporte","Deputaci\u00f3n de Pontevedra","infraestruturas","Pavill\u00f3n da Sangri\u00f1a","reacpon"],"articleSection":["Deporte"],"inLanguage":"en-US"},{"@type":"WebPage","@id":"https:\/\/www.aguarda.es\/en\/o-plan-reacpon-permitira-a-guarda-ter-un-novo-pavillon-da-sangrina-mais-funcional-e-amplo-para-cubrir-as-necesidades-deportivas-da-vecinanza\/","url":"https:\/\/www.aguarda.es\/en\/o-plan-reacpon-permitira-a-guarda-ter-un-novo-pavillon-da-sangrina-mais-funcional-e-amplo-para-cubrir-as-necesidades-deportivas-da-vecinanza\/","name":"O plan Reacpon permitir\u00e1 \u00e1 Guarda ter un novo Pavill\u00f3n da Sangri\u00f1a, m\u00e1is funcional e amplo, para cubrir as necesidades deportivas da veci\u00f1anza - Concello da Guarda","isPartOf":{"@id":"https:\/\/www.aguarda.es\/en\/#website"},"primaryImageOfPage":{"@id":"https:\/\/www.aguarda.es\/en\/o-plan-reacpon-permitira-a-guarda-ter-un-novo-pavillon-da-sangrina-mais-funcional-e-amplo-para-cubrir-as-necesidades-deportivas-da-vecinanza\/#primaryimage"},"image":{"@id":"https:\/\/www.aguarda.es\/en\/o-plan-reacpon-permitira-a-guarda-ter-un-novo-pavillon-da-sangrina-mais-funcional-e-amplo-para-cubrir-as-necesidades-deportivas-da-vecinanza\/#primaryimage"},"thumbnailUrl":"https:\/\/www.aguarda.es\/wp-content\/uploads\/2022\/08\/Visita-A-Sangrina-Carlos-Font-22-ago-2022.jpg","datePublished":"2022-08-23T11:29:23+00:00","author":{"@id":"https:\/\/www.aguarda.es\/en\/#\/schema\/person\/c463ca3006858ffb349d11179d044f21"},"description":"Cun orzamento de m\u00e1is de 1,8 mill\u00f3ns de euros, a reforma da infraestrutura mellora a accesibilidade, a seguridade, a eficiencia enerx\u00e9tica e o aforo","breadcrumb":{"@id":"https:\/\/www.aguarda.es\/en\/o-plan-reacpon-permitira-a-guarda-ter-un-novo-pavillon-da-sangrina-mais-funcional-e-amplo-para-cubrir-as-necesidades-deportivas-da-vecinanza\/#breadcrumb"},"inLanguage":"en-US","potentialAction":[{"@type":"ReadAction","target":["https:\/\/www.aguarda.es\/en\/o-plan-reacpon-permitira-a-guarda-ter-un-novo-pavillon-da-sangrina-mais-funcional-e-amplo-para-cubrir-as-necesidades-deportivas-da-vecinanza\/"]}]},{"@type":"ImageObject","inLanguage":"en-US","@id":"https:\/\/www.aguarda.es\/en\/o-plan-reacpon-permitira-a-guarda-ter-un-novo-pavillon-da-sangrina-mais-funcional-e-amplo-para-cubrir-as-necesidades-deportivas-da-vecinanza\/#primaryimage","url":"https:\/\/www.aguarda.es\/wp-content\/uploads\/2022\/08\/Visita-A-Sangrina-Carlos-Font-22-ago-2022.jpg","contentUrl":"https:\/\/www.aguarda.es\/wp-content\/uploads\/2022\/08\/Visita-A-Sangrina-Carlos-Font-22-ago-2022.jpg","width":800,"height":534,"caption":"O plan Reacpon permitir\u00e1 \u00e1 Guarda ter un novo Pavill\u00f3n da Sangri\u00f1a, m\u00e1is funcional e amplo, para cubrir as necesidades deportivas da veci\u00f1anza"},{"@type":"BreadcrumbList","@id":"https:\/\/www.aguarda.es\/en\/o-plan-reacpon-permitira-a-guarda-ter-un-novo-pavillon-da-sangrina-mais-funcional-e-amplo-para-cubrir-as-necesidades-deportivas-da-vecinanza\/#breadcrumb","itemListElement":[{"@type":"ListItem","position":1,"name":"Portada","item":"https:\/\/www.aguarda.es\/en\/"},{"@type":"ListItem","position":2,"name":"O plan Reacpon permitir\u00e1 \u00e1 Guarda ter un novo Pavill\u00f3n da Sangri\u00f1a, m\u00e1is funcional e amplo, para cubrir as necesidades deportivas da veci\u00f1anza"}]},{"@type":"WebSite","@id":"https:\/\/www.aguarda.es\/en\/#website","url":"https:\/\/www.aguarda.es\/en\/","name":"Concello da Guarda","description":"P\u00e1xina web do concello da Guarda","potentialAction":[{"@type":"SearchAction","target":{"@type":"EntryPoint","urlTemplate":"https:\/\/www.aguarda.es\/en\/?s={search_term_string}"},"query-input":{"@type":"PropertyValueSpecification","valueRequired":true,"valueName":"search_term_string"}}],"inLanguage":"en-US"},{"@type":"Person","@id":"https:\/\/www.aguarda.es\/en\/#\/schema\/person\/c463ca3006858ffb349d11179d044f21","name":"prensa","image":{"@type":"ImageObject","inLanguage":"en-US","@id":"https:\/\/secure.gravatar.com\/avatar\/387e117f874ba5d0a3439060b45d914395d77287b2e4890a49d1599fc3ef9189?s=96&d=mm&r=g","url":"https:\/\/secure.gravatar.com\/avatar\/387e117f874ba5d0a3439060b45d914395d77287b2e4890a49d1599fc3ef9189?s=96&d=mm&r=g","contentUrl":"https:\/\/secure.gravatar.com\/avatar\/387e117f874ba5d0a3439060b45d914395d77287b2e4890a49d1599fc3ef9189?s=96&d=mm&r=g","caption":"prensa"},"url":"https:\/\/www.aguarda.es\/en\/author\/prensa\/"}]}},"_links":{"self":[{"href":"https:\/\/www.aguarda.es\/en\/wp-json\/wp\/v2\/posts\/26724","targetHints":{"allow":["GET"]}}],"collection":[{"href":"https:\/\/www.aguarda.es\/en\/wp-json\/wp\/v2\/posts"}],"about":[{"href":"https:\/\/www.aguarda.es\/en\/wp-json\/wp\/v2\/types\/post"}],"author":[{"embeddable":true,"href":"https:\/\/www.aguarda.es\/en\/wp-json\/wp\/v2\/users\/2"}],"replies":[{"embeddable":true,"href":"https:\/\/www.aguarda.es\/en\/wp-json\/wp\/v2\/comments?post=26724"}],"version-history":[{"count":1,"href":"https:\/\/www.aguarda.es\/en\/wp-json\/wp\/v2\/posts\/26724\/revisions"}],"predecessor-version":[{"id":26727,"href":"https:\/\/www.aguarda.es\/en\/wp-json\/wp\/v2\/posts\/26724\/revisions\/26727"}],"wp:featuredmedia":[{"embeddable":true,"href":"https:\/\/www.aguarda.es\/en\/wp-json\/wp\/v2\/media\/26725"}],"wp:attachment":[{"href":"https:\/\/www.aguarda.es\/en\/wp-json\/wp\/v2\/media?parent=26724"}],"wp:term":[{"taxonomy":"category","embeddable":true,"href":"https:\/\/www.aguarda.es\/en\/wp-json\/wp\/v2\/categories?post=26724"},{"taxonomy":"post_tag","embeddable":true,"href":"https:\/\/www.aguarda.es\/en\/wp-json\/wp\/v2\/tags?post=26724"}],"curies":[{"name":"wp","href":"https:\/\/api.w.org\/{rel}","templated":true}]}}