{"id":26775,"date":"2022-08-30T13:20:36","date_gmt":"2022-08-30T13:20:36","guid":{"rendered":"https:\/\/www.aguarda.es\/?p=26775"},"modified":"2022-08-30T13:20:36","modified_gmt":"2022-08-30T13:20:36","slug":"situacion-hidroloxica-no-concello-da-guarda","status":"publish","type":"post","link":"https:\/\/www.aguarda.es\/en\/situacion-hidroloxica-no-concello-da-guarda\/","title":{"rendered":"Situaci\u00f3n hidrol\u00f3xica no concello da Guarda"},"content":{"rendered":"<p><em><strong>\u2022 Dende todas as administraci\u00f3ns, inclu\u00eddo o concello da Guarda, estase pedindo \u00e1 cidadan\u00eda un uso responsable no consumo da auga, petici\u00f3n que se reitera diante das previsi\u00f3ns de que esta situaci\u00f3n de seca contin\u00fae.<\/strong><\/em><br \/>\n<em><strong>\u2022 O concello da Guarda solicitou unha subvenci\u00f3n para realizar unha auditor\u00eda municipal de abastecemento para minimizar as perdas de auga, subvenci\u00f3n concedida por Augas de Galicia cun importe de 8.000 \u20ac.<\/strong><\/em><\/p>\n<p>Estamos diante dunha situaci\u00f3n de seca que afecta a toda a pen\u00ednsula Ib\u00e9rica da que Galicia non se libra e que pode prolongarse no tempo. No presente ano hidrol\u00f3xico, que comezou o 1 de outubro de 2021, as precipitaci\u00f3ns estiveron un 40% por debaixo da media hist\u00f3rica. A Xunta anunciou en abril a situaci\u00f3n de prealerta hidrol\u00f3xica na demarcaci\u00f3n hidrogr\u00e1fica Galicia-Costa, demarcaci\u00f3n na que se atopa unha parte do concello.<\/p>\n<p>Na Guarda, conscientes da situaci\u00f3n de emerxencia por seca que se est\u00e1 producindo a nivel xeral, tom\u00e1ronse medidas puntuais este ver\u00e1n que se suman as acci\u00f3ns que se ve\u00f1en realizando para optimizar o subministro estes \u00faltimos anos. Grazas \u00e1s medidas que se te\u00f1en tomado, pero sobre todo as pol\u00edticas de prevenci\u00f3n, non foi necesario, ata o momento, producir cortes no subministro.<\/p>\n<p>Como medidas puntuais tomadas este ver\u00e1n: f\u00edxose unha campa\u00f1a de informaci\u00f3n e sensibilizaci\u00f3n no mes de xullo, pech\u00e1ronse as duchas e lavap\u00e9s das praias, limit\u00e1ronse os regos automatizados, real\u00edzanse os baldeos e regos manuais con auga non apta para o consumo humano, contr\u00f3lase o nivel do dep\u00f3sito regulador e o consumo varias veces ao d\u00eda, e ademais, extremouse a vixilancia de fugas e reparanse de maneira urxente cando se detectan, traballando a brigada municipal en domingos e festivos cando \u00e9 necesario.<\/p>\n<p>A finais de 2021 redactouse o \u201cPlan de Seca do concello da Guarda\u201d un documento que serve como instrumento de planificaci\u00f3n para xestionar os episodios de seca, de tal maneira que se asegure o abastecemento \u00e1 poboaci\u00f3n e se fomente o emprego eficiente dos recursos h\u00eddricos.<\/p>\n<p>A principios de ver\u00e1n conect\u00e1ronse dous novos pozos ao dep\u00f3sito regulador, un de pequeno caudal e outro cun caudal importante. Este \u00faltimo necesitou unha obra considerable para a s\u00faa conexi\u00f3n que foi posible executar grazas ao financiamento do Plan Concellos da Deputaci\u00f3n de Pontevedra. Estes dous pozos incrementan o subministro de auga ao dep\u00f3sito regulador en m\u00e1is de 350 m3\/d\u00eda. Dende o concello xa se est\u00e1n buscando novos xacementos de auga para estar mellor preparados en futuras crises ou no caso de prolongarse esta seca.<\/p>\n<p>\u00c9 sabido que un dos puntos d\u00e9biles das redes de abastecemento de auga son as fugas e perdas de auga. Por iso o concello da Guarda solicitou unha subvenci\u00f3n para realizar unha auditor\u00eda municipal de abastecemento para minimizar as perdas de auga, subvenci\u00f3n concedida por Augas de Galicia cun importe de 8.000 \u20ac.<\/p>\n<p>En canto a distribuci\u00f3n da auga: na Guarda hai d\u00faas comunidades de auga independentes a parte da rede municipal. A comunidade de usuarios do Castro e a de Camposancos. No primeiro caso a rede de subministro \u00e9 totalmente independente. No caso de Camposancos, cuxa auga \u00e9 xestionada pola Entidade Local Menor, hai unha conexi\u00f3n entre a rede municipal e a da Entidade para poder cederlle auga no caso de que o necesite.<\/p>\n<p>No que se refire \u00e1 procedencia e cantidade de auga que se consume: dende mediados de xullo o consumo medio na rede municipal de auga \u00e9 de 2450 m3\/dia. En plena tempada alta o abastecemento desta auga procede maioritariamente dos pozos de captaci\u00f3n do concello, 2100 m3\/d\u00eda de media, pero hai que completar o subministro con auga procedente do Consorcio de Augas do Louro, 350 m3\/d\u00eda de media. O concello da Guarda est\u00e1 recibindo do Consorcio unha media de 550 m3\/d\u00eda, xa que Camposancos ven solicitando unha media de 200 m3\/dia. Nesta tempada o concello da Guarda ven subministrando a Camposancos toda a auga que te\u00f1en demandado dende a Entidade Local Menor. Respectando a independencia na xesti\u00f3n da auga o obxectivo e evitar que se produzan cortes en todo o termino municipal.<\/p>\n<p>Dende todas as administraci\u00f3ns, inclu\u00eddo o concello da Guarda, estase pedindo \u00e1 cidadan\u00eda un uso responsable no consumo da auga, petici\u00f3n que se reitera diante das previsi\u00f3ns de que esta situaci\u00f3n de seca contin\u00fae e para evitar futuras restrici\u00f3ns.<\/p>\n<p style=\"text-align: center\"><img decoding=\"async\" loading=\"lazy\" class=\"aligncenter size-full wp-image-26776\" src=\"https:\/\/www.aguarda.es\/wp-content\/uploads\/2022\/08\/NP-30082022-Situacion-hidroloxica-no-concello-da-Guarda-A.jpg\" alt=\"Situaci\u00f3n hidrol\u00f3xica no concello da Guarda\" width=\"800\" height=\"738\" srcset=\"https:\/\/www.aguarda.es\/wp-content\/uploads\/2022\/08\/NP-30082022-Situacion-hidroloxica-no-concello-da-Guarda-A.jpg 800w, https:\/\/www.aguarda.es\/wp-content\/uploads\/2022\/08\/NP-30082022-Situacion-hidroloxica-no-concello-da-Guarda-A-300x277.jpg 300w, https:\/\/www.aguarda.es\/wp-content\/uploads\/2022\/08\/NP-30082022-Situacion-hidroloxica-no-concello-da-Guarda-A-768x708.jpg 768w\" sizes=\"(max-width: 800px) 100vw, 800px\" \/><\/p>\n","protected":false},"excerpt":{"rendered":"<p>\u2022 Dende todas as administraci\u00f3ns, inclu\u00eddo o concello da Guarda, estase pedindo \u00e1 cidadan\u00eda un uso responsable no consumo da auga, petici\u00f3n que se reitera diante das previsi\u00f3ns de que esta situaci\u00f3n de seca contin\u00fae. \u2022 O concello da Guarda &hellip; <\/p>\n","protected":false},"author":2,"featured_media":26778,"comment_status":"open","ping_status":"open","sticky":false,"template":"","format":"standard","meta":[],"categories":[1],"tags":[908,2853],"yoast_head":"<!-- This site is optimized with the Yoast SEO plugin v21.1 - https:\/\/yoast.com\/wordpress\/plugins\/seo\/ -->\n<title>Situaci\u00f3n hidrol\u00f3xica no concello da Guarda - Concello da Guarda<\/title>\n<meta name=\"description\" content=\"Dende todas as administraci\u00f3ns, inclu\u00eddo o concello da Guarda, estase pedindo \u00e1 cidadan\u00eda un uso responsable no consumo da auga, petici\u00f3n que se reitera diante das previsi\u00f3ns de que esta situaci\u00f3n de seca contin\u00fae.\" \/>\n<meta name=\"robots\" content=\"index, follow, max-snippet:-1, max-image-preview:large, max-video-preview:-1\" \/>\n<link rel=\"canonical\" href=\"https:\/\/www.aguarda.es\/en\/situacion-hidroloxica-no-concello-da-guarda\/\" \/>\n<meta property=\"og:locale\" content=\"en_US\" \/>\n<meta property=\"og:type\" content=\"article\" \/>\n<meta property=\"og:title\" content=\"Situaci\u00f3n hidrol\u00f3xica no concello da Guarda - Concello da Guarda\" \/>\n<meta property=\"og:description\" content=\"Dende todas as administraci\u00f3ns, inclu\u00eddo o concello da Guarda, estase pedindo \u00e1 cidadan\u00eda un uso responsable no consumo da auga, petici\u00f3n que se reitera diante das previsi\u00f3ns de que esta situaci\u00f3n de seca contin\u00fae.\" \/>\n<meta property=\"og:url\" content=\"https:\/\/www.aguarda.es\/en\/situacion-hidroloxica-no-concello-da-guarda\/\" \/>\n<meta property=\"og:site_name\" content=\"Concello da Guarda\" \/>\n<meta property=\"article:publisher\" content=\"https:\/\/www.facebook.com\/ConcellodaGuarda\" \/>\n<meta property=\"article:published_time\" content=\"2022-08-30T13:20:36+00:00\" \/>\n<meta property=\"og:image\" content=\"https:\/\/www.aguarda.es\/wp-content\/uploads\/2022\/08\/NP-30082022-Situacion-hidroloxica-no-concello-da-Guarda.jpg?_t=1661865637\" \/>\n\t<meta property=\"og:image:width\" content=\"800\" \/>\n\t<meta property=\"og:image:height\" content=\"600\" \/>\n\t<meta property=\"og:image:type\" content=\"image\/jpeg\" \/>\n<meta name=\"author\" content=\"prensa\" \/>\n<meta name=\"twitter:card\" content=\"summary_large_image\" \/>\n<meta name=\"twitter:creator\" content=\"@AGuarda_es\" \/>\n<meta name=\"twitter:site\" content=\"@AGuarda_es\" \/>\n<meta name=\"twitter:label1\" content=\"Written by\" \/>\n\t<meta name=\"twitter:data1\" content=\"prensa\" \/>\n\t<meta name=\"twitter:label2\" content=\"Est. reading time\" \/>\n\t<meta name=\"twitter:data2\" content=\"5 minutes\" \/>\n<script type=\"application\/ld+json\" class=\"yoast-schema-graph\">{\"@context\":\"https:\/\/schema.org\",\"@graph\":[{\"@type\":\"WebPage\",\"@id\":\"https:\/\/www.aguarda.es\/en\/situacion-hidroloxica-no-concello-da-guarda\/\",\"url\":\"https:\/\/www.aguarda.es\/en\/situacion-hidroloxica-no-concello-da-guarda\/\",\"name\":\"Situaci\u00f3n hidrol\u00f3xica no concello da Guarda - Concello da Guarda\",\"isPartOf\":{\"@id\":\"https:\/\/www.aguarda.es\/en\/#website\"},\"datePublished\":\"2022-08-30T13:20:36+00:00\",\"dateModified\":\"2022-08-30T13:20:36+00:00\",\"author\":{\"@id\":\"https:\/\/www.aguarda.es\/en\/#\/schema\/person\/c463ca3006858ffb349d11179d044f21\"},\"description\":\"Dende todas as administraci\u00f3ns, inclu\u00eddo o concello da Guarda, estase pedindo \u00e1 cidadan\u00eda un uso responsable no consumo da auga, petici\u00f3n que se reitera diante das previsi\u00f3ns de que esta situaci\u00f3n de seca contin\u00fae.\",\"breadcrumb\":{\"@id\":\"https:\/\/www.aguarda.es\/en\/situacion-hidroloxica-no-concello-da-guarda\/#breadcrumb\"},\"inLanguage\":\"en-US\",\"potentialAction\":[{\"@type\":\"ReadAction\",\"target\":[\"https:\/\/www.aguarda.es\/en\/situacion-hidroloxica-no-concello-da-guarda\/\"]}]},{\"@type\":\"BreadcrumbList\",\"@id\":\"https:\/\/www.aguarda.es\/en\/situacion-hidroloxica-no-concello-da-guarda\/#breadcrumb\",\"itemListElement\":[{\"@type\":\"ListItem\",\"position\":1,\"name\":\"Portada\",\"item\":\"https:\/\/www.aguarda.es\/en\/\"},{\"@type\":\"ListItem\",\"position\":2,\"name\":\"Situaci\u00f3n hidrol\u00f3xica no concello da Guarda\"}]},{\"@type\":\"WebSite\",\"@id\":\"https:\/\/www.aguarda.es\/en\/#website\",\"url\":\"https:\/\/www.aguarda.es\/en\/\",\"name\":\"Concello da Guarda\",\"description\":\"P\u00e1xina web do concello da Guarda\",\"potentialAction\":[{\"@type\":\"SearchAction\",\"target\":{\"@type\":\"EntryPoint\",\"urlTemplate\":\"https:\/\/www.aguarda.es\/en\/?s={search_term_string}\"},\"query-input\":\"required name=search_term_string\"}],\"inLanguage\":\"en-US\"},{\"@type\":\"Person\",\"@id\":\"https:\/\/www.aguarda.es\/en\/#\/schema\/person\/c463ca3006858ffb349d11179d044f21\",\"name\":\"prensa\",\"image\":{\"@type\":\"ImageObject\",\"inLanguage\":\"en-US\",\"@id\":\"https:\/\/www.aguarda.es\/en\/#\/schema\/person\/image\/\",\"url\":\"https:\/\/secure.gravatar.com\/avatar\/5f90ef536b0f98306edf5c7a1135ffa1?s=96&d=mm&r=g\",\"contentUrl\":\"https:\/\/secure.gravatar.com\/avatar\/5f90ef536b0f98306edf5c7a1135ffa1?s=96&d=mm&r=g\",\"caption\":\"prensa\"},\"url\":\"https:\/\/www.aguarda.es\/en\/author\/prensa\/\"}]}<\/script>\n<!-- \/ Yoast SEO plugin. -->","yoast_head_json":{"title":"Situaci\u00f3n hidrol\u00f3xica no concello da Guarda - Concello da Guarda","description":"Dende todas as administraci\u00f3ns, inclu\u00eddo o concello da Guarda, estase pedindo \u00e1 cidadan\u00eda un uso responsable no consumo da auga, petici\u00f3n que se reitera diante das previsi\u00f3ns de que esta situaci\u00f3n de seca contin\u00fae.","robots":{"index":"index","follow":"follow","max-snippet":"max-snippet:-1","max-image-preview":"max-image-preview:large","max-video-preview":"max-video-preview:-1"},"canonical":"https:\/\/www.aguarda.es\/en\/situacion-hidroloxica-no-concello-da-guarda\/","og_locale":"en_US","og_type":"article","og_title":"Situaci\u00f3n hidrol\u00f3xica no concello da Guarda - Concello da Guarda","og_description":"Dende todas as administraci\u00f3ns, inclu\u00eddo o concello da Guarda, estase pedindo \u00e1 cidadan\u00eda un uso responsable no consumo da auga, petici\u00f3n que se reitera diante das previsi\u00f3ns de que esta situaci\u00f3n de seca contin\u00fae.","og_url":"https:\/\/www.aguarda.es\/en\/situacion-hidroloxica-no-concello-da-guarda\/","og_site_name":"Concello da Guarda","article_publisher":"https:\/\/www.facebook.com\/ConcellodaGuarda","article_published_time":"2022-08-30T13:20:36+00:00","og_image":[{"width":800,"height":600,"url":"https:\/\/www.aguarda.es\/wp-content\/uploads\/2022\/08\/NP-30082022-Situacion-hidroloxica-no-concello-da-Guarda.jpg?_t=1661865637","type":"image\/jpeg"}],"author":"prensa","twitter_card":"summary_large_image","twitter_creator":"@AGuarda_es","twitter_site":"@AGuarda_es","twitter_misc":{"Written by":"prensa","Est. reading time":"5 minutes"},"schema":{"@context":"https:\/\/schema.org","@graph":[{"@type":"WebPage","@id":"https:\/\/www.aguarda.es\/en\/situacion-hidroloxica-no-concello-da-guarda\/","url":"https:\/\/www.aguarda.es\/en\/situacion-hidroloxica-no-concello-da-guarda\/","name":"Situaci\u00f3n hidrol\u00f3xica no concello da Guarda - Concello da Guarda","isPartOf":{"@id":"https:\/\/www.aguarda.es\/en\/#website"},"datePublished":"2022-08-30T13:20:36+00:00","dateModified":"2022-08-30T13:20:36+00:00","author":{"@id":"https:\/\/www.aguarda.es\/en\/#\/schema\/person\/c463ca3006858ffb349d11179d044f21"},"description":"Dende todas as administraci\u00f3ns, inclu\u00eddo o concello da Guarda, estase pedindo \u00e1 cidadan\u00eda un uso responsable no consumo da auga, petici\u00f3n que se reitera diante das previsi\u00f3ns de que esta situaci\u00f3n de seca contin\u00fae.","breadcrumb":{"@id":"https:\/\/www.aguarda.es\/en\/situacion-hidroloxica-no-concello-da-guarda\/#breadcrumb"},"inLanguage":"en-US","potentialAction":[{"@type":"ReadAction","target":["https:\/\/www.aguarda.es\/en\/situacion-hidroloxica-no-concello-da-guarda\/"]}]},{"@type":"BreadcrumbList","@id":"https:\/\/www.aguarda.es\/en\/situacion-hidroloxica-no-concello-da-guarda\/#breadcrumb","itemListElement":[{"@type":"ListItem","position":1,"name":"Portada","item":"https:\/\/www.aguarda.es\/en\/"},{"@type":"ListItem","position":2,"name":"Situaci\u00f3n hidrol\u00f3xica no concello da Guarda"}]},{"@type":"WebSite","@id":"https:\/\/www.aguarda.es\/en\/#website","url":"https:\/\/www.aguarda.es\/en\/","name":"Concello da Guarda","description":"P\u00e1xina web do concello da Guarda","potentialAction":[{"@type":"SearchAction","target":{"@type":"EntryPoint","urlTemplate":"https:\/\/www.aguarda.es\/en\/?s={search_term_string}"},"query-input":"required name=search_term_string"}],"inLanguage":"en-US"},{"@type":"Person","@id":"https:\/\/www.aguarda.es\/en\/#\/schema\/person\/c463ca3006858ffb349d11179d044f21","name":"prensa","image":{"@type":"ImageObject","inLanguage":"en-US","@id":"https:\/\/www.aguarda.es\/en\/#\/schema\/person\/image\/","url":"https:\/\/secure.gravatar.com\/avatar\/5f90ef536b0f98306edf5c7a1135ffa1?s=96&d=mm&r=g","contentUrl":"https:\/\/secure.gravatar.com\/avatar\/5f90ef536b0f98306edf5c7a1135ffa1?s=96&d=mm&r=g","caption":"prensa"},"url":"https:\/\/www.aguarda.es\/en\/author\/prensa\/"}]}},"_links":{"self":[{"href":"https:\/\/www.aguarda.es\/en\/wp-json\/wp\/v2\/posts\/26775"}],"collection":[{"href":"https:\/\/www.aguarda.es\/en\/wp-json\/wp\/v2\/posts"}],"about":[{"href":"https:\/\/www.aguarda.es\/en\/wp-json\/wp\/v2\/types\/post"}],"author":[{"embeddable":true,"href":"https:\/\/www.aguarda.es\/en\/wp-json\/wp\/v2\/users\/2"}],"replies":[{"embeddable":true,"href":"https:\/\/www.aguarda.es\/en\/wp-json\/wp\/v2\/comments?post=26775"}],"version-history":[{"count":1,"href":"https:\/\/www.aguarda.es\/en\/wp-json\/wp\/v2\/posts\/26775\/revisions"}],"predecessor-version":[{"id":26780,"href":"https:\/\/www.aguarda.es\/en\/wp-json\/wp\/v2\/posts\/26775\/revisions\/26780"}],"wp:featuredmedia":[{"embeddable":true,"href":"https:\/\/www.aguarda.es\/en\/wp-json\/wp\/v2\/media\/26778"}],"wp:attachment":[{"href":"https:\/\/www.aguarda.es\/en\/wp-json\/wp\/v2\/media?parent=26775"}],"wp:term":[{"taxonomy":"category","embeddable":true,"href":"https:\/\/www.aguarda.es\/en\/wp-json\/wp\/v2\/categories?post=26775"},{"taxonomy":"post_tag","embeddable":true,"href":"https:\/\/www.aguarda.es\/en\/wp-json\/wp\/v2\/tags?post=26775"}],"curies":[{"name":"wp","href":"https:\/\/api.w.org\/{rel}","templated":true}]}}