{"id":26797,"date":"2022-09-02T08:41:01","date_gmt":"2022-09-02T08:41:01","guid":{"rendered":"https:\/\/www.aguarda.es\/?p=26797"},"modified":"2022-09-02T08:47:41","modified_gmt":"2022-09-02T08:47:41","slug":"concerto-de-clavecin-de-joao-janeiro-o-venres-9-de-setembro-na-igrexa-parroquial-da-guarda","status":"publish","type":"post","link":"https:\/\/www.aguarda.es\/en\/concerto-de-clavecin-de-joao-janeiro-o-venres-9-de-setembro-na-igrexa-parroquial-da-guarda\/","title":{"rendered":"Concerto de Clavec\u00edn de Joao Janeiro o venres 9 de setembro na Igrexa Parroquial da Guarda"},"content":{"rendered":"<p>\u201cUn cami\u00f1o ben temperado\u201d \u00e9 un ciclo de cinco concertos de artistas das d\u00faas marxes do Mi\u00f1o que busca po\u00f1er en valor este pasado musical com\u00fan, as\u00ed como a s\u00faa proxecci\u00f3n internacional, tomando como referencia o traballo da ESMAE da cidade do Porto como centro art\u00edstico na actualidade, no que confl\u00faen o patrimonio e a historia galega e portuguesa.<br \/>\nEste ciclo \u00e9 unha aposta da Orquestra Cl\u00e1sica de Vigo que procura xerar un espazo de troco e posta en com\u00fan arredor da interpretaci\u00f3n historicamente informada do repertorio ib\u00e9rico e as s\u00faas ligaz\u00f3ns co exterior.<\/p>\n<p>Na Guarda, Joao Janeiro ofrecer\u00e1 un concerto de Clavec\u00edn o venres d\u00eda 9 de setembro \u00e1s 20:00h na Igrexa Parroquial da Guarda.<\/p>\n<p>A m\u00fasica de tecla na Pen\u00ednsula Ib\u00e9rica do Renacemento ao Barroco tard\u00edo estivo marcada por d\u00faas correntes de composicio\u0301n: a asimilacio\u0301n de influencias externas, e a estruturaci\u00f3n dunha tradici\u00f3n intimamente ligada coas caracter\u00edsticas diferenciadoras dos instrumentos de tecla aqu\u00ed constru\u00eddos e\/ou utilizados. Neste aspecto, a franxa m\u00e1is occidental da pen\u00ednsula, quizais por se situar no extremo de Europa, e padecer dunha especie de s\u00edndrome das periferias, foi a que m\u00e1is apertura sempre amosou cara \u00e1 diversidade de influencias ou se esixiu a si mesma precisamente iso, co fi n de asemellarse m\u00e1is aos centros europeos de desenvolvemento art\u00edstico.<\/p>\n<p>Transmuta\u00e7\u00f5es ib\u00e9ricas procura reflectir alg\u00fans dos m\u00e1is importantes procesos de asimilaci\u00f3n, transformaci\u00f3n e renovaci\u00f3n da escrita para tecla na pen\u00ednsula ib\u00e9rica desde<br \/>\nfi nais do s\u00e9culo XV ata o primeiro cuarto do s\u00e9culo XVIII.<br \/>\nDesde a incorporacio\u0301n vocal da escola franco-flamenga catrocentista \u00e1 expresio\u0301n lusitana da infl uencia italiana do Barroco do setecentos, pasando pola m\u00fasica de danza de ra\u00edz tradicional, o estilo improvisado, ata a traduci\u00f3n en tecla dunha linguaxe eminentemente orquestral. O programa do recital constr\u00faese as\u00ed nun di\u00e1logo entre influencias e a s\u00faa transmutacio\u0301n ib\u00e9rica, artellando orixes e idiosincrasias que acabaron constitu\u00edndose.<\/p>\n<p>Coa diversidade que sempre caracterizou estes repertorios, a m\u00fasica de tecla da Pen\u00ednsula Ib\u00e9rica chegou a ser unha das tradici\u00f3ns europeas m\u00e1is singulares e fascinantes do Renacemento ao Barroco tard\u00edo.<\/p>\n<p>PROGRAMA<br \/>\n\u2014 Portigaler (Buxheimer Orgelbuch), an\u00f3mino (s\u00e9culo XV)<br \/>\n\u2014 Tento sobre \u2018Con que la lavar\u00e9\u2019, de Antonio Carreira (c. 1589)<br \/>\n\u2014 Diferenzas sobre a Gallarda Milanesa, de Antonio de Cabez\u00f3n (1510-1566)<br \/>\n\u2014 Toccata Primo Tuono, de Tarquino Merula (1595-1665)<br \/>\n\u2014 X\u00e1caras del 1.o Tono, de Juan Cabanilles (1644-1712)<br \/>\n\u2014 Toccata col Scherzo del Cucco, de Bernardo Pasquini (1637-1710)<br \/>\n\u2014 Recercata Ottava, de Diego Ortiz (1510-1570)<br \/>\n\u2014 Terceiro Tento do 1.o Tom, Manuel Rodrigues Coelho (c.1570-c.1635)<br \/>\n\u2014 Ballo di Mantova, de Gaetano Greco (1657-1728)<br \/>\n\u2014 Sonata en Sol menor K. 49, de Carlos Seixas (1704-1742)<\/p>\n<p>Proxecto subvencionado no programa \u201cO teu Xacobeo\u201d<\/p>\n","protected":false},"excerpt":{"rendered":"<p>\u201cUn cami\u00f1o ben temperado\u201d \u00e9 un ciclo de cinco concertos de artistas das d\u00faas marxes do Mi\u00f1o que busca po\u00f1er en valor este pasado musical com\u00fan, as\u00ed como a s\u00faa proxecci\u00f3n internacional, tomando como referencia o traballo da ESMAE da &hellip; <\/p>\n","protected":false},"author":2,"featured_media":26798,"comment_status":"open","ping_status":"open","sticky":false,"template":"","format":"standard","meta":[],"categories":[34],"tags":[797,719,2858],"yoast_head":"<!-- This site is optimized with the Yoast SEO plugin v21.1 - https:\/\/yoast.com\/wordpress\/plugins\/seo\/ -->\n<title>Concerto de Clavec\u00edn de Joao Janeiro o venres 9 de setembro na Igrexa Parroquial da Guarda - Concello da Guarda<\/title>\n<meta name=\"description\" content=\"O Ciclo de M\u00fasica Antiga no Cami\u00f1o Portugu\u00e9s \u201cUn Cami\u00f1o ben temperado\u201d, trae \u00e1 Guarda \u00e1 Orquestra Cl\u00e1sica de Vigo o venres 9 de setembro \u00e1s 20:00h na Igrexa Parroquial da Guarda\" \/>\n<meta name=\"robots\" content=\"index, follow, max-snippet:-1, max-image-preview:large, max-video-preview:-1\" \/>\n<link rel=\"canonical\" href=\"https:\/\/www.aguarda.es\/en\/concerto-de-clavecin-de-joao-janeiro-o-venres-9-de-setembro-na-igrexa-parroquial-da-guarda\/\" \/>\n<meta property=\"og:locale\" content=\"en_US\" \/>\n<meta property=\"og:type\" content=\"article\" \/>\n<meta property=\"og:title\" content=\"Concerto de Clavec\u00edn de Joao Janeiro o venres 9 de setembro na Igrexa Parroquial da Guarda - Concello da Guarda\" \/>\n<meta property=\"og:description\" content=\"O Ciclo de M\u00fasica Antiga no Cami\u00f1o Portugu\u00e9s \u201cUn Cami\u00f1o ben temperado\u201d, trae \u00e1 Guarda \u00e1 Orquestra Cl\u00e1sica de Vigo o venres 9 de setembro \u00e1s 20:00h na Igrexa Parroquial da Guarda\" \/>\n<meta property=\"og:url\" content=\"https:\/\/www.aguarda.es\/en\/concerto-de-clavecin-de-joao-janeiro-o-venres-9-de-setembro-na-igrexa-parroquial-da-guarda\/\" \/>\n<meta property=\"og:site_name\" content=\"Concello da Guarda\" \/>\n<meta property=\"article:publisher\" content=\"https:\/\/www.facebook.com\/ConcellodaGuarda\" \/>\n<meta property=\"article:published_time\" content=\"2022-09-02T08:41:01+00:00\" \/>\n<meta property=\"article:modified_time\" content=\"2022-09-02T08:47:41+00:00\" \/>\n<meta property=\"og:image\" content=\"https:\/\/www.aguarda.es\/wp-content\/uploads\/2022\/09\/CONCERTO-1.jpg?_t=1662108462\" \/>\n\t<meta property=\"og:image:width\" content=\"800\" \/>\n\t<meta property=\"og:image:height\" content=\"1132\" \/>\n\t<meta property=\"og:image:type\" content=\"image\/jpeg\" \/>\n<meta name=\"author\" content=\"prensa\" \/>\n<meta name=\"twitter:card\" content=\"summary_large_image\" \/>\n<meta name=\"twitter:creator\" content=\"@AGuarda_es\" \/>\n<meta name=\"twitter:site\" content=\"@AGuarda_es\" \/>\n<meta name=\"twitter:label1\" content=\"Written by\" \/>\n\t<meta name=\"twitter:data1\" content=\"prensa\" \/>\n\t<meta name=\"twitter:label2\" content=\"Est. reading time\" \/>\n\t<meta name=\"twitter:data2\" content=\"3 minutes\" \/>\n<script type=\"application\/ld+json\" class=\"yoast-schema-graph\">{\"@context\":\"https:\/\/schema.org\",\"@graph\":[{\"@type\":\"WebPage\",\"@id\":\"https:\/\/www.aguarda.es\/en\/concerto-de-clavecin-de-joao-janeiro-o-venres-9-de-setembro-na-igrexa-parroquial-da-guarda\/\",\"url\":\"https:\/\/www.aguarda.es\/en\/concerto-de-clavecin-de-joao-janeiro-o-venres-9-de-setembro-na-igrexa-parroquial-da-guarda\/\",\"name\":\"Concerto de Clavec\u00edn de Joao Janeiro o venres 9 de setembro na Igrexa Parroquial da Guarda - Concello da Guarda\",\"isPartOf\":{\"@id\":\"https:\/\/www.aguarda.es\/en\/#website\"},\"datePublished\":\"2022-09-02T08:41:01+00:00\",\"dateModified\":\"2022-09-02T08:47:41+00:00\",\"author\":{\"@id\":\"https:\/\/www.aguarda.es\/en\/#\/schema\/person\/c463ca3006858ffb349d11179d044f21\"},\"description\":\"O Ciclo de M\u00fasica Antiga no Cami\u00f1o Portugu\u00e9s \u201cUn Cami\u00f1o ben temperado\u201d, trae \u00e1 Guarda \u00e1 Orquestra Cl\u00e1sica de Vigo o venres 9 de setembro \u00e1s 20:00h na Igrexa Parroquial da Guarda\",\"breadcrumb\":{\"@id\":\"https:\/\/www.aguarda.es\/en\/concerto-de-clavecin-de-joao-janeiro-o-venres-9-de-setembro-na-igrexa-parroquial-da-guarda\/#breadcrumb\"},\"inLanguage\":\"en-US\",\"potentialAction\":[{\"@type\":\"ReadAction\",\"target\":[\"https:\/\/www.aguarda.es\/en\/concerto-de-clavecin-de-joao-janeiro-o-venres-9-de-setembro-na-igrexa-parroquial-da-guarda\/\"]}]},{\"@type\":\"BreadcrumbList\",\"@id\":\"https:\/\/www.aguarda.es\/en\/concerto-de-clavecin-de-joao-janeiro-o-venres-9-de-setembro-na-igrexa-parroquial-da-guarda\/#breadcrumb\",\"itemListElement\":[{\"@type\":\"ListItem\",\"position\":1,\"name\":\"Portada\",\"item\":\"https:\/\/www.aguarda.es\/en\/\"},{\"@type\":\"ListItem\",\"position\":2,\"name\":\"Concerto de Clavec\u00edn de Joao Janeiro o venres 9 de setembro na Igrexa Parroquial da Guarda\"}]},{\"@type\":\"WebSite\",\"@id\":\"https:\/\/www.aguarda.es\/en\/#website\",\"url\":\"https:\/\/www.aguarda.es\/en\/\",\"name\":\"Concello da Guarda\",\"description\":\"P\u00e1xina web do concello da Guarda\",\"potentialAction\":[{\"@type\":\"SearchAction\",\"target\":{\"@type\":\"EntryPoint\",\"urlTemplate\":\"https:\/\/www.aguarda.es\/en\/?s={search_term_string}\"},\"query-input\":\"required name=search_term_string\"}],\"inLanguage\":\"en-US\"},{\"@type\":\"Person\",\"@id\":\"https:\/\/www.aguarda.es\/en\/#\/schema\/person\/c463ca3006858ffb349d11179d044f21\",\"name\":\"prensa\",\"image\":{\"@type\":\"ImageObject\",\"inLanguage\":\"en-US\",\"@id\":\"https:\/\/www.aguarda.es\/en\/#\/schema\/person\/image\/\",\"url\":\"https:\/\/secure.gravatar.com\/avatar\/5f90ef536b0f98306edf5c7a1135ffa1?s=96&d=mm&r=g\",\"contentUrl\":\"https:\/\/secure.gravatar.com\/avatar\/5f90ef536b0f98306edf5c7a1135ffa1?s=96&d=mm&r=g\",\"caption\":\"prensa\"},\"url\":\"https:\/\/www.aguarda.es\/en\/author\/prensa\/\"}]}<\/script>\n<!-- \/ Yoast SEO plugin. -->","yoast_head_json":{"title":"Concerto de Clavec\u00edn de Joao Janeiro o venres 9 de setembro na Igrexa Parroquial da Guarda - Concello da Guarda","description":"O Ciclo de M\u00fasica Antiga no Cami\u00f1o Portugu\u00e9s \u201cUn Cami\u00f1o ben temperado\u201d, trae \u00e1 Guarda \u00e1 Orquestra Cl\u00e1sica de Vigo o venres 9 de setembro \u00e1s 20:00h na Igrexa Parroquial da Guarda","robots":{"index":"index","follow":"follow","max-snippet":"max-snippet:-1","max-image-preview":"max-image-preview:large","max-video-preview":"max-video-preview:-1"},"canonical":"https:\/\/www.aguarda.es\/en\/concerto-de-clavecin-de-joao-janeiro-o-venres-9-de-setembro-na-igrexa-parroquial-da-guarda\/","og_locale":"en_US","og_type":"article","og_title":"Concerto de Clavec\u00edn de Joao Janeiro o venres 9 de setembro na Igrexa Parroquial da Guarda - Concello da Guarda","og_description":"O Ciclo de M\u00fasica Antiga no Cami\u00f1o Portugu\u00e9s \u201cUn Cami\u00f1o ben temperado\u201d, trae \u00e1 Guarda \u00e1 Orquestra Cl\u00e1sica de Vigo o venres 9 de setembro \u00e1s 20:00h na Igrexa Parroquial da Guarda","og_url":"https:\/\/www.aguarda.es\/en\/concerto-de-clavecin-de-joao-janeiro-o-venres-9-de-setembro-na-igrexa-parroquial-da-guarda\/","og_site_name":"Concello da Guarda","article_publisher":"https:\/\/www.facebook.com\/ConcellodaGuarda","article_published_time":"2022-09-02T08:41:01+00:00","article_modified_time":"2022-09-02T08:47:41+00:00","og_image":[{"width":800,"height":1132,"url":"https:\/\/www.aguarda.es\/wp-content\/uploads\/2022\/09\/CONCERTO-1.jpg?_t=1662108462","type":"image\/jpeg"}],"author":"prensa","twitter_card":"summary_large_image","twitter_creator":"@AGuarda_es","twitter_site":"@AGuarda_es","twitter_misc":{"Written by":"prensa","Est. reading time":"3 minutes"},"schema":{"@context":"https:\/\/schema.org","@graph":[{"@type":"WebPage","@id":"https:\/\/www.aguarda.es\/en\/concerto-de-clavecin-de-joao-janeiro-o-venres-9-de-setembro-na-igrexa-parroquial-da-guarda\/","url":"https:\/\/www.aguarda.es\/en\/concerto-de-clavecin-de-joao-janeiro-o-venres-9-de-setembro-na-igrexa-parroquial-da-guarda\/","name":"Concerto de Clavec\u00edn de Joao Janeiro o venres 9 de setembro na Igrexa Parroquial da Guarda - Concello da Guarda","isPartOf":{"@id":"https:\/\/www.aguarda.es\/en\/#website"},"datePublished":"2022-09-02T08:41:01+00:00","dateModified":"2022-09-02T08:47:41+00:00","author":{"@id":"https:\/\/www.aguarda.es\/en\/#\/schema\/person\/c463ca3006858ffb349d11179d044f21"},"description":"O Ciclo de M\u00fasica Antiga no Cami\u00f1o Portugu\u00e9s \u201cUn Cami\u00f1o ben temperado\u201d, trae \u00e1 Guarda \u00e1 Orquestra Cl\u00e1sica de Vigo o venres 9 de setembro \u00e1s 20:00h na Igrexa Parroquial da Guarda","breadcrumb":{"@id":"https:\/\/www.aguarda.es\/en\/concerto-de-clavecin-de-joao-janeiro-o-venres-9-de-setembro-na-igrexa-parroquial-da-guarda\/#breadcrumb"},"inLanguage":"en-US","potentialAction":[{"@type":"ReadAction","target":["https:\/\/www.aguarda.es\/en\/concerto-de-clavecin-de-joao-janeiro-o-venres-9-de-setembro-na-igrexa-parroquial-da-guarda\/"]}]},{"@type":"BreadcrumbList","@id":"https:\/\/www.aguarda.es\/en\/concerto-de-clavecin-de-joao-janeiro-o-venres-9-de-setembro-na-igrexa-parroquial-da-guarda\/#breadcrumb","itemListElement":[{"@type":"ListItem","position":1,"name":"Portada","item":"https:\/\/www.aguarda.es\/en\/"},{"@type":"ListItem","position":2,"name":"Concerto de Clavec\u00edn de Joao Janeiro o venres 9 de setembro na Igrexa Parroquial da Guarda"}]},{"@type":"WebSite","@id":"https:\/\/www.aguarda.es\/en\/#website","url":"https:\/\/www.aguarda.es\/en\/","name":"Concello da Guarda","description":"P\u00e1xina web do concello da Guarda","potentialAction":[{"@type":"SearchAction","target":{"@type":"EntryPoint","urlTemplate":"https:\/\/www.aguarda.es\/en\/?s={search_term_string}"},"query-input":"required name=search_term_string"}],"inLanguage":"en-US"},{"@type":"Person","@id":"https:\/\/www.aguarda.es\/en\/#\/schema\/person\/c463ca3006858ffb349d11179d044f21","name":"prensa","image":{"@type":"ImageObject","inLanguage":"en-US","@id":"https:\/\/www.aguarda.es\/en\/#\/schema\/person\/image\/","url":"https:\/\/secure.gravatar.com\/avatar\/5f90ef536b0f98306edf5c7a1135ffa1?s=96&d=mm&r=g","contentUrl":"https:\/\/secure.gravatar.com\/avatar\/5f90ef536b0f98306edf5c7a1135ffa1?s=96&d=mm&r=g","caption":"prensa"},"url":"https:\/\/www.aguarda.es\/en\/author\/prensa\/"}]}},"_links":{"self":[{"href":"https:\/\/www.aguarda.es\/en\/wp-json\/wp\/v2\/posts\/26797"}],"collection":[{"href":"https:\/\/www.aguarda.es\/en\/wp-json\/wp\/v2\/posts"}],"about":[{"href":"https:\/\/www.aguarda.es\/en\/wp-json\/wp\/v2\/types\/post"}],"author":[{"embeddable":true,"href":"https:\/\/www.aguarda.es\/en\/wp-json\/wp\/v2\/users\/2"}],"replies":[{"embeddable":true,"href":"https:\/\/www.aguarda.es\/en\/wp-json\/wp\/v2\/comments?post=26797"}],"version-history":[{"count":5,"href":"https:\/\/www.aguarda.es\/en\/wp-json\/wp\/v2\/posts\/26797\/revisions"}],"predecessor-version":[{"id":26804,"href":"https:\/\/www.aguarda.es\/en\/wp-json\/wp\/v2\/posts\/26797\/revisions\/26804"}],"wp:featuredmedia":[{"embeddable":true,"href":"https:\/\/www.aguarda.es\/en\/wp-json\/wp\/v2\/media\/26798"}],"wp:attachment":[{"href":"https:\/\/www.aguarda.es\/en\/wp-json\/wp\/v2\/media?parent=26797"}],"wp:term":[{"taxonomy":"category","embeddable":true,"href":"https:\/\/www.aguarda.es\/en\/wp-json\/wp\/v2\/categories?post=26797"},{"taxonomy":"post_tag","embeddable":true,"href":"https:\/\/www.aguarda.es\/en\/wp-json\/wp\/v2\/tags?post=26797"}],"curies":[{"name":"wp","href":"https:\/\/api.w.org\/{rel}","templated":true}]}}