{"id":26818,"date":"2022-09-08T10:39:18","date_gmt":"2022-09-08T10:39:18","guid":{"rendered":"https:\/\/www.aguarda.es\/?p=26818"},"modified":"2022-09-08T10:39:18","modified_gmt":"2022-09-08T10:39:18","slug":"a-guarda-pecha-un-veran-cheo-de-actividade-cultural-deportiva-e-cunha-excelente-afluencia-de-turismo","status":"publish","type":"post","link":"https:\/\/www.aguarda.es\/en\/a-guarda-pecha-un-veran-cheo-de-actividade-cultural-deportiva-e-cunha-excelente-afluencia-de-turismo\/","title":{"rendered":"A Guarda pecha un ver\u00e1n cheo de actividade cultural, deportiva e cunha excelente afluencia de turismo"},"content":{"rendered":"<p>O Concello da Guarda fai balance dun ver\u00e1n 2022 moi positivo, cunha ampla afluencia de visitantes \u00e1 vila, que puideron gozar e aproveitar toda a oferta cultural, deportiva e gastron\u00f3mica da Guarda.<\/p>\n<p>A Axenda de Ver\u00e1n congregou a meirande parte dos eventos realizados ao longo do ver\u00e1n, onde non faltou a m\u00fasica, a igualdade, as festas populares e gastron\u00f3micas, o teatro, as actividades infant\u00eds, probas deportivas, a maxia, actividades literarias, feiras comerciais e creativas, entre outras.<\/p>\n<p>Para a Concelleira de Cultura, Montserrat Magallanes este ver\u00e1n foi o ver\u00e1n no cal \u201cvoltamos a desfrutar da cultura na r\u00faa, nas fermosas prazas que permiten na nosa vila organizar eventos coma a praza do Rel\u00f3, a Alameda, a praza do As de Copas ( Avelino Vicente), a praza dos Seixi\u00f1os, a praza da Gu\u00eda, a explanada do Porto, o castelo de Sta Cruz, o Parque do Cancel\u00f3n(Monti\u00f1o), e en moitos outros espazos municipais&#8230;. e en espazos tan singulares e \u00fanicos coma o auditorio de San Benito ( un dos poucos que existen aberto ao mar).\u201d<\/p>\n<p>No apartado musical destacaron os concertos de Heredeiros da Crus e Beret, congregando a un bo n\u00famero de persoas que asistiron a estas d\u00faas citas musicais do ver\u00e1n no Porto da Guarda. Tam\u00e9n A Guarda Mar de Blues, que ateigou de p\u00fablico a Praza do Rel\u00f3, con actividades musicais tam\u00e9n para os m\u00e1is cativos.<\/p>\n<p>A Guarda Diversa continuou unha edici\u00f3n m\u00e1is pondo de manifesto que A Guarda \u00e9 afortunadamente un municipio diverso, moderno e inclusivo, dando visibilidade e sobre todo loitando pola diversidade, porque a diversidade \u00e9 unha ferramenta de futuro, un motor de cambio e evoluci\u00f3n.<\/p>\n<p>A Festa da Langosta, a Festa do Peixe Espada e a Festa do Percebe foron os principais eventos gastron\u00f3micos do ver\u00e1n, destacando a ampla oferta gastron\u00f3mica existente na vila, se\u00f1a de identidade e que fai que o turismo gastron\u00f3mico po\u00f1a no mapa a A Guarda. Citas nas que non faltaron tam\u00e9n actividades complementarias coma feiras de artesan\u00eda, animaci\u00f3n de r\u00faa, m\u00fasica, etc.<\/p>\n<p>As Festas do Monte congregaron a multitude de veci\u00f1os e veci\u00f1as da Guarda, da comarca e de todos aqueles que nos visitan ou te\u00f1en segunda residencia na localidade, o desfile folcl\u00f3rico e de Bandas Mari\u00f1eiras puideron retomarse despois da parada debido a pandemia da Covid, foron 2 anos sen Festas do Monte e os bombos volveron a escoitarse nas r\u00faas e prazas da localidade as\u00ed como no Trega. A alegr\u00eda e a ilusi\u00f3n por voltar a desfrutar das nosas festas encheron de ledicia \u00e1 veci\u00f1anza e a todos aqueles que estes d\u00edas se acercaron ata a Guarda.<\/p>\n<p>As visitas Guiadas ao Monte Trega fixeron que moitos visitantes puidesen co\u00f1ecer de preto a cultura castrexa e o noso rico patrimonio, contndo cunha moi boa asistencia que tam\u00e9n se deixou notar no Museo Arqueol\u00f3xico de Santa Trega(MASAT). Tam\u00e9n O Piueiro axudou a gozar e apreciar a cultura mari\u00f1eira da nosa vila co seu Volanteiro e todas as actividades que se organizaron ao longo do ver\u00e1n.<\/p>\n<p>A cultura encheu diferentes espazos do municipio con concertos, actuaci\u00f3ns de maxia, representaci\u00f3ns teatrais, danza e baile ou eventos literarios coma ao III Encontro do Libro Luso Galaico.<\/p>\n<p>O deporte tam\u00e9n estivo presente este ver\u00e1n na Guarda, coma a Petanca, exhibici\u00f3ns deportivas, Xadr\u00e9z, Ciclismo, Carreiras Pedestres ou Carreiras de Orientaci\u00f3n, citas anuais que se consolidan con eventos ou torneos que congregan una ampla participaci\u00f3n de deportistas e p\u00fablico.<\/p>\n<p>As exposici\u00f3ns tam\u00e9n encheron o ver\u00e1n 2023 na Guarda coa Exposici\u00f3n de Pinturas de Chuny V\u00e1zquez ou a Exposici\u00f3n Colecci\u00f3n de fotograf\u00edas de Tito Lemos.<\/p>\n<p>As Festas do Carmen, as Festas de San Cayetano ou as Festas da Gu\u00eda tam\u00e9n encheron de m\u00fasica e lecer a nosa vila, cunha ampla participaci\u00f3n de persoas nas actividades inclu\u00eddas nas s\u00faas respectivas programaci\u00f3ns.<\/p>\n<p>No apartado comercial destacaron as Feiras Outlet do comercio local organizadas dende ACIGU CCA ou a Mostra Creativa, que congregou a m\u00e1is dunha vintena de talentos creativos da comarca do Baixo Mi\u00f1o.<\/p>\n<p>Sen d\u00fabida un ver\u00e1n cargado de actividades e que non deixou a ningu\u00e9n indiferente, actividades para todos os p\u00fablicos e todas as idades.<\/p>\n<p>Montserrat Magallanes sinala que dende o concello \u201cTratamos de abarcar diferentes disciplinas culturais: cine na r\u00faa, teatro, m\u00fasica para diferentes sensibilidades, maxia, circo&#8230; complet\u00e1ndoo con exposici\u00f3ns na Casa dos Alonso ( que foron todo un \u00e9xito de afluencia e sorprenderon pola constante presenza de p\u00fablico) e con presentaci\u00f3ns de libros. Sempre complementando a oferta que xa ofrec\u00edan as diferentes comisi\u00f3ns de festas ou entidades organizadoras de eventos. Foi un ver\u00e1n no que temos que agradecer o esforzo de moitas persoas, en primeiro lugar do persoal municipal, daqueles que traballan no departamento de Cultura, de Servizos, Policia Local ou GES, sei que deron m\u00e1is do que puideron sabendo que o seu compromiso est\u00e1 co pobo da Guarda. Agradecer tam\u00e9n o esforzo e traballo de moitas persoas das comisi\u00f3ns de festas que traballan con honradez para facer grandes as festas do seu barrio. E finalmente agradecer a presenza dos veci\u00f1os e veci\u00f1as da Guarda que coa s\u00faa presenza, comentarios e mostras de apoio fan que o equipo de goberno traballe coa mesma ilusi\u00f3n que o primeiro d\u00eda.\u201d<\/p>\n<p>A programaci\u00f3n contin\u00faa para pechar este ver\u00e1n no mes de setembro coas Festas das Mercedes e a Mostra Asociativa que ter\u00e1 lugar este s\u00e1bado d\u00eda 10 de setembro na Praza de Avelino Vicente.<\/p>\n","protected":false},"excerpt":{"rendered":"<p>O Concello da Guarda fai balance dun ver\u00e1n 2022 moi positivo, cunha ampla afluencia de visitantes \u00e1 vila, que puideron gozar e aproveitar toda a oferta cultural, deportiva e gastron\u00f3mica da Guarda. A Axenda de Ver\u00e1n congregou a meirande parte &hellip; <\/p>\n","protected":false},"author":2,"featured_media":26819,"comment_status":"open","ping_status":"open","sticky":false,"template":"","format":"standard","meta":[],"categories":[34,35,56],"tags":[226,243,276,232,288],"yoast_head":"<!-- This site is optimized with the Yoast SEO plugin v21.1 - https:\/\/yoast.com\/wordpress\/plugins\/seo\/ -->\n<title>A Guarda pecha un ver\u00e1n cheo de actividade cultural, deportiva e cunha excelente afluencia de turismo - Concello da Guarda<\/title>\n<meta name=\"robots\" content=\"index, follow, max-snippet:-1, max-image-preview:large, max-video-preview:-1\" \/>\n<link rel=\"canonical\" href=\"https:\/\/www.aguarda.es\/en\/a-guarda-pecha-un-veran-cheo-de-actividade-cultural-deportiva-e-cunha-excelente-afluencia-de-turismo\/\" \/>\n<meta property=\"og:locale\" content=\"en_US\" \/>\n<meta property=\"og:type\" content=\"article\" \/>\n<meta property=\"og:title\" content=\"A Guarda pecha un ver\u00e1n cheo de actividade cultural, deportiva e cunha excelente afluencia de turismo - Concello da Guarda\" \/>\n<meta property=\"og:description\" content=\"O Concello da Guarda fai balance dun ver\u00e1n 2022 moi positivo, cunha ampla afluencia de visitantes \u00e1 vila, que puideron gozar e aproveitar toda a oferta cultural, deportiva e gastron\u00f3mica da Guarda. A Axenda de Ver\u00e1n congregou a meirande parte &hellip;\" \/>\n<meta property=\"og:url\" content=\"https:\/\/www.aguarda.es\/en\/a-guarda-pecha-un-veran-cheo-de-actividade-cultural-deportiva-e-cunha-excelente-afluencia-de-turismo\/\" \/>\n<meta property=\"og:site_name\" content=\"Concello da Guarda\" \/>\n<meta property=\"article:publisher\" content=\"https:\/\/www.facebook.com\/ConcellodaGuarda\" \/>\n<meta property=\"article:published_time\" content=\"2022-09-08T10:39:18+00:00\" \/>\n<meta property=\"og:image\" content=\"https:\/\/www.aguarda.es\/wp-content\/uploads\/2022\/09\/web4-a.jpg?_t=1662633559\" \/>\n\t<meta property=\"og:image:width\" content=\"800\" \/>\n\t<meta property=\"og:image:height\" content=\"800\" \/>\n\t<meta property=\"og:image:type\" content=\"image\/jpeg\" \/>\n<meta name=\"author\" content=\"prensa\" \/>\n<meta name=\"twitter:card\" content=\"summary_large_image\" \/>\n<meta name=\"twitter:creator\" content=\"@AGuarda_es\" \/>\n<meta name=\"twitter:site\" content=\"@AGuarda_es\" \/>\n<meta name=\"twitter:label1\" content=\"Written by\" \/>\n\t<meta name=\"twitter:data1\" content=\"prensa\" \/>\n\t<meta name=\"twitter:label2\" content=\"Est. reading time\" \/>\n\t<meta name=\"twitter:data2\" content=\"5 minutes\" \/>\n<script type=\"application\/ld+json\" class=\"yoast-schema-graph\">{\"@context\":\"https:\/\/schema.org\",\"@graph\":[{\"@type\":\"WebPage\",\"@id\":\"https:\/\/www.aguarda.es\/en\/a-guarda-pecha-un-veran-cheo-de-actividade-cultural-deportiva-e-cunha-excelente-afluencia-de-turismo\/\",\"url\":\"https:\/\/www.aguarda.es\/en\/a-guarda-pecha-un-veran-cheo-de-actividade-cultural-deportiva-e-cunha-excelente-afluencia-de-turismo\/\",\"name\":\"A Guarda pecha un ver\u00e1n cheo de actividade cultural, deportiva e cunha excelente afluencia de turismo - Concello da Guarda\",\"isPartOf\":{\"@id\":\"https:\/\/www.aguarda.es\/en\/#website\"},\"datePublished\":\"2022-09-08T10:39:18+00:00\",\"dateModified\":\"2022-09-08T10:39:18+00:00\",\"author\":{\"@id\":\"https:\/\/www.aguarda.es\/en\/#\/schema\/person\/c463ca3006858ffb349d11179d044f21\"},\"breadcrumb\":{\"@id\":\"https:\/\/www.aguarda.es\/en\/a-guarda-pecha-un-veran-cheo-de-actividade-cultural-deportiva-e-cunha-excelente-afluencia-de-turismo\/#breadcrumb\"},\"inLanguage\":\"en-US\",\"potentialAction\":[{\"@type\":\"ReadAction\",\"target\":[\"https:\/\/www.aguarda.es\/en\/a-guarda-pecha-un-veran-cheo-de-actividade-cultural-deportiva-e-cunha-excelente-afluencia-de-turismo\/\"]}]},{\"@type\":\"BreadcrumbList\",\"@id\":\"https:\/\/www.aguarda.es\/en\/a-guarda-pecha-un-veran-cheo-de-actividade-cultural-deportiva-e-cunha-excelente-afluencia-de-turismo\/#breadcrumb\",\"itemListElement\":[{\"@type\":\"ListItem\",\"position\":1,\"name\":\"Portada\",\"item\":\"https:\/\/www.aguarda.es\/en\/\"},{\"@type\":\"ListItem\",\"position\":2,\"name\":\"A Guarda pecha un ver\u00e1n cheo de actividade cultural, deportiva e cunha excelente afluencia de turismo\"}]},{\"@type\":\"WebSite\",\"@id\":\"https:\/\/www.aguarda.es\/en\/#website\",\"url\":\"https:\/\/www.aguarda.es\/en\/\",\"name\":\"Concello da Guarda\",\"description\":\"P\u00e1xina web do concello da Guarda\",\"potentialAction\":[{\"@type\":\"SearchAction\",\"target\":{\"@type\":\"EntryPoint\",\"urlTemplate\":\"https:\/\/www.aguarda.es\/en\/?s={search_term_string}\"},\"query-input\":\"required name=search_term_string\"}],\"inLanguage\":\"en-US\"},{\"@type\":\"Person\",\"@id\":\"https:\/\/www.aguarda.es\/en\/#\/schema\/person\/c463ca3006858ffb349d11179d044f21\",\"name\":\"prensa\",\"image\":{\"@type\":\"ImageObject\",\"inLanguage\":\"en-US\",\"@id\":\"https:\/\/www.aguarda.es\/en\/#\/schema\/person\/image\/\",\"url\":\"https:\/\/secure.gravatar.com\/avatar\/5f90ef536b0f98306edf5c7a1135ffa1?s=96&d=mm&r=g\",\"contentUrl\":\"https:\/\/secure.gravatar.com\/avatar\/5f90ef536b0f98306edf5c7a1135ffa1?s=96&d=mm&r=g\",\"caption\":\"prensa\"},\"url\":\"https:\/\/www.aguarda.es\/en\/author\/prensa\/\"}]}<\/script>\n<!-- \/ Yoast SEO plugin. -->","yoast_head_json":{"title":"A Guarda pecha un ver\u00e1n cheo de actividade cultural, deportiva e cunha excelente afluencia de turismo - Concello da Guarda","robots":{"index":"index","follow":"follow","max-snippet":"max-snippet:-1","max-image-preview":"max-image-preview:large","max-video-preview":"max-video-preview:-1"},"canonical":"https:\/\/www.aguarda.es\/en\/a-guarda-pecha-un-veran-cheo-de-actividade-cultural-deportiva-e-cunha-excelente-afluencia-de-turismo\/","og_locale":"en_US","og_type":"article","og_title":"A Guarda pecha un ver\u00e1n cheo de actividade cultural, deportiva e cunha excelente afluencia de turismo - Concello da Guarda","og_description":"O Concello da Guarda fai balance dun ver\u00e1n 2022 moi positivo, cunha ampla afluencia de visitantes \u00e1 vila, que puideron gozar e aproveitar toda a oferta cultural, deportiva e gastron\u00f3mica da Guarda. A Axenda de Ver\u00e1n congregou a meirande parte &hellip;","og_url":"https:\/\/www.aguarda.es\/en\/a-guarda-pecha-un-veran-cheo-de-actividade-cultural-deportiva-e-cunha-excelente-afluencia-de-turismo\/","og_site_name":"Concello da Guarda","article_publisher":"https:\/\/www.facebook.com\/ConcellodaGuarda","article_published_time":"2022-09-08T10:39:18+00:00","og_image":[{"width":800,"height":800,"url":"https:\/\/www.aguarda.es\/wp-content\/uploads\/2022\/09\/web4-a.jpg?_t=1662633559","type":"image\/jpeg"}],"author":"prensa","twitter_card":"summary_large_image","twitter_creator":"@AGuarda_es","twitter_site":"@AGuarda_es","twitter_misc":{"Written by":"prensa","Est. reading time":"5 minutes"},"schema":{"@context":"https:\/\/schema.org","@graph":[{"@type":"WebPage","@id":"https:\/\/www.aguarda.es\/en\/a-guarda-pecha-un-veran-cheo-de-actividade-cultural-deportiva-e-cunha-excelente-afluencia-de-turismo\/","url":"https:\/\/www.aguarda.es\/en\/a-guarda-pecha-un-veran-cheo-de-actividade-cultural-deportiva-e-cunha-excelente-afluencia-de-turismo\/","name":"A Guarda pecha un ver\u00e1n cheo de actividade cultural, deportiva e cunha excelente afluencia de turismo - Concello da Guarda","isPartOf":{"@id":"https:\/\/www.aguarda.es\/en\/#website"},"datePublished":"2022-09-08T10:39:18+00:00","dateModified":"2022-09-08T10:39:18+00:00","author":{"@id":"https:\/\/www.aguarda.es\/en\/#\/schema\/person\/c463ca3006858ffb349d11179d044f21"},"breadcrumb":{"@id":"https:\/\/www.aguarda.es\/en\/a-guarda-pecha-un-veran-cheo-de-actividade-cultural-deportiva-e-cunha-excelente-afluencia-de-turismo\/#breadcrumb"},"inLanguage":"en-US","potentialAction":[{"@type":"ReadAction","target":["https:\/\/www.aguarda.es\/en\/a-guarda-pecha-un-veran-cheo-de-actividade-cultural-deportiva-e-cunha-excelente-afluencia-de-turismo\/"]}]},{"@type":"BreadcrumbList","@id":"https:\/\/www.aguarda.es\/en\/a-guarda-pecha-un-veran-cheo-de-actividade-cultural-deportiva-e-cunha-excelente-afluencia-de-turismo\/#breadcrumb","itemListElement":[{"@type":"ListItem","position":1,"name":"Portada","item":"https:\/\/www.aguarda.es\/en\/"},{"@type":"ListItem","position":2,"name":"A Guarda pecha un ver\u00e1n cheo de actividade cultural, deportiva e cunha excelente afluencia de turismo"}]},{"@type":"WebSite","@id":"https:\/\/www.aguarda.es\/en\/#website","url":"https:\/\/www.aguarda.es\/en\/","name":"Concello da Guarda","description":"P\u00e1xina web do concello da Guarda","potentialAction":[{"@type":"SearchAction","target":{"@type":"EntryPoint","urlTemplate":"https:\/\/www.aguarda.es\/en\/?s={search_term_string}"},"query-input":"required name=search_term_string"}],"inLanguage":"en-US"},{"@type":"Person","@id":"https:\/\/www.aguarda.es\/en\/#\/schema\/person\/c463ca3006858ffb349d11179d044f21","name":"prensa","image":{"@type":"ImageObject","inLanguage":"en-US","@id":"https:\/\/www.aguarda.es\/en\/#\/schema\/person\/image\/","url":"https:\/\/secure.gravatar.com\/avatar\/5f90ef536b0f98306edf5c7a1135ffa1?s=96&d=mm&r=g","contentUrl":"https:\/\/secure.gravatar.com\/avatar\/5f90ef536b0f98306edf5c7a1135ffa1?s=96&d=mm&r=g","caption":"prensa"},"url":"https:\/\/www.aguarda.es\/en\/author\/prensa\/"}]}},"_links":{"self":[{"href":"https:\/\/www.aguarda.es\/en\/wp-json\/wp\/v2\/posts\/26818"}],"collection":[{"href":"https:\/\/www.aguarda.es\/en\/wp-json\/wp\/v2\/posts"}],"about":[{"href":"https:\/\/www.aguarda.es\/en\/wp-json\/wp\/v2\/types\/post"}],"author":[{"embeddable":true,"href":"https:\/\/www.aguarda.es\/en\/wp-json\/wp\/v2\/users\/2"}],"replies":[{"embeddable":true,"href":"https:\/\/www.aguarda.es\/en\/wp-json\/wp\/v2\/comments?post=26818"}],"version-history":[{"count":1,"href":"https:\/\/www.aguarda.es\/en\/wp-json\/wp\/v2\/posts\/26818\/revisions"}],"predecessor-version":[{"id":26821,"href":"https:\/\/www.aguarda.es\/en\/wp-json\/wp\/v2\/posts\/26818\/revisions\/26821"}],"wp:featuredmedia":[{"embeddable":true,"href":"https:\/\/www.aguarda.es\/en\/wp-json\/wp\/v2\/media\/26819"}],"wp:attachment":[{"href":"https:\/\/www.aguarda.es\/en\/wp-json\/wp\/v2\/media?parent=26818"}],"wp:term":[{"taxonomy":"category","embeddable":true,"href":"https:\/\/www.aguarda.es\/en\/wp-json\/wp\/v2\/categories?post=26818"},{"taxonomy":"post_tag","embeddable":true,"href":"https:\/\/www.aguarda.es\/en\/wp-json\/wp\/v2\/tags?post=26818"}],"curies":[{"name":"wp","href":"https:\/\/api.w.org\/{rel}","templated":true}]}}