{"id":26822,"date":"2022-09-12T09:46:25","date_gmt":"2022-09-12T09:46:25","guid":{"rendered":"https:\/\/www.aguarda.es\/?p=26822"},"modified":"2022-09-12T09:46:25","modified_gmt":"2022-09-12T09:46:25","slug":"o-asociacionismo-guardes-mais-vivo-ca-nunca","status":"publish","type":"post","link":"https:\/\/www.aguarda.es\/en\/o-asociacionismo-guardes-mais-vivo-ca-nunca\/","title":{"rendered":"O asociacionismo guard\u00e9s, m\u00e1is vivo ca nunca"},"content":{"rendered":"<p><em><strong>\u2022 A IV Mostra Asociativa contou coa participaci\u00f3n de 28 entidades da vila e unha afluencia de p\u00fablico excepcional<\/strong><\/em><br \/>\n<em><strong>\u2022 A V Carreira de Carrilanas organizada pola Festa das Mercedes da G\u00e1ndara congregou a milleiros de persoas.<\/strong><\/em><br \/>\nEste ano 2022 o movemento asociativo da Guarda retomou con moita forza e ilusi\u00f3n a s\u00faa festa asociativa tras dous anos do descanso obrigatorio imposto pola pandemia.<\/p>\n<p>Na xornada do pasado s\u00e1bado d\u00eda 10 de setembro as asociaci\u00f3ns e colectivos deportivos, culturais e sociais da Guarda voltaron \u00e1 r\u00faa para participar na IV edici\u00f3n da Mostra asociativa.<\/p>\n<p>A IV edici\u00f3n da Mostra Asociativa arrancou \u00e1s 15:30 horas na Praza Avelino Vicente coa Performance de Trans Mi\u00f1o e actuaci\u00f3n de Asociaci\u00f3n Studio 88, seguido dunha actuaci\u00f3n musical e de baile conxunta entre o Coro Arpegios Cant\u00e1bile, Na Revolta, Xamaraina e Vento Mareiro.<\/p>\n<p>A Asociaci\u00f3n Alfombras da Guarda continuaba a programaci\u00f3n cunha entretida peza teatral na que tam\u00e9n colaborou Coiro Vello, para proseguir a Asociaci\u00f3n FOCO cunha Performance da rapazada do Proxecto Axentes Antibulos.<\/p>\n<p>A Exhibici\u00f3n de Baile e Danza do grupo Dans\u00e1 do CD Baixo Mi\u00f1o congregou a moito p\u00fablico para dar paso \u00e1 derradeira actividade desta edici\u00f3n, a V edici\u00f3n da Carreira de Carrilanas organizada pola Festa das Mercedes da G\u00e1ndara, unha proba que este ano trasladouse ata o casco urbano e que contou coa participaci\u00f3n dun total de 11 b\u00f3lidos e 6 driftrikes, ademais dunha afluencia de espectadores moi significativa, con milleiros de persoas que se congregaron ao longo da R\u00faa Concepci\u00f3n Arenal para presenciar esta proba.<br \/>\nEn palabras de F\u00e1tima Rodr\u00edguez, Concelleira de Desenvolvemento Local, \u201cA IV Mostra Asociativa, coa participaci\u00f3n de 28 stands de colectivos guardeses, sirve para que as entidades poidan expor parte do seu traballo e ensinen e divulguen as s\u00faas acci\u00f3ns e actividades.\u201d Este ano contouse cunha ampla programaci\u00f3n con de actividades diversas como xogos(interactivos, tradicionais&#8230;), obradoiros de n\u00f3s, chapas, probas de remo erg\u00f3metro, sorteos, &#8230;<\/p>\n<p>Esta edici\u00f3n da Mostra Asociativa, que xa se consolida no calendario anual de eventos, ven a por de manifesto unha vez m\u00e1is que o municipio brilla coa presenza de moitas das entidades que dia a d\u00eda realizan actividades, idean proxectos e prestan apoio, para facer da Guarda un lugar m\u00e1is cooperativo, participativo e din\u00e1mico.<\/p>\n","protected":false},"excerpt":{"rendered":"<p>\u2022 A IV Mostra Asociativa contou coa participaci\u00f3n de 28 entidades da vila e unha afluencia de p\u00fablico excepcional \u2022 A V Carreira de Carrilanas organizada pola Festa das Mercedes da G\u00e1ndara congregou a milleiros de persoas. Este ano 2022 &hellip; <\/p>\n","protected":false},"author":2,"featured_media":26823,"comment_status":"open","ping_status":"open","sticky":false,"template":"","format":"standard","meta":[],"categories":[34,35,36],"tags":[226,564,243,276,563],"yoast_head":"<!-- This site is optimized with the Yoast SEO plugin v21.1 - https:\/\/yoast.com\/wordpress\/plugins\/seo\/ -->\n<title>O asociacionismo guard\u00e9s, m\u00e1is vivo ca nunca - Concello da Guarda<\/title>\n<meta name=\"description\" content=\"Na xornada do pasado s\u00e1bado d\u00eda 10 de setembro as asociaci\u00f3ns e colectivos deportivos, culturais e sociais da Guarda voltaron \u00e1 r\u00faa para participar na IV edici\u00f3n da Mostra asociativa.\" \/>\n<meta name=\"robots\" content=\"index, follow, max-snippet:-1, max-image-preview:large, max-video-preview:-1\" \/>\n<link rel=\"canonical\" href=\"https:\/\/www.aguarda.es\/en\/o-asociacionismo-guardes-mais-vivo-ca-nunca\/\" \/>\n<meta property=\"og:locale\" content=\"en_US\" \/>\n<meta property=\"og:type\" content=\"article\" \/>\n<meta property=\"og:title\" content=\"O asociacionismo guard\u00e9s, m\u00e1is vivo ca nunca - Concello da Guarda\" \/>\n<meta property=\"og:description\" content=\"Na xornada do pasado s\u00e1bado d\u00eda 10 de setembro as asociaci\u00f3ns e colectivos deportivos, culturais e sociais da Guarda voltaron \u00e1 r\u00faa para participar na IV edici\u00f3n da Mostra asociativa.\" \/>\n<meta property=\"og:url\" content=\"https:\/\/www.aguarda.es\/en\/o-asociacionismo-guardes-mais-vivo-ca-nunca\/\" \/>\n<meta property=\"og:site_name\" content=\"Concello da Guarda\" \/>\n<meta property=\"article:publisher\" content=\"https:\/\/www.facebook.com\/ConcellodaGuarda\" \/>\n<meta property=\"article:published_time\" content=\"2022-09-12T09:46:25+00:00\" \/>\n<meta property=\"og:image\" content=\"https:\/\/www.aguarda.es\/wp-content\/uploads\/2022\/09\/NP-12092022-MOSTRA-ASOCIATIVA1.jpg?_t=1662975986\" \/>\n\t<meta property=\"og:image:width\" content=\"800\" \/>\n\t<meta property=\"og:image:height\" content=\"800\" \/>\n\t<meta property=\"og:image:type\" content=\"image\/jpeg\" \/>\n<meta name=\"author\" content=\"prensa\" \/>\n<meta name=\"twitter:card\" content=\"summary_large_image\" \/>\n<meta name=\"twitter:creator\" content=\"@AGuarda_es\" \/>\n<meta name=\"twitter:site\" content=\"@AGuarda_es\" \/>\n<meta name=\"twitter:label1\" content=\"Written by\" \/>\n\t<meta name=\"twitter:data1\" content=\"prensa\" \/>\n\t<meta name=\"twitter:label2\" content=\"Est. reading time\" \/>\n\t<meta name=\"twitter:data2\" content=\"3 minutes\" \/>\n<script type=\"application\/ld+json\" class=\"yoast-schema-graph\">{\"@context\":\"https:\/\/schema.org\",\"@graph\":[{\"@type\":\"WebPage\",\"@id\":\"https:\/\/www.aguarda.es\/en\/o-asociacionismo-guardes-mais-vivo-ca-nunca\/\",\"url\":\"https:\/\/www.aguarda.es\/en\/o-asociacionismo-guardes-mais-vivo-ca-nunca\/\",\"name\":\"O asociacionismo guard\u00e9s, m\u00e1is vivo ca nunca - Concello da Guarda\",\"isPartOf\":{\"@id\":\"https:\/\/www.aguarda.es\/en\/#website\"},\"datePublished\":\"2022-09-12T09:46:25+00:00\",\"dateModified\":\"2022-09-12T09:46:25+00:00\",\"author\":{\"@id\":\"https:\/\/www.aguarda.es\/en\/#\/schema\/person\/c463ca3006858ffb349d11179d044f21\"},\"description\":\"Na xornada do pasado s\u00e1bado d\u00eda 10 de setembro as asociaci\u00f3ns e colectivos deportivos, culturais e sociais da Guarda voltaron \u00e1 r\u00faa para participar na IV edici\u00f3n da Mostra asociativa.\",\"breadcrumb\":{\"@id\":\"https:\/\/www.aguarda.es\/en\/o-asociacionismo-guardes-mais-vivo-ca-nunca\/#breadcrumb\"},\"inLanguage\":\"en-US\",\"potentialAction\":[{\"@type\":\"ReadAction\",\"target\":[\"https:\/\/www.aguarda.es\/en\/o-asociacionismo-guardes-mais-vivo-ca-nunca\/\"]}]},{\"@type\":\"BreadcrumbList\",\"@id\":\"https:\/\/www.aguarda.es\/en\/o-asociacionismo-guardes-mais-vivo-ca-nunca\/#breadcrumb\",\"itemListElement\":[{\"@type\":\"ListItem\",\"position\":1,\"name\":\"Portada\",\"item\":\"https:\/\/www.aguarda.es\/en\/\"},{\"@type\":\"ListItem\",\"position\":2,\"name\":\"O asociacionismo guard\u00e9s, m\u00e1is vivo ca nunca\"}]},{\"@type\":\"WebSite\",\"@id\":\"https:\/\/www.aguarda.es\/en\/#website\",\"url\":\"https:\/\/www.aguarda.es\/en\/\",\"name\":\"Concello da Guarda\",\"description\":\"P\u00e1xina web do concello da Guarda\",\"potentialAction\":[{\"@type\":\"SearchAction\",\"target\":{\"@type\":\"EntryPoint\",\"urlTemplate\":\"https:\/\/www.aguarda.es\/en\/?s={search_term_string}\"},\"query-input\":\"required name=search_term_string\"}],\"inLanguage\":\"en-US\"},{\"@type\":\"Person\",\"@id\":\"https:\/\/www.aguarda.es\/en\/#\/schema\/person\/c463ca3006858ffb349d11179d044f21\",\"name\":\"prensa\",\"image\":{\"@type\":\"ImageObject\",\"inLanguage\":\"en-US\",\"@id\":\"https:\/\/www.aguarda.es\/en\/#\/schema\/person\/image\/\",\"url\":\"https:\/\/secure.gravatar.com\/avatar\/5f90ef536b0f98306edf5c7a1135ffa1?s=96&d=mm&r=g\",\"contentUrl\":\"https:\/\/secure.gravatar.com\/avatar\/5f90ef536b0f98306edf5c7a1135ffa1?s=96&d=mm&r=g\",\"caption\":\"prensa\"},\"url\":\"https:\/\/www.aguarda.es\/en\/author\/prensa\/\"}]}<\/script>\n<!-- \/ Yoast SEO plugin. -->","yoast_head_json":{"title":"O asociacionismo guard\u00e9s, m\u00e1is vivo ca nunca - Concello da Guarda","description":"Na xornada do pasado s\u00e1bado d\u00eda 10 de setembro as asociaci\u00f3ns e colectivos deportivos, culturais e sociais da Guarda voltaron \u00e1 r\u00faa para participar na IV edici\u00f3n da Mostra asociativa.","robots":{"index":"index","follow":"follow","max-snippet":"max-snippet:-1","max-image-preview":"max-image-preview:large","max-video-preview":"max-video-preview:-1"},"canonical":"https:\/\/www.aguarda.es\/en\/o-asociacionismo-guardes-mais-vivo-ca-nunca\/","og_locale":"en_US","og_type":"article","og_title":"O asociacionismo guard\u00e9s, m\u00e1is vivo ca nunca - Concello da Guarda","og_description":"Na xornada do pasado s\u00e1bado d\u00eda 10 de setembro as asociaci\u00f3ns e colectivos deportivos, culturais e sociais da Guarda voltaron \u00e1 r\u00faa para participar na IV edici\u00f3n da Mostra asociativa.","og_url":"https:\/\/www.aguarda.es\/en\/o-asociacionismo-guardes-mais-vivo-ca-nunca\/","og_site_name":"Concello da Guarda","article_publisher":"https:\/\/www.facebook.com\/ConcellodaGuarda","article_published_time":"2022-09-12T09:46:25+00:00","og_image":[{"width":800,"height":800,"url":"https:\/\/www.aguarda.es\/wp-content\/uploads\/2022\/09\/NP-12092022-MOSTRA-ASOCIATIVA1.jpg?_t=1662975986","type":"image\/jpeg"}],"author":"prensa","twitter_card":"summary_large_image","twitter_creator":"@AGuarda_es","twitter_site":"@AGuarda_es","twitter_misc":{"Written by":"prensa","Est. reading time":"3 minutes"},"schema":{"@context":"https:\/\/schema.org","@graph":[{"@type":"WebPage","@id":"https:\/\/www.aguarda.es\/en\/o-asociacionismo-guardes-mais-vivo-ca-nunca\/","url":"https:\/\/www.aguarda.es\/en\/o-asociacionismo-guardes-mais-vivo-ca-nunca\/","name":"O asociacionismo guard\u00e9s, m\u00e1is vivo ca nunca - Concello da Guarda","isPartOf":{"@id":"https:\/\/www.aguarda.es\/en\/#website"},"datePublished":"2022-09-12T09:46:25+00:00","dateModified":"2022-09-12T09:46:25+00:00","author":{"@id":"https:\/\/www.aguarda.es\/en\/#\/schema\/person\/c463ca3006858ffb349d11179d044f21"},"description":"Na xornada do pasado s\u00e1bado d\u00eda 10 de setembro as asociaci\u00f3ns e colectivos deportivos, culturais e sociais da Guarda voltaron \u00e1 r\u00faa para participar na IV edici\u00f3n da Mostra asociativa.","breadcrumb":{"@id":"https:\/\/www.aguarda.es\/en\/o-asociacionismo-guardes-mais-vivo-ca-nunca\/#breadcrumb"},"inLanguage":"en-US","potentialAction":[{"@type":"ReadAction","target":["https:\/\/www.aguarda.es\/en\/o-asociacionismo-guardes-mais-vivo-ca-nunca\/"]}]},{"@type":"BreadcrumbList","@id":"https:\/\/www.aguarda.es\/en\/o-asociacionismo-guardes-mais-vivo-ca-nunca\/#breadcrumb","itemListElement":[{"@type":"ListItem","position":1,"name":"Portada","item":"https:\/\/www.aguarda.es\/en\/"},{"@type":"ListItem","position":2,"name":"O asociacionismo guard\u00e9s, m\u00e1is vivo ca nunca"}]},{"@type":"WebSite","@id":"https:\/\/www.aguarda.es\/en\/#website","url":"https:\/\/www.aguarda.es\/en\/","name":"Concello da Guarda","description":"P\u00e1xina web do concello da Guarda","potentialAction":[{"@type":"SearchAction","target":{"@type":"EntryPoint","urlTemplate":"https:\/\/www.aguarda.es\/en\/?s={search_term_string}"},"query-input":"required name=search_term_string"}],"inLanguage":"en-US"},{"@type":"Person","@id":"https:\/\/www.aguarda.es\/en\/#\/schema\/person\/c463ca3006858ffb349d11179d044f21","name":"prensa","image":{"@type":"ImageObject","inLanguage":"en-US","@id":"https:\/\/www.aguarda.es\/en\/#\/schema\/person\/image\/","url":"https:\/\/secure.gravatar.com\/avatar\/5f90ef536b0f98306edf5c7a1135ffa1?s=96&d=mm&r=g","contentUrl":"https:\/\/secure.gravatar.com\/avatar\/5f90ef536b0f98306edf5c7a1135ffa1?s=96&d=mm&r=g","caption":"prensa"},"url":"https:\/\/www.aguarda.es\/en\/author\/prensa\/"}]}},"_links":{"self":[{"href":"https:\/\/www.aguarda.es\/en\/wp-json\/wp\/v2\/posts\/26822"}],"collection":[{"href":"https:\/\/www.aguarda.es\/en\/wp-json\/wp\/v2\/posts"}],"about":[{"href":"https:\/\/www.aguarda.es\/en\/wp-json\/wp\/v2\/types\/post"}],"author":[{"embeddable":true,"href":"https:\/\/www.aguarda.es\/en\/wp-json\/wp\/v2\/users\/2"}],"replies":[{"embeddable":true,"href":"https:\/\/www.aguarda.es\/en\/wp-json\/wp\/v2\/comments?post=26822"}],"version-history":[{"count":1,"href":"https:\/\/www.aguarda.es\/en\/wp-json\/wp\/v2\/posts\/26822\/revisions"}],"predecessor-version":[{"id":26825,"href":"https:\/\/www.aguarda.es\/en\/wp-json\/wp\/v2\/posts\/26822\/revisions\/26825"}],"wp:featuredmedia":[{"embeddable":true,"href":"https:\/\/www.aguarda.es\/en\/wp-json\/wp\/v2\/media\/26823"}],"wp:attachment":[{"href":"https:\/\/www.aguarda.es\/en\/wp-json\/wp\/v2\/media?parent=26822"}],"wp:term":[{"taxonomy":"category","embeddable":true,"href":"https:\/\/www.aguarda.es\/en\/wp-json\/wp\/v2\/categories?post=26822"},{"taxonomy":"post_tag","embeddable":true,"href":"https:\/\/www.aguarda.es\/en\/wp-json\/wp\/v2\/tags?post=26822"}],"curies":[{"name":"wp","href":"https:\/\/api.w.org\/{rel}","templated":true}]}}