{"id":27000,"date":"2022-10-10T07:56:14","date_gmt":"2022-10-10T07:56:14","guid":{"rendered":"https:\/\/www.aguarda.es\/?p=27000"},"modified":"2022-10-10T07:56:14","modified_gmt":"2022-10-10T07:56:14","slug":"o-concello-da-guarda-alumease-de-verde-para-conmemorar-o-dia-mundial-da-saude-mental-a-peticion-da-asociacion-avelaina","status":"publish","type":"post","link":"https:\/\/www.aguarda.es\/en\/o-concello-da-guarda-alumease-de-verde-para-conmemorar-o-dia-mundial-da-saude-mental-a-peticion-da-asociacion-avelaina\/","title":{"rendered":"O Concello da Guarda alum\u00e9ase de verde para conmemorar o D\u00eda Mundial da Sa\u00fade Mental,  a petici\u00f3n da Asociaci\u00f3n Avela\u00ed\u00f1a"},"content":{"rendered":"<p>O Concello de A GUARDA s\u00famase as\u00ed \u00e1 campa\u00f1a que leva a cabo a Asociaci\u00f3n\u00a0 Avela\u00ed\u00f1a ao longo do mes de outubro, co obxectivo de sensibilizar e informar \u00e1 poboaci\u00f3n sobre a enfermidade mental.<\/p>\n<p>O 10 de outubro cel\u00e9brase o D\u00eda Mundial da Sa\u00fade Mental, conmemoraci\u00f3n que pretende sensibilizar e informar sobre a importancia do coidado da sa\u00fade mental e a defensa dos dereitos das persoas que te\u00f1en alg\u00fan problema desta \u00edndole. Este ano, o tema elixido a nivel mundial para esta conmemoraci\u00f3n \u00e9 a sa\u00fade mental nun mundo desigual, chamando a atenci\u00f3n sobre aqueles factores que impiden que o coidado da sa\u00fade mental poida chegar a todas as persoas en igualdade de condici\u00f3ns.<\/p>\n<p>&nbsp;<\/p>\n<p><strong>A Asociaci\u00f3n Avela\u00ed\u00f1a<\/strong><\/p>\n<p>A Asociaci\u00f3n Avela\u00ed\u00f1a \u00e9 unha entidade sen \u00e1nimo de lucro que nace no ano 1997 na comarca do Baixo Mi\u00f1o, coa misi\u00f3n de potenciar a inclusi\u00f3n das persoas con problemas de sa\u00fade mental mediante a promoci\u00f3n da s\u00faa calidade de vida e a dos seus familiares. Foi declarada Entidade de Utilidade P\u00fablica no ano 2010.<\/p>\n<p>Tras 25 anos de andadura, na actualidade a asociaci\u00f3n est\u00e1 integrada por 18 profesionais e m\u00e1is de 400 persoas socias con enfermidade mental, familiares, coidadores e persoas sensibilizadas ante este problema de sa\u00fade. Sendo o seu \u00e1mbito de actuaci\u00f3n a provincia de Pontevedra.<\/p>\n<p>Hoxe en d\u00eda Avela\u00ed\u00f1a est\u00e1 presente\u00a0\u00a0 no Baixo\u00a0 Mi\u00f1o, Val\u00a0 Mi\u00f1or,\u00a0 no\u00a0 Condado,\u00a0 na\u00a0 Paradanta\u00a0 e en Salceda\u00a0 de\u00a0 Caselas e conta con numerosos convenios e concertos con organismos p\u00fablicos, promovendo\u00a0 aquelas\u00a0 intervenci\u00f3ns\u00a0 na\u00a0 \u00e1rea\u00a0 da sa\u00fade mental non cubertas polas instituci\u00f3ns existentes e\u00a0 procurando unha mellor relaci\u00f3n entre a persoa e o seu medio.<\/p>\n","protected":false},"excerpt":{"rendered":"<p>O Concello de A GUARDA s\u00famase as\u00ed \u00e1 campa\u00f1a que leva a cabo a Asociaci\u00f3n\u00a0 Avela\u00ed\u00f1a ao longo do mes de outubro, co obxectivo de sensibilizar e informar \u00e1 poboaci\u00f3n sobre a enfermidade mental. O 10 de outubro cel\u00e9brase o &hellip; <\/p>\n","protected":false},"author":2,"featured_media":27001,"comment_status":"open","ping_status":"open","sticky":false,"template":"","format":"standard","meta":[],"categories":[33],"tags":[226,655,2893],"yoast_head":"<!-- This site is optimized with the Yoast SEO plugin v21.1 - https:\/\/yoast.com\/wordpress\/plugins\/seo\/ -->\n<title>O Concello da Guarda alum\u00e9ase de verde para conmemorar o D\u00eda Mundial da Sa\u00fade Mental, a petici\u00f3n da Asociaci\u00f3n Avela\u00ed\u00f1a - Concello da Guarda<\/title>\n<meta name=\"description\" content=\"O Concello de A GUARDA s\u00famase as\u00ed \u00e1 campa\u00f1a que leva a cabo a Asociaci\u00f3n\u00a0 Avela\u00ed\u00f1a ao longo do mes de outubro, co obxectivo de sensibilizar e informar \u00e1 poboaci\u00f3n sobre a enfermidade mental.\" \/>\n<meta name=\"robots\" content=\"index, follow, max-snippet:-1, max-image-preview:large, max-video-preview:-1\" \/>\n<link rel=\"canonical\" href=\"https:\/\/www.aguarda.es\/en\/o-concello-da-guarda-alumease-de-verde-para-conmemorar-o-dia-mundial-da-saude-mental-a-peticion-da-asociacion-avelaina\/\" \/>\n<meta property=\"og:locale\" content=\"en_US\" \/>\n<meta property=\"og:type\" content=\"article\" \/>\n<meta property=\"og:title\" content=\"O Concello da Guarda alum\u00e9ase de verde para conmemorar o D\u00eda Mundial da Sa\u00fade Mental, a petici\u00f3n da Asociaci\u00f3n Avela\u00ed\u00f1a - Concello da Guarda\" \/>\n<meta property=\"og:description\" content=\"O Concello de A GUARDA s\u00famase as\u00ed \u00e1 campa\u00f1a que leva a cabo a Asociaci\u00f3n\u00a0 Avela\u00ed\u00f1a ao longo do mes de outubro, co obxectivo de sensibilizar e informar \u00e1 poboaci\u00f3n sobre a enfermidade mental.\" \/>\n<meta property=\"og:url\" content=\"https:\/\/www.aguarda.es\/en\/o-concello-da-guarda-alumease-de-verde-para-conmemorar-o-dia-mundial-da-saude-mental-a-peticion-da-asociacion-avelaina\/\" \/>\n<meta property=\"og:site_name\" content=\"Concello da Guarda\" \/>\n<meta property=\"article:publisher\" content=\"https:\/\/www.facebook.com\/ConcellodaGuarda\" \/>\n<meta property=\"article:published_time\" content=\"2022-10-10T07:56:14+00:00\" \/>\n<meta property=\"og:image\" content=\"https:\/\/www.aguarda.es\/wp-content\/uploads\/2022\/10\/NP-10102022-O-Concello-da-Guarda-alumease-de-verde-para-conmemorar-o-Dia-Mundial-da-Saude-Mental-a-peticion-da-Asociacion-Avelaina.jpg?_t=1665388575\" \/>\n\t<meta property=\"og:image:width\" content=\"800\" \/>\n\t<meta property=\"og:image:height\" content=\"600\" \/>\n\t<meta property=\"og:image:type\" content=\"image\/jpeg\" \/>\n<meta name=\"author\" content=\"prensa\" \/>\n<meta name=\"twitter:card\" content=\"summary_large_image\" \/>\n<meta name=\"twitter:creator\" content=\"@AGuarda_es\" \/>\n<meta name=\"twitter:site\" content=\"@AGuarda_es\" \/>\n<meta name=\"twitter:label1\" content=\"Written by\" \/>\n\t<meta name=\"twitter:data1\" content=\"prensa\" \/>\n\t<meta name=\"twitter:label2\" content=\"Est. reading time\" \/>\n\t<meta name=\"twitter:data2\" content=\"2 minutes\" \/>\n<script type=\"application\/ld+json\" class=\"yoast-schema-graph\">{\"@context\":\"https:\/\/schema.org\",\"@graph\":[{\"@type\":\"WebPage\",\"@id\":\"https:\/\/www.aguarda.es\/en\/o-concello-da-guarda-alumease-de-verde-para-conmemorar-o-dia-mundial-da-saude-mental-a-peticion-da-asociacion-avelaina\/\",\"url\":\"https:\/\/www.aguarda.es\/en\/o-concello-da-guarda-alumease-de-verde-para-conmemorar-o-dia-mundial-da-saude-mental-a-peticion-da-asociacion-avelaina\/\",\"name\":\"O Concello da Guarda alum\u00e9ase de verde para conmemorar o D\u00eda Mundial da Sa\u00fade Mental, a petici\u00f3n da Asociaci\u00f3n Avela\u00ed\u00f1a - Concello da Guarda\",\"isPartOf\":{\"@id\":\"https:\/\/www.aguarda.es\/en\/#website\"},\"datePublished\":\"2022-10-10T07:56:14+00:00\",\"dateModified\":\"2022-10-10T07:56:14+00:00\",\"author\":{\"@id\":\"https:\/\/www.aguarda.es\/en\/#\/schema\/person\/c463ca3006858ffb349d11179d044f21\"},\"description\":\"O Concello de A GUARDA s\u00famase as\u00ed \u00e1 campa\u00f1a que leva a cabo a Asociaci\u00f3n\u00a0 Avela\u00ed\u00f1a ao longo do mes de outubro, co obxectivo de sensibilizar e informar \u00e1 poboaci\u00f3n sobre a enfermidade mental.\",\"breadcrumb\":{\"@id\":\"https:\/\/www.aguarda.es\/en\/o-concello-da-guarda-alumease-de-verde-para-conmemorar-o-dia-mundial-da-saude-mental-a-peticion-da-asociacion-avelaina\/#breadcrumb\"},\"inLanguage\":\"en-US\",\"potentialAction\":[{\"@type\":\"ReadAction\",\"target\":[\"https:\/\/www.aguarda.es\/en\/o-concello-da-guarda-alumease-de-verde-para-conmemorar-o-dia-mundial-da-saude-mental-a-peticion-da-asociacion-avelaina\/\"]}]},{\"@type\":\"BreadcrumbList\",\"@id\":\"https:\/\/www.aguarda.es\/en\/o-concello-da-guarda-alumease-de-verde-para-conmemorar-o-dia-mundial-da-saude-mental-a-peticion-da-asociacion-avelaina\/#breadcrumb\",\"itemListElement\":[{\"@type\":\"ListItem\",\"position\":1,\"name\":\"Portada\",\"item\":\"https:\/\/www.aguarda.es\/en\/\"},{\"@type\":\"ListItem\",\"position\":2,\"name\":\"O Concello da Guarda alum\u00e9ase de verde para conmemorar o D\u00eda Mundial da Sa\u00fade Mental, a petici\u00f3n da Asociaci\u00f3n Avela\u00ed\u00f1a\"}]},{\"@type\":\"WebSite\",\"@id\":\"https:\/\/www.aguarda.es\/en\/#website\",\"url\":\"https:\/\/www.aguarda.es\/en\/\",\"name\":\"Concello da Guarda\",\"description\":\"P\u00e1xina web do concello da Guarda\",\"potentialAction\":[{\"@type\":\"SearchAction\",\"target\":{\"@type\":\"EntryPoint\",\"urlTemplate\":\"https:\/\/www.aguarda.es\/en\/?s={search_term_string}\"},\"query-input\":\"required name=search_term_string\"}],\"inLanguage\":\"en-US\"},{\"@type\":\"Person\",\"@id\":\"https:\/\/www.aguarda.es\/en\/#\/schema\/person\/c463ca3006858ffb349d11179d044f21\",\"name\":\"prensa\",\"image\":{\"@type\":\"ImageObject\",\"inLanguage\":\"en-US\",\"@id\":\"https:\/\/www.aguarda.es\/en\/#\/schema\/person\/image\/\",\"url\":\"https:\/\/secure.gravatar.com\/avatar\/5f90ef536b0f98306edf5c7a1135ffa1?s=96&d=mm&r=g\",\"contentUrl\":\"https:\/\/secure.gravatar.com\/avatar\/5f90ef536b0f98306edf5c7a1135ffa1?s=96&d=mm&r=g\",\"caption\":\"prensa\"},\"url\":\"https:\/\/www.aguarda.es\/en\/author\/prensa\/\"}]}<\/script>\n<!-- \/ Yoast SEO plugin. -->","yoast_head_json":{"title":"O Concello da Guarda alum\u00e9ase de verde para conmemorar o D\u00eda Mundial da Sa\u00fade Mental, a petici\u00f3n da Asociaci\u00f3n Avela\u00ed\u00f1a - Concello da Guarda","description":"O Concello de A GUARDA s\u00famase as\u00ed \u00e1 campa\u00f1a que leva a cabo a Asociaci\u00f3n\u00a0 Avela\u00ed\u00f1a ao longo do mes de outubro, co obxectivo de sensibilizar e informar \u00e1 poboaci\u00f3n sobre a enfermidade mental.","robots":{"index":"index","follow":"follow","max-snippet":"max-snippet:-1","max-image-preview":"max-image-preview:large","max-video-preview":"max-video-preview:-1"},"canonical":"https:\/\/www.aguarda.es\/en\/o-concello-da-guarda-alumease-de-verde-para-conmemorar-o-dia-mundial-da-saude-mental-a-peticion-da-asociacion-avelaina\/","og_locale":"en_US","og_type":"article","og_title":"O Concello da Guarda alum\u00e9ase de verde para conmemorar o D\u00eda Mundial da Sa\u00fade Mental, a petici\u00f3n da Asociaci\u00f3n Avela\u00ed\u00f1a - Concello da Guarda","og_description":"O Concello de A GUARDA s\u00famase as\u00ed \u00e1 campa\u00f1a que leva a cabo a Asociaci\u00f3n\u00a0 Avela\u00ed\u00f1a ao longo do mes de outubro, co obxectivo de sensibilizar e informar \u00e1 poboaci\u00f3n sobre a enfermidade mental.","og_url":"https:\/\/www.aguarda.es\/en\/o-concello-da-guarda-alumease-de-verde-para-conmemorar-o-dia-mundial-da-saude-mental-a-peticion-da-asociacion-avelaina\/","og_site_name":"Concello da Guarda","article_publisher":"https:\/\/www.facebook.com\/ConcellodaGuarda","article_published_time":"2022-10-10T07:56:14+00:00","og_image":[{"width":800,"height":600,"url":"https:\/\/www.aguarda.es\/wp-content\/uploads\/2022\/10\/NP-10102022-O-Concello-da-Guarda-alumease-de-verde-para-conmemorar-o-Dia-Mundial-da-Saude-Mental-a-peticion-da-Asociacion-Avelaina.jpg?_t=1665388575","type":"image\/jpeg"}],"author":"prensa","twitter_card":"summary_large_image","twitter_creator":"@AGuarda_es","twitter_site":"@AGuarda_es","twitter_misc":{"Written by":"prensa","Est. reading time":"2 minutes"},"schema":{"@context":"https:\/\/schema.org","@graph":[{"@type":"WebPage","@id":"https:\/\/www.aguarda.es\/en\/o-concello-da-guarda-alumease-de-verde-para-conmemorar-o-dia-mundial-da-saude-mental-a-peticion-da-asociacion-avelaina\/","url":"https:\/\/www.aguarda.es\/en\/o-concello-da-guarda-alumease-de-verde-para-conmemorar-o-dia-mundial-da-saude-mental-a-peticion-da-asociacion-avelaina\/","name":"O Concello da Guarda alum\u00e9ase de verde para conmemorar o D\u00eda Mundial da Sa\u00fade Mental, a petici\u00f3n da Asociaci\u00f3n Avela\u00ed\u00f1a - Concello da Guarda","isPartOf":{"@id":"https:\/\/www.aguarda.es\/en\/#website"},"datePublished":"2022-10-10T07:56:14+00:00","dateModified":"2022-10-10T07:56:14+00:00","author":{"@id":"https:\/\/www.aguarda.es\/en\/#\/schema\/person\/c463ca3006858ffb349d11179d044f21"},"description":"O Concello de A GUARDA s\u00famase as\u00ed \u00e1 campa\u00f1a que leva a cabo a Asociaci\u00f3n\u00a0 Avela\u00ed\u00f1a ao longo do mes de outubro, co obxectivo de sensibilizar e informar \u00e1 poboaci\u00f3n sobre a enfermidade mental.","breadcrumb":{"@id":"https:\/\/www.aguarda.es\/en\/o-concello-da-guarda-alumease-de-verde-para-conmemorar-o-dia-mundial-da-saude-mental-a-peticion-da-asociacion-avelaina\/#breadcrumb"},"inLanguage":"en-US","potentialAction":[{"@type":"ReadAction","target":["https:\/\/www.aguarda.es\/en\/o-concello-da-guarda-alumease-de-verde-para-conmemorar-o-dia-mundial-da-saude-mental-a-peticion-da-asociacion-avelaina\/"]}]},{"@type":"BreadcrumbList","@id":"https:\/\/www.aguarda.es\/en\/o-concello-da-guarda-alumease-de-verde-para-conmemorar-o-dia-mundial-da-saude-mental-a-peticion-da-asociacion-avelaina\/#breadcrumb","itemListElement":[{"@type":"ListItem","position":1,"name":"Portada","item":"https:\/\/www.aguarda.es\/en\/"},{"@type":"ListItem","position":2,"name":"O Concello da Guarda alum\u00e9ase de verde para conmemorar o D\u00eda Mundial da Sa\u00fade Mental, a petici\u00f3n da Asociaci\u00f3n Avela\u00ed\u00f1a"}]},{"@type":"WebSite","@id":"https:\/\/www.aguarda.es\/en\/#website","url":"https:\/\/www.aguarda.es\/en\/","name":"Concello da Guarda","description":"P\u00e1xina web do concello da Guarda","potentialAction":[{"@type":"SearchAction","target":{"@type":"EntryPoint","urlTemplate":"https:\/\/www.aguarda.es\/en\/?s={search_term_string}"},"query-input":"required name=search_term_string"}],"inLanguage":"en-US"},{"@type":"Person","@id":"https:\/\/www.aguarda.es\/en\/#\/schema\/person\/c463ca3006858ffb349d11179d044f21","name":"prensa","image":{"@type":"ImageObject","inLanguage":"en-US","@id":"https:\/\/www.aguarda.es\/en\/#\/schema\/person\/image\/","url":"https:\/\/secure.gravatar.com\/avatar\/5f90ef536b0f98306edf5c7a1135ffa1?s=96&d=mm&r=g","contentUrl":"https:\/\/secure.gravatar.com\/avatar\/5f90ef536b0f98306edf5c7a1135ffa1?s=96&d=mm&r=g","caption":"prensa"},"url":"https:\/\/www.aguarda.es\/en\/author\/prensa\/"}]}},"_links":{"self":[{"href":"https:\/\/www.aguarda.es\/en\/wp-json\/wp\/v2\/posts\/27000"}],"collection":[{"href":"https:\/\/www.aguarda.es\/en\/wp-json\/wp\/v2\/posts"}],"about":[{"href":"https:\/\/www.aguarda.es\/en\/wp-json\/wp\/v2\/types\/post"}],"author":[{"embeddable":true,"href":"https:\/\/www.aguarda.es\/en\/wp-json\/wp\/v2\/users\/2"}],"replies":[{"embeddable":true,"href":"https:\/\/www.aguarda.es\/en\/wp-json\/wp\/v2\/comments?post=27000"}],"version-history":[{"count":1,"href":"https:\/\/www.aguarda.es\/en\/wp-json\/wp\/v2\/posts\/27000\/revisions"}],"predecessor-version":[{"id":27003,"href":"https:\/\/www.aguarda.es\/en\/wp-json\/wp\/v2\/posts\/27000\/revisions\/27003"}],"wp:featuredmedia":[{"embeddable":true,"href":"https:\/\/www.aguarda.es\/en\/wp-json\/wp\/v2\/media\/27001"}],"wp:attachment":[{"href":"https:\/\/www.aguarda.es\/en\/wp-json\/wp\/v2\/media?parent=27000"}],"wp:term":[{"taxonomy":"category","embeddable":true,"href":"https:\/\/www.aguarda.es\/en\/wp-json\/wp\/v2\/categories?post=27000"},{"taxonomy":"post_tag","embeddable":true,"href":"https:\/\/www.aguarda.es\/en\/wp-json\/wp\/v2\/tags?post=27000"}],"curies":[{"name":"wp","href":"https:\/\/api.w.org\/{rel}","templated":true}]}}