{"id":27033,"date":"2022-10-14T11:43:20","date_gmt":"2022-10-14T11:43:20","guid":{"rendered":"https:\/\/www.aguarda.es\/?p=27033"},"modified":"2022-10-14T11:43:20","modified_gmt":"2022-10-14T11:43:20","slug":"a-guarda-recibe-do-24-ao-26-de-outubro-a-unidade-mobil-de-coidados-sociosanitarios-porta-a-porta","status":"publish","type":"post","link":"https:\/\/www.aguarda.es\/en\/a-guarda-recibe-do-24-ao-26-de-outubro-a-unidade-mobil-de-coidados-sociosanitarios-porta-a-porta\/","title":{"rendered":"A Guarda recibe do 24 ao 26 de outubro a unidade m\u00f3bil de coidados sociosanitarios \u201cPorta a Porta\u201d"},"content":{"rendered":"<ul>\n<li><strong><em>\u00c9 preciso pedir cita previa chamando ao n\u00famero de tel\u00e9fono 622 748 283.<\/em><\/strong><\/li>\n<\/ul>\n<p><strong><em>\u00a0<\/em><\/strong><\/p>\n<p>A Unidade M\u00f3bil de coidados sociosanitarios estar\u00e1 instalada no Campo de F\u00ednola entre o 24 e o 26 de outubro, ambos incluidos.<\/p>\n<p>&nbsp;<\/p>\n<p>Esta proposta da Xunta de Galicia, a trav\u00e9s da Conseller\u00eda de Pol\u00edtica Social, visitar\u00e1 os 14 municipios do sur pertencentes \u00e1s bisbarras do Baixo Mi\u00f1o, O Condado e A Paradanta ata finais do presente mes de maio, estando previstas d\u00faas visitas m\u00e1is.<\/p>\n<p>&nbsp;<\/p>\n<p>Estes servizos de sociosanitarios mediante unidades m\u00f3biles est\u00e1n pensados para achegar a atenci\u00f3n as zonas rurais con dispersi\u00f3n poboacional. Plant\u00e9anse coma unha alternativa para evitar desprazamentos e levar achegar os servizos a cidadan\u00eda.<\/p>\n<p>&nbsp;<\/p>\n<p>As consultas ofertadas consisten en revisi\u00f3ns e valoraci\u00f3ns auditivas; atenci\u00f3n podol\u00f3xica para prevenci\u00f3n, diagnose e tratamento das principais patolox\u00edas dos p\u00e9s; e realizaci\u00f3n de probas de valoraci\u00f3n cognitiva ou exercicios de estimulaci\u00f3n para a prevenci\u00f3n de Alzh\u00e9imer e outras demencias neurodexenerativas.<\/p>\n<p>&nbsp;<\/p>\n<p>Para esta visita na Guarda da Unidade M\u00f3bil de coidados sociosanitarios, \u00e9 preciso pedir cita previa chamando ao n\u00famero de tel\u00e9fono 622 748 283 ou contactar a trav\u00e9s do enderezo de correo electr\u00f3nico <a href=\"mailto:coidadosportaaporta.politicasocial@xunta.gal\">coidadosportaaporta.politicasocial@xunta.gal<\/a>.<\/p>\n","protected":false},"excerpt":{"rendered":"<p>\u00c9 preciso pedir cita previa chamando ao n\u00famero de tel\u00e9fono 622 748 283. \u00a0 A Unidade M\u00f3bil de coidados sociosanitarios estar\u00e1 instalada no Campo de F\u00ednola entre o 24 e o 26 de outubro, ambos incluidos. &nbsp; Esta proposta da &hellip; <\/p>\n","protected":false},"author":2,"featured_media":27034,"comment_status":"open","ping_status":"open","sticky":false,"template":"","format":"standard","meta":[],"categories":[45],"tags":[226,2898],"yoast_head":"<!-- This site is optimized with the Yoast SEO plugin v21.1 - https:\/\/yoast.com\/wordpress\/plugins\/seo\/ -->\n<title>A Guarda recibe do 24 ao 26 de outubro a unidade m\u00f3bil de coidados sociosanitarios \u201cPorta a Porta\u201d - Concello da Guarda<\/title>\n<meta name=\"robots\" content=\"index, follow, max-snippet:-1, max-image-preview:large, max-video-preview:-1\" \/>\n<link rel=\"canonical\" href=\"https:\/\/www.aguarda.es\/en\/a-guarda-recibe-do-24-ao-26-de-outubro-a-unidade-mobil-de-coidados-sociosanitarios-porta-a-porta\/\" \/>\n<meta property=\"og:locale\" content=\"en_US\" \/>\n<meta property=\"og:type\" content=\"article\" \/>\n<meta property=\"og:title\" content=\"A Guarda recibe do 24 ao 26 de outubro a unidade m\u00f3bil de coidados sociosanitarios \u201cPorta a Porta\u201d - Concello da Guarda\" \/>\n<meta property=\"og:description\" content=\"\u00c9 preciso pedir cita previa chamando ao n\u00famero de tel\u00e9fono 622 748 283. \u00a0 A Unidade M\u00f3bil de coidados sociosanitarios estar\u00e1 instalada no Campo de F\u00ednola entre o 24 e o 26 de outubro, ambos incluidos. &nbsp; Esta proposta da &hellip;\" \/>\n<meta property=\"og:url\" content=\"https:\/\/www.aguarda.es\/en\/a-guarda-recibe-do-24-ao-26-de-outubro-a-unidade-mobil-de-coidados-sociosanitarios-porta-a-porta\/\" \/>\n<meta property=\"og:site_name\" content=\"Concello da Guarda\" \/>\n<meta property=\"article:publisher\" content=\"https:\/\/www.facebook.com\/ConcellodaGuarda\" \/>\n<meta property=\"article:published_time\" content=\"2022-10-14T11:43:20+00:00\" \/>\n<meta property=\"og:image\" content=\"https:\/\/www.aguarda.es\/wp-content\/uploads\/2022\/10\/NP-14102022-A-Guarda-recibe-do-24-ao-26-de-outubro-a-unidade-mobil-de-coidados-sociosanitarios-Porta-a-Porta-2.jpg?_t=1665747801\" \/>\n\t<meta property=\"og:image:width\" content=\"800\" \/>\n\t<meta property=\"og:image:height\" content=\"533\" \/>\n\t<meta property=\"og:image:type\" content=\"image\/jpeg\" \/>\n<meta name=\"author\" content=\"prensa\" \/>\n<meta name=\"twitter:card\" content=\"summary_large_image\" \/>\n<meta name=\"twitter:creator\" content=\"@AGuarda_es\" \/>\n<meta name=\"twitter:site\" content=\"@AGuarda_es\" \/>\n<meta name=\"twitter:label1\" content=\"Written by\" \/>\n\t<meta name=\"twitter:data1\" content=\"prensa\" \/>\n\t<meta name=\"twitter:label2\" content=\"Est. reading time\" \/>\n\t<meta name=\"twitter:data2\" content=\"2 minutes\" \/>\n<script type=\"application\/ld+json\" class=\"yoast-schema-graph\">{\"@context\":\"https:\/\/schema.org\",\"@graph\":[{\"@type\":\"WebPage\",\"@id\":\"https:\/\/www.aguarda.es\/en\/a-guarda-recibe-do-24-ao-26-de-outubro-a-unidade-mobil-de-coidados-sociosanitarios-porta-a-porta\/\",\"url\":\"https:\/\/www.aguarda.es\/en\/a-guarda-recibe-do-24-ao-26-de-outubro-a-unidade-mobil-de-coidados-sociosanitarios-porta-a-porta\/\",\"name\":\"A Guarda recibe do 24 ao 26 de outubro a unidade m\u00f3bil de coidados sociosanitarios \u201cPorta a Porta\u201d - Concello da Guarda\",\"isPartOf\":{\"@id\":\"https:\/\/www.aguarda.es\/en\/#website\"},\"datePublished\":\"2022-10-14T11:43:20+00:00\",\"dateModified\":\"2022-10-14T11:43:20+00:00\",\"author\":{\"@id\":\"https:\/\/www.aguarda.es\/en\/#\/schema\/person\/c463ca3006858ffb349d11179d044f21\"},\"breadcrumb\":{\"@id\":\"https:\/\/www.aguarda.es\/en\/a-guarda-recibe-do-24-ao-26-de-outubro-a-unidade-mobil-de-coidados-sociosanitarios-porta-a-porta\/#breadcrumb\"},\"inLanguage\":\"en-US\",\"potentialAction\":[{\"@type\":\"ReadAction\",\"target\":[\"https:\/\/www.aguarda.es\/en\/a-guarda-recibe-do-24-ao-26-de-outubro-a-unidade-mobil-de-coidados-sociosanitarios-porta-a-porta\/\"]}]},{\"@type\":\"BreadcrumbList\",\"@id\":\"https:\/\/www.aguarda.es\/en\/a-guarda-recibe-do-24-ao-26-de-outubro-a-unidade-mobil-de-coidados-sociosanitarios-porta-a-porta\/#breadcrumb\",\"itemListElement\":[{\"@type\":\"ListItem\",\"position\":1,\"name\":\"Portada\",\"item\":\"https:\/\/www.aguarda.es\/en\/\"},{\"@type\":\"ListItem\",\"position\":2,\"name\":\"A Guarda recibe do 24 ao 26 de outubro a unidade m\u00f3bil de coidados sociosanitarios \u201cPorta a Porta\u201d\"}]},{\"@type\":\"WebSite\",\"@id\":\"https:\/\/www.aguarda.es\/en\/#website\",\"url\":\"https:\/\/www.aguarda.es\/en\/\",\"name\":\"Concello da Guarda\",\"description\":\"P\u00e1xina web do concello da Guarda\",\"potentialAction\":[{\"@type\":\"SearchAction\",\"target\":{\"@type\":\"EntryPoint\",\"urlTemplate\":\"https:\/\/www.aguarda.es\/en\/?s={search_term_string}\"},\"query-input\":\"required name=search_term_string\"}],\"inLanguage\":\"en-US\"},{\"@type\":\"Person\",\"@id\":\"https:\/\/www.aguarda.es\/en\/#\/schema\/person\/c463ca3006858ffb349d11179d044f21\",\"name\":\"prensa\",\"image\":{\"@type\":\"ImageObject\",\"inLanguage\":\"en-US\",\"@id\":\"https:\/\/www.aguarda.es\/en\/#\/schema\/person\/image\/\",\"url\":\"https:\/\/secure.gravatar.com\/avatar\/5f90ef536b0f98306edf5c7a1135ffa1?s=96&d=mm&r=g\",\"contentUrl\":\"https:\/\/secure.gravatar.com\/avatar\/5f90ef536b0f98306edf5c7a1135ffa1?s=96&d=mm&r=g\",\"caption\":\"prensa\"},\"url\":\"https:\/\/www.aguarda.es\/en\/author\/prensa\/\"}]}<\/script>\n<!-- \/ Yoast SEO plugin. -->","yoast_head_json":{"title":"A Guarda recibe do 24 ao 26 de outubro a unidade m\u00f3bil de coidados sociosanitarios \u201cPorta a Porta\u201d - Concello da Guarda","robots":{"index":"index","follow":"follow","max-snippet":"max-snippet:-1","max-image-preview":"max-image-preview:large","max-video-preview":"max-video-preview:-1"},"canonical":"https:\/\/www.aguarda.es\/en\/a-guarda-recibe-do-24-ao-26-de-outubro-a-unidade-mobil-de-coidados-sociosanitarios-porta-a-porta\/","og_locale":"en_US","og_type":"article","og_title":"A Guarda recibe do 24 ao 26 de outubro a unidade m\u00f3bil de coidados sociosanitarios \u201cPorta a Porta\u201d - Concello da Guarda","og_description":"\u00c9 preciso pedir cita previa chamando ao n\u00famero de tel\u00e9fono 622 748 283. \u00a0 A Unidade M\u00f3bil de coidados sociosanitarios estar\u00e1 instalada no Campo de F\u00ednola entre o 24 e o 26 de outubro, ambos incluidos. &nbsp; Esta proposta da &hellip;","og_url":"https:\/\/www.aguarda.es\/en\/a-guarda-recibe-do-24-ao-26-de-outubro-a-unidade-mobil-de-coidados-sociosanitarios-porta-a-porta\/","og_site_name":"Concello da Guarda","article_publisher":"https:\/\/www.facebook.com\/ConcellodaGuarda","article_published_time":"2022-10-14T11:43:20+00:00","og_image":[{"width":800,"height":533,"url":"https:\/\/www.aguarda.es\/wp-content\/uploads\/2022\/10\/NP-14102022-A-Guarda-recibe-do-24-ao-26-de-outubro-a-unidade-mobil-de-coidados-sociosanitarios-Porta-a-Porta-2.jpg?_t=1665747801","type":"image\/jpeg"}],"author":"prensa","twitter_card":"summary_large_image","twitter_creator":"@AGuarda_es","twitter_site":"@AGuarda_es","twitter_misc":{"Written by":"prensa","Est. reading time":"2 minutes"},"schema":{"@context":"https:\/\/schema.org","@graph":[{"@type":"WebPage","@id":"https:\/\/www.aguarda.es\/en\/a-guarda-recibe-do-24-ao-26-de-outubro-a-unidade-mobil-de-coidados-sociosanitarios-porta-a-porta\/","url":"https:\/\/www.aguarda.es\/en\/a-guarda-recibe-do-24-ao-26-de-outubro-a-unidade-mobil-de-coidados-sociosanitarios-porta-a-porta\/","name":"A Guarda recibe do 24 ao 26 de outubro a unidade m\u00f3bil de coidados sociosanitarios \u201cPorta a Porta\u201d - Concello da Guarda","isPartOf":{"@id":"https:\/\/www.aguarda.es\/en\/#website"},"datePublished":"2022-10-14T11:43:20+00:00","dateModified":"2022-10-14T11:43:20+00:00","author":{"@id":"https:\/\/www.aguarda.es\/en\/#\/schema\/person\/c463ca3006858ffb349d11179d044f21"},"breadcrumb":{"@id":"https:\/\/www.aguarda.es\/en\/a-guarda-recibe-do-24-ao-26-de-outubro-a-unidade-mobil-de-coidados-sociosanitarios-porta-a-porta\/#breadcrumb"},"inLanguage":"en-US","potentialAction":[{"@type":"ReadAction","target":["https:\/\/www.aguarda.es\/en\/a-guarda-recibe-do-24-ao-26-de-outubro-a-unidade-mobil-de-coidados-sociosanitarios-porta-a-porta\/"]}]},{"@type":"BreadcrumbList","@id":"https:\/\/www.aguarda.es\/en\/a-guarda-recibe-do-24-ao-26-de-outubro-a-unidade-mobil-de-coidados-sociosanitarios-porta-a-porta\/#breadcrumb","itemListElement":[{"@type":"ListItem","position":1,"name":"Portada","item":"https:\/\/www.aguarda.es\/en\/"},{"@type":"ListItem","position":2,"name":"A Guarda recibe do 24 ao 26 de outubro a unidade m\u00f3bil de coidados sociosanitarios \u201cPorta a Porta\u201d"}]},{"@type":"WebSite","@id":"https:\/\/www.aguarda.es\/en\/#website","url":"https:\/\/www.aguarda.es\/en\/","name":"Concello da Guarda","description":"P\u00e1xina web do concello da Guarda","potentialAction":[{"@type":"SearchAction","target":{"@type":"EntryPoint","urlTemplate":"https:\/\/www.aguarda.es\/en\/?s={search_term_string}"},"query-input":"required name=search_term_string"}],"inLanguage":"en-US"},{"@type":"Person","@id":"https:\/\/www.aguarda.es\/en\/#\/schema\/person\/c463ca3006858ffb349d11179d044f21","name":"prensa","image":{"@type":"ImageObject","inLanguage":"en-US","@id":"https:\/\/www.aguarda.es\/en\/#\/schema\/person\/image\/","url":"https:\/\/secure.gravatar.com\/avatar\/5f90ef536b0f98306edf5c7a1135ffa1?s=96&d=mm&r=g","contentUrl":"https:\/\/secure.gravatar.com\/avatar\/5f90ef536b0f98306edf5c7a1135ffa1?s=96&d=mm&r=g","caption":"prensa"},"url":"https:\/\/www.aguarda.es\/en\/author\/prensa\/"}]}},"_links":{"self":[{"href":"https:\/\/www.aguarda.es\/en\/wp-json\/wp\/v2\/posts\/27033"}],"collection":[{"href":"https:\/\/www.aguarda.es\/en\/wp-json\/wp\/v2\/posts"}],"about":[{"href":"https:\/\/www.aguarda.es\/en\/wp-json\/wp\/v2\/types\/post"}],"author":[{"embeddable":true,"href":"https:\/\/www.aguarda.es\/en\/wp-json\/wp\/v2\/users\/2"}],"replies":[{"embeddable":true,"href":"https:\/\/www.aguarda.es\/en\/wp-json\/wp\/v2\/comments?post=27033"}],"version-history":[{"count":2,"href":"https:\/\/www.aguarda.es\/en\/wp-json\/wp\/v2\/posts\/27033\/revisions"}],"predecessor-version":[{"id":27037,"href":"https:\/\/www.aguarda.es\/en\/wp-json\/wp\/v2\/posts\/27033\/revisions\/27037"}],"wp:featuredmedia":[{"embeddable":true,"href":"https:\/\/www.aguarda.es\/en\/wp-json\/wp\/v2\/media\/27034"}],"wp:attachment":[{"href":"https:\/\/www.aguarda.es\/en\/wp-json\/wp\/v2\/media?parent=27033"}],"wp:term":[{"taxonomy":"category","embeddable":true,"href":"https:\/\/www.aguarda.es\/en\/wp-json\/wp\/v2\/categories?post=27033"},{"taxonomy":"post_tag","embeddable":true,"href":"https:\/\/www.aguarda.es\/en\/wp-json\/wp\/v2\/tags?post=27033"}],"curies":[{"name":"wp","href":"https:\/\/api.w.org\/{rel}","templated":true}]}}