{"id":27241,"date":"2022-11-24T12:50:30","date_gmt":"2022-11-24T12:50:30","guid":{"rendered":"https:\/\/www.aguarda.es\/?p=27241"},"modified":"2022-11-24T12:50:30","modified_gmt":"2022-11-24T12:50:30","slug":"o-concello-da-guarda-solicita-fondos-next-generation-eu-para-a-reforma-integral-da-piscina-municipal","status":"publish","type":"post","link":"https:\/\/www.aguarda.es\/en\/o-concello-da-guarda-solicita-fondos-next-generation-eu-para-a-reforma-integral-da-piscina-municipal\/","title":{"rendered":"O Concello da Guarda solicita fondos Next Generation EU para a reforma integral da piscina municipal"},"content":{"rendered":"<ul>\n<li><em><strong>\u2022 Equipo de Goberno considera prioritaria a modernizaci\u00f3n das instalaci\u00f3ns da piscina municipal. Na actualidade \u00e9 un dos equipamentos mellor valorados pola veci\u00f1anza dende o punto de vista da utilidade p\u00fablica.<\/strong><\/em><br \/>\n<em><strong>\u2022 Para adaptar o complexo deportivo da piscina \u00e1s necesidades actuais \u00e9 necesario, ademais de facer unha optimizaci\u00f3n dos seus espazos e instalaci\u00f3ns, acometer unha mellora integral dende o punto de vista da eficiencia enerx\u00e9tica.<\/strong><\/em><\/li>\n<\/ul>\n<p>A piscina climatizada municipal da Guarda foi dese\u00f1ada fai m\u00e1is de 25 anos cuns criterios que pouco te\u00f1en que ver cos que se empregan hoxe en d\u00eda para unha instalaci\u00f3n deste tipo. Daquela non se lle daba a prioridade que hoxe te\u00f1en a criterios como a accesibilidade, eficiencia enerx\u00e9tica e optimizaci\u00f3n de espazos.<br \/>\nPor outra banda, moitos dos equipamentos e instalaci\u00f3ns que ten a piscina necesitan ser renovados por outros m\u00e1is modernos e eficientes. Nesta li\u00f1a o concello xa acometeu, fai uns meses, as obras m\u00e1is necesarias coa execuci\u00f3n do proxecto de revisi\u00f3n e actualizaci\u00f3n das instalaci\u00f3ns da piscina municipal da Guarda, cun prezo de licitaci\u00f3n de 85.000 \u20ac.<br \/>\nDende o goberno municipal da Guarda, considerando e equipamento l\u00fadico deportivo da piscina municipal de utilidade p\u00fablica e conscientes da importancia que ten para a veci\u00f1anza da localidade e da comarca, encargaron os primeiros estudos para valorar a s\u00faa modernizaci\u00f3n no ano 2021. Ent\u00f3n elaborouse un informe t\u00e9cnico do estado da piscina para valorar a situaci\u00f3n actual das instalaci\u00f3ns e do edificio, e elaborouse tam\u00e9n unha auditor\u00eda enerx\u00e9tica para co\u00f1ecer canta enerx\u00eda se poder\u00eda aforrar cun proxecto de eficiencia enerx\u00e9tica.<br \/>\nAqueles estudos deron como resultado o proxecto, xa executado, de revisi\u00f3n e actualizaci\u00f3n das instalaci\u00f3ns da piscina municipal e outro proxecto, moito m\u00e1is ambicioso, presentado aos fondos Next Generation EU dentro do Programa de Impulso \u00e1 Rehabilitaci\u00f3n de Edificios P\u00fablicos (PIREP) para entidades locais, neste caso dentro da li\u00f1a 2 desta convocatoria. O concello xa presentara dentro da li\u00f1a 1 do PIREP o proxecto da Reforma e Ampliaci\u00f3n do Pavill\u00f3n da Sangri\u00f1a para a que conseguiu un financiamento de 385.754 \u20ac<br \/>\nO proxecto presentado aos Next Generation de Reforma e Rehabilitaci\u00f3n Enerx\u00e9tica da Piscina Municipal da Guarda ten un orzamento que ascende a 2.266.212 \u20ac e contempla entre outras cousas: Un aforro de m\u00e1is do 78% da enerx\u00eda que se consume na piscina, ao contemplar, illamento de fachadas e cubertas, iluminaci\u00f3n LED, un sistema de renovaci\u00f3n de aire con recuperaci\u00f3n de calor e a optimizaci\u00f3n dos espazos; ademais leva a instalaci\u00f3n de enerx\u00edas renovables, biomasa e fotovoltaica. Tam\u00e9n se incl\u00faen puntos de recarga el\u00e9ctricos e mellora da accesibilidade coa incorporaci\u00f3n dun ascensor. Coa optimizaci\u00f3n de espazos cons\u00e9guese ampliar o ximnasio e o SPA, abrir un novo vaso na piscina para os cativos, e unha sala de usos m\u00faltiples. Todas estas melloras van acompa\u00f1adas da correspondente renovaci\u00f3n das instalaci\u00f3ns e equipos, e dunha mellora est\u00e9tica do edificio e do entorno.<br \/>\nEste ambicioso proxecto permitir\u00e1 a modernizaci\u00f3n e renovaci\u00f3n total dun equipamento municipal d\u00e1ndolle unha segunda vida, como sucede no caso do pavill\u00f3n municipal da Sangri\u00f1a. Neste caso as instalaci\u00f3ns da piscina, ademais de ser moi importante para a pr\u00e1ctica para o deporte, tam\u00e9n son un recurso para o mantemento e mellora da sa\u00fade.<\/p>\n","protected":false},"excerpt":{"rendered":"<p>\u2022 Equipo de Goberno considera prioritaria a modernizaci\u00f3n das instalaci\u00f3ns da piscina municipal. Na actualidade \u00e9 un dos equipamentos mellor valorados pola veci\u00f1anza dende o punto de vista da utilidade p\u00fablica. \u2022 Para adaptar o complexo deportivo da piscina \u00e1s &hellip; <\/p>\n","protected":false},"author":2,"featured_media":27242,"comment_status":"open","ping_status":"open","sticky":false,"template":"","format":"standard","meta":[],"categories":[35],"tags":[226,1689,2929,2519],"yoast_head":"<!-- This site is optimized with the Yoast SEO plugin v21.1 - https:\/\/yoast.com\/wordpress\/plugins\/seo\/ -->\n<title>O Concello da Guarda solicita fondos Next Generation EU para a reforma integral da piscina municipal - Concello da Guarda<\/title>\n<meta name=\"description\" content=\"Para adaptar o complexo deportivo da piscina \u00e1s necesidades actuais \u00e9 necesario, ademais de facer unha optimizaci\u00f3n dos seus espazos e instalaci\u00f3ns, acometer unha mellora integral dende o punto de vista da eficiencia enerx\u00e9tica.\" \/>\n<meta name=\"robots\" content=\"index, follow, max-snippet:-1, max-image-preview:large, max-video-preview:-1\" \/>\n<link rel=\"canonical\" href=\"https:\/\/www.aguarda.es\/en\/o-concello-da-guarda-solicita-fondos-next-generation-eu-para-a-reforma-integral-da-piscina-municipal\/\" \/>\n<meta property=\"og:locale\" content=\"en_US\" \/>\n<meta property=\"og:type\" content=\"article\" \/>\n<meta property=\"og:title\" content=\"O Concello da Guarda solicita fondos Next Generation EU para a reforma integral da piscina municipal - Concello da Guarda\" \/>\n<meta property=\"og:description\" content=\"Para adaptar o complexo deportivo da piscina \u00e1s necesidades actuais \u00e9 necesario, ademais de facer unha optimizaci\u00f3n dos seus espazos e instalaci\u00f3ns, acometer unha mellora integral dende o punto de vista da eficiencia enerx\u00e9tica.\" \/>\n<meta property=\"og:url\" content=\"https:\/\/www.aguarda.es\/en\/o-concello-da-guarda-solicita-fondos-next-generation-eu-para-a-reforma-integral-da-piscina-municipal\/\" \/>\n<meta property=\"og:site_name\" content=\"Concello da Guarda\" \/>\n<meta property=\"article:publisher\" content=\"https:\/\/www.facebook.com\/ConcellodaGuarda\" \/>\n<meta property=\"article:published_time\" content=\"2022-11-24T12:50:30+00:00\" \/>\n<meta property=\"og:image\" content=\"https:\/\/www.aguarda.es\/wp-content\/uploads\/2022\/11\/NP-24112022-PISCINA-copia.jpg?_t=1669294231\" \/>\n\t<meta property=\"og:image:width\" content=\"800\" \/>\n\t<meta property=\"og:image:height\" content=\"800\" \/>\n\t<meta property=\"og:image:type\" content=\"image\/jpeg\" \/>\n<meta name=\"author\" content=\"prensa\" \/>\n<meta name=\"twitter:card\" content=\"summary_large_image\" \/>\n<meta name=\"twitter:creator\" content=\"@AGuarda_es\" \/>\n<meta name=\"twitter:site\" content=\"@AGuarda_es\" \/>\n<meta name=\"twitter:label1\" content=\"Written by\" \/>\n\t<meta name=\"twitter:data1\" content=\"prensa\" \/>\n\t<meta name=\"twitter:label2\" content=\"Est. reading time\" \/>\n\t<meta name=\"twitter:data2\" content=\"3 minutes\" \/>\n<script type=\"application\/ld+json\" class=\"yoast-schema-graph\">{\"@context\":\"https:\/\/schema.org\",\"@graph\":[{\"@type\":\"WebPage\",\"@id\":\"https:\/\/www.aguarda.es\/en\/o-concello-da-guarda-solicita-fondos-next-generation-eu-para-a-reforma-integral-da-piscina-municipal\/\",\"url\":\"https:\/\/www.aguarda.es\/en\/o-concello-da-guarda-solicita-fondos-next-generation-eu-para-a-reforma-integral-da-piscina-municipal\/\",\"name\":\"O Concello da Guarda solicita fondos Next Generation EU para a reforma integral da piscina municipal - Concello da Guarda\",\"isPartOf\":{\"@id\":\"https:\/\/www.aguarda.es\/en\/#website\"},\"datePublished\":\"2022-11-24T12:50:30+00:00\",\"dateModified\":\"2022-11-24T12:50:30+00:00\",\"author\":{\"@id\":\"https:\/\/www.aguarda.es\/en\/#\/schema\/person\/c463ca3006858ffb349d11179d044f21\"},\"description\":\"Para adaptar o complexo deportivo da piscina \u00e1s necesidades actuais \u00e9 necesario, ademais de facer unha optimizaci\u00f3n dos seus espazos e instalaci\u00f3ns, acometer unha mellora integral dende o punto de vista da eficiencia enerx\u00e9tica.\",\"breadcrumb\":{\"@id\":\"https:\/\/www.aguarda.es\/en\/o-concello-da-guarda-solicita-fondos-next-generation-eu-para-a-reforma-integral-da-piscina-municipal\/#breadcrumb\"},\"inLanguage\":\"en-US\",\"potentialAction\":[{\"@type\":\"ReadAction\",\"target\":[\"https:\/\/www.aguarda.es\/en\/o-concello-da-guarda-solicita-fondos-next-generation-eu-para-a-reforma-integral-da-piscina-municipal\/\"]}]},{\"@type\":\"BreadcrumbList\",\"@id\":\"https:\/\/www.aguarda.es\/en\/o-concello-da-guarda-solicita-fondos-next-generation-eu-para-a-reforma-integral-da-piscina-municipal\/#breadcrumb\",\"itemListElement\":[{\"@type\":\"ListItem\",\"position\":1,\"name\":\"Portada\",\"item\":\"https:\/\/www.aguarda.es\/en\/\"},{\"@type\":\"ListItem\",\"position\":2,\"name\":\"O Concello da Guarda solicita fondos Next Generation EU para a reforma integral da piscina municipal\"}]},{\"@type\":\"WebSite\",\"@id\":\"https:\/\/www.aguarda.es\/en\/#website\",\"url\":\"https:\/\/www.aguarda.es\/en\/\",\"name\":\"Concello da Guarda\",\"description\":\"P\u00e1xina web do concello da Guarda\",\"potentialAction\":[{\"@type\":\"SearchAction\",\"target\":{\"@type\":\"EntryPoint\",\"urlTemplate\":\"https:\/\/www.aguarda.es\/en\/?s={search_term_string}\"},\"query-input\":\"required name=search_term_string\"}],\"inLanguage\":\"en-US\"},{\"@type\":\"Person\",\"@id\":\"https:\/\/www.aguarda.es\/en\/#\/schema\/person\/c463ca3006858ffb349d11179d044f21\",\"name\":\"prensa\",\"image\":{\"@type\":\"ImageObject\",\"inLanguage\":\"en-US\",\"@id\":\"https:\/\/www.aguarda.es\/en\/#\/schema\/person\/image\/\",\"url\":\"https:\/\/secure.gravatar.com\/avatar\/5f90ef536b0f98306edf5c7a1135ffa1?s=96&d=mm&r=g\",\"contentUrl\":\"https:\/\/secure.gravatar.com\/avatar\/5f90ef536b0f98306edf5c7a1135ffa1?s=96&d=mm&r=g\",\"caption\":\"prensa\"},\"url\":\"https:\/\/www.aguarda.es\/en\/author\/prensa\/\"}]}<\/script>\n<!-- \/ Yoast SEO plugin. -->","yoast_head_json":{"title":"O Concello da Guarda solicita fondos Next Generation EU para a reforma integral da piscina municipal - Concello da Guarda","description":"Para adaptar o complexo deportivo da piscina \u00e1s necesidades actuais \u00e9 necesario, ademais de facer unha optimizaci\u00f3n dos seus espazos e instalaci\u00f3ns, acometer unha mellora integral dende o punto de vista da eficiencia enerx\u00e9tica.","robots":{"index":"index","follow":"follow","max-snippet":"max-snippet:-1","max-image-preview":"max-image-preview:large","max-video-preview":"max-video-preview:-1"},"canonical":"https:\/\/www.aguarda.es\/en\/o-concello-da-guarda-solicita-fondos-next-generation-eu-para-a-reforma-integral-da-piscina-municipal\/","og_locale":"en_US","og_type":"article","og_title":"O Concello da Guarda solicita fondos Next Generation EU para a reforma integral da piscina municipal - Concello da Guarda","og_description":"Para adaptar o complexo deportivo da piscina \u00e1s necesidades actuais \u00e9 necesario, ademais de facer unha optimizaci\u00f3n dos seus espazos e instalaci\u00f3ns, acometer unha mellora integral dende o punto de vista da eficiencia enerx\u00e9tica.","og_url":"https:\/\/www.aguarda.es\/en\/o-concello-da-guarda-solicita-fondos-next-generation-eu-para-a-reforma-integral-da-piscina-municipal\/","og_site_name":"Concello da Guarda","article_publisher":"https:\/\/www.facebook.com\/ConcellodaGuarda","article_published_time":"2022-11-24T12:50:30+00:00","og_image":[{"width":800,"height":800,"url":"https:\/\/www.aguarda.es\/wp-content\/uploads\/2022\/11\/NP-24112022-PISCINA-copia.jpg?_t=1669294231","type":"image\/jpeg"}],"author":"prensa","twitter_card":"summary_large_image","twitter_creator":"@AGuarda_es","twitter_site":"@AGuarda_es","twitter_misc":{"Written by":"prensa","Est. reading time":"3 minutes"},"schema":{"@context":"https:\/\/schema.org","@graph":[{"@type":"WebPage","@id":"https:\/\/www.aguarda.es\/en\/o-concello-da-guarda-solicita-fondos-next-generation-eu-para-a-reforma-integral-da-piscina-municipal\/","url":"https:\/\/www.aguarda.es\/en\/o-concello-da-guarda-solicita-fondos-next-generation-eu-para-a-reforma-integral-da-piscina-municipal\/","name":"O Concello da Guarda solicita fondos Next Generation EU para a reforma integral da piscina municipal - Concello da Guarda","isPartOf":{"@id":"https:\/\/www.aguarda.es\/en\/#website"},"datePublished":"2022-11-24T12:50:30+00:00","dateModified":"2022-11-24T12:50:30+00:00","author":{"@id":"https:\/\/www.aguarda.es\/en\/#\/schema\/person\/c463ca3006858ffb349d11179d044f21"},"description":"Para adaptar o complexo deportivo da piscina \u00e1s necesidades actuais \u00e9 necesario, ademais de facer unha optimizaci\u00f3n dos seus espazos e instalaci\u00f3ns, acometer unha mellora integral dende o punto de vista da eficiencia enerx\u00e9tica.","breadcrumb":{"@id":"https:\/\/www.aguarda.es\/en\/o-concello-da-guarda-solicita-fondos-next-generation-eu-para-a-reforma-integral-da-piscina-municipal\/#breadcrumb"},"inLanguage":"en-US","potentialAction":[{"@type":"ReadAction","target":["https:\/\/www.aguarda.es\/en\/o-concello-da-guarda-solicita-fondos-next-generation-eu-para-a-reforma-integral-da-piscina-municipal\/"]}]},{"@type":"BreadcrumbList","@id":"https:\/\/www.aguarda.es\/en\/o-concello-da-guarda-solicita-fondos-next-generation-eu-para-a-reforma-integral-da-piscina-municipal\/#breadcrumb","itemListElement":[{"@type":"ListItem","position":1,"name":"Portada","item":"https:\/\/www.aguarda.es\/en\/"},{"@type":"ListItem","position":2,"name":"O Concello da Guarda solicita fondos Next Generation EU para a reforma integral da piscina municipal"}]},{"@type":"WebSite","@id":"https:\/\/www.aguarda.es\/en\/#website","url":"https:\/\/www.aguarda.es\/en\/","name":"Concello da Guarda","description":"P\u00e1xina web do concello da Guarda","potentialAction":[{"@type":"SearchAction","target":{"@type":"EntryPoint","urlTemplate":"https:\/\/www.aguarda.es\/en\/?s={search_term_string}"},"query-input":"required name=search_term_string"}],"inLanguage":"en-US"},{"@type":"Person","@id":"https:\/\/www.aguarda.es\/en\/#\/schema\/person\/c463ca3006858ffb349d11179d044f21","name":"prensa","image":{"@type":"ImageObject","inLanguage":"en-US","@id":"https:\/\/www.aguarda.es\/en\/#\/schema\/person\/image\/","url":"https:\/\/secure.gravatar.com\/avatar\/5f90ef536b0f98306edf5c7a1135ffa1?s=96&d=mm&r=g","contentUrl":"https:\/\/secure.gravatar.com\/avatar\/5f90ef536b0f98306edf5c7a1135ffa1?s=96&d=mm&r=g","caption":"prensa"},"url":"https:\/\/www.aguarda.es\/en\/author\/prensa\/"}]}},"_links":{"self":[{"href":"https:\/\/www.aguarda.es\/en\/wp-json\/wp\/v2\/posts\/27241"}],"collection":[{"href":"https:\/\/www.aguarda.es\/en\/wp-json\/wp\/v2\/posts"}],"about":[{"href":"https:\/\/www.aguarda.es\/en\/wp-json\/wp\/v2\/types\/post"}],"author":[{"embeddable":true,"href":"https:\/\/www.aguarda.es\/en\/wp-json\/wp\/v2\/users\/2"}],"replies":[{"embeddable":true,"href":"https:\/\/www.aguarda.es\/en\/wp-json\/wp\/v2\/comments?post=27241"}],"version-history":[{"count":1,"href":"https:\/\/www.aguarda.es\/en\/wp-json\/wp\/v2\/posts\/27241\/revisions"}],"predecessor-version":[{"id":27244,"href":"https:\/\/www.aguarda.es\/en\/wp-json\/wp\/v2\/posts\/27241\/revisions\/27244"}],"wp:featuredmedia":[{"embeddable":true,"href":"https:\/\/www.aguarda.es\/en\/wp-json\/wp\/v2\/media\/27242"}],"wp:attachment":[{"href":"https:\/\/www.aguarda.es\/en\/wp-json\/wp\/v2\/media?parent=27241"}],"wp:term":[{"taxonomy":"category","embeddable":true,"href":"https:\/\/www.aguarda.es\/en\/wp-json\/wp\/v2\/categories?post=27241"},{"taxonomy":"post_tag","embeddable":true,"href":"https:\/\/www.aguarda.es\/en\/wp-json\/wp\/v2\/tags?post=27241"}],"curies":[{"name":"wp","href":"https:\/\/api.w.org\/{rel}","templated":true}]}}