{"id":27294,"date":"2022-12-05T08:11:10","date_gmt":"2022-12-05T08:11:10","guid":{"rendered":"https:\/\/www.aguarda.es\/?p=27294"},"modified":"2022-12-05T08:11:10","modified_gmt":"2022-12-05T08:11:10","slug":"a-guarda-acada-o-reconecemento-no-certame-vilas-en-flor","status":"publish","type":"post","link":"https:\/\/www.aguarda.es\/en\/a-guarda-acada-o-reconecemento-no-certame-vilas-en-flor\/","title":{"rendered":"A Guarda acada o reco\u00f1ecemento no Certame Vilas en Flor"},"content":{"rendered":"<p>O Concello da Guarda participou un ano mas no Certame Vilas en Flor celebrado o pasado venres d\u00eda 2 de decembro nunha gala que tivo lugar no Auditorio Municipal de Caldas de Reis. Este ano participaron 39 concellos de toda Galicia e en funci\u00f3n da s\u00faa traxectoria e as acci\u00f3ns levadas a cabo para po\u00f1er en valor os seus espazos verdes, a xesti\u00f3n sostible, a educaci\u00f3n ambiental e a concienciaci\u00f3n cidad\u00e1 no coidado da contorna, acadaron diferentes distinci\u00f3ns, sendo o Concello da Guarda agraciado con tres flores de honra.<\/p>\n<p>&nbsp;<\/p>\n<p>O acto estivo precedido por unha xornada t\u00e9cnica cun relatorio que abordou aspectos sobre a mala praxe na xesti\u00f3n do arborado urbano en pobos e vilas de Galicia, impartida por Francisco Rodr\u00edguez Trinidad. Posteriormente, procedeuse \u00e1 lectura da acta do xurado e \u00e1 a entrega das Flores de Honra, \u00e1 que asistiron o alcalde de Caldas de Reis, Juan Manuel Rey; a conselleira de Medio Ambiente,\u00a0Mar\u00eda \u00c1ngeles V\u00e1zquez Mejuto; o presidente da Fundaci\u00f3n Juana de Vega, Enrique S\u00e1ez, e o director do Movemento Vilas en Flor e director da Escola Galega da Paisaxe, Pedro Calaza. Tam\u00e9n asistir\u00e1n representantes das entidades organizadoras e patrocinadoras, como o presidente de AGAEXAR,\u00a0V\u00edctor P\u00e9rez Vilar, e o presidente de ASVINOR, Ignacio Etxebarria. Participou en representaci\u00f3n do Concello da Guarda a Tenente de alcalde e Concelleira de Medio Ambiente, Montserrat Magallanes e a t\u00e9cnica de Medio Ambiente municipal, Tamara Otero.<\/p>\n<p>&#8220;Vilas en Flor&#8221; \u00e9 unha iniciativa que comezou a s\u00faa andadura no ano 2018, co obxectivo de apoiar a mellora ambiental, social e econ\u00f3mica dos concellos galegos, impulsada pola Fundaci\u00f3n Juana de Vega, en colaboraci\u00f3n coa Asociaci\u00f3n de Viveristas do Noroeste (ASVINOR) e a Asociaci\u00f3n Galega de Empresas de Xardiner\u00eda (AGAEXAR). Este movemento segue o modelo existente noutras comunidades aut\u00f3nomas como Catalu\u00f1a, Arag\u00f3n, Canarias e Valencia, a semellanza do sistema implantado desde hai d\u00e9cadas noutros pa\u00edses como Reino Unido, Irlanda, Francia, Italia e Canad\u00e1. O proxecto conta co patrocinio de Rain Bird, Husqvarna e a Conseller\u00eda de Medio Ambiente, Territorio e Vivenda.<\/p>\n<p>Aos cinco concellos participantes da primeira edici\u00f3n vi\u00f1\u00e9ronse sumando numerosas localidades ao longo das diferentes entregas. Actualmente, os 39 concellos participantes pertencen \u00e1s catro provincias, con Allariz, O Carballi\u00f1o, Leiro, A Pobra de Trives e San Xo\u00e1n de R\u00edo na provincia de Ourense; Caldas de Reis, A Guarda, Baiona, Cambados, Cuntis, Gondomar, Lal\u00edn, Salceda de Caselas, Salvaterra de Mi\u00f1o, Tomi\u00f1o, Tui, Mondariz, Vilagarc\u00eda de Arousa e A Estrada na provincia de Pontevedra; Ortigueira, Culleredo, Fene, Nar\u00f3n, Ponteceso, Pontedeume, Sada, San Sadurni\u00f1o, Oza-Cesuras, Mi\u00f1o, Abegondo, Arteixo, Coristanco, Carballo, As Somozas,\u00a0 Curtis e A Laracha na provincia da Coru\u00f1a e Chantada, Mondo\u00f1edo e Sarria na provincia de Lugo. O xurado, formado por expertos multidisciplinarias, realizou un exhaustivo estudo con visitas t\u00e9cnicas a cada un destes concellos, co fin de analizar os criterios que punt\u00faan neste certame.<\/p>\n<p>\u201cVilas en flor\u201d \u00e9 un programa encami\u00f1ado \u00e1 posta en valor da riqueza natural e paisax\u00edstica, na li\u00f1a dalgunha das multifuncionalidades da infraestrutura verde. Con este proxecto pret\u00e9ndese a mellora est\u00e9tica e funcional do territorio mediante o reco\u00f1ecemento p\u00fablico daquelas actuaci\u00f3ns medioambientais, enriquecidas con obras de axardinamento, ornamentaci\u00f3n floral, mobiliario urbano e espazos l\u00fadicos. Deste xeito, os concellos son reco\u00f1ecidos pola s\u00faa contribuci\u00f3n ao desenvolvemento local a trav\u00e9s da paisaxe, xerando actividade do propio sector da planta ornamental e da xardiner\u00eda, as\u00ed como un aumento de visitas tur\u00edsticas. De feito, existen rutas espec\u00edficas para os concellos que participan neste tipo de programas, constru\u00edndo unha marca de calidade local.<\/p>\n","protected":false},"excerpt":{"rendered":"<p>O Concello da Guarda participou un ano mas no Certame Vilas en Flor celebrado o pasado venres d\u00eda 2 de decembro nunha gala que tivo lugar no Auditorio Municipal de Caldas de Reis. Este ano participaron 39 concellos de toda &hellip; <\/p>\n","protected":false},"author":2,"featured_media":27295,"comment_status":"open","ping_status":"open","sticky":false,"template":"","format":"standard","meta":[],"categories":[40],"tags":[226,227,2942,2005],"yoast_head":"<!-- This site is optimized with the Yoast SEO plugin v21.1 - https:\/\/yoast.com\/wordpress\/plugins\/seo\/ -->\n<title>A Guarda acada o reco\u00f1ecemento no Certame Vilas en Flor - Concello da Guarda<\/title>\n<meta name=\"description\" content=\"O Concello da Guarda obtivo 3 Flores nesta edici\u00f3n na que participaron un total de 39 municipios galegos.\" \/>\n<meta name=\"robots\" content=\"index, follow, max-snippet:-1, max-image-preview:large, max-video-preview:-1\" \/>\n<link rel=\"canonical\" href=\"https:\/\/www.aguarda.es\/en\/a-guarda-acada-o-reconecemento-no-certame-vilas-en-flor\/\" \/>\n<meta property=\"og:locale\" content=\"en_US\" \/>\n<meta property=\"og:type\" content=\"article\" \/>\n<meta property=\"og:title\" content=\"A Guarda acada o reco\u00f1ecemento no Certame Vilas en Flor - Concello da Guarda\" \/>\n<meta property=\"og:description\" content=\"O Concello da Guarda obtivo 3 Flores nesta edici\u00f3n na que participaron un total de 39 municipios galegos.\" \/>\n<meta property=\"og:url\" content=\"https:\/\/www.aguarda.es\/en\/a-guarda-acada-o-reconecemento-no-certame-vilas-en-flor\/\" \/>\n<meta property=\"og:site_name\" content=\"Concello da Guarda\" \/>\n<meta property=\"article:publisher\" content=\"https:\/\/www.facebook.com\/ConcellodaGuarda\" \/>\n<meta property=\"article:published_time\" content=\"2022-12-05T08:11:10+00:00\" \/>\n<meta property=\"og:image\" content=\"https:\/\/www.aguarda.es\/wp-content\/uploads\/2022\/12\/NP-05122022-A-Guarda-acada-o-reconecemento-no-Certame-Vilas-en-Flor-3.jpg?_t=1670227871\" \/>\n\t<meta property=\"og:image:width\" content=\"800\" \/>\n\t<meta property=\"og:image:height\" content=\"485\" \/>\n\t<meta property=\"og:image:type\" content=\"image\/jpeg\" \/>\n<meta name=\"author\" content=\"prensa\" \/>\n<meta name=\"twitter:card\" content=\"summary_large_image\" \/>\n<meta name=\"twitter:creator\" content=\"@AGuarda_es\" \/>\n<meta name=\"twitter:site\" content=\"@AGuarda_es\" \/>\n<meta name=\"twitter:label1\" content=\"Written by\" \/>\n\t<meta name=\"twitter:data1\" content=\"prensa\" \/>\n\t<meta name=\"twitter:label2\" content=\"Est. reading time\" \/>\n\t<meta name=\"twitter:data2\" content=\"4 minutes\" \/>\n<script type=\"application\/ld+json\" class=\"yoast-schema-graph\">{\"@context\":\"https:\/\/schema.org\",\"@graph\":[{\"@type\":\"WebPage\",\"@id\":\"https:\/\/www.aguarda.es\/en\/a-guarda-acada-o-reconecemento-no-certame-vilas-en-flor\/\",\"url\":\"https:\/\/www.aguarda.es\/en\/a-guarda-acada-o-reconecemento-no-certame-vilas-en-flor\/\",\"name\":\"A Guarda acada o reco\u00f1ecemento no Certame Vilas en Flor - Concello da Guarda\",\"isPartOf\":{\"@id\":\"https:\/\/www.aguarda.es\/en\/#website\"},\"datePublished\":\"2022-12-05T08:11:10+00:00\",\"dateModified\":\"2022-12-05T08:11:10+00:00\",\"author\":{\"@id\":\"https:\/\/www.aguarda.es\/en\/#\/schema\/person\/c463ca3006858ffb349d11179d044f21\"},\"description\":\"O Concello da Guarda obtivo 3 Flores nesta edici\u00f3n na que participaron un total de 39 municipios galegos.\",\"breadcrumb\":{\"@id\":\"https:\/\/www.aguarda.es\/en\/a-guarda-acada-o-reconecemento-no-certame-vilas-en-flor\/#breadcrumb\"},\"inLanguage\":\"en-US\",\"potentialAction\":[{\"@type\":\"ReadAction\",\"target\":[\"https:\/\/www.aguarda.es\/en\/a-guarda-acada-o-reconecemento-no-certame-vilas-en-flor\/\"]}]},{\"@type\":\"BreadcrumbList\",\"@id\":\"https:\/\/www.aguarda.es\/en\/a-guarda-acada-o-reconecemento-no-certame-vilas-en-flor\/#breadcrumb\",\"itemListElement\":[{\"@type\":\"ListItem\",\"position\":1,\"name\":\"Portada\",\"item\":\"https:\/\/www.aguarda.es\/en\/\"},{\"@type\":\"ListItem\",\"position\":2,\"name\":\"A Guarda acada o reco\u00f1ecemento no Certame Vilas en Flor\"}]},{\"@type\":\"WebSite\",\"@id\":\"https:\/\/www.aguarda.es\/en\/#website\",\"url\":\"https:\/\/www.aguarda.es\/en\/\",\"name\":\"Concello da Guarda\",\"description\":\"P\u00e1xina web do concello da Guarda\",\"potentialAction\":[{\"@type\":\"SearchAction\",\"target\":{\"@type\":\"EntryPoint\",\"urlTemplate\":\"https:\/\/www.aguarda.es\/en\/?s={search_term_string}\"},\"query-input\":\"required name=search_term_string\"}],\"inLanguage\":\"en-US\"},{\"@type\":\"Person\",\"@id\":\"https:\/\/www.aguarda.es\/en\/#\/schema\/person\/c463ca3006858ffb349d11179d044f21\",\"name\":\"prensa\",\"image\":{\"@type\":\"ImageObject\",\"inLanguage\":\"en-US\",\"@id\":\"https:\/\/www.aguarda.es\/en\/#\/schema\/person\/image\/\",\"url\":\"https:\/\/secure.gravatar.com\/avatar\/5f90ef536b0f98306edf5c7a1135ffa1?s=96&d=mm&r=g\",\"contentUrl\":\"https:\/\/secure.gravatar.com\/avatar\/5f90ef536b0f98306edf5c7a1135ffa1?s=96&d=mm&r=g\",\"caption\":\"prensa\"},\"url\":\"https:\/\/www.aguarda.es\/en\/author\/prensa\/\"}]}<\/script>\n<!-- \/ Yoast SEO plugin. -->","yoast_head_json":{"title":"A Guarda acada o reco\u00f1ecemento no Certame Vilas en Flor - Concello da Guarda","description":"O Concello da Guarda obtivo 3 Flores nesta edici\u00f3n na que participaron un total de 39 municipios galegos.","robots":{"index":"index","follow":"follow","max-snippet":"max-snippet:-1","max-image-preview":"max-image-preview:large","max-video-preview":"max-video-preview:-1"},"canonical":"https:\/\/www.aguarda.es\/en\/a-guarda-acada-o-reconecemento-no-certame-vilas-en-flor\/","og_locale":"en_US","og_type":"article","og_title":"A Guarda acada o reco\u00f1ecemento no Certame Vilas en Flor - Concello da Guarda","og_description":"O Concello da Guarda obtivo 3 Flores nesta edici\u00f3n na que participaron un total de 39 municipios galegos.","og_url":"https:\/\/www.aguarda.es\/en\/a-guarda-acada-o-reconecemento-no-certame-vilas-en-flor\/","og_site_name":"Concello da Guarda","article_publisher":"https:\/\/www.facebook.com\/ConcellodaGuarda","article_published_time":"2022-12-05T08:11:10+00:00","og_image":[{"width":800,"height":485,"url":"https:\/\/www.aguarda.es\/wp-content\/uploads\/2022\/12\/NP-05122022-A-Guarda-acada-o-reconecemento-no-Certame-Vilas-en-Flor-3.jpg?_t=1670227871","type":"image\/jpeg"}],"author":"prensa","twitter_card":"summary_large_image","twitter_creator":"@AGuarda_es","twitter_site":"@AGuarda_es","twitter_misc":{"Written by":"prensa","Est. reading time":"4 minutes"},"schema":{"@context":"https:\/\/schema.org","@graph":[{"@type":"WebPage","@id":"https:\/\/www.aguarda.es\/en\/a-guarda-acada-o-reconecemento-no-certame-vilas-en-flor\/","url":"https:\/\/www.aguarda.es\/en\/a-guarda-acada-o-reconecemento-no-certame-vilas-en-flor\/","name":"A Guarda acada o reco\u00f1ecemento no Certame Vilas en Flor - Concello da Guarda","isPartOf":{"@id":"https:\/\/www.aguarda.es\/en\/#website"},"datePublished":"2022-12-05T08:11:10+00:00","dateModified":"2022-12-05T08:11:10+00:00","author":{"@id":"https:\/\/www.aguarda.es\/en\/#\/schema\/person\/c463ca3006858ffb349d11179d044f21"},"description":"O Concello da Guarda obtivo 3 Flores nesta edici\u00f3n na que participaron un total de 39 municipios galegos.","breadcrumb":{"@id":"https:\/\/www.aguarda.es\/en\/a-guarda-acada-o-reconecemento-no-certame-vilas-en-flor\/#breadcrumb"},"inLanguage":"en-US","potentialAction":[{"@type":"ReadAction","target":["https:\/\/www.aguarda.es\/en\/a-guarda-acada-o-reconecemento-no-certame-vilas-en-flor\/"]}]},{"@type":"BreadcrumbList","@id":"https:\/\/www.aguarda.es\/en\/a-guarda-acada-o-reconecemento-no-certame-vilas-en-flor\/#breadcrumb","itemListElement":[{"@type":"ListItem","position":1,"name":"Portada","item":"https:\/\/www.aguarda.es\/en\/"},{"@type":"ListItem","position":2,"name":"A Guarda acada o reco\u00f1ecemento no Certame Vilas en Flor"}]},{"@type":"WebSite","@id":"https:\/\/www.aguarda.es\/en\/#website","url":"https:\/\/www.aguarda.es\/en\/","name":"Concello da Guarda","description":"P\u00e1xina web do concello da Guarda","potentialAction":[{"@type":"SearchAction","target":{"@type":"EntryPoint","urlTemplate":"https:\/\/www.aguarda.es\/en\/?s={search_term_string}"},"query-input":"required name=search_term_string"}],"inLanguage":"en-US"},{"@type":"Person","@id":"https:\/\/www.aguarda.es\/en\/#\/schema\/person\/c463ca3006858ffb349d11179d044f21","name":"prensa","image":{"@type":"ImageObject","inLanguage":"en-US","@id":"https:\/\/www.aguarda.es\/en\/#\/schema\/person\/image\/","url":"https:\/\/secure.gravatar.com\/avatar\/5f90ef536b0f98306edf5c7a1135ffa1?s=96&d=mm&r=g","contentUrl":"https:\/\/secure.gravatar.com\/avatar\/5f90ef536b0f98306edf5c7a1135ffa1?s=96&d=mm&r=g","caption":"prensa"},"url":"https:\/\/www.aguarda.es\/en\/author\/prensa\/"}]}},"_links":{"self":[{"href":"https:\/\/www.aguarda.es\/en\/wp-json\/wp\/v2\/posts\/27294"}],"collection":[{"href":"https:\/\/www.aguarda.es\/en\/wp-json\/wp\/v2\/posts"}],"about":[{"href":"https:\/\/www.aguarda.es\/en\/wp-json\/wp\/v2\/types\/post"}],"author":[{"embeddable":true,"href":"https:\/\/www.aguarda.es\/en\/wp-json\/wp\/v2\/users\/2"}],"replies":[{"embeddable":true,"href":"https:\/\/www.aguarda.es\/en\/wp-json\/wp\/v2\/comments?post=27294"}],"version-history":[{"count":1,"href":"https:\/\/www.aguarda.es\/en\/wp-json\/wp\/v2\/posts\/27294\/revisions"}],"predecessor-version":[{"id":27297,"href":"https:\/\/www.aguarda.es\/en\/wp-json\/wp\/v2\/posts\/27294\/revisions\/27297"}],"wp:featuredmedia":[{"embeddable":true,"href":"https:\/\/www.aguarda.es\/en\/wp-json\/wp\/v2\/media\/27295"}],"wp:attachment":[{"href":"https:\/\/www.aguarda.es\/en\/wp-json\/wp\/v2\/media?parent=27294"}],"wp:term":[{"taxonomy":"category","embeddable":true,"href":"https:\/\/www.aguarda.es\/en\/wp-json\/wp\/v2\/categories?post=27294"},{"taxonomy":"post_tag","embeddable":true,"href":"https:\/\/www.aguarda.es\/en\/wp-json\/wp\/v2\/tags?post=27294"}],"curies":[{"name":"wp","href":"https:\/\/api.w.org\/{rel}","templated":true}]}}