{"id":27298,"date":"2022-12-05T17:34:54","date_gmt":"2022-12-05T17:34:54","guid":{"rendered":"https:\/\/www.aguarda.es\/?p=27298"},"modified":"2022-12-05T17:34:54","modified_gmt":"2022-12-05T17:34:54","slug":"peche-temporal-do-albergue-municipal-da-guarda-2","status":"publish","type":"post","link":"https:\/\/www.aguarda.es\/en\/peche-temporal-do-albergue-municipal-da-guarda-2\/","title":{"rendered":"Peche temporal do albergue municipal da Guarda"},"content":{"rendered":"<p>O Concello da Guarda pechar\u00e1 o Albergue Municipal de Peregrinos durante as pr\u00f3ximas semanas ante a reduci\u00f3n do n\u00famero de peregrinos.<\/p>\n<p>&nbsp;<\/p>\n<p>Os meses de menor afluencia de peregrinos son decembro e xaneiro. Os d\u00edas tan curtos e a maior probabilidade de mal tempo son as raz\u00f3ns polas que os peregrinos evitan realizar o cami\u00f1o nos meses de inverno. Tam\u00e9n poden influ\u00edr as celebraci\u00f3ns de nadal.<\/p>\n<p>&nbsp;<\/p>\n<p>Aqueles peregrinos que escollen estas datas para cami\u00f1ar a Santiago buscan precisamente un cami\u00f1o con pouco tr\u00e1nsito que lles aporte tranquilidade e soidade. Ademais estes peregrinos de inverno adoitar escoller aloxamentos tur\u00edsticos como hoteis onde dispo\u00f1en doutras facilidades como cuartos individuais e unha maior flexibilidade na hora da sa\u00edda.<\/p>\n<p>&nbsp;<\/p>\n<p>Segundo foi avanzando o mes de novembro notouse o forte descenso. Mostra de isto foron os peregrinos rexistrados na Oficina de Peregrino de Santiago con 861 peregrinos chegados de todos os cami\u00f1os o d\u00eda 1 de novembro e con tan s\u00f3 96 peregrinos no d\u00eda 30.<\/p>\n<p>&nbsp;<\/p>\n<p>Durante o mes de novembro no propio albergue municipal houbo 9 d\u00edas cun s\u00f3 peregrino e outros 9 d\u00edas sen peregrinos rexistrados de cami\u00f1o a Santiago.<\/p>\n<p>&nbsp;<\/p>\n<p>Aproveitando o peche do albergue realizaranse tarefas de mantemento das instalaci\u00f3ns.<\/p>\n<p>Polo que o Albergue Municipal de Peregrinos permanecer\u00e1 pechado do luns 19 de decembro ata o domingo 15 de xaneiro, abrindo novamente a partir do luns 16 de xaneiro.<\/p>\n","protected":false},"excerpt":{"rendered":"<p>O Concello da Guarda pechar\u00e1 o Albergue Municipal de Peregrinos durante as pr\u00f3ximas semanas ante a reduci\u00f3n do n\u00famero de peregrinos. &nbsp; Os meses de menor afluencia de peregrinos son decembro e xaneiro. Os d\u00edas tan curtos e a maior &hellip; <\/p>\n","protected":false},"author":2,"featured_media":27299,"comment_status":"open","ping_status":"open","sticky":false,"template":"","format":"standard","meta":[],"categories":[56],"tags":[226,821,820,232],"yoast_head":"<!-- This site is optimized with the Yoast SEO plugin v21.1 - https:\/\/yoast.com\/wordpress\/plugins\/seo\/ -->\n<title>Peche temporal do albergue municipal da Guarda - Concello da Guarda<\/title>\n<meta name=\"description\" content=\"O Concello da Guarda pechar\u00e1 o Albergue Municipal de Peregrinos durante as pr\u00f3ximas semanas ante a reduci\u00f3n do n\u00famero de peregrinos.\" \/>\n<meta name=\"robots\" content=\"index, follow, max-snippet:-1, max-image-preview:large, max-video-preview:-1\" \/>\n<link rel=\"canonical\" href=\"https:\/\/www.aguarda.es\/en\/peche-temporal-do-albergue-municipal-da-guarda-2\/\" \/>\n<meta property=\"og:locale\" content=\"en_US\" \/>\n<meta property=\"og:type\" content=\"article\" \/>\n<meta property=\"og:title\" content=\"Peche temporal do albergue municipal da Guarda - Concello da Guarda\" \/>\n<meta property=\"og:description\" content=\"O Concello da Guarda pechar\u00e1 o Albergue Municipal de Peregrinos durante as pr\u00f3ximas semanas ante a reduci\u00f3n do n\u00famero de peregrinos.\" \/>\n<meta property=\"og:url\" content=\"https:\/\/www.aguarda.es\/en\/peche-temporal-do-albergue-municipal-da-guarda-2\/\" \/>\n<meta property=\"og:site_name\" content=\"Concello da Guarda\" \/>\n<meta property=\"article:publisher\" content=\"https:\/\/www.facebook.com\/ConcellodaGuarda\" \/>\n<meta property=\"article:published_time\" content=\"2022-12-05T17:34:54+00:00\" \/>\n<meta property=\"og:image\" content=\"https:\/\/www.aguarda.es\/wp-content\/uploads\/2022\/12\/NP-05122022-Peche-temporal-do-albergue-municipal-da-Guarda.jpg?_t=1670261695\" \/>\n\t<meta property=\"og:image:width\" content=\"800\" \/>\n\t<meta property=\"og:image:height\" content=\"800\" \/>\n\t<meta property=\"og:image:type\" content=\"image\/jpeg\" \/>\n<meta name=\"author\" content=\"prensa\" \/>\n<meta name=\"twitter:card\" content=\"summary_large_image\" \/>\n<meta name=\"twitter:creator\" content=\"@AGuarda_es\" \/>\n<meta name=\"twitter:site\" content=\"@AGuarda_es\" \/>\n<meta name=\"twitter:label1\" content=\"Written by\" \/>\n\t<meta name=\"twitter:data1\" content=\"prensa\" \/>\n\t<meta name=\"twitter:label2\" content=\"Est. reading time\" \/>\n\t<meta name=\"twitter:data2\" content=\"2 minutes\" \/>\n<script type=\"application\/ld+json\" class=\"yoast-schema-graph\">{\"@context\":\"https:\/\/schema.org\",\"@graph\":[{\"@type\":\"WebPage\",\"@id\":\"https:\/\/www.aguarda.es\/en\/peche-temporal-do-albergue-municipal-da-guarda-2\/\",\"url\":\"https:\/\/www.aguarda.es\/en\/peche-temporal-do-albergue-municipal-da-guarda-2\/\",\"name\":\"Peche temporal do albergue municipal da Guarda - Concello da Guarda\",\"isPartOf\":{\"@id\":\"https:\/\/www.aguarda.es\/en\/#website\"},\"datePublished\":\"2022-12-05T17:34:54+00:00\",\"dateModified\":\"2022-12-05T17:34:54+00:00\",\"author\":{\"@id\":\"https:\/\/www.aguarda.es\/en\/#\/schema\/person\/c463ca3006858ffb349d11179d044f21\"},\"description\":\"O Concello da Guarda pechar\u00e1 o Albergue Municipal de Peregrinos durante as pr\u00f3ximas semanas ante a reduci\u00f3n do n\u00famero de peregrinos.\",\"breadcrumb\":{\"@id\":\"https:\/\/www.aguarda.es\/en\/peche-temporal-do-albergue-municipal-da-guarda-2\/#breadcrumb\"},\"inLanguage\":\"en-US\",\"potentialAction\":[{\"@type\":\"ReadAction\",\"target\":[\"https:\/\/www.aguarda.es\/en\/peche-temporal-do-albergue-municipal-da-guarda-2\/\"]}]},{\"@type\":\"BreadcrumbList\",\"@id\":\"https:\/\/www.aguarda.es\/en\/peche-temporal-do-albergue-municipal-da-guarda-2\/#breadcrumb\",\"itemListElement\":[{\"@type\":\"ListItem\",\"position\":1,\"name\":\"Portada\",\"item\":\"https:\/\/www.aguarda.es\/en\/\"},{\"@type\":\"ListItem\",\"position\":2,\"name\":\"Peche temporal do albergue municipal da Guarda\"}]},{\"@type\":\"WebSite\",\"@id\":\"https:\/\/www.aguarda.es\/en\/#website\",\"url\":\"https:\/\/www.aguarda.es\/en\/\",\"name\":\"Concello da Guarda\",\"description\":\"P\u00e1xina web do concello da Guarda\",\"potentialAction\":[{\"@type\":\"SearchAction\",\"target\":{\"@type\":\"EntryPoint\",\"urlTemplate\":\"https:\/\/www.aguarda.es\/en\/?s={search_term_string}\"},\"query-input\":\"required name=search_term_string\"}],\"inLanguage\":\"en-US\"},{\"@type\":\"Person\",\"@id\":\"https:\/\/www.aguarda.es\/en\/#\/schema\/person\/c463ca3006858ffb349d11179d044f21\",\"name\":\"prensa\",\"image\":{\"@type\":\"ImageObject\",\"inLanguage\":\"en-US\",\"@id\":\"https:\/\/www.aguarda.es\/en\/#\/schema\/person\/image\/\",\"url\":\"https:\/\/secure.gravatar.com\/avatar\/5f90ef536b0f98306edf5c7a1135ffa1?s=96&d=mm&r=g\",\"contentUrl\":\"https:\/\/secure.gravatar.com\/avatar\/5f90ef536b0f98306edf5c7a1135ffa1?s=96&d=mm&r=g\",\"caption\":\"prensa\"},\"url\":\"https:\/\/www.aguarda.es\/en\/author\/prensa\/\"}]}<\/script>\n<!-- \/ Yoast SEO plugin. -->","yoast_head_json":{"title":"Peche temporal do albergue municipal da Guarda - Concello da Guarda","description":"O Concello da Guarda pechar\u00e1 o Albergue Municipal de Peregrinos durante as pr\u00f3ximas semanas ante a reduci\u00f3n do n\u00famero de peregrinos.","robots":{"index":"index","follow":"follow","max-snippet":"max-snippet:-1","max-image-preview":"max-image-preview:large","max-video-preview":"max-video-preview:-1"},"canonical":"https:\/\/www.aguarda.es\/en\/peche-temporal-do-albergue-municipal-da-guarda-2\/","og_locale":"en_US","og_type":"article","og_title":"Peche temporal do albergue municipal da Guarda - Concello da Guarda","og_description":"O Concello da Guarda pechar\u00e1 o Albergue Municipal de Peregrinos durante as pr\u00f3ximas semanas ante a reduci\u00f3n do n\u00famero de peregrinos.","og_url":"https:\/\/www.aguarda.es\/en\/peche-temporal-do-albergue-municipal-da-guarda-2\/","og_site_name":"Concello da Guarda","article_publisher":"https:\/\/www.facebook.com\/ConcellodaGuarda","article_published_time":"2022-12-05T17:34:54+00:00","og_image":[{"width":800,"height":800,"url":"https:\/\/www.aguarda.es\/wp-content\/uploads\/2022\/12\/NP-05122022-Peche-temporal-do-albergue-municipal-da-Guarda.jpg?_t=1670261695","type":"image\/jpeg"}],"author":"prensa","twitter_card":"summary_large_image","twitter_creator":"@AGuarda_es","twitter_site":"@AGuarda_es","twitter_misc":{"Written by":"prensa","Est. reading time":"2 minutes"},"schema":{"@context":"https:\/\/schema.org","@graph":[{"@type":"WebPage","@id":"https:\/\/www.aguarda.es\/en\/peche-temporal-do-albergue-municipal-da-guarda-2\/","url":"https:\/\/www.aguarda.es\/en\/peche-temporal-do-albergue-municipal-da-guarda-2\/","name":"Peche temporal do albergue municipal da Guarda - Concello da Guarda","isPartOf":{"@id":"https:\/\/www.aguarda.es\/en\/#website"},"datePublished":"2022-12-05T17:34:54+00:00","dateModified":"2022-12-05T17:34:54+00:00","author":{"@id":"https:\/\/www.aguarda.es\/en\/#\/schema\/person\/c463ca3006858ffb349d11179d044f21"},"description":"O Concello da Guarda pechar\u00e1 o Albergue Municipal de Peregrinos durante as pr\u00f3ximas semanas ante a reduci\u00f3n do n\u00famero de peregrinos.","breadcrumb":{"@id":"https:\/\/www.aguarda.es\/en\/peche-temporal-do-albergue-municipal-da-guarda-2\/#breadcrumb"},"inLanguage":"en-US","potentialAction":[{"@type":"ReadAction","target":["https:\/\/www.aguarda.es\/en\/peche-temporal-do-albergue-municipal-da-guarda-2\/"]}]},{"@type":"BreadcrumbList","@id":"https:\/\/www.aguarda.es\/en\/peche-temporal-do-albergue-municipal-da-guarda-2\/#breadcrumb","itemListElement":[{"@type":"ListItem","position":1,"name":"Portada","item":"https:\/\/www.aguarda.es\/en\/"},{"@type":"ListItem","position":2,"name":"Peche temporal do albergue municipal da Guarda"}]},{"@type":"WebSite","@id":"https:\/\/www.aguarda.es\/en\/#website","url":"https:\/\/www.aguarda.es\/en\/","name":"Concello da Guarda","description":"P\u00e1xina web do concello da Guarda","potentialAction":[{"@type":"SearchAction","target":{"@type":"EntryPoint","urlTemplate":"https:\/\/www.aguarda.es\/en\/?s={search_term_string}"},"query-input":"required name=search_term_string"}],"inLanguage":"en-US"},{"@type":"Person","@id":"https:\/\/www.aguarda.es\/en\/#\/schema\/person\/c463ca3006858ffb349d11179d044f21","name":"prensa","image":{"@type":"ImageObject","inLanguage":"en-US","@id":"https:\/\/www.aguarda.es\/en\/#\/schema\/person\/image\/","url":"https:\/\/secure.gravatar.com\/avatar\/5f90ef536b0f98306edf5c7a1135ffa1?s=96&d=mm&r=g","contentUrl":"https:\/\/secure.gravatar.com\/avatar\/5f90ef536b0f98306edf5c7a1135ffa1?s=96&d=mm&r=g","caption":"prensa"},"url":"https:\/\/www.aguarda.es\/en\/author\/prensa\/"}]}},"_links":{"self":[{"href":"https:\/\/www.aguarda.es\/en\/wp-json\/wp\/v2\/posts\/27298"}],"collection":[{"href":"https:\/\/www.aguarda.es\/en\/wp-json\/wp\/v2\/posts"}],"about":[{"href":"https:\/\/www.aguarda.es\/en\/wp-json\/wp\/v2\/types\/post"}],"author":[{"embeddable":true,"href":"https:\/\/www.aguarda.es\/en\/wp-json\/wp\/v2\/users\/2"}],"replies":[{"embeddable":true,"href":"https:\/\/www.aguarda.es\/en\/wp-json\/wp\/v2\/comments?post=27298"}],"version-history":[{"count":1,"href":"https:\/\/www.aguarda.es\/en\/wp-json\/wp\/v2\/posts\/27298\/revisions"}],"predecessor-version":[{"id":27301,"href":"https:\/\/www.aguarda.es\/en\/wp-json\/wp\/v2\/posts\/27298\/revisions\/27301"}],"wp:featuredmedia":[{"embeddable":true,"href":"https:\/\/www.aguarda.es\/en\/wp-json\/wp\/v2\/media\/27299"}],"wp:attachment":[{"href":"https:\/\/www.aguarda.es\/en\/wp-json\/wp\/v2\/media?parent=27298"}],"wp:term":[{"taxonomy":"category","embeddable":true,"href":"https:\/\/www.aguarda.es\/en\/wp-json\/wp\/v2\/categories?post=27298"},{"taxonomy":"post_tag","embeddable":true,"href":"https:\/\/www.aguarda.es\/en\/wp-json\/wp\/v2\/tags?post=27298"}],"curies":[{"name":"wp","href":"https:\/\/api.w.org\/{rel}","templated":true}]}}