{"id":27322,"date":"2022-12-07T17:27:38","date_gmt":"2022-12-07T17:27:38","guid":{"rendered":"https:\/\/www.aguarda.es\/?p=27322"},"modified":"2022-12-07T17:27:38","modified_gmt":"2022-12-07T17:27:38","slug":"a-deputacion-lanza-a-nova-edicion-de-depotermal-que-ofrecera-3-500-prazas-no-vindeiro-2023","status":"publish","type":"post","link":"https:\/\/www.aguarda.es\/en\/a-deputacion-lanza-a-nova-edicion-de-depotermal-que-ofrecera-3-500-prazas-no-vindeiro-2023\/","title":{"rendered":"A Deputaci\u00f3n lanza a nova edici\u00f3n de Depotermal, que ofrecer\u00e1 3.500 prazas no vindeiro 2023"},"content":{"rendered":"<p>A Xunta de Goberno da Deputaci\u00f3n aprobar\u00e1 o vindeiro venres as bases da nova edici\u00f3n do programa de termalismo social \u201c<a href=\"https:\/\/www.depo.gal\/-\/depotermal\">Depotermal<\/a>\u201d, unha das iniciativas provinciais con maior acollida e na que desde o ano 2015 participaron 16.500 persoas. Para o pr\u00f3ximo 2023 ser\u00e1n un total de 3.500 as prazas que ofertar\u00e1 o programa, que busca, como destacou a presidenta provincial Carmela Silva, propiciar \u201cactividades de envellecemento activo para as persoas maiores vinculadas \u00e1 sa\u00fade\u201d. A instituci\u00f3n provincial destinar\u00e1 preto de 200.000 euros (184.470\u20ac) \u00e1 iniciativa.<\/p>\n<p>\u201cDepotermal\u201d desenv\u00f3lvese en concellos que contan con centros de termalismo e balnearios e ofrece d\u00faas modalidades de participaci\u00f3n, estad\u00edas de d\u00eda ou pernoita. Est\u00e1 destinado a persoas maiores de 50 anos, xubiladas, pensionistas, persoas cun reco\u00f1ecemento do grao de diversidade igual ou superior ao 65% e tam\u00e9n \u00e1s que precisen dun respiro familiar.<\/p>\n<p>Das citadas 3.500 prazas, 1.000 ser\u00e1n para a opci\u00f3n de asistencia di\u00farna a balnearios, talasos ou spas durante cinco ma\u00f1\u00e1s ou tardes consecutivas. E delas, 122 prazas est\u00e1n reservadas para persoas en situaci\u00f3n ou risco de exclusi\u00f3n social, para as que a Deputaci\u00f3n cubre todo o custe da estad\u00eda. As restantes 2.500 prazas son para a opci\u00f3n con pernoita e r\u00e9xime de pensi\u00f3n completa de domingo a venres, nas que 122 ser\u00e1n reservadas tam\u00e9n para persoas en dificultades econ\u00f3micas.<\/p>\n<p>Carmela Silva destacou \u201ca complicidade\u201d dos 54 concellos que xa son colaboradores de \u201cDepotermal\u201d e que facilitan \u00e1s persoas que queren solicitar a participaci\u00f3n no programa a realizaci\u00f3n dos tr\u00e1mites e as axudas.<\/p>\n","protected":false},"excerpt":{"rendered":"<p>A Xunta de Goberno da Deputaci\u00f3n aprobar\u00e1 o vindeiro venres as bases da nova edici\u00f3n do programa de termalismo social \u201cDepotermal\u201d, unha das iniciativas provinciais con maior acollida e na que desde o ano 2015 participaron 16.500 persoas. Para o &hellip; <\/p>\n","protected":false},"author":2,"featured_media":27323,"comment_status":"open","ping_status":"open","sticky":false,"template":"","format":"standard","meta":[],"categories":[33],"tags":[226,1033,2948],"yoast_head":"<!-- This site is optimized with the Yoast SEO plugin v21.1 - https:\/\/yoast.com\/wordpress\/plugins\/seo\/ -->\n<title>A Deputaci\u00f3n lanza a nova edici\u00f3n de Depotermal, que ofrecer\u00e1 3.500 prazas no vindeiro 2023 - Concello da Guarda<\/title>\n<meta name=\"description\" content=\"A instituci\u00f3n provincial destinar\u00e1 preto de 200.000 euros (184.470\u20ac) \u00e1 iniciativa.\" \/>\n<meta name=\"robots\" content=\"index, follow, max-snippet:-1, max-image-preview:large, max-video-preview:-1\" \/>\n<link rel=\"canonical\" href=\"https:\/\/www.aguarda.es\/en\/a-deputacion-lanza-a-nova-edicion-de-depotermal-que-ofrecera-3-500-prazas-no-vindeiro-2023\/\" \/>\n<meta property=\"og:locale\" content=\"en_US\" \/>\n<meta property=\"og:type\" content=\"article\" \/>\n<meta property=\"og:title\" content=\"A Deputaci\u00f3n lanza a nova edici\u00f3n de Depotermal, que ofrecer\u00e1 3.500 prazas no vindeiro 2023 - Concello da Guarda\" \/>\n<meta property=\"og:description\" content=\"A instituci\u00f3n provincial destinar\u00e1 preto de 200.000 euros (184.470\u20ac) \u00e1 iniciativa.\" \/>\n<meta property=\"og:url\" content=\"https:\/\/www.aguarda.es\/en\/a-deputacion-lanza-a-nova-edicion-de-depotermal-que-ofrecera-3-500-prazas-no-vindeiro-2023\/\" \/>\n<meta property=\"og:site_name\" content=\"Concello da Guarda\" \/>\n<meta property=\"article:publisher\" content=\"https:\/\/www.facebook.com\/ConcellodaGuarda\" \/>\n<meta property=\"article:published_time\" content=\"2022-12-07T17:27:38+00:00\" \/>\n<meta property=\"og:image\" content=\"https:\/\/www.aguarda.es\/wp-content\/uploads\/2022\/12\/Sin-titulo-2.jpg?_t=1670434059\" \/>\n\t<meta property=\"og:image:width\" content=\"900\" \/>\n\t<meta property=\"og:image:height\" content=\"600\" \/>\n\t<meta property=\"og:image:type\" content=\"image\/jpeg\" \/>\n<meta name=\"author\" content=\"prensa\" \/>\n<meta name=\"twitter:card\" content=\"summary_large_image\" \/>\n<meta name=\"twitter:creator\" content=\"@AGuarda_es\" \/>\n<meta name=\"twitter:site\" content=\"@AGuarda_es\" \/>\n<meta name=\"twitter:label1\" content=\"Written by\" \/>\n\t<meta name=\"twitter:data1\" content=\"prensa\" \/>\n\t<meta name=\"twitter:label2\" content=\"Est. reading time\" \/>\n\t<meta name=\"twitter:data2\" content=\"2 minutes\" \/>\n<script type=\"application\/ld+json\" class=\"yoast-schema-graph\">{\"@context\":\"https:\/\/schema.org\",\"@graph\":[{\"@type\":\"WebPage\",\"@id\":\"https:\/\/www.aguarda.es\/en\/a-deputacion-lanza-a-nova-edicion-de-depotermal-que-ofrecera-3-500-prazas-no-vindeiro-2023\/\",\"url\":\"https:\/\/www.aguarda.es\/en\/a-deputacion-lanza-a-nova-edicion-de-depotermal-que-ofrecera-3-500-prazas-no-vindeiro-2023\/\",\"name\":\"A Deputaci\u00f3n lanza a nova edici\u00f3n de Depotermal, que ofrecer\u00e1 3.500 prazas no vindeiro 2023 - Concello da Guarda\",\"isPartOf\":{\"@id\":\"https:\/\/www.aguarda.es\/en\/#website\"},\"datePublished\":\"2022-12-07T17:27:38+00:00\",\"dateModified\":\"2022-12-07T17:27:38+00:00\",\"author\":{\"@id\":\"https:\/\/www.aguarda.es\/en\/#\/schema\/person\/c463ca3006858ffb349d11179d044f21\"},\"description\":\"A instituci\u00f3n provincial destinar\u00e1 preto de 200.000 euros (184.470\u20ac) \u00e1 iniciativa.\",\"breadcrumb\":{\"@id\":\"https:\/\/www.aguarda.es\/en\/a-deputacion-lanza-a-nova-edicion-de-depotermal-que-ofrecera-3-500-prazas-no-vindeiro-2023\/#breadcrumb\"},\"inLanguage\":\"en-US\",\"potentialAction\":[{\"@type\":\"ReadAction\",\"target\":[\"https:\/\/www.aguarda.es\/en\/a-deputacion-lanza-a-nova-edicion-de-depotermal-que-ofrecera-3-500-prazas-no-vindeiro-2023\/\"]}]},{\"@type\":\"BreadcrumbList\",\"@id\":\"https:\/\/www.aguarda.es\/en\/a-deputacion-lanza-a-nova-edicion-de-depotermal-que-ofrecera-3-500-prazas-no-vindeiro-2023\/#breadcrumb\",\"itemListElement\":[{\"@type\":\"ListItem\",\"position\":1,\"name\":\"Portada\",\"item\":\"https:\/\/www.aguarda.es\/en\/\"},{\"@type\":\"ListItem\",\"position\":2,\"name\":\"A Deputaci\u00f3n lanza a nova edici\u00f3n de Depotermal, que ofrecer\u00e1 3.500 prazas no vindeiro 2023\"}]},{\"@type\":\"WebSite\",\"@id\":\"https:\/\/www.aguarda.es\/en\/#website\",\"url\":\"https:\/\/www.aguarda.es\/en\/\",\"name\":\"Concello da Guarda\",\"description\":\"P\u00e1xina web do concello da Guarda\",\"potentialAction\":[{\"@type\":\"SearchAction\",\"target\":{\"@type\":\"EntryPoint\",\"urlTemplate\":\"https:\/\/www.aguarda.es\/en\/?s={search_term_string}\"},\"query-input\":\"required name=search_term_string\"}],\"inLanguage\":\"en-US\"},{\"@type\":\"Person\",\"@id\":\"https:\/\/www.aguarda.es\/en\/#\/schema\/person\/c463ca3006858ffb349d11179d044f21\",\"name\":\"prensa\",\"image\":{\"@type\":\"ImageObject\",\"inLanguage\":\"en-US\",\"@id\":\"https:\/\/www.aguarda.es\/en\/#\/schema\/person\/image\/\",\"url\":\"https:\/\/secure.gravatar.com\/avatar\/5f90ef536b0f98306edf5c7a1135ffa1?s=96&d=mm&r=g\",\"contentUrl\":\"https:\/\/secure.gravatar.com\/avatar\/5f90ef536b0f98306edf5c7a1135ffa1?s=96&d=mm&r=g\",\"caption\":\"prensa\"},\"url\":\"https:\/\/www.aguarda.es\/en\/author\/prensa\/\"}]}<\/script>\n<!-- \/ Yoast SEO plugin. -->","yoast_head_json":{"title":"A Deputaci\u00f3n lanza a nova edici\u00f3n de Depotermal, que ofrecer\u00e1 3.500 prazas no vindeiro 2023 - Concello da Guarda","description":"A instituci\u00f3n provincial destinar\u00e1 preto de 200.000 euros (184.470\u20ac) \u00e1 iniciativa.","robots":{"index":"index","follow":"follow","max-snippet":"max-snippet:-1","max-image-preview":"max-image-preview:large","max-video-preview":"max-video-preview:-1"},"canonical":"https:\/\/www.aguarda.es\/en\/a-deputacion-lanza-a-nova-edicion-de-depotermal-que-ofrecera-3-500-prazas-no-vindeiro-2023\/","og_locale":"en_US","og_type":"article","og_title":"A Deputaci\u00f3n lanza a nova edici\u00f3n de Depotermal, que ofrecer\u00e1 3.500 prazas no vindeiro 2023 - Concello da Guarda","og_description":"A instituci\u00f3n provincial destinar\u00e1 preto de 200.000 euros (184.470\u20ac) \u00e1 iniciativa.","og_url":"https:\/\/www.aguarda.es\/en\/a-deputacion-lanza-a-nova-edicion-de-depotermal-que-ofrecera-3-500-prazas-no-vindeiro-2023\/","og_site_name":"Concello da Guarda","article_publisher":"https:\/\/www.facebook.com\/ConcellodaGuarda","article_published_time":"2022-12-07T17:27:38+00:00","og_image":[{"width":900,"height":600,"url":"https:\/\/www.aguarda.es\/wp-content\/uploads\/2022\/12\/Sin-titulo-2.jpg?_t=1670434059","type":"image\/jpeg"}],"author":"prensa","twitter_card":"summary_large_image","twitter_creator":"@AGuarda_es","twitter_site":"@AGuarda_es","twitter_misc":{"Written by":"prensa","Est. reading time":"2 minutes"},"schema":{"@context":"https:\/\/schema.org","@graph":[{"@type":"WebPage","@id":"https:\/\/www.aguarda.es\/en\/a-deputacion-lanza-a-nova-edicion-de-depotermal-que-ofrecera-3-500-prazas-no-vindeiro-2023\/","url":"https:\/\/www.aguarda.es\/en\/a-deputacion-lanza-a-nova-edicion-de-depotermal-que-ofrecera-3-500-prazas-no-vindeiro-2023\/","name":"A Deputaci\u00f3n lanza a nova edici\u00f3n de Depotermal, que ofrecer\u00e1 3.500 prazas no vindeiro 2023 - Concello da Guarda","isPartOf":{"@id":"https:\/\/www.aguarda.es\/en\/#website"},"datePublished":"2022-12-07T17:27:38+00:00","dateModified":"2022-12-07T17:27:38+00:00","author":{"@id":"https:\/\/www.aguarda.es\/en\/#\/schema\/person\/c463ca3006858ffb349d11179d044f21"},"description":"A instituci\u00f3n provincial destinar\u00e1 preto de 200.000 euros (184.470\u20ac) \u00e1 iniciativa.","breadcrumb":{"@id":"https:\/\/www.aguarda.es\/en\/a-deputacion-lanza-a-nova-edicion-de-depotermal-que-ofrecera-3-500-prazas-no-vindeiro-2023\/#breadcrumb"},"inLanguage":"en-US","potentialAction":[{"@type":"ReadAction","target":["https:\/\/www.aguarda.es\/en\/a-deputacion-lanza-a-nova-edicion-de-depotermal-que-ofrecera-3-500-prazas-no-vindeiro-2023\/"]}]},{"@type":"BreadcrumbList","@id":"https:\/\/www.aguarda.es\/en\/a-deputacion-lanza-a-nova-edicion-de-depotermal-que-ofrecera-3-500-prazas-no-vindeiro-2023\/#breadcrumb","itemListElement":[{"@type":"ListItem","position":1,"name":"Portada","item":"https:\/\/www.aguarda.es\/en\/"},{"@type":"ListItem","position":2,"name":"A Deputaci\u00f3n lanza a nova edici\u00f3n de Depotermal, que ofrecer\u00e1 3.500 prazas no vindeiro 2023"}]},{"@type":"WebSite","@id":"https:\/\/www.aguarda.es\/en\/#website","url":"https:\/\/www.aguarda.es\/en\/","name":"Concello da Guarda","description":"P\u00e1xina web do concello da Guarda","potentialAction":[{"@type":"SearchAction","target":{"@type":"EntryPoint","urlTemplate":"https:\/\/www.aguarda.es\/en\/?s={search_term_string}"},"query-input":"required name=search_term_string"}],"inLanguage":"en-US"},{"@type":"Person","@id":"https:\/\/www.aguarda.es\/en\/#\/schema\/person\/c463ca3006858ffb349d11179d044f21","name":"prensa","image":{"@type":"ImageObject","inLanguage":"en-US","@id":"https:\/\/www.aguarda.es\/en\/#\/schema\/person\/image\/","url":"https:\/\/secure.gravatar.com\/avatar\/5f90ef536b0f98306edf5c7a1135ffa1?s=96&d=mm&r=g","contentUrl":"https:\/\/secure.gravatar.com\/avatar\/5f90ef536b0f98306edf5c7a1135ffa1?s=96&d=mm&r=g","caption":"prensa"},"url":"https:\/\/www.aguarda.es\/en\/author\/prensa\/"}]}},"_links":{"self":[{"href":"https:\/\/www.aguarda.es\/en\/wp-json\/wp\/v2\/posts\/27322"}],"collection":[{"href":"https:\/\/www.aguarda.es\/en\/wp-json\/wp\/v2\/posts"}],"about":[{"href":"https:\/\/www.aguarda.es\/en\/wp-json\/wp\/v2\/types\/post"}],"author":[{"embeddable":true,"href":"https:\/\/www.aguarda.es\/en\/wp-json\/wp\/v2\/users\/2"}],"replies":[{"embeddable":true,"href":"https:\/\/www.aguarda.es\/en\/wp-json\/wp\/v2\/comments?post=27322"}],"version-history":[{"count":1,"href":"https:\/\/www.aguarda.es\/en\/wp-json\/wp\/v2\/posts\/27322\/revisions"}],"predecessor-version":[{"id":27325,"href":"https:\/\/www.aguarda.es\/en\/wp-json\/wp\/v2\/posts\/27322\/revisions\/27325"}],"wp:featuredmedia":[{"embeddable":true,"href":"https:\/\/www.aguarda.es\/en\/wp-json\/wp\/v2\/media\/27323"}],"wp:attachment":[{"href":"https:\/\/www.aguarda.es\/en\/wp-json\/wp\/v2\/media?parent=27322"}],"wp:term":[{"taxonomy":"category","embeddable":true,"href":"https:\/\/www.aguarda.es\/en\/wp-json\/wp\/v2\/categories?post=27322"},{"taxonomy":"post_tag","embeddable":true,"href":"https:\/\/www.aguarda.es\/en\/wp-json\/wp\/v2\/tags?post=27322"}],"curies":[{"name":"wp","href":"https:\/\/api.w.org\/{rel}","templated":true}]}}