{"id":27336,"date":"2022-12-14T15:33:56","date_gmt":"2022-12-14T15:33:56","guid":{"rendered":"https:\/\/www.aguarda.es\/?p=27336"},"modified":"2022-12-14T15:33:56","modified_gmt":"2022-12-14T15:33:56","slug":"exito-nas-accions-formativas-do-proxecto-de-sensibilizacion-sobre-grandes-incendios-forestais-que-promove-a-universidade-de-vigo-e-o-concello-da-guarda","status":"publish","type":"post","link":"https:\/\/www.aguarda.es\/en\/exito-nas-accions-formativas-do-proxecto-de-sensibilizacion-sobre-grandes-incendios-forestais-que-promove-a-universidade-de-vigo-e-o-concello-da-guarda\/","title":{"rendered":"\u00c9xito nas acci\u00f3ns formativas do proxecto de sensibilizaci\u00f3n sobre grandes incendios forestais que promove a Universidade de Vigo e o Concello da Guarda"},"content":{"rendered":"<p>A Universidade de Vigo e o Concello da Guarda comparten a preocupaci\u00f3n sobre o cambio clim\u00e1tico e o impacto que os Grandes Incendios Forestais te\u00f1en no territorio colaborando no proxecto FIREPOCTEP, coa realizaci\u00f3n de tres acci\u00f3ns formativas: Fotovoz, Biblioteca Humana e a Feira do Gran Incendio Forestal. Este proxecto europeo est\u00e1 cofinanciado polo Fondo Europeo de Desarrollo Regional (FEDER) no marco do Programa Interreg V A Espa\u00f1a \u2013 Portugal (POCTEP) 2014-2020.<\/p>\n<p>&nbsp;<\/p>\n<p>No transcurso da ma\u00f1\u00e1 do 13 de decembro, realizouse a inauguraci\u00f3n de \u201cFotovoz. Historia de vida dun Gran Incendio Forestal\u201d, unha exposici\u00f3n participativa sobre incendios forestais na contorna de A Guarda. A presentaci\u00f3n tivo lugar \u00e1s 11.00 horas na entrada do edificio do Concello da Guarda coa presencia do Alcalde da Guarda, Antonio Lomba, e a coordinadora das acci\u00f3ns formativas da Universidade de Vigo e Vicerrectora de Benestar, Equidade e Diversidade, Mar\u00eda Isabel Doval. Ambas autoridades compartiron a necesidade de traballar na prevenci\u00f3n dende a educaci\u00f3n como medio para acadar unha maior conciencia sobre o valor que os bosques e as contornas naturais xeran e da necesidade de implantar acci\u00f3ns innovadoras con materiais did\u00e1cticos adaptados.\u00a0 A acci\u00f3n estar\u00e1 aberta a toda a cidadan\u00eda ata o m\u00e9rcores 14 de decembro e o obxectivo \u00e9 plasmar unha realidade comunitaria a trav\u00e9s da fotograf\u00eda e dos relatos das persoas que viviron incendios forestais. Para iso, contouse coa colaboraci\u00f3n da veci\u00f1anza de A Guarda que cederon fotograf\u00edas de incendios acontencidos na contorna. Entre os autores destacan xornalistas e persoal da loita contra o lume. Asemade, a exposici\u00f3n conta cun libro de testemu\u00f1as para que as persoas visitantes poidan plasmar as s\u00faas emoci\u00f3ns e\u00a0 lembranzas de situaci\u00f3ns vividas co lume para crear un relato compartido da realidade sobre os incendios forestais.<\/p>\n<p>&nbsp;<\/p>\n<p>A segunda das acci\u00f3ns de sensibilizaci\u00f3n do d\u00eda realizouse na tarde do 13 de decembro de 17:00h a 19:30h horas na Biblioteca de A Guarda. A actividade \u201cBiblioteca humana. Testimonios dun gran incendio forestal\u201d creou un espazo no que persoas vencelladas a grandes incendios forestais relataban as s\u00faas vivencias, como se fosen libros vivos. As persoas que relataron as s\u00faas testemu\u00f1as foron unha bombeira e un bombeiro forestais e bombeiros do GES de A Guarda. Na intimidade do espazo da biblioteca municipal de A Guarda puideronse escoitar as historias persoais e facer preguntas que normalmente non se dan, creando un ambiente distendido no que compartir experiencias extremas, como a perda de compa\u00f1eiros na extinci\u00f3n de incendios, e bonitas como cando os seus fillos e fillas ao chegar a casa os ven como heroes e hero\u00ednas. Outro momento a destacar foi o dunha nai brasileira dun bombeiro forestal en Brasil que compartiu a s\u00faa vivencia de angustia cada vez que o seu fillo vai a unha emerxencia, pero tam\u00e9n o sentimento de orgullo que sinte por el.<\/p>\n<p>&nbsp;<\/p>\n<p>Tam\u00e9n se falou moito da necesidade de prevenci\u00f3n, de manter os montes limpos, de manter as franxas cortalumes e de como, pouco a pouco, parece que asoma unha maior conciencia social e ambiental vencellada \u00e1 reforestaci\u00f3n con especies aut\u00f3ctonas para ir diminu\u00edndo as especies invasoras pir\u00f3filas como os eucaliptos ou as acacias. Tam\u00e9n reivindicaron a necesidade de contar con m\u00e1is recursos, tanto humanos como materiais, por parte da administraci\u00f3n auton\u00f3mica para traballar m\u00e1is na prevenci\u00f3n, que na extinci\u00f3n de lumes.<\/p>\n<p>&nbsp;<\/p>\n<p>O proxecto da Universidade de Vigo, coordinado por Juan Picos e a parte formativa por Mar\u00eda Isabel Doval, pretenden xerar un espazo de di\u00e1logo sobre os grandes incendios forestais co que se poder\u00e1 chegar a conclusi\u00f3ns importantes para o territorio. Algunhas destas reflexi\u00f3ns xiran ao redor da importancia de manter a vida nos \u00e1mbitos rurais como loita contra o cambio clim\u00e1tico e, ao mesmo tempo, contra os incendios forestais.<\/p>\n<p>&nbsp;<\/p>\n<p>O m\u00e9rcores 14 ser\u00e1 a quenda da terceira actividade no CEIP Manuel Rodr\u00edguez Sinde, a \u201cFeira do Gran Incendio Forestal\u201d. O obxectivo \u00e9 achegar \u00e1 comunidade educativa e, en concreto ao profesorado e ao alumnado do CEIP, testemu\u00f1as e materiais para concienciar sobre os lumes e os seus efectos no territorio. O encontro ter\u00e1 tres escenarios diferentes: o rinc\u00f3n do libro (con libros infant\u00eds e xuven\u00eds sobre incendios forestais), o rinc\u00f3n do v\u00eddeo (con materiais audiovisuais) e o rinc\u00f3n da experiencia (co testimonio de persoas de A Guarda vencelladas aos equipos de extinci\u00f3n de incendios).<\/p>\n","protected":false},"excerpt":{"rendered":"<p>A Universidade de Vigo e o Concello da Guarda comparten a preocupaci\u00f3n sobre o cambio clim\u00e1tico e o impacto que os Grandes Incendios Forestais te\u00f1en no territorio colaborando no proxecto FIREPOCTEP, coa realizaci\u00f3n de tres acci\u00f3ns formativas: Fotovoz, Biblioteca Humana &hellip; <\/p>\n","protected":false},"author":2,"featured_media":27337,"comment_status":"open","ping_status":"open","sticky":false,"template":"","format":"standard","meta":[],"categories":[40],"tags":[226,2946,2954,227,901],"yoast_head":"<!-- This site is optimized with the Yoast SEO plugin v21.1 - https:\/\/yoast.com\/wordpress\/plugins\/seo\/ -->\n<title>\u00c9xito nas acci\u00f3ns formativas do proxecto de sensibilizaci\u00f3n sobre grandes incendios forestais que promove a Universidade de Vigo e o Concello da Guarda - Concello da Guarda<\/title>\n<meta name=\"description\" content=\"\u2022 No marco do proxecto europeo FIREPOCTEP, realizar\u00e1nse tres acci\u00f3ns formativas en distintas ubicaci\u00f3ns do Concello da Guarda. Onte tiveron lugar a inauguraci\u00f3n de Fotovoz e a Biblioteca Humana.\" \/>\n<meta name=\"robots\" content=\"index, follow, max-snippet:-1, max-image-preview:large, max-video-preview:-1\" \/>\n<link rel=\"canonical\" href=\"https:\/\/www.aguarda.es\/en\/exito-nas-accions-formativas-do-proxecto-de-sensibilizacion-sobre-grandes-incendios-forestais-que-promove-a-universidade-de-vigo-e-o-concello-da-guarda\/\" \/>\n<meta property=\"og:locale\" content=\"en_US\" \/>\n<meta property=\"og:type\" content=\"article\" \/>\n<meta property=\"og:title\" content=\"\u00c9xito nas acci\u00f3ns formativas do proxecto de sensibilizaci\u00f3n sobre grandes incendios forestais que promove a Universidade de Vigo e o Concello da Guarda - Concello da Guarda\" \/>\n<meta property=\"og:description\" content=\"\u2022 No marco do proxecto europeo FIREPOCTEP, realizar\u00e1nse tres acci\u00f3ns formativas en distintas ubicaci\u00f3ns do Concello da Guarda. Onte tiveron lugar a inauguraci\u00f3n de Fotovoz e a Biblioteca Humana.\" \/>\n<meta property=\"og:url\" content=\"https:\/\/www.aguarda.es\/en\/exito-nas-accions-formativas-do-proxecto-de-sensibilizacion-sobre-grandes-incendios-forestais-que-promove-a-universidade-de-vigo-e-o-concello-da-guarda\/\" \/>\n<meta property=\"og:site_name\" content=\"Concello da Guarda\" \/>\n<meta property=\"article:publisher\" content=\"https:\/\/www.facebook.com\/ConcellodaGuarda\" \/>\n<meta property=\"article:published_time\" content=\"2022-12-14T15:33:56+00:00\" \/>\n<meta property=\"og:image\" content=\"https:\/\/www.aguarda.es\/wp-content\/uploads\/2022\/12\/NP-141222022-EXPO-GIF-A-GUARDA.jpg?_t=1671032037\" \/>\n\t<meta property=\"og:image:width\" content=\"800\" \/>\n\t<meta property=\"og:image:height\" content=\"800\" \/>\n\t<meta property=\"og:image:type\" content=\"image\/jpeg\" \/>\n<meta name=\"author\" content=\"prensa\" \/>\n<meta name=\"twitter:card\" content=\"summary_large_image\" \/>\n<meta name=\"twitter:creator\" content=\"@AGuarda_es\" \/>\n<meta name=\"twitter:site\" content=\"@AGuarda_es\" \/>\n<meta name=\"twitter:label1\" content=\"Written by\" \/>\n\t<meta name=\"twitter:data1\" content=\"prensa\" \/>\n<script type=\"application\/ld+json\" class=\"yoast-schema-graph\">{\"@context\":\"https:\/\/schema.org\",\"@graph\":[{\"@type\":\"WebPage\",\"@id\":\"https:\/\/www.aguarda.es\/en\/exito-nas-accions-formativas-do-proxecto-de-sensibilizacion-sobre-grandes-incendios-forestais-que-promove-a-universidade-de-vigo-e-o-concello-da-guarda\/\",\"url\":\"https:\/\/www.aguarda.es\/en\/exito-nas-accions-formativas-do-proxecto-de-sensibilizacion-sobre-grandes-incendios-forestais-que-promove-a-universidade-de-vigo-e-o-concello-da-guarda\/\",\"name\":\"\u00c9xito nas acci\u00f3ns formativas do proxecto de sensibilizaci\u00f3n sobre grandes incendios forestais que promove a Universidade de Vigo e o Concello da Guarda - Concello da Guarda\",\"isPartOf\":{\"@id\":\"https:\/\/www.aguarda.es\/en\/#website\"},\"datePublished\":\"2022-12-14T15:33:56+00:00\",\"dateModified\":\"2022-12-14T15:33:56+00:00\",\"author\":{\"@id\":\"https:\/\/www.aguarda.es\/en\/#\/schema\/person\/c463ca3006858ffb349d11179d044f21\"},\"description\":\"\u2022 No marco do proxecto europeo FIREPOCTEP, realizar\u00e1nse tres acci\u00f3ns formativas en distintas ubicaci\u00f3ns do Concello da Guarda. Onte tiveron lugar a inauguraci\u00f3n de Fotovoz e a Biblioteca Humana.\",\"breadcrumb\":{\"@id\":\"https:\/\/www.aguarda.es\/en\/exito-nas-accions-formativas-do-proxecto-de-sensibilizacion-sobre-grandes-incendios-forestais-que-promove-a-universidade-de-vigo-e-o-concello-da-guarda\/#breadcrumb\"},\"inLanguage\":\"en-US\",\"potentialAction\":[{\"@type\":\"ReadAction\",\"target\":[\"https:\/\/www.aguarda.es\/en\/exito-nas-accions-formativas-do-proxecto-de-sensibilizacion-sobre-grandes-incendios-forestais-que-promove-a-universidade-de-vigo-e-o-concello-da-guarda\/\"]}]},{\"@type\":\"BreadcrumbList\",\"@id\":\"https:\/\/www.aguarda.es\/en\/exito-nas-accions-formativas-do-proxecto-de-sensibilizacion-sobre-grandes-incendios-forestais-que-promove-a-universidade-de-vigo-e-o-concello-da-guarda\/#breadcrumb\",\"itemListElement\":[{\"@type\":\"ListItem\",\"position\":1,\"name\":\"Portada\",\"item\":\"https:\/\/www.aguarda.es\/en\/\"},{\"@type\":\"ListItem\",\"position\":2,\"name\":\"\u00c9xito nas acci\u00f3ns formativas do proxecto de sensibilizaci\u00f3n sobre grandes incendios forestais que promove a Universidade de Vigo e o Concello da Guarda\"}]},{\"@type\":\"WebSite\",\"@id\":\"https:\/\/www.aguarda.es\/en\/#website\",\"url\":\"https:\/\/www.aguarda.es\/en\/\",\"name\":\"Concello da Guarda\",\"description\":\"P\u00e1xina web do concello da Guarda\",\"potentialAction\":[{\"@type\":\"SearchAction\",\"target\":{\"@type\":\"EntryPoint\",\"urlTemplate\":\"https:\/\/www.aguarda.es\/en\/?s={search_term_string}\"},\"query-input\":\"required name=search_term_string\"}],\"inLanguage\":\"en-US\"},{\"@type\":\"Person\",\"@id\":\"https:\/\/www.aguarda.es\/en\/#\/schema\/person\/c463ca3006858ffb349d11179d044f21\",\"name\":\"prensa\",\"image\":{\"@type\":\"ImageObject\",\"inLanguage\":\"en-US\",\"@id\":\"https:\/\/www.aguarda.es\/en\/#\/schema\/person\/image\/\",\"url\":\"https:\/\/secure.gravatar.com\/avatar\/5f90ef536b0f98306edf5c7a1135ffa1?s=96&d=mm&r=g\",\"contentUrl\":\"https:\/\/secure.gravatar.com\/avatar\/5f90ef536b0f98306edf5c7a1135ffa1?s=96&d=mm&r=g\",\"caption\":\"prensa\"},\"url\":\"https:\/\/www.aguarda.es\/en\/author\/prensa\/\"}]}<\/script>\n<!-- \/ Yoast SEO plugin. -->","yoast_head_json":{"title":"\u00c9xito nas acci\u00f3ns formativas do proxecto de sensibilizaci\u00f3n sobre grandes incendios forestais que promove a Universidade de Vigo e o Concello da Guarda - Concello da Guarda","description":"\u2022 No marco do proxecto europeo FIREPOCTEP, realizar\u00e1nse tres acci\u00f3ns formativas en distintas ubicaci\u00f3ns do Concello da Guarda. Onte tiveron lugar a inauguraci\u00f3n de Fotovoz e a Biblioteca Humana.","robots":{"index":"index","follow":"follow","max-snippet":"max-snippet:-1","max-image-preview":"max-image-preview:large","max-video-preview":"max-video-preview:-1"},"canonical":"https:\/\/www.aguarda.es\/en\/exito-nas-accions-formativas-do-proxecto-de-sensibilizacion-sobre-grandes-incendios-forestais-que-promove-a-universidade-de-vigo-e-o-concello-da-guarda\/","og_locale":"en_US","og_type":"article","og_title":"\u00c9xito nas acci\u00f3ns formativas do proxecto de sensibilizaci\u00f3n sobre grandes incendios forestais que promove a Universidade de Vigo e o Concello da Guarda - Concello da Guarda","og_description":"\u2022 No marco do proxecto europeo FIREPOCTEP, realizar\u00e1nse tres acci\u00f3ns formativas en distintas ubicaci\u00f3ns do Concello da Guarda. Onte tiveron lugar a inauguraci\u00f3n de Fotovoz e a Biblioteca Humana.","og_url":"https:\/\/www.aguarda.es\/en\/exito-nas-accions-formativas-do-proxecto-de-sensibilizacion-sobre-grandes-incendios-forestais-que-promove-a-universidade-de-vigo-e-o-concello-da-guarda\/","og_site_name":"Concello da Guarda","article_publisher":"https:\/\/www.facebook.com\/ConcellodaGuarda","article_published_time":"2022-12-14T15:33:56+00:00","og_image":[{"width":800,"height":800,"url":"https:\/\/www.aguarda.es\/wp-content\/uploads\/2022\/12\/NP-141222022-EXPO-GIF-A-GUARDA.jpg?_t=1671032037","type":"image\/jpeg"}],"author":"prensa","twitter_card":"summary_large_image","twitter_creator":"@AGuarda_es","twitter_site":"@AGuarda_es","twitter_misc":{"Written by":"prensa"},"schema":{"@context":"https:\/\/schema.org","@graph":[{"@type":"WebPage","@id":"https:\/\/www.aguarda.es\/en\/exito-nas-accions-formativas-do-proxecto-de-sensibilizacion-sobre-grandes-incendios-forestais-que-promove-a-universidade-de-vigo-e-o-concello-da-guarda\/","url":"https:\/\/www.aguarda.es\/en\/exito-nas-accions-formativas-do-proxecto-de-sensibilizacion-sobre-grandes-incendios-forestais-que-promove-a-universidade-de-vigo-e-o-concello-da-guarda\/","name":"\u00c9xito nas acci\u00f3ns formativas do proxecto de sensibilizaci\u00f3n sobre grandes incendios forestais que promove a Universidade de Vigo e o Concello da Guarda - Concello da Guarda","isPartOf":{"@id":"https:\/\/www.aguarda.es\/en\/#website"},"datePublished":"2022-12-14T15:33:56+00:00","dateModified":"2022-12-14T15:33:56+00:00","author":{"@id":"https:\/\/www.aguarda.es\/en\/#\/schema\/person\/c463ca3006858ffb349d11179d044f21"},"description":"\u2022 No marco do proxecto europeo FIREPOCTEP, realizar\u00e1nse tres acci\u00f3ns formativas en distintas ubicaci\u00f3ns do Concello da Guarda. Onte tiveron lugar a inauguraci\u00f3n de Fotovoz e a Biblioteca Humana.","breadcrumb":{"@id":"https:\/\/www.aguarda.es\/en\/exito-nas-accions-formativas-do-proxecto-de-sensibilizacion-sobre-grandes-incendios-forestais-que-promove-a-universidade-de-vigo-e-o-concello-da-guarda\/#breadcrumb"},"inLanguage":"en-US","potentialAction":[{"@type":"ReadAction","target":["https:\/\/www.aguarda.es\/en\/exito-nas-accions-formativas-do-proxecto-de-sensibilizacion-sobre-grandes-incendios-forestais-que-promove-a-universidade-de-vigo-e-o-concello-da-guarda\/"]}]},{"@type":"BreadcrumbList","@id":"https:\/\/www.aguarda.es\/en\/exito-nas-accions-formativas-do-proxecto-de-sensibilizacion-sobre-grandes-incendios-forestais-que-promove-a-universidade-de-vigo-e-o-concello-da-guarda\/#breadcrumb","itemListElement":[{"@type":"ListItem","position":1,"name":"Portada","item":"https:\/\/www.aguarda.es\/en\/"},{"@type":"ListItem","position":2,"name":"\u00c9xito nas acci\u00f3ns formativas do proxecto de sensibilizaci\u00f3n sobre grandes incendios forestais que promove a Universidade de Vigo e o Concello da Guarda"}]},{"@type":"WebSite","@id":"https:\/\/www.aguarda.es\/en\/#website","url":"https:\/\/www.aguarda.es\/en\/","name":"Concello da Guarda","description":"P\u00e1xina web do concello da Guarda","potentialAction":[{"@type":"SearchAction","target":{"@type":"EntryPoint","urlTemplate":"https:\/\/www.aguarda.es\/en\/?s={search_term_string}"},"query-input":"required name=search_term_string"}],"inLanguage":"en-US"},{"@type":"Person","@id":"https:\/\/www.aguarda.es\/en\/#\/schema\/person\/c463ca3006858ffb349d11179d044f21","name":"prensa","image":{"@type":"ImageObject","inLanguage":"en-US","@id":"https:\/\/www.aguarda.es\/en\/#\/schema\/person\/image\/","url":"https:\/\/secure.gravatar.com\/avatar\/5f90ef536b0f98306edf5c7a1135ffa1?s=96&d=mm&r=g","contentUrl":"https:\/\/secure.gravatar.com\/avatar\/5f90ef536b0f98306edf5c7a1135ffa1?s=96&d=mm&r=g","caption":"prensa"},"url":"https:\/\/www.aguarda.es\/en\/author\/prensa\/"}]}},"_links":{"self":[{"href":"https:\/\/www.aguarda.es\/en\/wp-json\/wp\/v2\/posts\/27336"}],"collection":[{"href":"https:\/\/www.aguarda.es\/en\/wp-json\/wp\/v2\/posts"}],"about":[{"href":"https:\/\/www.aguarda.es\/en\/wp-json\/wp\/v2\/types\/post"}],"author":[{"embeddable":true,"href":"https:\/\/www.aguarda.es\/en\/wp-json\/wp\/v2\/users\/2"}],"replies":[{"embeddable":true,"href":"https:\/\/www.aguarda.es\/en\/wp-json\/wp\/v2\/comments?post=27336"}],"version-history":[{"count":1,"href":"https:\/\/www.aguarda.es\/en\/wp-json\/wp\/v2\/posts\/27336\/revisions"}],"predecessor-version":[{"id":27339,"href":"https:\/\/www.aguarda.es\/en\/wp-json\/wp\/v2\/posts\/27336\/revisions\/27339"}],"wp:featuredmedia":[{"embeddable":true,"href":"https:\/\/www.aguarda.es\/en\/wp-json\/wp\/v2\/media\/27337"}],"wp:attachment":[{"href":"https:\/\/www.aguarda.es\/en\/wp-json\/wp\/v2\/media?parent=27336"}],"wp:term":[{"taxonomy":"category","embeddable":true,"href":"https:\/\/www.aguarda.es\/en\/wp-json\/wp\/v2\/categories?post=27336"},{"taxonomy":"post_tag","embeddable":true,"href":"https:\/\/www.aguarda.es\/en\/wp-json\/wp\/v2\/tags?post=27336"}],"curies":[{"name":"wp","href":"https:\/\/api.w.org\/{rel}","templated":true}]}}