{"id":27447,"date":"2023-01-11T15:36:20","date_gmt":"2023-01-11T15:36:20","guid":{"rendered":"https:\/\/www.aguarda.es\/?p=27447"},"modified":"2023-01-11T15:36:20","modified_gmt":"2023-01-11T15:36:20","slug":"o-xeodestino-ria-de-vigo-e-baixo-mino-acada-15-millons-de-euros-para-o-seu-plan-de-sostibillidade-turistica-en-destino","status":"publish","type":"post","link":"https:\/\/www.aguarda.es\/en\/o-xeodestino-ria-de-vigo-e-baixo-mino-acada-15-millons-de-euros-para-o-seu-plan-de-sostibillidade-turistica-en-destino\/","title":{"rendered":"O Xeodestino R\u00eda de Vigo e Baixo Mi\u00f1o acada 1,5 mill\u00f3ns de euros para o seu Plan de Sostibillidade Tur\u00edstica en Destino"},"content":{"rendered":"<p><strong>O plan foi presentado en Nigr\u00e1n nun acto no que participaron o Delegado do Goberno en Galicia, a directora de Turismo de Galicia e alcaldesas e alcaldes dos 14 concellos do Xeodestino<\/strong><\/p>\n<p>&nbsp;<\/p>\n<p>O Xeodestino R\u00eda de Vigo e Baixo Mi\u00f1o, do que forma parte o Concello da Guarda, contin\u00faa dando pasos adiante para ofrecer un turismo de calidade, sostible, profesionalizado e inclusivo. Liderado por Eu Rural e coa implicaci\u00f3n dos 14 concellos do territorio, o Xeodestino v\u00e9n de conseguir 1,5 mill\u00f3ns de euros para o seu Plan de Sostibilidade Tur\u00edstica en Destino, \u2018A Despensa de Galicia\u2019, que busca transformar o modelo tur\u00edstico do territorio en base ao potencial da s\u00faa enogastronom\u00eda. Este plan conta con financiamento do Ministerio de Industria, Comercio e Turismo para impulsar a transformaci\u00f3n do territorio base\u00e1ndose nun produto tur\u00edstico sostible a trav\u00e9s de fondos europeos Next Generation.<\/p>\n<p>Rafa \u00c1lvarez, Concelleiro de Turismo da Guarda, valorou moi positivamente o proxecto \u00a0\u2018A Despensa de Galicia\u2019, que repercutir\u00e1 na mellora de todo o territorio con proxectos espec\u00edficos en cada concello e acci\u00f3ns tam\u00e9n na Guarda, que se suman ao PSTD da Guarda, co cal tam\u00e9n o noso municipio recibir\u00e1 1 mill\u00f3n de euros, nun ambicioso proxecto que ser\u00e1 presentado oficialmente en pr\u00f3ximas datas. &#8220;Sen d\u00fabida unha aposta importante do goberno do estado coa Guarda e a s\u00faa contorna, que se ver\u00e1 plasmada en proxectos que poder\u00e1n desfrutar e gozar os nosos veci\u00f1os e visitantes&#8221; indicou Rafa \u00c1lvarez.<\/p>\n<p>\u201cHoxe \u00e9 para n\u00f3s un d\u00eda moi importante, porque todas e todos xuntos conseguimos po\u00f1er en marcha un novo proxecto que axudar\u00e1 a dinamizar e adaptar o noso sector tur\u00edstico \u00e1s novas necesidades\u201d, salientaba Juan A. Gonz\u00e1lez, representante institucional do Xeodestino e alcalde de Nigr\u00e1n durante o acto de presentaci\u00f3n do Plan de Sostibilidade Tur\u00edstica en Destino (PSTD) este m\u00e9rcores no Centro de Negocios Porto do Molle, en Nigr\u00e1n. Como destacaba Gonz\u00e1lez, \u201cno Xeodestino apostamos por deixar de pensar no local e por actuar como un todo. Por iso o noso PSTD non \u00e9 un reparto de acci\u00f3ns ou orzamento entre os 14 concellos que o conformamos, sen\u00f3n unha planificaci\u00f3n estrat\u00e9xica que facemos a nivel tur\u00edstico, incidindo naquelas intervenci\u00f3ns clave que consideramos que poden axudar a mellorar ao noso sector e que nos fagan m\u00e1is competitivos\u201d.<\/p>\n<p>Este plan ser\u00e1 \u201cunha oportunidade \u00fanica para financiar actuaci\u00f3ns transformadoras e de calado suficiente como para converter a R\u00eda de Vigo e Baixo Mi\u00f1o nun destino sostible, innovador, competitivo e rendible co que atraer a un turismo de alto valor engadido baseado na calidade e na sostibilidade\u201d, sinalaba a presidenta da Asociaci\u00f3n de Desenvolvemento Rural Galicia Suroeste Eu Rural e alcaldesa de Tomi\u00f1o, Sandra Gonz\u00e1lez. Un paso moi importante, xa que, como recordaba a presidenta durante a presentaci\u00f3n \u201co plan supor\u00e1 tam\u00e9n apoiar \u00e1 econom\u00eda local, apostar pola sa\u00fade, polo medio ambiente, polo desenvolvemento dos territorios dende a sostibilidade, polo patrimonio, pola cultura, pola profesionalizaci\u00f3n e a calidade do sector, pola promoci\u00f3n e dinamizaci\u00f3n conxunta e, sobe todo, apostar polas empresas que temos no territorio que fan que o noso destino tur\u00edstico cada ano sexa mellor, m\u00e1is respectuoso e de maior calidade\u201d.<\/p>\n<p>O PSTD contempla a posta en marcha de diferentes iniciativas centradas en catro eixos de actuaci\u00f3n diferentes. Para unha transici\u00f3n verde, o plan impulsar\u00e1 intervenci\u00f3ns de rexeneraci\u00f3n de espazos de gran valor ambiental, a rehabilitaci\u00f3n de infraestruturas tur\u00edsticas para a s\u00faa adaptaci\u00f3n ao cambio clim\u00e1tico, a mellora da xesti\u00f3n de residuos nas festas gastron\u00f3micas ou a creaci\u00f3n dunha rede de miradoiros. Nese cami\u00f1o de sostibilidade e para afondar na eficiencia enerx\u00e9tica, ao abeiro do plan crearanse itinerarios cicloturistas na contorna de recursos gastron\u00f3micos, reforzarase a rede de sendeiros homologados e acometeranse proxectos de iluminaci\u00f3n monumental de elementos significativos do patrimonio hist\u00f3rico do Xeodestino R\u00eda de Vigo e Baixo Mi\u00f1o.<\/p>\n<p>Buscando a dixitalizaci\u00f3n do destino tur\u00edstico, levaranse a cabo acci\u00f3ns para enriquecer e mellorar a interpretaci\u00f3n do patrimonio material e inmaterial vinculado \u00e1 enogastronom\u00eda e adoptaranse soluci\u00f3ns intelixentes para a mellora da sinalizaci\u00f3n tur\u00edstica. Ademais, o PSTD pretende canalizar esforzos cara ao sector privado buscando unha maior competitividade e consolidando o turismo como motor do desenvolvemento econ\u00f3mico, polo que apoiar\u00e1 aos elos da cadea de valor m\u00e1is vinculados coa enogastronom\u00eda para a s\u00faa transformaci\u00f3n e para a incorporaci\u00f3n da innovaci\u00f3n nos seus procesos, co obxectivo de po\u00f1er en valor a coci\u00f1a e os produtos locais. Isto completarase cunha actuaci\u00f3n espec\u00edfica de turismo industrial, que fomentar\u00e1 a creaci\u00f3n de rutas e experiencias arredor de elementos do patrimonio enogastron\u00f3mico do territorio.<\/p>\n<p>O acto de presentaci\u00f3n do PSTD contou tam\u00e9n coa participaci\u00f3n do Delegado do Goberno en Galicia, Jos\u00e9 Manuel Mi\u00f1ones, quen recordou que a consecuci\u00f3n dos fondos servir\u00e1 para \u201cconsolidar este Xeodestino como motor de cambio e de desenvolvemento econ\u00f3mico do territorio. Traballa cun plan ben feito que d\u00e1 resposta ao obxectivo de cohesi\u00f3n territorial, porque a uni\u00f3n fai a forza, e de transformaci\u00f3n do turismo dende a sostibilidade\u201d.<\/p>\n<p>Unha sostibilidade \u201ctam\u00e9n econ\u00f3mica e social\u201d, como sinalaba a directora de Turismo de Galicia, Nava Castro, que se amosou convencida de que \u201co Xeodestino ten todas as caracter\u00edsticas necesarias para posicionarse a nivel galego pero tam\u00e9n nacional e mesmo, nun futuro, a nivel internacional\u201d. Pola s\u00faa banda, o presidente do Cl\u00faster de Turismo de Galicia, Ces\u00e1reo Pardal, destacou que \u201co turismo non se entende sen esa colaboraci\u00f3n p\u00fablico-privada, unha colaboraci\u00f3n que se recolle neste plan do Xeodestino que sen d\u00fabida seguir\u00e1 atraendo xente a Galicia\u201d.<\/p>\n<p>No acto de presentaci\u00f3n tam\u00e9n participou a subdelegada do Goberno de Galicia, Mar\u00eda del Carmen Larriba; o delegado de Zona Franca de Vigo, David Regades; o alcalde de Baiona, Carlos G\u00f3mez; o rexedor de Fornelos de Montes, Emiliano Lage; o alcalde de Gondomar, Paco Gonz\u00e1lez; a rexedora de Mos, Nidia Ar\u00e9valo; o alcalde do Porri\u00f1o, Alejandro Lorenzo; a rexedora do Rosal, \u00c1nxela Fern\u00e1ndez Call\u00eds; a alcaldesa de Oia, Cristina Correa; a rexedora de Redondela, Digna Rivas; o alcalde de Soutomaior, Agust\u00edn Reguera; concelleiras e concelleiros, as\u00ed como persoal t\u00e9cnico e empresas dos 14 concellos que conforman o Xeodestino R\u00eda de Vigo e Baixo Mi\u00f1o.<\/p>\n<p>A enogastronom\u00eda conv\u00e9rtese neste PSTD na excusa perfecta para aglutinar acci\u00f3ns que vertebren un xeodestino tan heterox\u00e9neo como o da R\u00eda de Vigo e baixo Mi\u00f1o, que re\u00fane aos concellos de A Guarda, Baiona, Fornelos de Montes, Gondomar, Mos, Nigr\u00e1n, O Porri\u00f1o, O Rosal, Oia, Pazos de Borb\u00e9n, Redondela, Soutomaior, Tomi\u00f1o e Tui. O plan foi froito dun proceso participativo con reuni\u00f3ns con actores dos \u00e1mbitos p\u00fablico e privado do ecosistema tur\u00edstico dos 14 municipios do territorio e mesmo unha enquisa aberta ao p\u00fablico xeral.<\/p>\n","protected":false},"excerpt":{"rendered":"<p>O plan foi presentado en Nigr\u00e1n nun acto no que participaron o Delegado do Goberno en Galicia, a directora de Turismo de Galicia e alcaldesas e alcaldes dos 14 concellos do Xeodestino &nbsp; O Xeodestino R\u00eda de Vigo e Baixo &hellip; <\/p>\n","protected":false},"author":2,"featured_media":27448,"comment_status":"open","ping_status":"open","sticky":false,"template":"","format":"standard","meta":[],"categories":[56],"tags":[226,2955,232,1533],"yoast_head":"<!-- This site is optimized with the Yoast SEO plugin v21.1 - https:\/\/yoast.com\/wordpress\/plugins\/seo\/ -->\n<title>O Xeodestino R\u00eda de Vigo e Baixo Mi\u00f1o acada 1,5 mill\u00f3ns de euros para o seu Plan de Sostibillidade Tur\u00edstica en Destino - Concello da Guarda<\/title>\n<meta name=\"description\" content=\"Rafa \u00c1lvarez, Concelleiro de Turismo da Guarda, participou esta ma\u00f1\u00e1 na presentaci\u00f3n de \u2018A Despensa de Galicia\u2019, o plan aglutina acci\u00f3ns clave para a transformaci\u00f3n do modelo tur\u00edstico do territorio base\u00e1ndose no potencial da enogastronom\u00eda\" \/>\n<meta name=\"robots\" content=\"index, follow, max-snippet:-1, max-image-preview:large, max-video-preview:-1\" \/>\n<link rel=\"canonical\" href=\"https:\/\/www.aguarda.es\/en\/o-xeodestino-ria-de-vigo-e-baixo-mino-acada-15-millons-de-euros-para-o-seu-plan-de-sostibillidade-turistica-en-destino\/\" \/>\n<meta property=\"og:locale\" content=\"en_US\" \/>\n<meta property=\"og:type\" content=\"article\" \/>\n<meta property=\"og:title\" content=\"O Xeodestino R\u00eda de Vigo e Baixo Mi\u00f1o acada 1,5 mill\u00f3ns de euros para o seu Plan de Sostibillidade Tur\u00edstica en Destino - Concello da Guarda\" \/>\n<meta property=\"og:description\" content=\"Rafa \u00c1lvarez, Concelleiro de Turismo da Guarda, participou esta ma\u00f1\u00e1 na presentaci\u00f3n de \u2018A Despensa de Galicia\u2019, o plan aglutina acci\u00f3ns clave para a transformaci\u00f3n do modelo tur\u00edstico do territorio base\u00e1ndose no potencial da enogastronom\u00eda\" \/>\n<meta property=\"og:url\" content=\"https:\/\/www.aguarda.es\/en\/o-xeodestino-ria-de-vigo-e-baixo-mino-acada-15-millons-de-euros-para-o-seu-plan-de-sostibillidade-turistica-en-destino\/\" \/>\n<meta property=\"og:site_name\" content=\"Concello da Guarda\" \/>\n<meta property=\"article:publisher\" content=\"https:\/\/www.facebook.com\/ConcellodaGuarda\" \/>\n<meta property=\"article:published_time\" content=\"2023-01-11T15:36:20+00:00\" \/>\n<meta property=\"og:image\" content=\"https:\/\/www.aguarda.es\/wp-content\/uploads\/2023\/01\/O-Xeodestino-Ri\u0301a-de-Vigo-e-Baixo-Min\u0303o-acada-15-millo\u0301ns-de-euros-para-o-seu-Plan-de-Sostibillidade-Turi\u0301stica-en-Destino.jpg?_t=1673451381\" \/>\n\t<meta property=\"og:image:width\" content=\"800\" \/>\n\t<meta property=\"og:image:height\" content=\"445\" \/>\n\t<meta property=\"og:image:type\" content=\"image\/jpeg\" \/>\n<meta name=\"author\" content=\"prensa\" \/>\n<meta name=\"twitter:card\" content=\"summary_large_image\" \/>\n<meta name=\"twitter:creator\" content=\"@AGuarda_es\" \/>\n<meta name=\"twitter:site\" content=\"@AGuarda_es\" \/>\n<meta name=\"twitter:label1\" content=\"Written by\" \/>\n\t<meta name=\"twitter:data1\" content=\"prensa\" \/>\n\t<meta name=\"twitter:label2\" content=\"Est. reading time\" \/>\n\t<meta name=\"twitter:data2\" content=\"6 minutes\" \/>\n<script type=\"application\/ld+json\" class=\"yoast-schema-graph\">{\"@context\":\"https:\/\/schema.org\",\"@graph\":[{\"@type\":\"WebPage\",\"@id\":\"https:\/\/www.aguarda.es\/en\/o-xeodestino-ria-de-vigo-e-baixo-mino-acada-15-millons-de-euros-para-o-seu-plan-de-sostibillidade-turistica-en-destino\/\",\"url\":\"https:\/\/www.aguarda.es\/en\/o-xeodestino-ria-de-vigo-e-baixo-mino-acada-15-millons-de-euros-para-o-seu-plan-de-sostibillidade-turistica-en-destino\/\",\"name\":\"O Xeodestino R\u00eda de Vigo e Baixo Mi\u00f1o acada 1,5 mill\u00f3ns de euros para o seu Plan de Sostibillidade Tur\u00edstica en Destino - Concello da Guarda\",\"isPartOf\":{\"@id\":\"https:\/\/www.aguarda.es\/en\/#website\"},\"datePublished\":\"2023-01-11T15:36:20+00:00\",\"dateModified\":\"2023-01-11T15:36:20+00:00\",\"author\":{\"@id\":\"https:\/\/www.aguarda.es\/en\/#\/schema\/person\/c463ca3006858ffb349d11179d044f21\"},\"description\":\"Rafa \u00c1lvarez, Concelleiro de Turismo da Guarda, participou esta ma\u00f1\u00e1 na presentaci\u00f3n de \u2018A Despensa de Galicia\u2019, o plan aglutina acci\u00f3ns clave para a transformaci\u00f3n do modelo tur\u00edstico do territorio base\u00e1ndose no potencial da enogastronom\u00eda\",\"breadcrumb\":{\"@id\":\"https:\/\/www.aguarda.es\/en\/o-xeodestino-ria-de-vigo-e-baixo-mino-acada-15-millons-de-euros-para-o-seu-plan-de-sostibillidade-turistica-en-destino\/#breadcrumb\"},\"inLanguage\":\"en-US\",\"potentialAction\":[{\"@type\":\"ReadAction\",\"target\":[\"https:\/\/www.aguarda.es\/en\/o-xeodestino-ria-de-vigo-e-baixo-mino-acada-15-millons-de-euros-para-o-seu-plan-de-sostibillidade-turistica-en-destino\/\"]}]},{\"@type\":\"BreadcrumbList\",\"@id\":\"https:\/\/www.aguarda.es\/en\/o-xeodestino-ria-de-vigo-e-baixo-mino-acada-15-millons-de-euros-para-o-seu-plan-de-sostibillidade-turistica-en-destino\/#breadcrumb\",\"itemListElement\":[{\"@type\":\"ListItem\",\"position\":1,\"name\":\"Portada\",\"item\":\"https:\/\/www.aguarda.es\/en\/\"},{\"@type\":\"ListItem\",\"position\":2,\"name\":\"O Xeodestino R\u00eda de Vigo e Baixo Mi\u00f1o acada 1,5 mill\u00f3ns de euros para o seu Plan de Sostibillidade Tur\u00edstica en Destino\"}]},{\"@type\":\"WebSite\",\"@id\":\"https:\/\/www.aguarda.es\/en\/#website\",\"url\":\"https:\/\/www.aguarda.es\/en\/\",\"name\":\"Concello da Guarda\",\"description\":\"P\u00e1xina web do concello da Guarda\",\"potentialAction\":[{\"@type\":\"SearchAction\",\"target\":{\"@type\":\"EntryPoint\",\"urlTemplate\":\"https:\/\/www.aguarda.es\/en\/?s={search_term_string}\"},\"query-input\":\"required name=search_term_string\"}],\"inLanguage\":\"en-US\"},{\"@type\":\"Person\",\"@id\":\"https:\/\/www.aguarda.es\/en\/#\/schema\/person\/c463ca3006858ffb349d11179d044f21\",\"name\":\"prensa\",\"image\":{\"@type\":\"ImageObject\",\"inLanguage\":\"en-US\",\"@id\":\"https:\/\/www.aguarda.es\/en\/#\/schema\/person\/image\/\",\"url\":\"https:\/\/secure.gravatar.com\/avatar\/5f90ef536b0f98306edf5c7a1135ffa1?s=96&d=mm&r=g\",\"contentUrl\":\"https:\/\/secure.gravatar.com\/avatar\/5f90ef536b0f98306edf5c7a1135ffa1?s=96&d=mm&r=g\",\"caption\":\"prensa\"},\"url\":\"https:\/\/www.aguarda.es\/en\/author\/prensa\/\"}]}<\/script>\n<!-- \/ Yoast SEO plugin. -->","yoast_head_json":{"title":"O Xeodestino R\u00eda de Vigo e Baixo Mi\u00f1o acada 1,5 mill\u00f3ns de euros para o seu Plan de Sostibillidade Tur\u00edstica en Destino - Concello da Guarda","description":"Rafa \u00c1lvarez, Concelleiro de Turismo da Guarda, participou esta ma\u00f1\u00e1 na presentaci\u00f3n de \u2018A Despensa de Galicia\u2019, o plan aglutina acci\u00f3ns clave para a transformaci\u00f3n do modelo tur\u00edstico do territorio base\u00e1ndose no potencial da enogastronom\u00eda","robots":{"index":"index","follow":"follow","max-snippet":"max-snippet:-1","max-image-preview":"max-image-preview:large","max-video-preview":"max-video-preview:-1"},"canonical":"https:\/\/www.aguarda.es\/en\/o-xeodestino-ria-de-vigo-e-baixo-mino-acada-15-millons-de-euros-para-o-seu-plan-de-sostibillidade-turistica-en-destino\/","og_locale":"en_US","og_type":"article","og_title":"O Xeodestino R\u00eda de Vigo e Baixo Mi\u00f1o acada 1,5 mill\u00f3ns de euros para o seu Plan de Sostibillidade Tur\u00edstica en Destino - Concello da Guarda","og_description":"Rafa \u00c1lvarez, Concelleiro de Turismo da Guarda, participou esta ma\u00f1\u00e1 na presentaci\u00f3n de \u2018A Despensa de Galicia\u2019, o plan aglutina acci\u00f3ns clave para a transformaci\u00f3n do modelo tur\u00edstico do territorio base\u00e1ndose no potencial da enogastronom\u00eda","og_url":"https:\/\/www.aguarda.es\/en\/o-xeodestino-ria-de-vigo-e-baixo-mino-acada-15-millons-de-euros-para-o-seu-plan-de-sostibillidade-turistica-en-destino\/","og_site_name":"Concello da Guarda","article_publisher":"https:\/\/www.facebook.com\/ConcellodaGuarda","article_published_time":"2023-01-11T15:36:20+00:00","og_image":[{"width":800,"height":445,"url":"https:\/\/www.aguarda.es\/wp-content\/uploads\/2023\/01\/O-Xeodestino-Ri\u0301a-de-Vigo-e-Baixo-Min\u0303o-acada-15-millo\u0301ns-de-euros-para-o-seu-Plan-de-Sostibillidade-Turi\u0301stica-en-Destino.jpg?_t=1673451381","type":"image\/jpeg"}],"author":"prensa","twitter_card":"summary_large_image","twitter_creator":"@AGuarda_es","twitter_site":"@AGuarda_es","twitter_misc":{"Written by":"prensa","Est. reading time":"6 minutes"},"schema":{"@context":"https:\/\/schema.org","@graph":[{"@type":"WebPage","@id":"https:\/\/www.aguarda.es\/en\/o-xeodestino-ria-de-vigo-e-baixo-mino-acada-15-millons-de-euros-para-o-seu-plan-de-sostibillidade-turistica-en-destino\/","url":"https:\/\/www.aguarda.es\/en\/o-xeodestino-ria-de-vigo-e-baixo-mino-acada-15-millons-de-euros-para-o-seu-plan-de-sostibillidade-turistica-en-destino\/","name":"O Xeodestino R\u00eda de Vigo e Baixo Mi\u00f1o acada 1,5 mill\u00f3ns de euros para o seu Plan de Sostibillidade Tur\u00edstica en Destino - Concello da Guarda","isPartOf":{"@id":"https:\/\/www.aguarda.es\/en\/#website"},"datePublished":"2023-01-11T15:36:20+00:00","dateModified":"2023-01-11T15:36:20+00:00","author":{"@id":"https:\/\/www.aguarda.es\/en\/#\/schema\/person\/c463ca3006858ffb349d11179d044f21"},"description":"Rafa \u00c1lvarez, Concelleiro de Turismo da Guarda, participou esta ma\u00f1\u00e1 na presentaci\u00f3n de \u2018A Despensa de Galicia\u2019, o plan aglutina acci\u00f3ns clave para a transformaci\u00f3n do modelo tur\u00edstico do territorio base\u00e1ndose no potencial da enogastronom\u00eda","breadcrumb":{"@id":"https:\/\/www.aguarda.es\/en\/o-xeodestino-ria-de-vigo-e-baixo-mino-acada-15-millons-de-euros-para-o-seu-plan-de-sostibillidade-turistica-en-destino\/#breadcrumb"},"inLanguage":"en-US","potentialAction":[{"@type":"ReadAction","target":["https:\/\/www.aguarda.es\/en\/o-xeodestino-ria-de-vigo-e-baixo-mino-acada-15-millons-de-euros-para-o-seu-plan-de-sostibillidade-turistica-en-destino\/"]}]},{"@type":"BreadcrumbList","@id":"https:\/\/www.aguarda.es\/en\/o-xeodestino-ria-de-vigo-e-baixo-mino-acada-15-millons-de-euros-para-o-seu-plan-de-sostibillidade-turistica-en-destino\/#breadcrumb","itemListElement":[{"@type":"ListItem","position":1,"name":"Portada","item":"https:\/\/www.aguarda.es\/en\/"},{"@type":"ListItem","position":2,"name":"O Xeodestino R\u00eda de Vigo e Baixo Mi\u00f1o acada 1,5 mill\u00f3ns de euros para o seu Plan de Sostibillidade Tur\u00edstica en Destino"}]},{"@type":"WebSite","@id":"https:\/\/www.aguarda.es\/en\/#website","url":"https:\/\/www.aguarda.es\/en\/","name":"Concello da Guarda","description":"P\u00e1xina web do concello da Guarda","potentialAction":[{"@type":"SearchAction","target":{"@type":"EntryPoint","urlTemplate":"https:\/\/www.aguarda.es\/en\/?s={search_term_string}"},"query-input":"required name=search_term_string"}],"inLanguage":"en-US"},{"@type":"Person","@id":"https:\/\/www.aguarda.es\/en\/#\/schema\/person\/c463ca3006858ffb349d11179d044f21","name":"prensa","image":{"@type":"ImageObject","inLanguage":"en-US","@id":"https:\/\/www.aguarda.es\/en\/#\/schema\/person\/image\/","url":"https:\/\/secure.gravatar.com\/avatar\/5f90ef536b0f98306edf5c7a1135ffa1?s=96&d=mm&r=g","contentUrl":"https:\/\/secure.gravatar.com\/avatar\/5f90ef536b0f98306edf5c7a1135ffa1?s=96&d=mm&r=g","caption":"prensa"},"url":"https:\/\/www.aguarda.es\/en\/author\/prensa\/"}]}},"_links":{"self":[{"href":"https:\/\/www.aguarda.es\/en\/wp-json\/wp\/v2\/posts\/27447"}],"collection":[{"href":"https:\/\/www.aguarda.es\/en\/wp-json\/wp\/v2\/posts"}],"about":[{"href":"https:\/\/www.aguarda.es\/en\/wp-json\/wp\/v2\/types\/post"}],"author":[{"embeddable":true,"href":"https:\/\/www.aguarda.es\/en\/wp-json\/wp\/v2\/users\/2"}],"replies":[{"embeddable":true,"href":"https:\/\/www.aguarda.es\/en\/wp-json\/wp\/v2\/comments?post=27447"}],"version-history":[{"count":1,"href":"https:\/\/www.aguarda.es\/en\/wp-json\/wp\/v2\/posts\/27447\/revisions"}],"predecessor-version":[{"id":27450,"href":"https:\/\/www.aguarda.es\/en\/wp-json\/wp\/v2\/posts\/27447\/revisions\/27450"}],"wp:featuredmedia":[{"embeddable":true,"href":"https:\/\/www.aguarda.es\/en\/wp-json\/wp\/v2\/media\/27448"}],"wp:attachment":[{"href":"https:\/\/www.aguarda.es\/en\/wp-json\/wp\/v2\/media?parent=27447"}],"wp:term":[{"taxonomy":"category","embeddable":true,"href":"https:\/\/www.aguarda.es\/en\/wp-json\/wp\/v2\/categories?post=27447"},{"taxonomy":"post_tag","embeddable":true,"href":"https:\/\/www.aguarda.es\/en\/wp-json\/wp\/v2\/tags?post=27447"}],"curies":[{"name":"wp","href":"https:\/\/api.w.org\/{rel}","templated":true}]}}