{"id":27452,"date":"2023-01-14T09:46:13","date_gmt":"2023-01-14T09:46:13","guid":{"rendered":"https:\/\/www.aguarda.es\/?p=27452"},"modified":"2023-01-14T09:46:13","modified_gmt":"2023-01-14T09:46:13","slug":"o-servizo-de-atencion-tempera-do-baixo-mino-atende-xa-a-88-familias-da-comarca","status":"publish","type":"post","link":"https:\/\/www.aguarda.es\/en\/o-servizo-de-atencion-tempera-do-baixo-mino-atende-xa-a-88-familias-da-comarca\/","title":{"rendered":"O Servizo de Atenci\u00f3n Temper\u00e1 do Baixo Mi\u00f1o atende xa a 88 familias da comarca"},"content":{"rendered":"<p><strong>O servizo incrementou de forma notable nos \u00faltimos meses o n\u00famero de casos atendidos, a\u00ednda que segue a ter unha ampla lista de agarda<\/strong><\/p>\n<p><strong>A unidade presta asistencia en logopedia, psicolox\u00eda e fisioterapia a nenos e nenas de 0 a 6 anos<\/strong><\/p>\n<p>O Servizo de Atenci\u00f3n Temper\u00e1 (SAT) da Mancomunidade Intermunicipal do Baixo Mi\u00f1o segue crecendo de forma paulatina dende a s\u00faa posta en marcha a finais de 2020. Tras a ampliaci\u00f3n do servizo despois dun ano en funcionamento debido \u00e1 alta demanda, a unidade est\u00e1 a atender actualmente a 88 familias da comarca, familias con fillos e fillas con dificultades de desenvolvemento que poden ser tratadas sen ter que desprazarse ata Vigo.<\/p>\n<p>A coordinadora da unidade, Andrea \u00c1lvarez, destaca a alta demanda que ten o servizo na comarca, que se reflicte nunha lista de agarda que segue a crecer. Dende a posta en marcha do servizo no ano 2020 un total de 202 familias procedentes dos catro concellos integrados na Mancomunidade (A Guarda, O Rosal, Tomi\u00f1o e Tui) solicitaron atenci\u00f3n, dando unha media de 70 novas petici\u00f3ns por ano. A\u00ednda que cunha demanda bastante equilibrada, o servizo de logopedia \u00e9 o m\u00e1is solicitado, seguido do de psicolox\u00eda e do de fisioterapia.<\/p>\n<p>O SAT Baixo Mi\u00f1o comezou a funcionar nos \u00faltimos meses do ano 2020 e conta cun equipo formado por d\u00faas psic\u00f3logas, unha fisioterapeuta e d\u00faas logopedas que atenden na s\u00faa sede no edificio de Benestar Social do Concello de Tomi\u00f1o. O servizo est\u00e1 destinado especialmente a familias con fillos e fillas de entre 0 e 6 anos que precisen o establecemento de pautas e estratexias que promovan a s\u00faa normalizaci\u00f3n, a trav\u00e9s de intervenci\u00f3ns planificadas por un equipo interdisciplinar.<\/p>\n<p>Aos nenos e nenas que cheguen \u00e1 unidade derivados dende pediatr\u00eda far\u00e1selles unha valoraci\u00f3n xeral ou espec\u00edfica nas \u00e1reas que precisen, elaborando depois un Proxecto de Atenci\u00f3n Especializada que se coordinar\u00e1 co Servizo de Atenci\u00f3n Primaria, os centros educativos e as familias. Alg\u00fans dos obxectivos cos que traballa a unidade son potenciar a autonom\u00eda e desenvolvemento psicomotriz de nenos e nenas ou tratar dificultades de linguaxe ou problemas de comunicaci\u00f3n por trastornos como o TEA, a falta de audici\u00f3n&#8230; a trav\u00e9s dunha terapia l\u00fadica, activa e motivadora.<\/p>\n<p>Para m\u00e1is informaci\u00f3n ou solicitude de cita previa, as persoas interesadas poden chamar ao tel\u00e9fono 886 15 61 72 ou enviar un correo electr\u00f3nico a <a href=\"mailto:atenciontempranamibm@cogami.gal\">atenciontempranamibm@cogami.gal<\/a>. O SAT Baixo Mi\u00f1o est\u00e1 cofinanciado a trav\u00e9s de axudas do Fondo Social Europeo e da Xunta de Galicia.<\/p>\n","protected":false},"excerpt":{"rendered":"<p>O servizo incrementou de forma notable nos \u00faltimos meses o n\u00famero de casos atendidos, a\u00ednda que segue a ter unha ampla lista de agarda A unidade presta asistencia en logopedia, psicolox\u00eda e fisioterapia a nenos e nenas de 0 a &hellip; <\/p>\n","protected":false},"author":2,"featured_media":27453,"comment_status":"open","ping_status":"open","sticky":false,"template":"","format":"standard","meta":[],"categories":[33],"tags":[226,2330,1534,2976],"yoast_head":"<!-- This site is optimized with the Yoast SEO plugin v21.1 - https:\/\/yoast.com\/wordpress\/plugins\/seo\/ -->\n<title>O Servizo de Atenci\u00f3n Temper\u00e1 do Baixo Mi\u00f1o atende xa a 88 familias da comarca - Concello da Guarda<\/title>\n<meta name=\"description\" content=\"O servizo incrementou de forma notable nos \u00faltimos meses o n\u00famero de casos atendidos, a\u00ednda que segue a ter unha ampla lista de agarda\" \/>\n<meta name=\"robots\" content=\"index, follow, max-snippet:-1, max-image-preview:large, max-video-preview:-1\" \/>\n<link rel=\"canonical\" href=\"https:\/\/www.aguarda.es\/en\/o-servizo-de-atencion-tempera-do-baixo-mino-atende-xa-a-88-familias-da-comarca\/\" \/>\n<meta property=\"og:locale\" content=\"en_US\" \/>\n<meta property=\"og:type\" content=\"article\" \/>\n<meta property=\"og:title\" content=\"O Servizo de Atenci\u00f3n Temper\u00e1 do Baixo Mi\u00f1o atende xa a 88 familias da comarca - Concello da Guarda\" \/>\n<meta property=\"og:description\" content=\"O servizo incrementou de forma notable nos \u00faltimos meses o n\u00famero de casos atendidos, a\u00ednda que segue a ter unha ampla lista de agarda\" \/>\n<meta property=\"og:url\" content=\"https:\/\/www.aguarda.es\/en\/o-servizo-de-atencion-tempera-do-baixo-mino-atende-xa-a-88-familias-da-comarca\/\" \/>\n<meta property=\"og:site_name\" content=\"Concello da Guarda\" \/>\n<meta property=\"article:publisher\" content=\"https:\/\/www.facebook.com\/ConcellodaGuarda\" \/>\n<meta property=\"article:published_time\" content=\"2023-01-14T09:46:13+00:00\" \/>\n<meta property=\"og:image\" content=\"https:\/\/www.aguarda.es\/wp-content\/uploads\/2023\/01\/O-Servizo-de-Atencion-Tempera-do-Baixo-Mino-atende-xa-a-88-familias-da-comarca-2.jpg?_t=1673689574\" \/>\n\t<meta property=\"og:image:width\" content=\"800\" \/>\n\t<meta property=\"og:image:height\" content=\"535\" \/>\n\t<meta property=\"og:image:type\" content=\"image\/jpeg\" \/>\n<meta name=\"author\" content=\"prensa\" \/>\n<meta name=\"twitter:card\" content=\"summary_large_image\" \/>\n<meta name=\"twitter:creator\" content=\"@AGuarda_es\" \/>\n<meta name=\"twitter:site\" content=\"@AGuarda_es\" \/>\n<meta name=\"twitter:label1\" content=\"Written by\" \/>\n\t<meta name=\"twitter:data1\" content=\"prensa\" \/>\n\t<meta name=\"twitter:label2\" content=\"Est. reading time\" \/>\n\t<meta name=\"twitter:data2\" content=\"3 minutes\" \/>\n<script type=\"application\/ld+json\" class=\"yoast-schema-graph\">{\"@context\":\"https:\/\/schema.org\",\"@graph\":[{\"@type\":\"WebPage\",\"@id\":\"https:\/\/www.aguarda.es\/en\/o-servizo-de-atencion-tempera-do-baixo-mino-atende-xa-a-88-familias-da-comarca\/\",\"url\":\"https:\/\/www.aguarda.es\/en\/o-servizo-de-atencion-tempera-do-baixo-mino-atende-xa-a-88-familias-da-comarca\/\",\"name\":\"O Servizo de Atenci\u00f3n Temper\u00e1 do Baixo Mi\u00f1o atende xa a 88 familias da comarca - Concello da Guarda\",\"isPartOf\":{\"@id\":\"https:\/\/www.aguarda.es\/en\/#website\"},\"datePublished\":\"2023-01-14T09:46:13+00:00\",\"dateModified\":\"2023-01-14T09:46:13+00:00\",\"author\":{\"@id\":\"https:\/\/www.aguarda.es\/en\/#\/schema\/person\/c463ca3006858ffb349d11179d044f21\"},\"description\":\"O servizo incrementou de forma notable nos \u00faltimos meses o n\u00famero de casos atendidos, a\u00ednda que segue a ter unha ampla lista de agarda\",\"breadcrumb\":{\"@id\":\"https:\/\/www.aguarda.es\/en\/o-servizo-de-atencion-tempera-do-baixo-mino-atende-xa-a-88-familias-da-comarca\/#breadcrumb\"},\"inLanguage\":\"en-US\",\"potentialAction\":[{\"@type\":\"ReadAction\",\"target\":[\"https:\/\/www.aguarda.es\/en\/o-servizo-de-atencion-tempera-do-baixo-mino-atende-xa-a-88-familias-da-comarca\/\"]}]},{\"@type\":\"BreadcrumbList\",\"@id\":\"https:\/\/www.aguarda.es\/en\/o-servizo-de-atencion-tempera-do-baixo-mino-atende-xa-a-88-familias-da-comarca\/#breadcrumb\",\"itemListElement\":[{\"@type\":\"ListItem\",\"position\":1,\"name\":\"Portada\",\"item\":\"https:\/\/www.aguarda.es\/en\/\"},{\"@type\":\"ListItem\",\"position\":2,\"name\":\"O Servizo de Atenci\u00f3n Temper\u00e1 do Baixo Mi\u00f1o atende xa a 88 familias da comarca\"}]},{\"@type\":\"WebSite\",\"@id\":\"https:\/\/www.aguarda.es\/en\/#website\",\"url\":\"https:\/\/www.aguarda.es\/en\/\",\"name\":\"Concello da Guarda\",\"description\":\"P\u00e1xina web do concello da Guarda\",\"potentialAction\":[{\"@type\":\"SearchAction\",\"target\":{\"@type\":\"EntryPoint\",\"urlTemplate\":\"https:\/\/www.aguarda.es\/en\/?s={search_term_string}\"},\"query-input\":\"required name=search_term_string\"}],\"inLanguage\":\"en-US\"},{\"@type\":\"Person\",\"@id\":\"https:\/\/www.aguarda.es\/en\/#\/schema\/person\/c463ca3006858ffb349d11179d044f21\",\"name\":\"prensa\",\"image\":{\"@type\":\"ImageObject\",\"inLanguage\":\"en-US\",\"@id\":\"https:\/\/www.aguarda.es\/en\/#\/schema\/person\/image\/\",\"url\":\"https:\/\/secure.gravatar.com\/avatar\/5f90ef536b0f98306edf5c7a1135ffa1?s=96&d=mm&r=g\",\"contentUrl\":\"https:\/\/secure.gravatar.com\/avatar\/5f90ef536b0f98306edf5c7a1135ffa1?s=96&d=mm&r=g\",\"caption\":\"prensa\"},\"url\":\"https:\/\/www.aguarda.es\/en\/author\/prensa\/\"}]}<\/script>\n<!-- \/ Yoast SEO plugin. -->","yoast_head_json":{"title":"O Servizo de Atenci\u00f3n Temper\u00e1 do Baixo Mi\u00f1o atende xa a 88 familias da comarca - Concello da Guarda","description":"O servizo incrementou de forma notable nos \u00faltimos meses o n\u00famero de casos atendidos, a\u00ednda que segue a ter unha ampla lista de agarda","robots":{"index":"index","follow":"follow","max-snippet":"max-snippet:-1","max-image-preview":"max-image-preview:large","max-video-preview":"max-video-preview:-1"},"canonical":"https:\/\/www.aguarda.es\/en\/o-servizo-de-atencion-tempera-do-baixo-mino-atende-xa-a-88-familias-da-comarca\/","og_locale":"en_US","og_type":"article","og_title":"O Servizo de Atenci\u00f3n Temper\u00e1 do Baixo Mi\u00f1o atende xa a 88 familias da comarca - Concello da Guarda","og_description":"O servizo incrementou de forma notable nos \u00faltimos meses o n\u00famero de casos atendidos, a\u00ednda que segue a ter unha ampla lista de agarda","og_url":"https:\/\/www.aguarda.es\/en\/o-servizo-de-atencion-tempera-do-baixo-mino-atende-xa-a-88-familias-da-comarca\/","og_site_name":"Concello da Guarda","article_publisher":"https:\/\/www.facebook.com\/ConcellodaGuarda","article_published_time":"2023-01-14T09:46:13+00:00","og_image":[{"width":800,"height":535,"url":"https:\/\/www.aguarda.es\/wp-content\/uploads\/2023\/01\/O-Servizo-de-Atencion-Tempera-do-Baixo-Mino-atende-xa-a-88-familias-da-comarca-2.jpg?_t=1673689574","type":"image\/jpeg"}],"author":"prensa","twitter_card":"summary_large_image","twitter_creator":"@AGuarda_es","twitter_site":"@AGuarda_es","twitter_misc":{"Written by":"prensa","Est. reading time":"3 minutes"},"schema":{"@context":"https:\/\/schema.org","@graph":[{"@type":"WebPage","@id":"https:\/\/www.aguarda.es\/en\/o-servizo-de-atencion-tempera-do-baixo-mino-atende-xa-a-88-familias-da-comarca\/","url":"https:\/\/www.aguarda.es\/en\/o-servizo-de-atencion-tempera-do-baixo-mino-atende-xa-a-88-familias-da-comarca\/","name":"O Servizo de Atenci\u00f3n Temper\u00e1 do Baixo Mi\u00f1o atende xa a 88 familias da comarca - Concello da Guarda","isPartOf":{"@id":"https:\/\/www.aguarda.es\/en\/#website"},"datePublished":"2023-01-14T09:46:13+00:00","dateModified":"2023-01-14T09:46:13+00:00","author":{"@id":"https:\/\/www.aguarda.es\/en\/#\/schema\/person\/c463ca3006858ffb349d11179d044f21"},"description":"O servizo incrementou de forma notable nos \u00faltimos meses o n\u00famero de casos atendidos, a\u00ednda que segue a ter unha ampla lista de agarda","breadcrumb":{"@id":"https:\/\/www.aguarda.es\/en\/o-servizo-de-atencion-tempera-do-baixo-mino-atende-xa-a-88-familias-da-comarca\/#breadcrumb"},"inLanguage":"en-US","potentialAction":[{"@type":"ReadAction","target":["https:\/\/www.aguarda.es\/en\/o-servizo-de-atencion-tempera-do-baixo-mino-atende-xa-a-88-familias-da-comarca\/"]}]},{"@type":"BreadcrumbList","@id":"https:\/\/www.aguarda.es\/en\/o-servizo-de-atencion-tempera-do-baixo-mino-atende-xa-a-88-familias-da-comarca\/#breadcrumb","itemListElement":[{"@type":"ListItem","position":1,"name":"Portada","item":"https:\/\/www.aguarda.es\/en\/"},{"@type":"ListItem","position":2,"name":"O Servizo de Atenci\u00f3n Temper\u00e1 do Baixo Mi\u00f1o atende xa a 88 familias da comarca"}]},{"@type":"WebSite","@id":"https:\/\/www.aguarda.es\/en\/#website","url":"https:\/\/www.aguarda.es\/en\/","name":"Concello da Guarda","description":"P\u00e1xina web do concello da Guarda","potentialAction":[{"@type":"SearchAction","target":{"@type":"EntryPoint","urlTemplate":"https:\/\/www.aguarda.es\/en\/?s={search_term_string}"},"query-input":"required name=search_term_string"}],"inLanguage":"en-US"},{"@type":"Person","@id":"https:\/\/www.aguarda.es\/en\/#\/schema\/person\/c463ca3006858ffb349d11179d044f21","name":"prensa","image":{"@type":"ImageObject","inLanguage":"en-US","@id":"https:\/\/www.aguarda.es\/en\/#\/schema\/person\/image\/","url":"https:\/\/secure.gravatar.com\/avatar\/5f90ef536b0f98306edf5c7a1135ffa1?s=96&d=mm&r=g","contentUrl":"https:\/\/secure.gravatar.com\/avatar\/5f90ef536b0f98306edf5c7a1135ffa1?s=96&d=mm&r=g","caption":"prensa"},"url":"https:\/\/www.aguarda.es\/en\/author\/prensa\/"}]}},"_links":{"self":[{"href":"https:\/\/www.aguarda.es\/en\/wp-json\/wp\/v2\/posts\/27452"}],"collection":[{"href":"https:\/\/www.aguarda.es\/en\/wp-json\/wp\/v2\/posts"}],"about":[{"href":"https:\/\/www.aguarda.es\/en\/wp-json\/wp\/v2\/types\/post"}],"author":[{"embeddable":true,"href":"https:\/\/www.aguarda.es\/en\/wp-json\/wp\/v2\/users\/2"}],"replies":[{"embeddable":true,"href":"https:\/\/www.aguarda.es\/en\/wp-json\/wp\/v2\/comments?post=27452"}],"version-history":[{"count":1,"href":"https:\/\/www.aguarda.es\/en\/wp-json\/wp\/v2\/posts\/27452\/revisions"}],"predecessor-version":[{"id":27455,"href":"https:\/\/www.aguarda.es\/en\/wp-json\/wp\/v2\/posts\/27452\/revisions\/27455"}],"wp:featuredmedia":[{"embeddable":true,"href":"https:\/\/www.aguarda.es\/en\/wp-json\/wp\/v2\/media\/27453"}],"wp:attachment":[{"href":"https:\/\/www.aguarda.es\/en\/wp-json\/wp\/v2\/media?parent=27452"}],"wp:term":[{"taxonomy":"category","embeddable":true,"href":"https:\/\/www.aguarda.es\/en\/wp-json\/wp\/v2\/categories?post=27452"},{"taxonomy":"post_tag","embeddable":true,"href":"https:\/\/www.aguarda.es\/en\/wp-json\/wp\/v2\/tags?post=27452"}],"curies":[{"name":"wp","href":"https:\/\/api.w.org\/{rel}","templated":true}]}}