{"id":27481,"date":"2023-01-20T10:27:50","date_gmt":"2023-01-20T10:27:50","guid":{"rendered":"https:\/\/www.aguarda.es\/?p=27481"},"modified":"2023-02-01T10:45:57","modified_gmt":"2023-02-01T10:45:57","slug":"o-concello-da-guarda-lanza-a-segunda-edicion-dos-obradoiros-de-autocoidado-para-mulleres-querome-coidome","status":"publish","type":"post","link":"https:\/\/www.aguarda.es\/en\/o-concello-da-guarda-lanza-a-segunda-edicion-dos-obradoiros-de-autocoidado-para-mulleres-querome-coidome\/","title":{"rendered":"O Concello da Guarda lanza a segunda edici\u00f3n dos obradoiros de autocoidado para mulleres \u201cqu\u00e9rome, c\u00f3idome\u201d"},"content":{"rendered":"<ul>\n<li><strong><em>M\u00e1is informaci\u00f3n e inscrici\u00f3ns no CIM da Guarda, no 986 61 46 48 ou en muller@aguarda.es<\/em><\/strong><\/li>\n<\/ul>\n<p>&nbsp;<\/p>\n<p>O Concello da Guarda, a trav\u00e9s do Centro de Informaci\u00f3n \u00e1 Muller, v\u00e9n de lanzar a segunda edici\u00f3n dos obradoiros de autocoidado para mulleres \u201cqu\u00e9rome, c\u00f3idome\u201d<\/p>\n<p>&nbsp;<\/p>\n<p>Os obradoiros desta segunda edici\u00f3n est\u00e1n pensados para aprender a querernos e coidarnos, sentirnos mellor, traballar e aumentar a nosa autoestima e compartir experiencias.<\/p>\n<p>&nbsp;<\/p>\n<p>Os obradoiros, destinados a mulleres maiores de 55 anos, realizaranse todos os martes entre o 7 de febreiro e o 18 de abril en d\u00faas parroquias da nosa vila, na G\u00e1ndara en horario de 16:00h -17:30h e en Camposancos en horario de 18:00h-19:30h<\/p>\n<p>&nbsp;<\/p>\n<p>M\u00e1is informaci\u00f3n e inscrici\u00f3ns no CIM da Guarda, no 986 61 46 48 ou en muller@aguarda.es<\/p>\n","protected":false},"excerpt":{"rendered":"<p>M\u00e1is informaci\u00f3n e inscrici\u00f3ns no CIM da Guarda, no 986 61 46 48 ou en muller@aguarda.es &nbsp; O Concello da Guarda, a trav\u00e9s do Centro de Informaci\u00f3n \u00e1 Muller, v\u00e9n de lanzar a segunda edici\u00f3n dos obradoiros de autocoidado para &hellip; <\/p>\n","protected":false},"author":2,"featured_media":27552,"comment_status":"open","ping_status":"open","sticky":false,"template":"","format":"standard","meta":[],"categories":[41],"tags":[664,2984,2982,2983],"yoast_head":"<!-- This site is optimized with the Yoast SEO plugin v21.1 - https:\/\/yoast.com\/wordpress\/plugins\/seo\/ -->\n<title>O Concello da Guarda lanza a segunda edici\u00f3n dos obradoiros de autocoidado para mulleres \u201cqu\u00e9rome, c\u00f3idome\u201d - Concello da Guarda<\/title>\n<meta name=\"description\" content=\"M\u00e1is informaci\u00f3n e inscrici\u00f3ns no CIM da Guarda, no 986 61 46 48 ou en muller@aguarda.es\" \/>\n<meta name=\"robots\" content=\"index, follow, max-snippet:-1, max-image-preview:large, max-video-preview:-1\" \/>\n<link rel=\"canonical\" href=\"https:\/\/www.aguarda.es\/en\/o-concello-da-guarda-lanza-a-segunda-edicion-dos-obradoiros-de-autocoidado-para-mulleres-querome-coidome\/\" \/>\n<meta property=\"og:locale\" content=\"en_US\" \/>\n<meta property=\"og:type\" content=\"article\" \/>\n<meta property=\"og:title\" content=\"O Concello da Guarda lanza a segunda edici\u00f3n dos obradoiros de autocoidado para mulleres \u201cqu\u00e9rome, c\u00f3idome\u201d - Concello da Guarda\" \/>\n<meta property=\"og:description\" content=\"M\u00e1is informaci\u00f3n e inscrici\u00f3ns no CIM da Guarda, no 986 61 46 48 ou en muller@aguarda.es\" \/>\n<meta property=\"og:url\" content=\"https:\/\/www.aguarda.es\/en\/o-concello-da-guarda-lanza-a-segunda-edicion-dos-obradoiros-de-autocoidado-para-mulleres-querome-coidome\/\" \/>\n<meta property=\"og:site_name\" content=\"Concello da Guarda\" \/>\n<meta property=\"article:publisher\" content=\"https:\/\/www.facebook.com\/ConcellodaGuarda\" \/>\n<meta property=\"article:published_time\" content=\"2023-01-20T10:27:50+00:00\" \/>\n<meta property=\"article:modified_time\" content=\"2023-02-01T10:45:57+00:00\" \/>\n<meta property=\"og:image\" content=\"https:\/\/www.aguarda.es\/wp-content\/uploads\/2023\/01\/Qerome-coidome-2023-IG.jpg?_t=1675248358\" \/>\n\t<meta property=\"og:image:width\" content=\"800\" \/>\n\t<meta property=\"og:image:height\" content=\"800\" \/>\n\t<meta property=\"og:image:type\" content=\"image\/jpeg\" \/>\n<meta name=\"author\" content=\"prensa\" \/>\n<meta name=\"twitter:card\" content=\"summary_large_image\" \/>\n<meta name=\"twitter:creator\" content=\"@AGuarda_es\" \/>\n<meta name=\"twitter:site\" content=\"@AGuarda_es\" \/>\n<meta name=\"twitter:label1\" content=\"Written by\" \/>\n\t<meta name=\"twitter:data1\" content=\"prensa\" \/>\n\t<meta name=\"twitter:label2\" content=\"Est. reading time\" \/>\n\t<meta name=\"twitter:data2\" content=\"1 minute\" \/>\n<script type=\"application\/ld+json\" class=\"yoast-schema-graph\">{\"@context\":\"https:\/\/schema.org\",\"@graph\":[{\"@type\":\"WebPage\",\"@id\":\"https:\/\/www.aguarda.es\/en\/o-concello-da-guarda-lanza-a-segunda-edicion-dos-obradoiros-de-autocoidado-para-mulleres-querome-coidome\/\",\"url\":\"https:\/\/www.aguarda.es\/en\/o-concello-da-guarda-lanza-a-segunda-edicion-dos-obradoiros-de-autocoidado-para-mulleres-querome-coidome\/\",\"name\":\"O Concello da Guarda lanza a segunda edici\u00f3n dos obradoiros de autocoidado para mulleres \u201cqu\u00e9rome, c\u00f3idome\u201d - Concello da Guarda\",\"isPartOf\":{\"@id\":\"https:\/\/www.aguarda.es\/en\/#website\"},\"datePublished\":\"2023-01-20T10:27:50+00:00\",\"dateModified\":\"2023-02-01T10:45:57+00:00\",\"author\":{\"@id\":\"https:\/\/www.aguarda.es\/en\/#\/schema\/person\/c463ca3006858ffb349d11179d044f21\"},\"description\":\"M\u00e1is informaci\u00f3n e inscrici\u00f3ns no CIM da Guarda, no 986 61 46 48 ou en muller@aguarda.es\",\"breadcrumb\":{\"@id\":\"https:\/\/www.aguarda.es\/en\/o-concello-da-guarda-lanza-a-segunda-edicion-dos-obradoiros-de-autocoidado-para-mulleres-querome-coidome\/#breadcrumb\"},\"inLanguage\":\"en-US\",\"potentialAction\":[{\"@type\":\"ReadAction\",\"target\":[\"https:\/\/www.aguarda.es\/en\/o-concello-da-guarda-lanza-a-segunda-edicion-dos-obradoiros-de-autocoidado-para-mulleres-querome-coidome\/\"]}]},{\"@type\":\"BreadcrumbList\",\"@id\":\"https:\/\/www.aguarda.es\/en\/o-concello-da-guarda-lanza-a-segunda-edicion-dos-obradoiros-de-autocoidado-para-mulleres-querome-coidome\/#breadcrumb\",\"itemListElement\":[{\"@type\":\"ListItem\",\"position\":1,\"name\":\"Portada\",\"item\":\"https:\/\/www.aguarda.es\/en\/\"},{\"@type\":\"ListItem\",\"position\":2,\"name\":\"O Concello da Guarda lanza a segunda edici\u00f3n dos obradoiros de autocoidado para mulleres \u201cqu\u00e9rome, c\u00f3idome\u201d\"}]},{\"@type\":\"WebSite\",\"@id\":\"https:\/\/www.aguarda.es\/en\/#website\",\"url\":\"https:\/\/www.aguarda.es\/en\/\",\"name\":\"Concello da Guarda\",\"description\":\"P\u00e1xina web do concello da Guarda\",\"potentialAction\":[{\"@type\":\"SearchAction\",\"target\":{\"@type\":\"EntryPoint\",\"urlTemplate\":\"https:\/\/www.aguarda.es\/en\/?s={search_term_string}\"},\"query-input\":\"required name=search_term_string\"}],\"inLanguage\":\"en-US\"},{\"@type\":\"Person\",\"@id\":\"https:\/\/www.aguarda.es\/en\/#\/schema\/person\/c463ca3006858ffb349d11179d044f21\",\"name\":\"prensa\",\"image\":{\"@type\":\"ImageObject\",\"inLanguage\":\"en-US\",\"@id\":\"https:\/\/www.aguarda.es\/en\/#\/schema\/person\/image\/\",\"url\":\"https:\/\/secure.gravatar.com\/avatar\/5f90ef536b0f98306edf5c7a1135ffa1?s=96&d=mm&r=g\",\"contentUrl\":\"https:\/\/secure.gravatar.com\/avatar\/5f90ef536b0f98306edf5c7a1135ffa1?s=96&d=mm&r=g\",\"caption\":\"prensa\"},\"url\":\"https:\/\/www.aguarda.es\/en\/author\/prensa\/\"}]}<\/script>\n<!-- \/ Yoast SEO plugin. -->","yoast_head_json":{"title":"O Concello da Guarda lanza a segunda edici\u00f3n dos obradoiros de autocoidado para mulleres \u201cqu\u00e9rome, c\u00f3idome\u201d - Concello da Guarda","description":"M\u00e1is informaci\u00f3n e inscrici\u00f3ns no CIM da Guarda, no 986 61 46 48 ou en muller@aguarda.es","robots":{"index":"index","follow":"follow","max-snippet":"max-snippet:-1","max-image-preview":"max-image-preview:large","max-video-preview":"max-video-preview:-1"},"canonical":"https:\/\/www.aguarda.es\/en\/o-concello-da-guarda-lanza-a-segunda-edicion-dos-obradoiros-de-autocoidado-para-mulleres-querome-coidome\/","og_locale":"en_US","og_type":"article","og_title":"O Concello da Guarda lanza a segunda edici\u00f3n dos obradoiros de autocoidado para mulleres \u201cqu\u00e9rome, c\u00f3idome\u201d - Concello da Guarda","og_description":"M\u00e1is informaci\u00f3n e inscrici\u00f3ns no CIM da Guarda, no 986 61 46 48 ou en muller@aguarda.es","og_url":"https:\/\/www.aguarda.es\/en\/o-concello-da-guarda-lanza-a-segunda-edicion-dos-obradoiros-de-autocoidado-para-mulleres-querome-coidome\/","og_site_name":"Concello da Guarda","article_publisher":"https:\/\/www.facebook.com\/ConcellodaGuarda","article_published_time":"2023-01-20T10:27:50+00:00","article_modified_time":"2023-02-01T10:45:57+00:00","og_image":[{"width":800,"height":800,"url":"https:\/\/www.aguarda.es\/wp-content\/uploads\/2023\/01\/Qerome-coidome-2023-IG.jpg?_t=1675248358","type":"image\/jpeg"}],"author":"prensa","twitter_card":"summary_large_image","twitter_creator":"@AGuarda_es","twitter_site":"@AGuarda_es","twitter_misc":{"Written by":"prensa","Est. reading time":"1 minute"},"schema":{"@context":"https:\/\/schema.org","@graph":[{"@type":"WebPage","@id":"https:\/\/www.aguarda.es\/en\/o-concello-da-guarda-lanza-a-segunda-edicion-dos-obradoiros-de-autocoidado-para-mulleres-querome-coidome\/","url":"https:\/\/www.aguarda.es\/en\/o-concello-da-guarda-lanza-a-segunda-edicion-dos-obradoiros-de-autocoidado-para-mulleres-querome-coidome\/","name":"O Concello da Guarda lanza a segunda edici\u00f3n dos obradoiros de autocoidado para mulleres \u201cqu\u00e9rome, c\u00f3idome\u201d - Concello da Guarda","isPartOf":{"@id":"https:\/\/www.aguarda.es\/en\/#website"},"datePublished":"2023-01-20T10:27:50+00:00","dateModified":"2023-02-01T10:45:57+00:00","author":{"@id":"https:\/\/www.aguarda.es\/en\/#\/schema\/person\/c463ca3006858ffb349d11179d044f21"},"description":"M\u00e1is informaci\u00f3n e inscrici\u00f3ns no CIM da Guarda, no 986 61 46 48 ou en muller@aguarda.es","breadcrumb":{"@id":"https:\/\/www.aguarda.es\/en\/o-concello-da-guarda-lanza-a-segunda-edicion-dos-obradoiros-de-autocoidado-para-mulleres-querome-coidome\/#breadcrumb"},"inLanguage":"en-US","potentialAction":[{"@type":"ReadAction","target":["https:\/\/www.aguarda.es\/en\/o-concello-da-guarda-lanza-a-segunda-edicion-dos-obradoiros-de-autocoidado-para-mulleres-querome-coidome\/"]}]},{"@type":"BreadcrumbList","@id":"https:\/\/www.aguarda.es\/en\/o-concello-da-guarda-lanza-a-segunda-edicion-dos-obradoiros-de-autocoidado-para-mulleres-querome-coidome\/#breadcrumb","itemListElement":[{"@type":"ListItem","position":1,"name":"Portada","item":"https:\/\/www.aguarda.es\/en\/"},{"@type":"ListItem","position":2,"name":"O Concello da Guarda lanza a segunda edici\u00f3n dos obradoiros de autocoidado para mulleres \u201cqu\u00e9rome, c\u00f3idome\u201d"}]},{"@type":"WebSite","@id":"https:\/\/www.aguarda.es\/en\/#website","url":"https:\/\/www.aguarda.es\/en\/","name":"Concello da Guarda","description":"P\u00e1xina web do concello da Guarda","potentialAction":[{"@type":"SearchAction","target":{"@type":"EntryPoint","urlTemplate":"https:\/\/www.aguarda.es\/en\/?s={search_term_string}"},"query-input":"required name=search_term_string"}],"inLanguage":"en-US"},{"@type":"Person","@id":"https:\/\/www.aguarda.es\/en\/#\/schema\/person\/c463ca3006858ffb349d11179d044f21","name":"prensa","image":{"@type":"ImageObject","inLanguage":"en-US","@id":"https:\/\/www.aguarda.es\/en\/#\/schema\/person\/image\/","url":"https:\/\/secure.gravatar.com\/avatar\/5f90ef536b0f98306edf5c7a1135ffa1?s=96&d=mm&r=g","contentUrl":"https:\/\/secure.gravatar.com\/avatar\/5f90ef536b0f98306edf5c7a1135ffa1?s=96&d=mm&r=g","caption":"prensa"},"url":"https:\/\/www.aguarda.es\/en\/author\/prensa\/"}]}},"_links":{"self":[{"href":"https:\/\/www.aguarda.es\/en\/wp-json\/wp\/v2\/posts\/27481"}],"collection":[{"href":"https:\/\/www.aguarda.es\/en\/wp-json\/wp\/v2\/posts"}],"about":[{"href":"https:\/\/www.aguarda.es\/en\/wp-json\/wp\/v2\/types\/post"}],"author":[{"embeddable":true,"href":"https:\/\/www.aguarda.es\/en\/wp-json\/wp\/v2\/users\/2"}],"replies":[{"embeddable":true,"href":"https:\/\/www.aguarda.es\/en\/wp-json\/wp\/v2\/comments?post=27481"}],"version-history":[{"count":1,"href":"https:\/\/www.aguarda.es\/en\/wp-json\/wp\/v2\/posts\/27481\/revisions"}],"predecessor-version":[{"id":27484,"href":"https:\/\/www.aguarda.es\/en\/wp-json\/wp\/v2\/posts\/27481\/revisions\/27484"}],"wp:featuredmedia":[{"embeddable":true,"href":"https:\/\/www.aguarda.es\/en\/wp-json\/wp\/v2\/media\/27552"}],"wp:attachment":[{"href":"https:\/\/www.aguarda.es\/en\/wp-json\/wp\/v2\/media?parent=27481"}],"wp:term":[{"taxonomy":"category","embeddable":true,"href":"https:\/\/www.aguarda.es\/en\/wp-json\/wp\/v2\/categories?post=27481"},{"taxonomy":"post_tag","embeddable":true,"href":"https:\/\/www.aguarda.es\/en\/wp-json\/wp\/v2\/tags?post=27481"}],"curies":[{"name":"wp","href":"https:\/\/api.w.org\/{rel}","templated":true}]}}