{"id":27515,"date":"2023-01-24T14:01:30","date_gmt":"2023-01-24T14:01:30","guid":{"rendered":"https:\/\/www.aguarda.es\/?p=27515"},"modified":"2023-01-24T14:01:30","modified_gmt":"2023-01-24T14:01:30","slug":"convocatoria-de-pleno-ordinario-este-venres-dia-27-de-xaneiro-de-2023","status":"publish","type":"post","link":"https:\/\/www.aguarda.es\/en\/convocatoria-de-pleno-ordinario-este-venres-dia-27-de-xaneiro-de-2023\/","title":{"rendered":"Convocatoria de pleno ordinario este venres d\u00eda 27 de xaneiro de 2023"},"content":{"rendered":"<p>[vc_row][vc_column][vc_column_text]DATOS DA CONVOCATORIA<br \/>\nTipo Convocatoria: Ordinaria<br \/>\nData e hora: 27 de xaneiro de 2023 \u00e1s 20:00<br \/>\nLugar: Casa do Concello<\/p>\n<p>ASUNTOS DA CONVOCATORIA<br \/>\n1. Aprobaci\u00f3n das actas da sesi\u00f3n ordinaria de data 25.11.2022 e da sesi\u00f3n extraordinaria de data 21.12.2022.<br \/>\n2. Expediente 118\/2023. DAR CONTA DOS DECRETOS DESDE O 16.11.2022 ATA O 15.01.2023.<br \/>\n3. Expediente 99\/2023. DAR CONTA DOS REPAROS DE INTERVENCI\u00d3N.<br \/>\n4. Expediente 2336\/2017. DAR CONTA DO INFORME DE MOROSIDADE E PER\u00cdODO MEDIO DE PAGO DO CUARTO TRIMESTRE 2022.<br \/>\n5. Expediente 893\/2021. Proposta de Alcald\u00eda inicio expediente revogaci\u00f3n anulaci\u00f3n liquidaci\u00f3n do recibo id. valor 447573 IVTM 2020 matr\u00edcula 1742KRB.<br \/>\n6. Expediente 892\/2021. Proposta de Alcald\u00eda inicio expediente revogaci\u00f3n anulaci\u00f3n liquidaci\u00f3n do recibo id. valor 442961 IVTM 2020 matr\u00edcula 1345CBG.<br \/>\n7. Expediente 2385\/2021. Proposta de Alcald\u00eda inicio expediente revogaci\u00f3n para anulaci\u00f3n liquidaci\u00f3n do recibo 43829 (Id valor: 465393) IBI Urbana 2020 ben con referencia catastral 0891025NG1309S0001FR e devoluci\u00f3n do ingreso indebidamente realizado.<br \/>\n8. Expediente 2915\/2021. Proposta de Alcald\u00eda inicio expediente revogaci\u00f3n anulaci\u00f3n liquidaci\u00f3n do recibo 11611_2021 (Id valor: 553957) IVTM 2021 veh\u00edculo PO1317BJ.<br \/>\n9. Expediente 3100\/2022. Proposta de Alcald\u00eda inicio expediente revogaci\u00f3n para anulaci\u00f3n liquidaci\u00f3n do recibo 16715_2022 (Id valor 601975) IVTM 2022 veh\u00edculo 4993BWS e devoluci\u00f3n do ingreso indebidamente realizado.<br \/>\n10. Expediente 776\/2022. Proposta de Alcald\u00eda inicio expediente revogaci\u00f3n para anulaci\u00f3n liquidaci\u00f3n do recibo 4741_2021 Id valor 566126 taxa lixo 2021 inmoble situado en r\u00faa Joaqu\u00edn Alonso 21 e devoluci\u00f3n do ingreso indebidamente realizado.<br \/>\n11. Expediente 3095\/2022. Proposta de Alcald\u00eda inicio expediente revogaci\u00f3n para anulaci\u00f3n liquidaci\u00f3n do recibo 19397_2022 (Id valor 607561) IVTM 2022 veh\u00edculo 9614KFV e devoluci\u00f3n do ingreso indebidamente realizado.<br \/>\n12. Expediente 2925\/2022. Proposta de Alcald\u00eda inicio expediente revogaci\u00f3n anulaci\u00f3n liquidaci\u00f3n do recibo 16025_2022 (ID VALOR 606608) IVTM 2022 veh\u00edculo PO4959PR e devoluci\u00f3n do ingreso indebidamente realizado.<br \/>\n13. Expediente 1491\/2021. Proposta de Alcald\u00eda inicio expediente revogaci\u00f3n anulaci\u00f3n liquidaci\u00f3n do recibo 14987_2021 (Id valor: 553667) IVTM 2021 veh\u00edculo E5459BDB.<br \/>\n14. Expediente 2081\/2021. Proposta de Alcald\u00eda inicio expediente revogaci\u00f3n anulaci\u00f3n liquidaci\u00f3n do recibo11457_2021 (Id valor: 553918) IVTM 2021 matr\u00edcula PO078517.<br \/>\n15. Expediente 78\/2022. Proposta de Alcald\u00eda inicio expediente revogaci\u00f3n para anulaci\u00f3n liquidaci\u00f3n dos recibos 441964 IVTM 2020 e 551587 IVTM 2021 veh\u00edculo 7005BFT e devoluci\u00f3n do ingreso indebidamente realizado.<br \/>\n16. Expediente 3167\/2022. Proposta de Alcald\u00eda inicio expediente revogaci\u00f3n para anulaci\u00f3n liquidaci\u00f3n IVTM 2021 do veh\u00edculo 9343CNK e anulaci\u00f3n liquidaci\u00f3ns IVTM 2021 (con devoluci\u00f3n de ingresos) e IVTM 2022 do veh\u00edculo 9555CZW.<br \/>\n17. Expediente 407\/2022. Proposta de Alcald\u00eda inicio expediente revogaci\u00f3n anulaci\u00f3n liquidaci\u00f3n do recibo 19011_2021 (ID Valor 548408) IVTM 2021 matr\u00edcula 1198DXS.<br \/>\n18. Expediente 1823\/2021. Proposta de Alcald\u00eda de declaraci\u00f3n de especial interese e utilidade p\u00fablica por concorrer circunstancias sociais das obras de rehabilitaci\u00f3n integral do colexio das Carmelitas de San Xos\u00e9 sito en R\u00faa Puerto Rico, n\u00ba 2.<\/p>\n<p>19. Expediente 3231\/2022. PROPOSTA RECO\u00d1ECEMENTO COMPATIBILIDADE SAID LEIROS RIOS.<br \/>\n20. Expediente 3249\/2022. PROPOSTA RECO\u00d1ECEMENTO COMPATIBILIDADE SANTIAGO POMBO CARRERA.<br \/>\n21. Expediente 1272\/2022. PROPOSTA INICIO LICITACI\u00d3N CONTRATO EXPLOTACI\u00d3N PISCINA MUNICIPAL.<br \/>\n22. Expediente 87\/2023. PROPOSTA APROBACI\u00d3N IV PLAN IGUALDADE DE OPORTUNIDADES.<br \/>\n23. Expediente 187\/2023. MOCI\u00d3N PRESENTADA POLO GRUPO MUNICIPAL SOCIALISTA EN RELACI\u00d3N \u00c1 DECLARACI\u00d3N DE EMERXENCIA POLOS DANOS CAUSADOS POLOS TEMPORAIS.<br \/>\n24. ROGOS E PREGUNTAS<\/p>\n<p>Streaming: <a class=\"moz-txt-link-freetext\" href=\"https:\/\/youtu.be\/SZt9vj-iAvg\">https:\/\/youtu.be\/SZt9vj-iAvg<\/a><\/p>\n<p>[\/vc_column_text][\/vc_column][\/vc_row][vc_row][vc_column][vc_video link=&#8221;https:\/\/youtu.be\/SZt9vj-iAvg&#8221;][\/vc_column][\/vc_row]<\/p>\n","protected":false},"excerpt":{"rendered":"<p>[vc_row][vc_column][vc_column_text]DATOS DA CONVOCATORIA Tipo Convocatoria: Ordinaria Data e hora: 27 de xaneiro de 2023 \u00e1s 20:00 Lugar: Casa do Concello ASUNTOS DA CONVOCATORIA 1. Aprobaci\u00f3n das actas da sesi\u00f3n ordinaria de data 25.11.2022 e da sesi\u00f3n extraordinaria de data 21.12.2022. &hellip; <\/p>\n","protected":false},"author":2,"featured_media":27516,"comment_status":"open","ping_status":"open","sticky":false,"template":"","format":"standard","meta":[],"categories":[33],"tags":[1329,873,1956],"yoast_head":"<!-- This site is optimized with the Yoast SEO plugin v21.1 - https:\/\/yoast.com\/wordpress\/plugins\/seo\/ -->\n<title>Convocatoria de pleno ordinario este venres d\u00eda 27 de xaneiro de 2023 - Concello da Guarda<\/title>\n<meta name=\"robots\" content=\"index, follow, max-snippet:-1, max-image-preview:large, max-video-preview:-1\" \/>\n<link rel=\"canonical\" href=\"https:\/\/www.aguarda.es\/en\/convocatoria-de-pleno-ordinario-este-venres-dia-27-de-xaneiro-de-2023\/\" \/>\n<meta property=\"og:locale\" content=\"en_US\" \/>\n<meta property=\"og:type\" content=\"article\" \/>\n<meta property=\"og:title\" content=\"Convocatoria de pleno ordinario este venres d\u00eda 27 de xaneiro de 2023 - Concello da Guarda\" \/>\n<meta property=\"og:description\" content=\"[vc_row][vc_column][vc_column_text]DATOS DA CONVOCATORIA Tipo Convocatoria: Ordinaria Data e hora: 27 de xaneiro de 2023 \u00e1s 20:00 Lugar: Casa do Concello ASUNTOS DA CONVOCATORIA 1. Aprobaci\u00f3n das actas da sesi\u00f3n ordinaria de data 25.11.2022 e da sesi\u00f3n extraordinaria de data 21.12.2022. &hellip;\" \/>\n<meta property=\"og:url\" content=\"https:\/\/www.aguarda.es\/en\/convocatoria-de-pleno-ordinario-este-venres-dia-27-de-xaneiro-de-2023\/\" \/>\n<meta property=\"og:site_name\" content=\"Concello da Guarda\" \/>\n<meta property=\"article:publisher\" content=\"https:\/\/www.facebook.com\/ConcellodaGuarda\" \/>\n<meta property=\"article:published_time\" content=\"2023-01-24T14:01:30+00:00\" \/>\n<meta property=\"og:image\" content=\"https:\/\/www.aguarda.es\/wp-content\/uploads\/2023\/01\/PLENO-ORDINARIO-27-ENE-2023.jpg?_t=1674568891\" \/>\n\t<meta property=\"og:image:width\" content=\"800\" \/>\n\t<meta property=\"og:image:height\" content=\"800\" \/>\n\t<meta property=\"og:image:type\" content=\"image\/jpeg\" \/>\n<meta name=\"author\" content=\"prensa\" \/>\n<meta name=\"twitter:card\" content=\"summary_large_image\" \/>\n<meta name=\"twitter:creator\" content=\"@AGuarda_es\" \/>\n<meta name=\"twitter:site\" content=\"@AGuarda_es\" \/>\n<meta name=\"twitter:label1\" content=\"Written by\" \/>\n\t<meta name=\"twitter:data1\" content=\"prensa\" \/>\n\t<meta name=\"twitter:label2\" content=\"Est. reading time\" \/>\n\t<meta name=\"twitter:data2\" content=\"3 minutes\" \/>\n<script type=\"application\/ld+json\" class=\"yoast-schema-graph\">{\"@context\":\"https:\/\/schema.org\",\"@graph\":[{\"@type\":\"WebPage\",\"@id\":\"https:\/\/www.aguarda.es\/en\/convocatoria-de-pleno-ordinario-este-venres-dia-27-de-xaneiro-de-2023\/\",\"url\":\"https:\/\/www.aguarda.es\/en\/convocatoria-de-pleno-ordinario-este-venres-dia-27-de-xaneiro-de-2023\/\",\"name\":\"Convocatoria de pleno ordinario este venres d\u00eda 27 de xaneiro de 2023 - Concello da Guarda\",\"isPartOf\":{\"@id\":\"https:\/\/www.aguarda.es\/en\/#website\"},\"datePublished\":\"2023-01-24T14:01:30+00:00\",\"dateModified\":\"2023-01-24T14:01:30+00:00\",\"author\":{\"@id\":\"https:\/\/www.aguarda.es\/en\/#\/schema\/person\/c463ca3006858ffb349d11179d044f21\"},\"breadcrumb\":{\"@id\":\"https:\/\/www.aguarda.es\/en\/convocatoria-de-pleno-ordinario-este-venres-dia-27-de-xaneiro-de-2023\/#breadcrumb\"},\"inLanguage\":\"en-US\",\"potentialAction\":[{\"@type\":\"ReadAction\",\"target\":[\"https:\/\/www.aguarda.es\/en\/convocatoria-de-pleno-ordinario-este-venres-dia-27-de-xaneiro-de-2023\/\"]}]},{\"@type\":\"BreadcrumbList\",\"@id\":\"https:\/\/www.aguarda.es\/en\/convocatoria-de-pleno-ordinario-este-venres-dia-27-de-xaneiro-de-2023\/#breadcrumb\",\"itemListElement\":[{\"@type\":\"ListItem\",\"position\":1,\"name\":\"Portada\",\"item\":\"https:\/\/www.aguarda.es\/en\/\"},{\"@type\":\"ListItem\",\"position\":2,\"name\":\"Convocatoria de pleno ordinario este venres d\u00eda 27 de xaneiro de 2023\"}]},{\"@type\":\"WebSite\",\"@id\":\"https:\/\/www.aguarda.es\/en\/#website\",\"url\":\"https:\/\/www.aguarda.es\/en\/\",\"name\":\"Concello da Guarda\",\"description\":\"P\u00e1xina web do concello da Guarda\",\"potentialAction\":[{\"@type\":\"SearchAction\",\"target\":{\"@type\":\"EntryPoint\",\"urlTemplate\":\"https:\/\/www.aguarda.es\/en\/?s={search_term_string}\"},\"query-input\":\"required name=search_term_string\"}],\"inLanguage\":\"en-US\"},{\"@type\":\"Person\",\"@id\":\"https:\/\/www.aguarda.es\/en\/#\/schema\/person\/c463ca3006858ffb349d11179d044f21\",\"name\":\"prensa\",\"image\":{\"@type\":\"ImageObject\",\"inLanguage\":\"en-US\",\"@id\":\"https:\/\/www.aguarda.es\/en\/#\/schema\/person\/image\/\",\"url\":\"https:\/\/secure.gravatar.com\/avatar\/5f90ef536b0f98306edf5c7a1135ffa1?s=96&d=mm&r=g\",\"contentUrl\":\"https:\/\/secure.gravatar.com\/avatar\/5f90ef536b0f98306edf5c7a1135ffa1?s=96&d=mm&r=g\",\"caption\":\"prensa\"},\"url\":\"https:\/\/www.aguarda.es\/en\/author\/prensa\/\"}]}<\/script>\n<!-- \/ Yoast SEO plugin. -->","yoast_head_json":{"title":"Convocatoria de pleno ordinario este venres d\u00eda 27 de xaneiro de 2023 - Concello da Guarda","robots":{"index":"index","follow":"follow","max-snippet":"max-snippet:-1","max-image-preview":"max-image-preview:large","max-video-preview":"max-video-preview:-1"},"canonical":"https:\/\/www.aguarda.es\/en\/convocatoria-de-pleno-ordinario-este-venres-dia-27-de-xaneiro-de-2023\/","og_locale":"en_US","og_type":"article","og_title":"Convocatoria de pleno ordinario este venres d\u00eda 27 de xaneiro de 2023 - Concello da Guarda","og_description":"[vc_row][vc_column][vc_column_text]DATOS DA CONVOCATORIA Tipo Convocatoria: Ordinaria Data e hora: 27 de xaneiro de 2023 \u00e1s 20:00 Lugar: Casa do Concello ASUNTOS DA CONVOCATORIA 1. Aprobaci\u00f3n das actas da sesi\u00f3n ordinaria de data 25.11.2022 e da sesi\u00f3n extraordinaria de data 21.12.2022. &hellip;","og_url":"https:\/\/www.aguarda.es\/en\/convocatoria-de-pleno-ordinario-este-venres-dia-27-de-xaneiro-de-2023\/","og_site_name":"Concello da Guarda","article_publisher":"https:\/\/www.facebook.com\/ConcellodaGuarda","article_published_time":"2023-01-24T14:01:30+00:00","og_image":[{"width":800,"height":800,"url":"https:\/\/www.aguarda.es\/wp-content\/uploads\/2023\/01\/PLENO-ORDINARIO-27-ENE-2023.jpg?_t=1674568891","type":"image\/jpeg"}],"author":"prensa","twitter_card":"summary_large_image","twitter_creator":"@AGuarda_es","twitter_site":"@AGuarda_es","twitter_misc":{"Written by":"prensa","Est. reading time":"3 minutes"},"schema":{"@context":"https:\/\/schema.org","@graph":[{"@type":"WebPage","@id":"https:\/\/www.aguarda.es\/en\/convocatoria-de-pleno-ordinario-este-venres-dia-27-de-xaneiro-de-2023\/","url":"https:\/\/www.aguarda.es\/en\/convocatoria-de-pleno-ordinario-este-venres-dia-27-de-xaneiro-de-2023\/","name":"Convocatoria de pleno ordinario este venres d\u00eda 27 de xaneiro de 2023 - Concello da Guarda","isPartOf":{"@id":"https:\/\/www.aguarda.es\/en\/#website"},"datePublished":"2023-01-24T14:01:30+00:00","dateModified":"2023-01-24T14:01:30+00:00","author":{"@id":"https:\/\/www.aguarda.es\/en\/#\/schema\/person\/c463ca3006858ffb349d11179d044f21"},"breadcrumb":{"@id":"https:\/\/www.aguarda.es\/en\/convocatoria-de-pleno-ordinario-este-venres-dia-27-de-xaneiro-de-2023\/#breadcrumb"},"inLanguage":"en-US","potentialAction":[{"@type":"ReadAction","target":["https:\/\/www.aguarda.es\/en\/convocatoria-de-pleno-ordinario-este-venres-dia-27-de-xaneiro-de-2023\/"]}]},{"@type":"BreadcrumbList","@id":"https:\/\/www.aguarda.es\/en\/convocatoria-de-pleno-ordinario-este-venres-dia-27-de-xaneiro-de-2023\/#breadcrumb","itemListElement":[{"@type":"ListItem","position":1,"name":"Portada","item":"https:\/\/www.aguarda.es\/en\/"},{"@type":"ListItem","position":2,"name":"Convocatoria de pleno ordinario este venres d\u00eda 27 de xaneiro de 2023"}]},{"@type":"WebSite","@id":"https:\/\/www.aguarda.es\/en\/#website","url":"https:\/\/www.aguarda.es\/en\/","name":"Concello da Guarda","description":"P\u00e1xina web do concello da Guarda","potentialAction":[{"@type":"SearchAction","target":{"@type":"EntryPoint","urlTemplate":"https:\/\/www.aguarda.es\/en\/?s={search_term_string}"},"query-input":"required name=search_term_string"}],"inLanguage":"en-US"},{"@type":"Person","@id":"https:\/\/www.aguarda.es\/en\/#\/schema\/person\/c463ca3006858ffb349d11179d044f21","name":"prensa","image":{"@type":"ImageObject","inLanguage":"en-US","@id":"https:\/\/www.aguarda.es\/en\/#\/schema\/person\/image\/","url":"https:\/\/secure.gravatar.com\/avatar\/5f90ef536b0f98306edf5c7a1135ffa1?s=96&d=mm&r=g","contentUrl":"https:\/\/secure.gravatar.com\/avatar\/5f90ef536b0f98306edf5c7a1135ffa1?s=96&d=mm&r=g","caption":"prensa"},"url":"https:\/\/www.aguarda.es\/en\/author\/prensa\/"}]}},"_links":{"self":[{"href":"https:\/\/www.aguarda.es\/en\/wp-json\/wp\/v2\/posts\/27515"}],"collection":[{"href":"https:\/\/www.aguarda.es\/en\/wp-json\/wp\/v2\/posts"}],"about":[{"href":"https:\/\/www.aguarda.es\/en\/wp-json\/wp\/v2\/types\/post"}],"author":[{"embeddable":true,"href":"https:\/\/www.aguarda.es\/en\/wp-json\/wp\/v2\/users\/2"}],"replies":[{"embeddable":true,"href":"https:\/\/www.aguarda.es\/en\/wp-json\/wp\/v2\/comments?post=27515"}],"version-history":[{"count":1,"href":"https:\/\/www.aguarda.es\/en\/wp-json\/wp\/v2\/posts\/27515\/revisions"}],"predecessor-version":[{"id":27518,"href":"https:\/\/www.aguarda.es\/en\/wp-json\/wp\/v2\/posts\/27515\/revisions\/27518"}],"wp:featuredmedia":[{"embeddable":true,"href":"https:\/\/www.aguarda.es\/en\/wp-json\/wp\/v2\/media\/27516"}],"wp:attachment":[{"href":"https:\/\/www.aguarda.es\/en\/wp-json\/wp\/v2\/media?parent=27515"}],"wp:term":[{"taxonomy":"category","embeddable":true,"href":"https:\/\/www.aguarda.es\/en\/wp-json\/wp\/v2\/categories?post=27515"},{"taxonomy":"post_tag","embeddable":true,"href":"https:\/\/www.aguarda.es\/en\/wp-json\/wp\/v2\/tags?post=27515"}],"curies":[{"name":"wp","href":"https:\/\/api.w.org\/{rel}","templated":true}]}}