{"id":27535,"date":"2023-01-30T16:34:07","date_gmt":"2023-01-30T16:34:07","guid":{"rendered":"https:\/\/www.aguarda.es\/?p=27535"},"modified":"2023-01-30T16:34:07","modified_gmt":"2023-01-30T16:34:07","slug":"a-guarda-inaugura-o-pavillon-municipal-da-sangrina","status":"publish","type":"post","link":"https:\/\/www.aguarda.es\/en\/a-guarda-inaugura-o-pavillon-municipal-da-sangrina\/","title":{"rendered":"A Guarda inaugura o Pavill\u00f3n Municipal da Sangri\u00f1a"},"content":{"rendered":"<ul>\n<li><strong><em>O acto de inauguraci\u00f3n celebrouse o pasado s\u00e1bado contando coa participaci\u00f3n de m\u00e1is de 400 persoas.<\/em><\/strong><\/li>\n<li><strong><em>O proxecto da Reforma e Ampliaci\u00f3n do Pavill\u00f3n da Sangri\u00f1a supuxo unha inversi\u00f3n duns 1.870.000 \u20ac.<\/em><\/strong><\/li>\n<\/ul>\n<p><strong><em>\u00a0<\/em><\/strong><\/p>\n<p>O Concello da Guarda realizou o pasado s\u00e1bado d\u00eda 28 de xaneiro a inauguraci\u00f3n oficial das obras de reforma e ampliaci\u00f3n realizadas no Pavill\u00f3n Deportivo Municipal da Sangri\u00f1a, nun acto especial que estivo dirixido pola comunicadora guardesa Beti Rey, e que contou coa asistencia da Subdelegada do Goberno en Pontevedra, Maica Larriba; o Secretario Xeral para o Deporte, Lete Lasa; a Presidenta da Deputaci\u00f3n de Pontevedra, Carmela Silva; o Deputado de Deportes, Gorka G\u00f3mez; o Delegado da Zona Franca de Vigo, David Regades e o Alcalde da Guarda, Antonio Lomba; a Concelleira de Deportes, Montserrat Magallanes e membros da Corporaci\u00f3n Municipal e demais convidados.<\/p>\n<p>&nbsp;<\/p>\n<p>O acto contou con varias actuaci\u00f3ns, da Escola de Danza Attitude e da Escola de Danza Dans\u00e1, e, por primeira vez na Guarda, actuaci\u00f3n coa compa\u00f1\u00eda de performances de Pablo M\u00e9ndez.<\/p>\n<p>&nbsp;<\/p>\n<p>Antonio Lomba, Alcalde da Guarda, agradeceu o apoio das diferentes administraci\u00f3ns que fixeron posible que estas obras chegasen a bo porto coas s\u00faas achegas econ\u00f3micas, as\u00ed coma aos diferentes partidos da corporaci\u00f3n municipal, levando a cabo un proxecto de gran envergadura en tempo record, para que A Guarda conte en menos dun ano cunhas instalaci\u00f3ns dignas, seguras e accesibles, acorde coas necesidades do deporte guard\u00e9s e que permitir\u00e1n a realizaci\u00f3n de diferentes actividades, non s\u00f3 deportivas ou escolares, sen\u00f3n tam\u00e9n culturais e grandes eventos.<\/p>\n<p>&nbsp;<\/p>\n<p>O proxecto da Reforma e Ampliaci\u00f3n do Pavill\u00f3n da Sangri\u00f1a supuxo unha inversi\u00f3n duns 1.870.000 \u20ac. Esta obra permitiu modernizar todas as instalaci\u00f3ns, que contemplan: unha nova fachada, unha nova cuberta, unha nova grada de fondo, a creaci\u00f3n dunha planta superior para a circulaci\u00f3n de espectadores e acceso seguro \u00e1s gradas, unha zona de espectadores en cadeiras de rodas nesa planta superior, un ascensor, a renovaci\u00f3n dos vestiarios: catro vestiarios xerais, un vestiario accesible, un vestiario para \u00e1rbitros; dous n\u00facleos xerais de aseos, tres aseos accesibles, un espazo de enfermer\u00eda, un espazo para control antidopaxe, unha area de prensa, novas zonas de paso inferiores e almac\u00e9ns, etc. Ademais incl\u00faese unha importante mellora na accesibilidade, na seguridade e na eficiencia enerx\u00e9tica do edificio. Tam\u00e9n se aumenta o aforo nun 48%, ata 700 persoas sentadas.<\/p>\n<p>&nbsp;<\/p>\n<p>Non cabe d\u00fabida que o pavill\u00f3n da Sangri\u00f1a precisaba desta reforma, a execuci\u00f3n desta obra representa unha gran oportunidade para A Guarda e un gran paso na mellora das s\u00faas infraestruturas deportivas, que ga\u00f1an hoxe en d\u00eda un espazo acorde aos novos tempos e preparado para o futuro deportivo da vila.<\/p>\n","protected":false},"excerpt":{"rendered":"<p>O acto de inauguraci\u00f3n celebrouse o pasado s\u00e1bado contando coa participaci\u00f3n de m\u00e1is de 400 persoas. O proxecto da Reforma e Ampliaci\u00f3n do Pavill\u00f3n da Sangri\u00f1a supuxo unha inversi\u00f3n duns 1.870.000 \u20ac. \u00a0 O Concello da Guarda realizou o pasado &hellip; <\/p>\n","protected":false},"author":2,"featured_media":27536,"comment_status":"open","ping_status":"open","sticky":false,"template":"","format":"standard","meta":[],"categories":[35],"tags":[226,276,1685,400],"yoast_head":"<!-- This site is optimized with the Yoast SEO plugin v21.1 - https:\/\/yoast.com\/wordpress\/plugins\/seo\/ -->\n<title>A Guarda inaugura o Pavill\u00f3n Municipal da Sangri\u00f1a - Concello da Guarda<\/title>\n<meta name=\"description\" content=\"O acto de inauguraci\u00f3n celebrouse o pasado s\u00e1bado contando coa participaci\u00f3n de m\u00e1is de 400 persoas\" \/>\n<meta name=\"robots\" content=\"index, follow, max-snippet:-1, max-image-preview:large, max-video-preview:-1\" \/>\n<link rel=\"canonical\" href=\"https:\/\/www.aguarda.es\/en\/a-guarda-inaugura-o-pavillon-municipal-da-sangrina\/\" \/>\n<meta property=\"og:locale\" content=\"en_US\" \/>\n<meta property=\"og:type\" content=\"article\" \/>\n<meta property=\"og:title\" content=\"A Guarda inaugura o Pavill\u00f3n Municipal da Sangri\u00f1a - Concello da Guarda\" \/>\n<meta property=\"og:description\" content=\"O acto de inauguraci\u00f3n celebrouse o pasado s\u00e1bado contando coa participaci\u00f3n de m\u00e1is de 400 persoas\" \/>\n<meta property=\"og:url\" content=\"https:\/\/www.aguarda.es\/en\/a-guarda-inaugura-o-pavillon-municipal-da-sangrina\/\" \/>\n<meta property=\"og:site_name\" content=\"Concello da Guarda\" \/>\n<meta property=\"article:publisher\" content=\"https:\/\/www.facebook.com\/ConcellodaGuarda\" \/>\n<meta property=\"article:published_time\" content=\"2023-01-30T16:34:07+00:00\" \/>\n<meta property=\"og:image\" content=\"https:\/\/www.aguarda.es\/wp-content\/uploads\/2023\/01\/NP-30012023-INAUGURACION-PAVILLON-DA-SANGRINA-WEB.jpg?_t=1675096448\" \/>\n\t<meta property=\"og:image:width\" content=\"800\" \/>\n\t<meta property=\"og:image:height\" content=\"800\" \/>\n\t<meta property=\"og:image:type\" content=\"image\/jpeg\" \/>\n<meta name=\"author\" content=\"prensa\" \/>\n<meta name=\"twitter:card\" content=\"summary_large_image\" \/>\n<meta name=\"twitter:creator\" content=\"@AGuarda_es\" \/>\n<meta name=\"twitter:site\" content=\"@AGuarda_es\" \/>\n<meta name=\"twitter:label1\" content=\"Written by\" \/>\n\t<meta name=\"twitter:data1\" content=\"prensa\" \/>\n\t<meta name=\"twitter:label2\" content=\"Est. reading time\" \/>\n\t<meta name=\"twitter:data2\" content=\"3 minutes\" \/>\n<script type=\"application\/ld+json\" class=\"yoast-schema-graph\">{\"@context\":\"https:\/\/schema.org\",\"@graph\":[{\"@type\":\"WebPage\",\"@id\":\"https:\/\/www.aguarda.es\/en\/a-guarda-inaugura-o-pavillon-municipal-da-sangrina\/\",\"url\":\"https:\/\/www.aguarda.es\/en\/a-guarda-inaugura-o-pavillon-municipal-da-sangrina\/\",\"name\":\"A Guarda inaugura o Pavill\u00f3n Municipal da Sangri\u00f1a - Concello da Guarda\",\"isPartOf\":{\"@id\":\"https:\/\/www.aguarda.es\/en\/#website\"},\"datePublished\":\"2023-01-30T16:34:07+00:00\",\"dateModified\":\"2023-01-30T16:34:07+00:00\",\"author\":{\"@id\":\"https:\/\/www.aguarda.es\/en\/#\/schema\/person\/c463ca3006858ffb349d11179d044f21\"},\"description\":\"O acto de inauguraci\u00f3n celebrouse o pasado s\u00e1bado contando coa participaci\u00f3n de m\u00e1is de 400 persoas\",\"breadcrumb\":{\"@id\":\"https:\/\/www.aguarda.es\/en\/a-guarda-inaugura-o-pavillon-municipal-da-sangrina\/#breadcrumb\"},\"inLanguage\":\"en-US\",\"potentialAction\":[{\"@type\":\"ReadAction\",\"target\":[\"https:\/\/www.aguarda.es\/en\/a-guarda-inaugura-o-pavillon-municipal-da-sangrina\/\"]}]},{\"@type\":\"BreadcrumbList\",\"@id\":\"https:\/\/www.aguarda.es\/en\/a-guarda-inaugura-o-pavillon-municipal-da-sangrina\/#breadcrumb\",\"itemListElement\":[{\"@type\":\"ListItem\",\"position\":1,\"name\":\"Portada\",\"item\":\"https:\/\/www.aguarda.es\/en\/\"},{\"@type\":\"ListItem\",\"position\":2,\"name\":\"A Guarda inaugura o Pavill\u00f3n Municipal da Sangri\u00f1a\"}]},{\"@type\":\"WebSite\",\"@id\":\"https:\/\/www.aguarda.es\/en\/#website\",\"url\":\"https:\/\/www.aguarda.es\/en\/\",\"name\":\"Concello da Guarda\",\"description\":\"P\u00e1xina web do concello da Guarda\",\"potentialAction\":[{\"@type\":\"SearchAction\",\"target\":{\"@type\":\"EntryPoint\",\"urlTemplate\":\"https:\/\/www.aguarda.es\/en\/?s={search_term_string}\"},\"query-input\":\"required name=search_term_string\"}],\"inLanguage\":\"en-US\"},{\"@type\":\"Person\",\"@id\":\"https:\/\/www.aguarda.es\/en\/#\/schema\/person\/c463ca3006858ffb349d11179d044f21\",\"name\":\"prensa\",\"image\":{\"@type\":\"ImageObject\",\"inLanguage\":\"en-US\",\"@id\":\"https:\/\/www.aguarda.es\/en\/#\/schema\/person\/image\/\",\"url\":\"https:\/\/secure.gravatar.com\/avatar\/5f90ef536b0f98306edf5c7a1135ffa1?s=96&d=mm&r=g\",\"contentUrl\":\"https:\/\/secure.gravatar.com\/avatar\/5f90ef536b0f98306edf5c7a1135ffa1?s=96&d=mm&r=g\",\"caption\":\"prensa\"},\"url\":\"https:\/\/www.aguarda.es\/en\/author\/prensa\/\"}]}<\/script>\n<!-- \/ Yoast SEO plugin. -->","yoast_head_json":{"title":"A Guarda inaugura o Pavill\u00f3n Municipal da Sangri\u00f1a - Concello da Guarda","description":"O acto de inauguraci\u00f3n celebrouse o pasado s\u00e1bado contando coa participaci\u00f3n de m\u00e1is de 400 persoas","robots":{"index":"index","follow":"follow","max-snippet":"max-snippet:-1","max-image-preview":"max-image-preview:large","max-video-preview":"max-video-preview:-1"},"canonical":"https:\/\/www.aguarda.es\/en\/a-guarda-inaugura-o-pavillon-municipal-da-sangrina\/","og_locale":"en_US","og_type":"article","og_title":"A Guarda inaugura o Pavill\u00f3n Municipal da Sangri\u00f1a - Concello da Guarda","og_description":"O acto de inauguraci\u00f3n celebrouse o pasado s\u00e1bado contando coa participaci\u00f3n de m\u00e1is de 400 persoas","og_url":"https:\/\/www.aguarda.es\/en\/a-guarda-inaugura-o-pavillon-municipal-da-sangrina\/","og_site_name":"Concello da Guarda","article_publisher":"https:\/\/www.facebook.com\/ConcellodaGuarda","article_published_time":"2023-01-30T16:34:07+00:00","og_image":[{"width":800,"height":800,"url":"https:\/\/www.aguarda.es\/wp-content\/uploads\/2023\/01\/NP-30012023-INAUGURACION-PAVILLON-DA-SANGRINA-WEB.jpg?_t=1675096448","type":"image\/jpeg"}],"author":"prensa","twitter_card":"summary_large_image","twitter_creator":"@AGuarda_es","twitter_site":"@AGuarda_es","twitter_misc":{"Written by":"prensa","Est. reading time":"3 minutes"},"schema":{"@context":"https:\/\/schema.org","@graph":[{"@type":"WebPage","@id":"https:\/\/www.aguarda.es\/en\/a-guarda-inaugura-o-pavillon-municipal-da-sangrina\/","url":"https:\/\/www.aguarda.es\/en\/a-guarda-inaugura-o-pavillon-municipal-da-sangrina\/","name":"A Guarda inaugura o Pavill\u00f3n Municipal da Sangri\u00f1a - Concello da Guarda","isPartOf":{"@id":"https:\/\/www.aguarda.es\/en\/#website"},"datePublished":"2023-01-30T16:34:07+00:00","dateModified":"2023-01-30T16:34:07+00:00","author":{"@id":"https:\/\/www.aguarda.es\/en\/#\/schema\/person\/c463ca3006858ffb349d11179d044f21"},"description":"O acto de inauguraci\u00f3n celebrouse o pasado s\u00e1bado contando coa participaci\u00f3n de m\u00e1is de 400 persoas","breadcrumb":{"@id":"https:\/\/www.aguarda.es\/en\/a-guarda-inaugura-o-pavillon-municipal-da-sangrina\/#breadcrumb"},"inLanguage":"en-US","potentialAction":[{"@type":"ReadAction","target":["https:\/\/www.aguarda.es\/en\/a-guarda-inaugura-o-pavillon-municipal-da-sangrina\/"]}]},{"@type":"BreadcrumbList","@id":"https:\/\/www.aguarda.es\/en\/a-guarda-inaugura-o-pavillon-municipal-da-sangrina\/#breadcrumb","itemListElement":[{"@type":"ListItem","position":1,"name":"Portada","item":"https:\/\/www.aguarda.es\/en\/"},{"@type":"ListItem","position":2,"name":"A Guarda inaugura o Pavill\u00f3n Municipal da Sangri\u00f1a"}]},{"@type":"WebSite","@id":"https:\/\/www.aguarda.es\/en\/#website","url":"https:\/\/www.aguarda.es\/en\/","name":"Concello da Guarda","description":"P\u00e1xina web do concello da Guarda","potentialAction":[{"@type":"SearchAction","target":{"@type":"EntryPoint","urlTemplate":"https:\/\/www.aguarda.es\/en\/?s={search_term_string}"},"query-input":"required name=search_term_string"}],"inLanguage":"en-US"},{"@type":"Person","@id":"https:\/\/www.aguarda.es\/en\/#\/schema\/person\/c463ca3006858ffb349d11179d044f21","name":"prensa","image":{"@type":"ImageObject","inLanguage":"en-US","@id":"https:\/\/www.aguarda.es\/en\/#\/schema\/person\/image\/","url":"https:\/\/secure.gravatar.com\/avatar\/5f90ef536b0f98306edf5c7a1135ffa1?s=96&d=mm&r=g","contentUrl":"https:\/\/secure.gravatar.com\/avatar\/5f90ef536b0f98306edf5c7a1135ffa1?s=96&d=mm&r=g","caption":"prensa"},"url":"https:\/\/www.aguarda.es\/en\/author\/prensa\/"}]}},"_links":{"self":[{"href":"https:\/\/www.aguarda.es\/en\/wp-json\/wp\/v2\/posts\/27535"}],"collection":[{"href":"https:\/\/www.aguarda.es\/en\/wp-json\/wp\/v2\/posts"}],"about":[{"href":"https:\/\/www.aguarda.es\/en\/wp-json\/wp\/v2\/types\/post"}],"author":[{"embeddable":true,"href":"https:\/\/www.aguarda.es\/en\/wp-json\/wp\/v2\/users\/2"}],"replies":[{"embeddable":true,"href":"https:\/\/www.aguarda.es\/en\/wp-json\/wp\/v2\/comments?post=27535"}],"version-history":[{"count":1,"href":"https:\/\/www.aguarda.es\/en\/wp-json\/wp\/v2\/posts\/27535\/revisions"}],"predecessor-version":[{"id":27538,"href":"https:\/\/www.aguarda.es\/en\/wp-json\/wp\/v2\/posts\/27535\/revisions\/27538"}],"wp:featuredmedia":[{"embeddable":true,"href":"https:\/\/www.aguarda.es\/en\/wp-json\/wp\/v2\/media\/27536"}],"wp:attachment":[{"href":"https:\/\/www.aguarda.es\/en\/wp-json\/wp\/v2\/media?parent=27535"}],"wp:term":[{"taxonomy":"category","embeddable":true,"href":"https:\/\/www.aguarda.es\/en\/wp-json\/wp\/v2\/categories?post=27535"},{"taxonomy":"post_tag","embeddable":true,"href":"https:\/\/www.aguarda.es\/en\/wp-json\/wp\/v2\/tags?post=27535"}],"curies":[{"name":"wp","href":"https:\/\/api.w.org\/{rel}","templated":true}]}}