{"id":27662,"date":"2023-02-27T09:55:09","date_gmt":"2023-02-27T09:55:09","guid":{"rendered":"https:\/\/www.aguarda.es\/?p=27662"},"modified":"2023-02-27T09:55:09","modified_gmt":"2023-02-27T09:55:09","slug":"milleiros-de-persoas-gozaron-do-desfile-de-entroido-2023-na-guarda","status":"publish","type":"post","link":"https:\/\/www.aguarda.es\/en\/milleiros-de-persoas-gozaron-do-desfile-de-entroido-2023-na-guarda\/","title":{"rendered":"Milleiros de persoas gozaron do Desfile de Entroido 2023 na Guarda"},"content":{"rendered":"<p>O Concello da Guarda pechou este pasado domingo d\u00eda 27 de febreiro o Entroido 2023 cun gran Desfile que congregou a numeroso p\u00fablico entre a \u201cEsquina Famosa\u201d e a Alameda da Guarda.<\/p>\n<p>&nbsp;<\/p>\n<p>Despois de varias xornadas de entroido no que non faltaron actividades e programaci\u00f3n para todo tipo de gustos e idades, con m\u00fasica, humor, deporte, propostas infant\u00eds e moito m\u00e1is.<\/p>\n<p>&nbsp;<\/p>\n<p>Malia que o Desfile de Entroido adoita celebrarse o martes, debido a situaci\u00f3n meteorol\u00f3xica desfavorable, este ano foi adiado ata a xornada do domingo, onde milleiros de persoas puideron gozar deste colorido e animado desfile.<\/p>\n<p>&nbsp;<\/p>\n<p>A batucada viguesa \u201cBate no Cobre\u201d foi a encargada de abrir o Desfile de Entroido na Guarda 2023, seguida dos diferentes grupos, carrozas e comparsas participantes, as\u00ed coma tam\u00e9n alg\u00fan participante individual.<\/p>\n<p>&nbsp;<\/p>\n<p>O Alcalde da Guarda, Antonio Lomba, valorou moi positivamente a participaci\u00f3n neste desfile de Entroido, tanto de participantes coma de espectadores, que encheron as r\u00faas da vila nun multitudinario e visual desfile.<\/p>\n<p>&nbsp;<\/p>\n<p>Rafa \u00c1lvarez, Concelleiro de Festas e Festexos Populares, indicou que a programaci\u00f3n deste Entroido na Guarda foi unha programaci\u00f3n moi completa, pensada para gozar do Entroido por todos os veci\u00f1os e veci\u00f1as, agradecendo a implicaci\u00f3n e alta participaci\u00f3n nas diferentes actividades realizadas.<\/p>\n","protected":false},"excerpt":{"rendered":"<p>O Concello da Guarda pechou este pasado domingo d\u00eda 27 de febreiro o Entroido 2023 cun gran Desfile que congregou a numeroso p\u00fablico entre a \u201cEsquina Famosa\u201d e a Alameda da Guarda. &nbsp; Despois de varias xornadas de entroido no &hellip; <\/p>\n","protected":false},"author":2,"featured_media":27663,"comment_status":"open","ping_status":"open","sticky":false,"template":"","format":"standard","meta":[],"categories":[34],"tags":[226,1680,828],"yoast_head":"<!-- This site is optimized with the Yoast SEO plugin v21.1 - https:\/\/yoast.com\/wordpress\/plugins\/seo\/ -->\n<title>Milleiros de persoas gozaron do Desfile de Entroido 2023 na Guarda - Concello da Guarda<\/title>\n<meta name=\"description\" content=\"\u2022 Despois de ser adiado pola meteorolox\u00eda adversa, o domingo A Guarda pechou o Entroido 2023 cun gran Desfile.\" \/>\n<meta name=\"robots\" content=\"index, follow, max-snippet:-1, max-image-preview:large, max-video-preview:-1\" \/>\n<link rel=\"canonical\" href=\"https:\/\/www.aguarda.es\/en\/milleiros-de-persoas-gozaron-do-desfile-de-entroido-2023-na-guarda\/\" \/>\n<meta property=\"og:locale\" content=\"en_US\" \/>\n<meta property=\"og:type\" content=\"article\" \/>\n<meta property=\"og:title\" content=\"Milleiros de persoas gozaron do Desfile de Entroido 2023 na Guarda - Concello da Guarda\" \/>\n<meta property=\"og:description\" content=\"\u2022 Despois de ser adiado pola meteorolox\u00eda adversa, o domingo A Guarda pechou o Entroido 2023 cun gran Desfile.\" \/>\n<meta property=\"og:url\" content=\"https:\/\/www.aguarda.es\/en\/milleiros-de-persoas-gozaron-do-desfile-de-entroido-2023-na-guarda\/\" \/>\n<meta property=\"og:site_name\" content=\"Concello da Guarda\" \/>\n<meta property=\"article:publisher\" content=\"https:\/\/www.facebook.com\/ConcellodaGuarda\" \/>\n<meta property=\"article:published_time\" content=\"2023-02-27T09:55:09+00:00\" \/>\n<meta property=\"og:image\" content=\"https:\/\/www.aguarda.es\/wp-content\/uploads\/2023\/02\/WEB.jpg?_t=1677491710\" \/>\n\t<meta property=\"og:image:width\" content=\"800\" \/>\n\t<meta property=\"og:image:height\" content=\"800\" \/>\n\t<meta property=\"og:image:type\" content=\"image\/jpeg\" \/>\n<meta name=\"author\" content=\"prensa\" \/>\n<meta name=\"twitter:card\" content=\"summary_large_image\" \/>\n<meta name=\"twitter:creator\" content=\"@AGuarda_es\" \/>\n<meta name=\"twitter:site\" content=\"@AGuarda_es\" \/>\n<meta name=\"twitter:label1\" content=\"Written by\" \/>\n\t<meta name=\"twitter:data1\" content=\"prensa\" \/>\n\t<meta name=\"twitter:label2\" content=\"Est. reading time\" \/>\n\t<meta name=\"twitter:data2\" content=\"2 minutes\" \/>\n<script type=\"application\/ld+json\" class=\"yoast-schema-graph\">{\"@context\":\"https:\/\/schema.org\",\"@graph\":[{\"@type\":\"WebPage\",\"@id\":\"https:\/\/www.aguarda.es\/en\/milleiros-de-persoas-gozaron-do-desfile-de-entroido-2023-na-guarda\/\",\"url\":\"https:\/\/www.aguarda.es\/en\/milleiros-de-persoas-gozaron-do-desfile-de-entroido-2023-na-guarda\/\",\"name\":\"Milleiros de persoas gozaron do Desfile de Entroido 2023 na Guarda - Concello da Guarda\",\"isPartOf\":{\"@id\":\"https:\/\/www.aguarda.es\/en\/#website\"},\"datePublished\":\"2023-02-27T09:55:09+00:00\",\"dateModified\":\"2023-02-27T09:55:09+00:00\",\"author\":{\"@id\":\"https:\/\/www.aguarda.es\/en\/#\/schema\/person\/c463ca3006858ffb349d11179d044f21\"},\"description\":\"\u2022 Despois de ser adiado pola meteorolox\u00eda adversa, o domingo A Guarda pechou o Entroido 2023 cun gran Desfile.\",\"breadcrumb\":{\"@id\":\"https:\/\/www.aguarda.es\/en\/milleiros-de-persoas-gozaron-do-desfile-de-entroido-2023-na-guarda\/#breadcrumb\"},\"inLanguage\":\"en-US\",\"potentialAction\":[{\"@type\":\"ReadAction\",\"target\":[\"https:\/\/www.aguarda.es\/en\/milleiros-de-persoas-gozaron-do-desfile-de-entroido-2023-na-guarda\/\"]}]},{\"@type\":\"BreadcrumbList\",\"@id\":\"https:\/\/www.aguarda.es\/en\/milleiros-de-persoas-gozaron-do-desfile-de-entroido-2023-na-guarda\/#breadcrumb\",\"itemListElement\":[{\"@type\":\"ListItem\",\"position\":1,\"name\":\"Portada\",\"item\":\"https:\/\/www.aguarda.es\/en\/\"},{\"@type\":\"ListItem\",\"position\":2,\"name\":\"Milleiros de persoas gozaron do Desfile de Entroido 2023 na Guarda\"}]},{\"@type\":\"WebSite\",\"@id\":\"https:\/\/www.aguarda.es\/en\/#website\",\"url\":\"https:\/\/www.aguarda.es\/en\/\",\"name\":\"Concello da Guarda\",\"description\":\"P\u00e1xina web do concello da Guarda\",\"potentialAction\":[{\"@type\":\"SearchAction\",\"target\":{\"@type\":\"EntryPoint\",\"urlTemplate\":\"https:\/\/www.aguarda.es\/en\/?s={search_term_string}\"},\"query-input\":\"required name=search_term_string\"}],\"inLanguage\":\"en-US\"},{\"@type\":\"Person\",\"@id\":\"https:\/\/www.aguarda.es\/en\/#\/schema\/person\/c463ca3006858ffb349d11179d044f21\",\"name\":\"prensa\",\"image\":{\"@type\":\"ImageObject\",\"inLanguage\":\"en-US\",\"@id\":\"https:\/\/www.aguarda.es\/en\/#\/schema\/person\/image\/\",\"url\":\"https:\/\/secure.gravatar.com\/avatar\/5f90ef536b0f98306edf5c7a1135ffa1?s=96&d=mm&r=g\",\"contentUrl\":\"https:\/\/secure.gravatar.com\/avatar\/5f90ef536b0f98306edf5c7a1135ffa1?s=96&d=mm&r=g\",\"caption\":\"prensa\"},\"url\":\"https:\/\/www.aguarda.es\/en\/author\/prensa\/\"}]}<\/script>\n<!-- \/ Yoast SEO plugin. -->","yoast_head_json":{"title":"Milleiros de persoas gozaron do Desfile de Entroido 2023 na Guarda - Concello da Guarda","description":"\u2022 Despois de ser adiado pola meteorolox\u00eda adversa, o domingo A Guarda pechou o Entroido 2023 cun gran Desfile.","robots":{"index":"index","follow":"follow","max-snippet":"max-snippet:-1","max-image-preview":"max-image-preview:large","max-video-preview":"max-video-preview:-1"},"canonical":"https:\/\/www.aguarda.es\/en\/milleiros-de-persoas-gozaron-do-desfile-de-entroido-2023-na-guarda\/","og_locale":"en_US","og_type":"article","og_title":"Milleiros de persoas gozaron do Desfile de Entroido 2023 na Guarda - Concello da Guarda","og_description":"\u2022 Despois de ser adiado pola meteorolox\u00eda adversa, o domingo A Guarda pechou o Entroido 2023 cun gran Desfile.","og_url":"https:\/\/www.aguarda.es\/en\/milleiros-de-persoas-gozaron-do-desfile-de-entroido-2023-na-guarda\/","og_site_name":"Concello da Guarda","article_publisher":"https:\/\/www.facebook.com\/ConcellodaGuarda","article_published_time":"2023-02-27T09:55:09+00:00","og_image":[{"width":800,"height":800,"url":"https:\/\/www.aguarda.es\/wp-content\/uploads\/2023\/02\/WEB.jpg?_t=1677491710","type":"image\/jpeg"}],"author":"prensa","twitter_card":"summary_large_image","twitter_creator":"@AGuarda_es","twitter_site":"@AGuarda_es","twitter_misc":{"Written by":"prensa","Est. reading time":"2 minutes"},"schema":{"@context":"https:\/\/schema.org","@graph":[{"@type":"WebPage","@id":"https:\/\/www.aguarda.es\/en\/milleiros-de-persoas-gozaron-do-desfile-de-entroido-2023-na-guarda\/","url":"https:\/\/www.aguarda.es\/en\/milleiros-de-persoas-gozaron-do-desfile-de-entroido-2023-na-guarda\/","name":"Milleiros de persoas gozaron do Desfile de Entroido 2023 na Guarda - Concello da Guarda","isPartOf":{"@id":"https:\/\/www.aguarda.es\/en\/#website"},"datePublished":"2023-02-27T09:55:09+00:00","dateModified":"2023-02-27T09:55:09+00:00","author":{"@id":"https:\/\/www.aguarda.es\/en\/#\/schema\/person\/c463ca3006858ffb349d11179d044f21"},"description":"\u2022 Despois de ser adiado pola meteorolox\u00eda adversa, o domingo A Guarda pechou o Entroido 2023 cun gran Desfile.","breadcrumb":{"@id":"https:\/\/www.aguarda.es\/en\/milleiros-de-persoas-gozaron-do-desfile-de-entroido-2023-na-guarda\/#breadcrumb"},"inLanguage":"en-US","potentialAction":[{"@type":"ReadAction","target":["https:\/\/www.aguarda.es\/en\/milleiros-de-persoas-gozaron-do-desfile-de-entroido-2023-na-guarda\/"]}]},{"@type":"BreadcrumbList","@id":"https:\/\/www.aguarda.es\/en\/milleiros-de-persoas-gozaron-do-desfile-de-entroido-2023-na-guarda\/#breadcrumb","itemListElement":[{"@type":"ListItem","position":1,"name":"Portada","item":"https:\/\/www.aguarda.es\/en\/"},{"@type":"ListItem","position":2,"name":"Milleiros de persoas gozaron do Desfile de Entroido 2023 na Guarda"}]},{"@type":"WebSite","@id":"https:\/\/www.aguarda.es\/en\/#website","url":"https:\/\/www.aguarda.es\/en\/","name":"Concello da Guarda","description":"P\u00e1xina web do concello da Guarda","potentialAction":[{"@type":"SearchAction","target":{"@type":"EntryPoint","urlTemplate":"https:\/\/www.aguarda.es\/en\/?s={search_term_string}"},"query-input":"required name=search_term_string"}],"inLanguage":"en-US"},{"@type":"Person","@id":"https:\/\/www.aguarda.es\/en\/#\/schema\/person\/c463ca3006858ffb349d11179d044f21","name":"prensa","image":{"@type":"ImageObject","inLanguage":"en-US","@id":"https:\/\/www.aguarda.es\/en\/#\/schema\/person\/image\/","url":"https:\/\/secure.gravatar.com\/avatar\/5f90ef536b0f98306edf5c7a1135ffa1?s=96&d=mm&r=g","contentUrl":"https:\/\/secure.gravatar.com\/avatar\/5f90ef536b0f98306edf5c7a1135ffa1?s=96&d=mm&r=g","caption":"prensa"},"url":"https:\/\/www.aguarda.es\/en\/author\/prensa\/"}]}},"_links":{"self":[{"href":"https:\/\/www.aguarda.es\/en\/wp-json\/wp\/v2\/posts\/27662"}],"collection":[{"href":"https:\/\/www.aguarda.es\/en\/wp-json\/wp\/v2\/posts"}],"about":[{"href":"https:\/\/www.aguarda.es\/en\/wp-json\/wp\/v2\/types\/post"}],"author":[{"embeddable":true,"href":"https:\/\/www.aguarda.es\/en\/wp-json\/wp\/v2\/users\/2"}],"replies":[{"embeddable":true,"href":"https:\/\/www.aguarda.es\/en\/wp-json\/wp\/v2\/comments?post=27662"}],"version-history":[{"count":1,"href":"https:\/\/www.aguarda.es\/en\/wp-json\/wp\/v2\/posts\/27662\/revisions"}],"predecessor-version":[{"id":27665,"href":"https:\/\/www.aguarda.es\/en\/wp-json\/wp\/v2\/posts\/27662\/revisions\/27665"}],"wp:featuredmedia":[{"embeddable":true,"href":"https:\/\/www.aguarda.es\/en\/wp-json\/wp\/v2\/media\/27663"}],"wp:attachment":[{"href":"https:\/\/www.aguarda.es\/en\/wp-json\/wp\/v2\/media?parent=27662"}],"wp:term":[{"taxonomy":"category","embeddable":true,"href":"https:\/\/www.aguarda.es\/en\/wp-json\/wp\/v2\/categories?post=27662"},{"taxonomy":"post_tag","embeddable":true,"href":"https:\/\/www.aguarda.es\/en\/wp-json\/wp\/v2\/tags?post=27662"}],"curies":[{"name":"wp","href":"https:\/\/api.w.org\/{rel}","templated":true}]}}