{"id":27692,"date":"2023-03-06T12:43:55","date_gmt":"2023-03-06T12:43:55","guid":{"rendered":"https:\/\/www.aguarda.es\/?p=27692"},"modified":"2023-03-06T15:42:12","modified_gmt":"2023-03-06T15:42:12","slug":"alumnado-do-colexio-pp-somascos-crean-no-monte-santa-trega-o-espazo-revirando","status":"publish","type":"post","link":"https:\/\/www.aguarda.es\/en\/alumnado-do-colexio-pp-somascos-crean-no-monte-santa-trega-o-espazo-revirando\/","title":{"rendered":"Alumnado do Colexio PP Somascos crean no Monte Santa Trega o \u201cEspazo Revirando\u201d"},"content":{"rendered":"<ul>\n<li><strong><em>A acci\u00f3n medioambiental, enmarcada dentro da carreira Revirando, tivo lugar o pasado xoves d\u00eda 3 de marzo.<\/em><\/strong><\/li>\n<\/ul>\n<p>&nbsp;<\/p>\n<p>O pasado xoves d\u00eda 3 de marzo, dentro das acci\u00f3ns da carreira Revirando, realizouse unha actividade medioambiental \u00e1 que asistiron alumnos do Colexio PP Somascos da Guarda acompa\u00f1ados de equipo docente e da concelleira Montserrat Magallanes.<\/p>\n<p>&nbsp;<\/p>\n<p>O alumnado do Colexio PP Somascos \u201cfixo feliz ao polbo\u201d imaxe da iniciativa Revirando, xa que levaron a cabo unha plantaci\u00f3n no Parque \u201cPai Baltasar Merino\u201d na zona de Chans do Monte Santa Trega, creando deste xeito o \u201cEspazo Revirando\u201d.<\/p>\n<p>&nbsp;<\/p>\n<p>En palabras de David Alonso, do equipo docente do Colexio PP Somascos e impulsor desta actividade, \u201co polvo de Revirando ten moitos tent\u00e1culos, e o da natureza \u00e9 un moi importante.<\/p>\n<p>&nbsp;<\/p>\n<p>Na actividade do pasado xoves plant\u00e1ronse diferentes especies arb\u00f3reas coma carballos, \u00e1rbores con moita sa\u00fade, como a carreira Revirando, da que proximamente anunciaranse novidades.<\/p>\n<p>&nbsp;<\/p>\n<p>Tam\u00e9n se colocou no parque \u201cPai Baltasar Merino\u201d un fermoso atril de madeira coa imaxe do \u201cpolbo Revirando para inmortalizar a visita.<\/p>\n<p>&nbsp;<\/p>\n<p>Nesta acci\u00f3n medioambiental colaborou a Comunidade de Montes de Camposancos, que cedeu os terreos e axudou nas tarefas de plantaci\u00f3n, as\u00ed coma o concello da Guarda, que doou os \u00e1rbores plantados e Viveiros Tollo que doou diferentes plantas para embelecer a zona.<\/p>\n","protected":false},"excerpt":{"rendered":"<p>A acci\u00f3n medioambiental, enmarcada dentro da carreira Revirando, tivo lugar o pasado xoves d\u00eda 3 de marzo. &nbsp; O pasado xoves d\u00eda 3 de marzo, dentro das acci\u00f3ns da carreira Revirando, realizouse unha actividade medioambiental \u00e1 que asistiron alumnos do &hellip; <\/p>\n","protected":false},"author":2,"featured_media":27693,"comment_status":"open","ping_status":"open","sticky":false,"template":"","format":"standard","meta":[],"categories":[40],"tags":[226,3008,227,3009,2747,275],"yoast_head":"<!-- This site is optimized with the Yoast SEO plugin v21.1 - https:\/\/yoast.com\/wordpress\/plugins\/seo\/ -->\n<title>Alumnado do Colexio PP Somascos crean no Monte Santa Trega o \u201cEspazo Revirando\u201d - Concello da Guarda<\/title>\n<meta name=\"description\" content=\"A acci\u00f3n medioambiental, enmarcada dentro da carreira Revirando, tivo lugar o pasado xoves d\u00eda 3 de marzo.\" \/>\n<meta name=\"robots\" content=\"index, follow, max-snippet:-1, max-image-preview:large, max-video-preview:-1\" \/>\n<link rel=\"canonical\" href=\"https:\/\/www.aguarda.es\/en\/alumnado-do-colexio-pp-somascos-crean-no-monte-santa-trega-o-espazo-revirando\/\" \/>\n<meta property=\"og:locale\" content=\"en_US\" \/>\n<meta property=\"og:type\" content=\"article\" \/>\n<meta property=\"og:title\" content=\"Alumnado do Colexio PP Somascos crean no Monte Santa Trega o \u201cEspazo Revirando\u201d - Concello da Guarda\" \/>\n<meta property=\"og:description\" content=\"A acci\u00f3n medioambiental, enmarcada dentro da carreira Revirando, tivo lugar o pasado xoves d\u00eda 3 de marzo.\" \/>\n<meta property=\"og:url\" content=\"https:\/\/www.aguarda.es\/en\/alumnado-do-colexio-pp-somascos-crean-no-monte-santa-trega-o-espazo-revirando\/\" \/>\n<meta property=\"og:site_name\" content=\"Concello da Guarda\" \/>\n<meta property=\"article:publisher\" content=\"https:\/\/www.facebook.com\/ConcellodaGuarda\" \/>\n<meta property=\"article:published_time\" content=\"2023-03-06T12:43:55+00:00\" \/>\n<meta property=\"article:modified_time\" content=\"2023-03-06T15:42:12+00:00\" \/>\n<meta property=\"og:image\" content=\"https:\/\/www.aguarda.es\/wp-content\/uploads\/2023\/03\/NP-06032023-Alumnado-do-Colexio-PP-Somascos-crean-no-Monte-Santa-Trega-o-Espazo-Revirando-1.jpg?_t=1678117333\" \/>\n\t<meta property=\"og:image:width\" content=\"800\" \/>\n\t<meta property=\"og:image:height\" content=\"601\" \/>\n\t<meta property=\"og:image:type\" content=\"image\/jpeg\" \/>\n<meta name=\"author\" content=\"prensa\" \/>\n<meta name=\"twitter:card\" content=\"summary_large_image\" \/>\n<meta name=\"twitter:creator\" content=\"@AGuarda_es\" \/>\n<meta name=\"twitter:site\" content=\"@AGuarda_es\" \/>\n<meta name=\"twitter:label1\" content=\"Written by\" \/>\n\t<meta name=\"twitter:data1\" content=\"prensa\" \/>\n\t<meta name=\"twitter:label2\" content=\"Est. reading time\" \/>\n\t<meta name=\"twitter:data2\" content=\"2 minutes\" \/>\n<script type=\"application\/ld+json\" class=\"yoast-schema-graph\">{\"@context\":\"https:\/\/schema.org\",\"@graph\":[{\"@type\":\"WebPage\",\"@id\":\"https:\/\/www.aguarda.es\/en\/alumnado-do-colexio-pp-somascos-crean-no-monte-santa-trega-o-espazo-revirando\/\",\"url\":\"https:\/\/www.aguarda.es\/en\/alumnado-do-colexio-pp-somascos-crean-no-monte-santa-trega-o-espazo-revirando\/\",\"name\":\"Alumnado do Colexio PP Somascos crean no Monte Santa Trega o \u201cEspazo Revirando\u201d - Concello da Guarda\",\"isPartOf\":{\"@id\":\"https:\/\/www.aguarda.es\/en\/#website\"},\"datePublished\":\"2023-03-06T12:43:55+00:00\",\"dateModified\":\"2023-03-06T15:42:12+00:00\",\"author\":{\"@id\":\"https:\/\/www.aguarda.es\/en\/#\/schema\/person\/c463ca3006858ffb349d11179d044f21\"},\"description\":\"A acci\u00f3n medioambiental, enmarcada dentro da carreira Revirando, tivo lugar o pasado xoves d\u00eda 3 de marzo.\",\"breadcrumb\":{\"@id\":\"https:\/\/www.aguarda.es\/en\/alumnado-do-colexio-pp-somascos-crean-no-monte-santa-trega-o-espazo-revirando\/#breadcrumb\"},\"inLanguage\":\"en-US\",\"potentialAction\":[{\"@type\":\"ReadAction\",\"target\":[\"https:\/\/www.aguarda.es\/en\/alumnado-do-colexio-pp-somascos-crean-no-monte-santa-trega-o-espazo-revirando\/\"]}]},{\"@type\":\"BreadcrumbList\",\"@id\":\"https:\/\/www.aguarda.es\/en\/alumnado-do-colexio-pp-somascos-crean-no-monte-santa-trega-o-espazo-revirando\/#breadcrumb\",\"itemListElement\":[{\"@type\":\"ListItem\",\"position\":1,\"name\":\"Portada\",\"item\":\"https:\/\/www.aguarda.es\/en\/\"},{\"@type\":\"ListItem\",\"position\":2,\"name\":\"Alumnado do Colexio PP Somascos crean no Monte Santa Trega o \u201cEspazo Revirando\u201d\"}]},{\"@type\":\"WebSite\",\"@id\":\"https:\/\/www.aguarda.es\/en\/#website\",\"url\":\"https:\/\/www.aguarda.es\/en\/\",\"name\":\"Concello da Guarda\",\"description\":\"P\u00e1xina web do concello da Guarda\",\"potentialAction\":[{\"@type\":\"SearchAction\",\"target\":{\"@type\":\"EntryPoint\",\"urlTemplate\":\"https:\/\/www.aguarda.es\/en\/?s={search_term_string}\"},\"query-input\":\"required name=search_term_string\"}],\"inLanguage\":\"en-US\"},{\"@type\":\"Person\",\"@id\":\"https:\/\/www.aguarda.es\/en\/#\/schema\/person\/c463ca3006858ffb349d11179d044f21\",\"name\":\"prensa\",\"image\":{\"@type\":\"ImageObject\",\"inLanguage\":\"en-US\",\"@id\":\"https:\/\/www.aguarda.es\/en\/#\/schema\/person\/image\/\",\"url\":\"https:\/\/secure.gravatar.com\/avatar\/5f90ef536b0f98306edf5c7a1135ffa1?s=96&d=mm&r=g\",\"contentUrl\":\"https:\/\/secure.gravatar.com\/avatar\/5f90ef536b0f98306edf5c7a1135ffa1?s=96&d=mm&r=g\",\"caption\":\"prensa\"},\"url\":\"https:\/\/www.aguarda.es\/en\/author\/prensa\/\"}]}<\/script>\n<!-- \/ Yoast SEO plugin. -->","yoast_head_json":{"title":"Alumnado do Colexio PP Somascos crean no Monte Santa Trega o \u201cEspazo Revirando\u201d - Concello da Guarda","description":"A acci\u00f3n medioambiental, enmarcada dentro da carreira Revirando, tivo lugar o pasado xoves d\u00eda 3 de marzo.","robots":{"index":"index","follow":"follow","max-snippet":"max-snippet:-1","max-image-preview":"max-image-preview:large","max-video-preview":"max-video-preview:-1"},"canonical":"https:\/\/www.aguarda.es\/en\/alumnado-do-colexio-pp-somascos-crean-no-monte-santa-trega-o-espazo-revirando\/","og_locale":"en_US","og_type":"article","og_title":"Alumnado do Colexio PP Somascos crean no Monte Santa Trega o \u201cEspazo Revirando\u201d - Concello da Guarda","og_description":"A acci\u00f3n medioambiental, enmarcada dentro da carreira Revirando, tivo lugar o pasado xoves d\u00eda 3 de marzo.","og_url":"https:\/\/www.aguarda.es\/en\/alumnado-do-colexio-pp-somascos-crean-no-monte-santa-trega-o-espazo-revirando\/","og_site_name":"Concello da Guarda","article_publisher":"https:\/\/www.facebook.com\/ConcellodaGuarda","article_published_time":"2023-03-06T12:43:55+00:00","article_modified_time":"2023-03-06T15:42:12+00:00","og_image":[{"width":800,"height":601,"url":"https:\/\/www.aguarda.es\/wp-content\/uploads\/2023\/03\/NP-06032023-Alumnado-do-Colexio-PP-Somascos-crean-no-Monte-Santa-Trega-o-Espazo-Revirando-1.jpg?_t=1678117333","type":"image\/jpeg"}],"author":"prensa","twitter_card":"summary_large_image","twitter_creator":"@AGuarda_es","twitter_site":"@AGuarda_es","twitter_misc":{"Written by":"prensa","Est. reading time":"2 minutes"},"schema":{"@context":"https:\/\/schema.org","@graph":[{"@type":"WebPage","@id":"https:\/\/www.aguarda.es\/en\/alumnado-do-colexio-pp-somascos-crean-no-monte-santa-trega-o-espazo-revirando\/","url":"https:\/\/www.aguarda.es\/en\/alumnado-do-colexio-pp-somascos-crean-no-monte-santa-trega-o-espazo-revirando\/","name":"Alumnado do Colexio PP Somascos crean no Monte Santa Trega o \u201cEspazo Revirando\u201d - Concello da Guarda","isPartOf":{"@id":"https:\/\/www.aguarda.es\/en\/#website"},"datePublished":"2023-03-06T12:43:55+00:00","dateModified":"2023-03-06T15:42:12+00:00","author":{"@id":"https:\/\/www.aguarda.es\/en\/#\/schema\/person\/c463ca3006858ffb349d11179d044f21"},"description":"A acci\u00f3n medioambiental, enmarcada dentro da carreira Revirando, tivo lugar o pasado xoves d\u00eda 3 de marzo.","breadcrumb":{"@id":"https:\/\/www.aguarda.es\/en\/alumnado-do-colexio-pp-somascos-crean-no-monte-santa-trega-o-espazo-revirando\/#breadcrumb"},"inLanguage":"en-US","potentialAction":[{"@type":"ReadAction","target":["https:\/\/www.aguarda.es\/en\/alumnado-do-colexio-pp-somascos-crean-no-monte-santa-trega-o-espazo-revirando\/"]}]},{"@type":"BreadcrumbList","@id":"https:\/\/www.aguarda.es\/en\/alumnado-do-colexio-pp-somascos-crean-no-monte-santa-trega-o-espazo-revirando\/#breadcrumb","itemListElement":[{"@type":"ListItem","position":1,"name":"Portada","item":"https:\/\/www.aguarda.es\/en\/"},{"@type":"ListItem","position":2,"name":"Alumnado do Colexio PP Somascos crean no Monte Santa Trega o \u201cEspazo Revirando\u201d"}]},{"@type":"WebSite","@id":"https:\/\/www.aguarda.es\/en\/#website","url":"https:\/\/www.aguarda.es\/en\/","name":"Concello da Guarda","description":"P\u00e1xina web do concello da Guarda","potentialAction":[{"@type":"SearchAction","target":{"@type":"EntryPoint","urlTemplate":"https:\/\/www.aguarda.es\/en\/?s={search_term_string}"},"query-input":"required name=search_term_string"}],"inLanguage":"en-US"},{"@type":"Person","@id":"https:\/\/www.aguarda.es\/en\/#\/schema\/person\/c463ca3006858ffb349d11179d044f21","name":"prensa","image":{"@type":"ImageObject","inLanguage":"en-US","@id":"https:\/\/www.aguarda.es\/en\/#\/schema\/person\/image\/","url":"https:\/\/secure.gravatar.com\/avatar\/5f90ef536b0f98306edf5c7a1135ffa1?s=96&d=mm&r=g","contentUrl":"https:\/\/secure.gravatar.com\/avatar\/5f90ef536b0f98306edf5c7a1135ffa1?s=96&d=mm&r=g","caption":"prensa"},"url":"https:\/\/www.aguarda.es\/en\/author\/prensa\/"}]}},"_links":{"self":[{"href":"https:\/\/www.aguarda.es\/en\/wp-json\/wp\/v2\/posts\/27692"}],"collection":[{"href":"https:\/\/www.aguarda.es\/en\/wp-json\/wp\/v2\/posts"}],"about":[{"href":"https:\/\/www.aguarda.es\/en\/wp-json\/wp\/v2\/types\/post"}],"author":[{"embeddable":true,"href":"https:\/\/www.aguarda.es\/en\/wp-json\/wp\/v2\/users\/2"}],"replies":[{"embeddable":true,"href":"https:\/\/www.aguarda.es\/en\/wp-json\/wp\/v2\/comments?post=27692"}],"version-history":[{"count":2,"href":"https:\/\/www.aguarda.es\/en\/wp-json\/wp\/v2\/posts\/27692\/revisions"}],"predecessor-version":[{"id":27702,"href":"https:\/\/www.aguarda.es\/en\/wp-json\/wp\/v2\/posts\/27692\/revisions\/27702"}],"wp:featuredmedia":[{"embeddable":true,"href":"https:\/\/www.aguarda.es\/en\/wp-json\/wp\/v2\/media\/27693"}],"wp:attachment":[{"href":"https:\/\/www.aguarda.es\/en\/wp-json\/wp\/v2\/media?parent=27692"}],"wp:term":[{"taxonomy":"category","embeddable":true,"href":"https:\/\/www.aguarda.es\/en\/wp-json\/wp\/v2\/categories?post=27692"},{"taxonomy":"post_tag","embeddable":true,"href":"https:\/\/www.aguarda.es\/en\/wp-json\/wp\/v2\/tags?post=27692"}],"curies":[{"name":"wp","href":"https:\/\/api.w.org\/{rel}","templated":true}]}}