{"id":27696,"date":"2023-03-06T14:19:10","date_gmt":"2023-03-06T14:19:10","guid":{"rendered":"https:\/\/www.aguarda.es\/?p=27696"},"modified":"2023-03-06T14:20:57","modified_gmt":"2023-03-06T14:20:57","slug":"a-guarda-acolle-este-venres-a-xiv-gala-do-deporte","status":"publish","type":"post","link":"https:\/\/www.aguarda.es\/en\/a-guarda-acolle-este-venres-a-xiv-gala-do-deporte\/","title":{"rendered":"A Guarda acolle este venres a XIV Gala do Deporte"},"content":{"rendered":"<ul>\n<li><em><strong>O venres d\u00eda 10 de marzo \u00e1s 20:30h no Sal\u00f3n de actos do Centro Cultural da Guarda.<\/strong><\/em><\/li>\n<\/ul>\n<p>O Centro Cultural da Guarda ser\u00e1 o escenario o vindeiro venres d\u00eda 10 de marzo da gran festa do deporte guard\u00e9s coa celebraci\u00f3n da XIV edici\u00f3n da Gala do Deporte.<\/p>\n<p>Neste evento reco\u00f1eceranse os logros e m\u00e9ritos deportivos acadados durante o pasado ano polos deportistas, os clubs e as entidades deportivas da Guarda, po\u00f1endo as\u00ed en valor o traballo, esforzo e compromiso das numerosas persoas que forman parte do \u00e1mbito deportivo local.<\/p>\n<p>A gala, que comezar\u00e1 <strong>\u00e1s 20:30 horas no Centro Cultural<\/strong>, estar\u00e1 presentada polo xornalista Terio Carrera, e est\u00e1n convidadas todas as asociaci\u00f3ns, clubs e deportistas individuais da Guarda, as\u00ed como <strong>todas aquelas persoas que desexen achegarse e participar na xornada de celebraci\u00f3n<\/strong> e xuntanza do deporte guard\u00e9s.<\/p>\n<p>&nbsp;<\/p>\n<p>En palabras de Montserrat Magallanes, Concelleira de Deportes, \u201cesta edici\u00f3n ser\u00e1 a Gran Festa do Deporte na que se vai a reco\u00f1ecer o traballo, esforzo e implicaci\u00f3n dos clubs, entidades deportivas e deportistas individuais. Queremos que o deporte guard\u00e9s viva e desfrute dun gran evento para visibilizar o enorme traballo desenvolvido, a importancia do deporte base na formaci\u00f3n dos nosos rapaces e rapazas e os beneficios que para a sa\u00fade reporta a pr\u00e1ctica deportiva. Seguir promocionando o deporte aporta m\u00faltiples beneficios \u00e1 sociedade guardesa.\u201d<\/p>\n","protected":false},"excerpt":{"rendered":"<p>O venres d\u00eda 10 de marzo \u00e1s 20:30h no Sal\u00f3n de actos do Centro Cultural da Guarda. O Centro Cultural da Guarda ser\u00e1 o escenario o vindeiro venres d\u00eda 10 de marzo da gran festa do deporte guard\u00e9s coa celebraci\u00f3n &hellip; <\/p>\n","protected":false},"author":2,"featured_media":27697,"comment_status":"open","ping_status":"open","sticky":false,"template":"","format":"standard","meta":[],"categories":[35],"tags":[226,276,1633,3010],"yoast_head":"<!-- This site is optimized with the Yoast SEO plugin v21.1 - https:\/\/yoast.com\/wordpress\/plugins\/seo\/ -->\n<title>A Guarda acolle este venres a XIV Gala do Deporte - Concello da Guarda<\/title>\n<meta name=\"description\" content=\"O venres d\u00eda 10 de marzo \u00e1s 20:30h no Sal\u00f3n de actos do Centro Cultural da Guarda.\" \/>\n<meta name=\"robots\" content=\"index, follow, max-snippet:-1, max-image-preview:large, max-video-preview:-1\" \/>\n<link rel=\"canonical\" href=\"https:\/\/www.aguarda.es\/en\/a-guarda-acolle-este-venres-a-xiv-gala-do-deporte\/\" \/>\n<meta property=\"og:locale\" content=\"en_US\" \/>\n<meta property=\"og:type\" content=\"article\" \/>\n<meta property=\"og:title\" content=\"A Guarda acolle este venres a XIV Gala do Deporte - Concello da Guarda\" \/>\n<meta property=\"og:description\" content=\"O venres d\u00eda 10 de marzo \u00e1s 20:30h no Sal\u00f3n de actos do Centro Cultural da Guarda.\" \/>\n<meta property=\"og:url\" content=\"https:\/\/www.aguarda.es\/en\/a-guarda-acolle-este-venres-a-xiv-gala-do-deporte\/\" \/>\n<meta property=\"og:site_name\" content=\"Concello da Guarda\" \/>\n<meta property=\"article:publisher\" content=\"https:\/\/www.facebook.com\/ConcellodaGuarda\" \/>\n<meta property=\"article:published_time\" content=\"2023-03-06T14:19:10+00:00\" \/>\n<meta property=\"article:modified_time\" content=\"2023-03-06T14:20:57+00:00\" \/>\n<meta property=\"og:image\" content=\"https:\/\/www.aguarda.es\/wp-content\/uploads\/2023\/03\/NP-06032023-A-Guarda-acolle-este-venres-a-XIV-Gala-do-Deporte.jpg?_t=1678112458\" \/>\n\t<meta property=\"og:image:width\" content=\"800\" \/>\n\t<meta property=\"og:image:height\" content=\"1132\" \/>\n\t<meta property=\"og:image:type\" content=\"image\/jpeg\" \/>\n<meta name=\"author\" content=\"prensa\" \/>\n<meta name=\"twitter:card\" content=\"summary_large_image\" \/>\n<meta name=\"twitter:creator\" content=\"@AGuarda_es\" \/>\n<meta name=\"twitter:site\" content=\"@AGuarda_es\" \/>\n<meta name=\"twitter:label1\" content=\"Written by\" \/>\n\t<meta name=\"twitter:data1\" content=\"prensa\" \/>\n\t<meta name=\"twitter:label2\" content=\"Est. reading time\" \/>\n\t<meta name=\"twitter:data2\" content=\"2 minutes\" \/>\n<script type=\"application\/ld+json\" class=\"yoast-schema-graph\">{\"@context\":\"https:\/\/schema.org\",\"@graph\":[{\"@type\":\"WebPage\",\"@id\":\"https:\/\/www.aguarda.es\/en\/a-guarda-acolle-este-venres-a-xiv-gala-do-deporte\/\",\"url\":\"https:\/\/www.aguarda.es\/en\/a-guarda-acolle-este-venres-a-xiv-gala-do-deporte\/\",\"name\":\"A Guarda acolle este venres a XIV Gala do Deporte - Concello da Guarda\",\"isPartOf\":{\"@id\":\"https:\/\/www.aguarda.es\/en\/#website\"},\"datePublished\":\"2023-03-06T14:19:10+00:00\",\"dateModified\":\"2023-03-06T14:20:57+00:00\",\"author\":{\"@id\":\"https:\/\/www.aguarda.es\/en\/#\/schema\/person\/c463ca3006858ffb349d11179d044f21\"},\"description\":\"O venres d\u00eda 10 de marzo \u00e1s 20:30h no Sal\u00f3n de actos do Centro Cultural da Guarda.\",\"breadcrumb\":{\"@id\":\"https:\/\/www.aguarda.es\/en\/a-guarda-acolle-este-venres-a-xiv-gala-do-deporte\/#breadcrumb\"},\"inLanguage\":\"en-US\",\"potentialAction\":[{\"@type\":\"ReadAction\",\"target\":[\"https:\/\/www.aguarda.es\/en\/a-guarda-acolle-este-venres-a-xiv-gala-do-deporte\/\"]}]},{\"@type\":\"BreadcrumbList\",\"@id\":\"https:\/\/www.aguarda.es\/en\/a-guarda-acolle-este-venres-a-xiv-gala-do-deporte\/#breadcrumb\",\"itemListElement\":[{\"@type\":\"ListItem\",\"position\":1,\"name\":\"Portada\",\"item\":\"https:\/\/www.aguarda.es\/en\/\"},{\"@type\":\"ListItem\",\"position\":2,\"name\":\"A Guarda acolle este venres a XIV Gala do Deporte\"}]},{\"@type\":\"WebSite\",\"@id\":\"https:\/\/www.aguarda.es\/en\/#website\",\"url\":\"https:\/\/www.aguarda.es\/en\/\",\"name\":\"Concello da Guarda\",\"description\":\"P\u00e1xina web do concello da Guarda\",\"potentialAction\":[{\"@type\":\"SearchAction\",\"target\":{\"@type\":\"EntryPoint\",\"urlTemplate\":\"https:\/\/www.aguarda.es\/en\/?s={search_term_string}\"},\"query-input\":\"required name=search_term_string\"}],\"inLanguage\":\"en-US\"},{\"@type\":\"Person\",\"@id\":\"https:\/\/www.aguarda.es\/en\/#\/schema\/person\/c463ca3006858ffb349d11179d044f21\",\"name\":\"prensa\",\"image\":{\"@type\":\"ImageObject\",\"inLanguage\":\"en-US\",\"@id\":\"https:\/\/www.aguarda.es\/en\/#\/schema\/person\/image\/\",\"url\":\"https:\/\/secure.gravatar.com\/avatar\/5f90ef536b0f98306edf5c7a1135ffa1?s=96&d=mm&r=g\",\"contentUrl\":\"https:\/\/secure.gravatar.com\/avatar\/5f90ef536b0f98306edf5c7a1135ffa1?s=96&d=mm&r=g\",\"caption\":\"prensa\"},\"url\":\"https:\/\/www.aguarda.es\/en\/author\/prensa\/\"}]}<\/script>\n<!-- \/ Yoast SEO plugin. -->","yoast_head_json":{"title":"A Guarda acolle este venres a XIV Gala do Deporte - Concello da Guarda","description":"O venres d\u00eda 10 de marzo \u00e1s 20:30h no Sal\u00f3n de actos do Centro Cultural da Guarda.","robots":{"index":"index","follow":"follow","max-snippet":"max-snippet:-1","max-image-preview":"max-image-preview:large","max-video-preview":"max-video-preview:-1"},"canonical":"https:\/\/www.aguarda.es\/en\/a-guarda-acolle-este-venres-a-xiv-gala-do-deporte\/","og_locale":"en_US","og_type":"article","og_title":"A Guarda acolle este venres a XIV Gala do Deporte - Concello da Guarda","og_description":"O venres d\u00eda 10 de marzo \u00e1s 20:30h no Sal\u00f3n de actos do Centro Cultural da Guarda.","og_url":"https:\/\/www.aguarda.es\/en\/a-guarda-acolle-este-venres-a-xiv-gala-do-deporte\/","og_site_name":"Concello da Guarda","article_publisher":"https:\/\/www.facebook.com\/ConcellodaGuarda","article_published_time":"2023-03-06T14:19:10+00:00","article_modified_time":"2023-03-06T14:20:57+00:00","og_image":[{"width":800,"height":1132,"url":"https:\/\/www.aguarda.es\/wp-content\/uploads\/2023\/03\/NP-06032023-A-Guarda-acolle-este-venres-a-XIV-Gala-do-Deporte.jpg?_t=1678112458","type":"image\/jpeg"}],"author":"prensa","twitter_card":"summary_large_image","twitter_creator":"@AGuarda_es","twitter_site":"@AGuarda_es","twitter_misc":{"Written by":"prensa","Est. reading time":"2 minutes"},"schema":{"@context":"https:\/\/schema.org","@graph":[{"@type":"WebPage","@id":"https:\/\/www.aguarda.es\/en\/a-guarda-acolle-este-venres-a-xiv-gala-do-deporte\/","url":"https:\/\/www.aguarda.es\/en\/a-guarda-acolle-este-venres-a-xiv-gala-do-deporte\/","name":"A Guarda acolle este venres a XIV Gala do Deporte - Concello da Guarda","isPartOf":{"@id":"https:\/\/www.aguarda.es\/en\/#website"},"datePublished":"2023-03-06T14:19:10+00:00","dateModified":"2023-03-06T14:20:57+00:00","author":{"@id":"https:\/\/www.aguarda.es\/en\/#\/schema\/person\/c463ca3006858ffb349d11179d044f21"},"description":"O venres d\u00eda 10 de marzo \u00e1s 20:30h no Sal\u00f3n de actos do Centro Cultural da Guarda.","breadcrumb":{"@id":"https:\/\/www.aguarda.es\/en\/a-guarda-acolle-este-venres-a-xiv-gala-do-deporte\/#breadcrumb"},"inLanguage":"en-US","potentialAction":[{"@type":"ReadAction","target":["https:\/\/www.aguarda.es\/en\/a-guarda-acolle-este-venres-a-xiv-gala-do-deporte\/"]}]},{"@type":"BreadcrumbList","@id":"https:\/\/www.aguarda.es\/en\/a-guarda-acolle-este-venres-a-xiv-gala-do-deporte\/#breadcrumb","itemListElement":[{"@type":"ListItem","position":1,"name":"Portada","item":"https:\/\/www.aguarda.es\/en\/"},{"@type":"ListItem","position":2,"name":"A Guarda acolle este venres a XIV Gala do Deporte"}]},{"@type":"WebSite","@id":"https:\/\/www.aguarda.es\/en\/#website","url":"https:\/\/www.aguarda.es\/en\/","name":"Concello da Guarda","description":"P\u00e1xina web do concello da Guarda","potentialAction":[{"@type":"SearchAction","target":{"@type":"EntryPoint","urlTemplate":"https:\/\/www.aguarda.es\/en\/?s={search_term_string}"},"query-input":"required name=search_term_string"}],"inLanguage":"en-US"},{"@type":"Person","@id":"https:\/\/www.aguarda.es\/en\/#\/schema\/person\/c463ca3006858ffb349d11179d044f21","name":"prensa","image":{"@type":"ImageObject","inLanguage":"en-US","@id":"https:\/\/www.aguarda.es\/en\/#\/schema\/person\/image\/","url":"https:\/\/secure.gravatar.com\/avatar\/5f90ef536b0f98306edf5c7a1135ffa1?s=96&d=mm&r=g","contentUrl":"https:\/\/secure.gravatar.com\/avatar\/5f90ef536b0f98306edf5c7a1135ffa1?s=96&d=mm&r=g","caption":"prensa"},"url":"https:\/\/www.aguarda.es\/en\/author\/prensa\/"}]}},"_links":{"self":[{"href":"https:\/\/www.aguarda.es\/en\/wp-json\/wp\/v2\/posts\/27696"}],"collection":[{"href":"https:\/\/www.aguarda.es\/en\/wp-json\/wp\/v2\/posts"}],"about":[{"href":"https:\/\/www.aguarda.es\/en\/wp-json\/wp\/v2\/types\/post"}],"author":[{"embeddable":true,"href":"https:\/\/www.aguarda.es\/en\/wp-json\/wp\/v2\/users\/2"}],"replies":[{"embeddable":true,"href":"https:\/\/www.aguarda.es\/en\/wp-json\/wp\/v2\/comments?post=27696"}],"version-history":[{"count":3,"href":"https:\/\/www.aguarda.es\/en\/wp-json\/wp\/v2\/posts\/27696\/revisions"}],"predecessor-version":[{"id":27701,"href":"https:\/\/www.aguarda.es\/en\/wp-json\/wp\/v2\/posts\/27696\/revisions\/27701"}],"wp:featuredmedia":[{"embeddable":true,"href":"https:\/\/www.aguarda.es\/en\/wp-json\/wp\/v2\/media\/27697"}],"wp:attachment":[{"href":"https:\/\/www.aguarda.es\/en\/wp-json\/wp\/v2\/media?parent=27696"}],"wp:term":[{"taxonomy":"category","embeddable":true,"href":"https:\/\/www.aguarda.es\/en\/wp-json\/wp\/v2\/categories?post=27696"},{"taxonomy":"post_tag","embeddable":true,"href":"https:\/\/www.aguarda.es\/en\/wp-json\/wp\/v2\/tags?post=27696"}],"curies":[{"name":"wp","href":"https:\/\/api.w.org\/{rel}","templated":true}]}}