{"id":27801,"date":"2023-03-27T15:22:27","date_gmt":"2023-03-27T15:22:27","guid":{"rendered":"https:\/\/www.aguarda.es\/?p=27801"},"modified":"2023-03-28T07:53:35","modified_gmt":"2023-03-28T07:53:35","slug":"listaxe-de-admitidos-as-nos-obradoiros-de-conciliacion-durante-semana-santa-e-prazo-extraordinario-para-cobertura-de-prazas-vacantes","status":"publish","type":"post","link":"https:\/\/www.aguarda.es\/en\/listaxe-de-admitidos-as-nos-obradoiros-de-conciliacion-durante-semana-santa-e-prazo-extraordinario-para-cobertura-de-prazas-vacantes\/","title":{"rendered":"Listaxe de admitidos\/as nos obradoiros de conciliaci\u00f3n durante Semana Santa e prazo extraordinario para cobertura de prazas vacantes"},"content":{"rendered":"<p>Listaxe de admitidos\/as:<\/p>\n<p>Rexistro de entrada:<br \/>\n\u2022 2023-E-RC-1038<br \/>\n\u2022 2023-E-RC-1039<br \/>\n\u2022 2023-E-RC-1040<br \/>\n\u2022 2023-E-RC-1041<br \/>\n\u2022 2023-E-RC-1044<br \/>\n\u2022 2023-E-RC-1049<br \/>\n\u2022 2023-E-RC-1067<br \/>\n\u2022 2023-E-RC-1068<br \/>\n\u2022 2023-E-RC-1071<br \/>\n\u2022 2023-E-RC-1092<br \/>\n\u2022 2023-E-RC-1098<br \/>\n\u2022 2023-E-RC-1114<br \/>\n\u2022 2023-E-RC-1115<br \/>\n\u2022 2023-E-RC-1116<br \/>\n\u2022 2023-E-RC-1126<br \/>\n\u2022 2023-E-RC-1127<br \/>\n\u2022 2023-E-RC-1155<br \/>\n\u2022 2023-E-RC-1160<br \/>\n\u2022 2023-E-RC-1165<\/p>\n<p>\u2022 2023-E-RE-1037<br \/>\n\u2022 2023-E-RE-1041<br \/>\n\u2022 2023-E-RE-1042<br \/>\n\u2022 2023-E-RE-1044<br \/>\n\u2022 2023-E-RE-1070<br \/>\n\u2022 2023-E-RE-1135<\/p>\n<p>Foron admitidas todas as solicitudes presentadas no per\u00edodo de inscrici\u00f3n. \u00c1brese un prazo extraordinario para cubrir unha praza vacante e crear unha listaxe de agarda.<br \/>\nApertura de prazo extraordinario, do d\u00eda 27 ao 29 de marzo ( ambos inclusive) no Rexistro do Concello ou pola sede electr\u00f3nica<br \/>\nSe as solicitudes superan o n\u00famero de prazas realizarase un sorteo p\u00fablico o 30 de marzo \u00e1s 12:00h no vest\u00edbulo da Casa dos Alonso<\/p>\n","protected":false},"excerpt":{"rendered":"<p>Listaxe de admitidos\/as: Rexistro de entrada: \u2022 2023-E-RC-1038 \u2022 2023-E-RC-1039 \u2022 2023-E-RC-1040 \u2022 2023-E-RC-1041 \u2022 2023-E-RC-1044 \u2022 2023-E-RC-1049 \u2022 2023-E-RC-1067 \u2022 2023-E-RC-1068 \u2022 2023-E-RC-1071 \u2022 2023-E-RC-1092 \u2022 2023-E-RC-1098 \u2022 2023-E-RC-1114 \u2022 2023-E-RC-1115 \u2022 2023-E-RC-1116 \u2022 2023-E-RC-1126 \u2022 2023-E-RC-1127 \u2022 2023-E-RC-1155 &hellip; <\/p>\n","protected":false},"author":2,"featured_media":27810,"comment_status":"open","ping_status":"open","sticky":false,"template":"","format":"standard","meta":[],"categories":[45],"tags":[881,2805,3019,2884,272,307],"yoast_head":"<!-- This site is optimized with the Yoast SEO plugin v21.1 - https:\/\/yoast.com\/wordpress\/plugins\/seo\/ -->\n<title>Listaxe de admitidos\/as nos obradoiros de conciliaci\u00f3n durante Semana Santa e prazo extraordinario para cobertura de prazas vacantes - Concello da Guarda<\/title>\n<meta name=\"description\" content=\"Apertura de prazo extraordinario, d\u00edas 27 e 28 de marzo ( ambos inclusive) no Rexistro do Concello ou pola sede electr\u00f3nica\" \/>\n<meta name=\"robots\" content=\"index, follow, max-snippet:-1, max-image-preview:large, max-video-preview:-1\" \/>\n<link rel=\"canonical\" href=\"https:\/\/www.aguarda.es\/en\/listaxe-de-admitidos-as-nos-obradoiros-de-conciliacion-durante-semana-santa-e-prazo-extraordinario-para-cobertura-de-prazas-vacantes\/\" \/>\n<meta property=\"og:locale\" content=\"en_US\" \/>\n<meta property=\"og:type\" content=\"article\" \/>\n<meta property=\"og:title\" content=\"Listaxe de admitidos\/as nos obradoiros de conciliaci\u00f3n durante Semana Santa e prazo extraordinario para cobertura de prazas vacantes - Concello da Guarda\" \/>\n<meta property=\"og:description\" content=\"Apertura de prazo extraordinario, d\u00edas 27 e 28 de marzo ( ambos inclusive) no Rexistro do Concello ou pola sede electr\u00f3nica\" \/>\n<meta property=\"og:url\" content=\"https:\/\/www.aguarda.es\/en\/listaxe-de-admitidos-as-nos-obradoiros-de-conciliacion-durante-semana-santa-e-prazo-extraordinario-para-cobertura-de-prazas-vacantes\/\" \/>\n<meta property=\"og:site_name\" content=\"Concello da Guarda\" \/>\n<meta property=\"article:publisher\" content=\"https:\/\/www.facebook.com\/ConcellodaGuarda\" \/>\n<meta property=\"article:published_time\" content=\"2023-03-27T15:22:27+00:00\" \/>\n<meta property=\"article:modified_time\" content=\"2023-03-28T07:53:35+00:00\" \/>\n<meta property=\"og:image\" content=\"https:\/\/www.aguarda.es\/wp-content\/uploads\/2023\/03\/NP-15032023-O-Concello-ofrece-obradoiros-para-a-conciliacion-semana-santa-copia-copia.jpg?_t=1679990016\" \/>\n\t<meta property=\"og:image:width\" content=\"800\" \/>\n\t<meta property=\"og:image:height\" content=\"1132\" \/>\n\t<meta property=\"og:image:type\" content=\"image\/jpeg\" \/>\n<meta name=\"author\" content=\"prensa\" \/>\n<meta name=\"twitter:card\" content=\"summary_large_image\" \/>\n<meta name=\"twitter:creator\" content=\"@AGuarda_es\" \/>\n<meta name=\"twitter:site\" content=\"@AGuarda_es\" \/>\n<meta name=\"twitter:label1\" content=\"Written by\" \/>\n\t<meta name=\"twitter:data1\" content=\"prensa\" \/>\n\t<meta name=\"twitter:label2\" content=\"Est. reading time\" \/>\n\t<meta name=\"twitter:data2\" content=\"1 minute\" \/>\n<script type=\"application\/ld+json\" class=\"yoast-schema-graph\">{\"@context\":\"https:\/\/schema.org\",\"@graph\":[{\"@type\":\"WebPage\",\"@id\":\"https:\/\/www.aguarda.es\/en\/listaxe-de-admitidos-as-nos-obradoiros-de-conciliacion-durante-semana-santa-e-prazo-extraordinario-para-cobertura-de-prazas-vacantes\/\",\"url\":\"https:\/\/www.aguarda.es\/en\/listaxe-de-admitidos-as-nos-obradoiros-de-conciliacion-durante-semana-santa-e-prazo-extraordinario-para-cobertura-de-prazas-vacantes\/\",\"name\":\"Listaxe de admitidos\/as nos obradoiros de conciliaci\u00f3n durante Semana Santa e prazo extraordinario para cobertura de prazas vacantes - Concello da Guarda\",\"isPartOf\":{\"@id\":\"https:\/\/www.aguarda.es\/en\/#website\"},\"datePublished\":\"2023-03-27T15:22:27+00:00\",\"dateModified\":\"2023-03-28T07:53:35+00:00\",\"author\":{\"@id\":\"https:\/\/www.aguarda.es\/en\/#\/schema\/person\/c463ca3006858ffb349d11179d044f21\"},\"description\":\"Apertura de prazo extraordinario, d\u00edas 27 e 28 de marzo ( ambos inclusive) no Rexistro do Concello ou pola sede electr\u00f3nica\",\"breadcrumb\":{\"@id\":\"https:\/\/www.aguarda.es\/en\/listaxe-de-admitidos-as-nos-obradoiros-de-conciliacion-durante-semana-santa-e-prazo-extraordinario-para-cobertura-de-prazas-vacantes\/#breadcrumb\"},\"inLanguage\":\"en-US\",\"potentialAction\":[{\"@type\":\"ReadAction\",\"target\":[\"https:\/\/www.aguarda.es\/en\/listaxe-de-admitidos-as-nos-obradoiros-de-conciliacion-durante-semana-santa-e-prazo-extraordinario-para-cobertura-de-prazas-vacantes\/\"]}]},{\"@type\":\"BreadcrumbList\",\"@id\":\"https:\/\/www.aguarda.es\/en\/listaxe-de-admitidos-as-nos-obradoiros-de-conciliacion-durante-semana-santa-e-prazo-extraordinario-para-cobertura-de-prazas-vacantes\/#breadcrumb\",\"itemListElement\":[{\"@type\":\"ListItem\",\"position\":1,\"name\":\"Portada\",\"item\":\"https:\/\/www.aguarda.es\/en\/\"},{\"@type\":\"ListItem\",\"position\":2,\"name\":\"Listaxe de admitidos\/as nos obradoiros de conciliaci\u00f3n durante Semana Santa e prazo extraordinario para cobertura de prazas vacantes\"}]},{\"@type\":\"WebSite\",\"@id\":\"https:\/\/www.aguarda.es\/en\/#website\",\"url\":\"https:\/\/www.aguarda.es\/en\/\",\"name\":\"Concello da Guarda\",\"description\":\"P\u00e1xina web do concello da Guarda\",\"potentialAction\":[{\"@type\":\"SearchAction\",\"target\":{\"@type\":\"EntryPoint\",\"urlTemplate\":\"https:\/\/www.aguarda.es\/en\/?s={search_term_string}\"},\"query-input\":\"required name=search_term_string\"}],\"inLanguage\":\"en-US\"},{\"@type\":\"Person\",\"@id\":\"https:\/\/www.aguarda.es\/en\/#\/schema\/person\/c463ca3006858ffb349d11179d044f21\",\"name\":\"prensa\",\"image\":{\"@type\":\"ImageObject\",\"inLanguage\":\"en-US\",\"@id\":\"https:\/\/www.aguarda.es\/en\/#\/schema\/person\/image\/\",\"url\":\"https:\/\/secure.gravatar.com\/avatar\/5f90ef536b0f98306edf5c7a1135ffa1?s=96&d=mm&r=g\",\"contentUrl\":\"https:\/\/secure.gravatar.com\/avatar\/5f90ef536b0f98306edf5c7a1135ffa1?s=96&d=mm&r=g\",\"caption\":\"prensa\"},\"url\":\"https:\/\/www.aguarda.es\/en\/author\/prensa\/\"}]}<\/script>\n<!-- \/ Yoast SEO plugin. -->","yoast_head_json":{"title":"Listaxe de admitidos\/as nos obradoiros de conciliaci\u00f3n durante Semana Santa e prazo extraordinario para cobertura de prazas vacantes - Concello da Guarda","description":"Apertura de prazo extraordinario, d\u00edas 27 e 28 de marzo ( ambos inclusive) no Rexistro do Concello ou pola sede electr\u00f3nica","robots":{"index":"index","follow":"follow","max-snippet":"max-snippet:-1","max-image-preview":"max-image-preview:large","max-video-preview":"max-video-preview:-1"},"canonical":"https:\/\/www.aguarda.es\/en\/listaxe-de-admitidos-as-nos-obradoiros-de-conciliacion-durante-semana-santa-e-prazo-extraordinario-para-cobertura-de-prazas-vacantes\/","og_locale":"en_US","og_type":"article","og_title":"Listaxe de admitidos\/as nos obradoiros de conciliaci\u00f3n durante Semana Santa e prazo extraordinario para cobertura de prazas vacantes - Concello da Guarda","og_description":"Apertura de prazo extraordinario, d\u00edas 27 e 28 de marzo ( ambos inclusive) no Rexistro do Concello ou pola sede electr\u00f3nica","og_url":"https:\/\/www.aguarda.es\/en\/listaxe-de-admitidos-as-nos-obradoiros-de-conciliacion-durante-semana-santa-e-prazo-extraordinario-para-cobertura-de-prazas-vacantes\/","og_site_name":"Concello da Guarda","article_publisher":"https:\/\/www.facebook.com\/ConcellodaGuarda","article_published_time":"2023-03-27T15:22:27+00:00","article_modified_time":"2023-03-28T07:53:35+00:00","og_image":[{"width":800,"height":1132,"url":"https:\/\/www.aguarda.es\/wp-content\/uploads\/2023\/03\/NP-15032023-O-Concello-ofrece-obradoiros-para-a-conciliacion-semana-santa-copia-copia.jpg?_t=1679990016","type":"image\/jpeg"}],"author":"prensa","twitter_card":"summary_large_image","twitter_creator":"@AGuarda_es","twitter_site":"@AGuarda_es","twitter_misc":{"Written by":"prensa","Est. reading time":"1 minute"},"schema":{"@context":"https:\/\/schema.org","@graph":[{"@type":"WebPage","@id":"https:\/\/www.aguarda.es\/en\/listaxe-de-admitidos-as-nos-obradoiros-de-conciliacion-durante-semana-santa-e-prazo-extraordinario-para-cobertura-de-prazas-vacantes\/","url":"https:\/\/www.aguarda.es\/en\/listaxe-de-admitidos-as-nos-obradoiros-de-conciliacion-durante-semana-santa-e-prazo-extraordinario-para-cobertura-de-prazas-vacantes\/","name":"Listaxe de admitidos\/as nos obradoiros de conciliaci\u00f3n durante Semana Santa e prazo extraordinario para cobertura de prazas vacantes - Concello da Guarda","isPartOf":{"@id":"https:\/\/www.aguarda.es\/en\/#website"},"datePublished":"2023-03-27T15:22:27+00:00","dateModified":"2023-03-28T07:53:35+00:00","author":{"@id":"https:\/\/www.aguarda.es\/en\/#\/schema\/person\/c463ca3006858ffb349d11179d044f21"},"description":"Apertura de prazo extraordinario, d\u00edas 27 e 28 de marzo ( ambos inclusive) no Rexistro do Concello ou pola sede electr\u00f3nica","breadcrumb":{"@id":"https:\/\/www.aguarda.es\/en\/listaxe-de-admitidos-as-nos-obradoiros-de-conciliacion-durante-semana-santa-e-prazo-extraordinario-para-cobertura-de-prazas-vacantes\/#breadcrumb"},"inLanguage":"en-US","potentialAction":[{"@type":"ReadAction","target":["https:\/\/www.aguarda.es\/en\/listaxe-de-admitidos-as-nos-obradoiros-de-conciliacion-durante-semana-santa-e-prazo-extraordinario-para-cobertura-de-prazas-vacantes\/"]}]},{"@type":"BreadcrumbList","@id":"https:\/\/www.aguarda.es\/en\/listaxe-de-admitidos-as-nos-obradoiros-de-conciliacion-durante-semana-santa-e-prazo-extraordinario-para-cobertura-de-prazas-vacantes\/#breadcrumb","itemListElement":[{"@type":"ListItem","position":1,"name":"Portada","item":"https:\/\/www.aguarda.es\/en\/"},{"@type":"ListItem","position":2,"name":"Listaxe de admitidos\/as nos obradoiros de conciliaci\u00f3n durante Semana Santa e prazo extraordinario para cobertura de prazas vacantes"}]},{"@type":"WebSite","@id":"https:\/\/www.aguarda.es\/en\/#website","url":"https:\/\/www.aguarda.es\/en\/","name":"Concello da Guarda","description":"P\u00e1xina web do concello da Guarda","potentialAction":[{"@type":"SearchAction","target":{"@type":"EntryPoint","urlTemplate":"https:\/\/www.aguarda.es\/en\/?s={search_term_string}"},"query-input":"required name=search_term_string"}],"inLanguage":"en-US"},{"@type":"Person","@id":"https:\/\/www.aguarda.es\/en\/#\/schema\/person\/c463ca3006858ffb349d11179d044f21","name":"prensa","image":{"@type":"ImageObject","inLanguage":"en-US","@id":"https:\/\/www.aguarda.es\/en\/#\/schema\/person\/image\/","url":"https:\/\/secure.gravatar.com\/avatar\/5f90ef536b0f98306edf5c7a1135ffa1?s=96&d=mm&r=g","contentUrl":"https:\/\/secure.gravatar.com\/avatar\/5f90ef536b0f98306edf5c7a1135ffa1?s=96&d=mm&r=g","caption":"prensa"},"url":"https:\/\/www.aguarda.es\/en\/author\/prensa\/"}]}},"_links":{"self":[{"href":"https:\/\/www.aguarda.es\/en\/wp-json\/wp\/v2\/posts\/27801"}],"collection":[{"href":"https:\/\/www.aguarda.es\/en\/wp-json\/wp\/v2\/posts"}],"about":[{"href":"https:\/\/www.aguarda.es\/en\/wp-json\/wp\/v2\/types\/post"}],"author":[{"embeddable":true,"href":"https:\/\/www.aguarda.es\/en\/wp-json\/wp\/v2\/users\/2"}],"replies":[{"embeddable":true,"href":"https:\/\/www.aguarda.es\/en\/wp-json\/wp\/v2\/comments?post=27801"}],"version-history":[{"count":3,"href":"https:\/\/www.aguarda.es\/en\/wp-json\/wp\/v2\/posts\/27801\/revisions"}],"predecessor-version":[{"id":27812,"href":"https:\/\/www.aguarda.es\/en\/wp-json\/wp\/v2\/posts\/27801\/revisions\/27812"}],"wp:featuredmedia":[{"embeddable":true,"href":"https:\/\/www.aguarda.es\/en\/wp-json\/wp\/v2\/media\/27810"}],"wp:attachment":[{"href":"https:\/\/www.aguarda.es\/en\/wp-json\/wp\/v2\/media?parent=27801"}],"wp:term":[{"taxonomy":"category","embeddable":true,"href":"https:\/\/www.aguarda.es\/en\/wp-json\/wp\/v2\/categories?post=27801"},{"taxonomy":"post_tag","embeddable":true,"href":"https:\/\/www.aguarda.es\/en\/wp-json\/wp\/v2\/tags?post=27801"}],"curies":[{"name":"wp","href":"https:\/\/api.w.org\/{rel}","templated":true}]}}