{"id":27985,"date":"2023-04-20T10:01:52","date_gmt":"2023-04-20T10:01:52","guid":{"rendered":"https:\/\/www.aguarda.es\/?p=27985"},"modified":"2023-04-20T10:01:52","modified_gmt":"2023-04-20T10:01:52","slug":"o-concello-da-guarda-continua-dando-visibilidade-a-historias-de-mulleres-singulares-da-vila","status":"publish","type":"post","link":"https:\/\/www.aguarda.es\/en\/o-concello-da-guarda-continua-dando-visibilidade-a-historias-de-mulleres-singulares-da-vila\/","title":{"rendered":"O Concello da Guarda contin\u00faa dando visibilidade a historias de mulleres singulares da vila"},"content":{"rendered":"<ul>\n<li><strong><em>A trav\u00e9s dun roteiro e <\/em><\/strong><strong><em>dunha <\/em><\/strong><strong><em>andaina pret\u00e9ndese po\u00f1er en valor a figura de diferentes mulleres da vila, tanto an\u00f3nimas como co\u00f1ecidas, que destacaron na s\u00faa \u00e9poca por rachar cos estereotipos e intentar acadar un espazo dentro <\/em><\/strong><strong><em>dun mundo do que non eran donas<\/em><\/strong><strong><em>.<\/em><\/strong><\/li>\n<\/ul>\n<p><strong><em>\u00a0<\/em><\/strong><\/p>\n<p>O Concello da Guarda, a trav\u00e9s da Conceller\u00eda de Igualdade e o Centro de Informaci\u00f3n \u00e1 Muller, programa para o mes de maio a iniciativa \u201cHistorias de mulleres guardesas\u201d, unha alternativa de ocio cultural e saudable na que o eixo principal son as historias de mulleres da vila que destacaron nas s\u00faas diferentes \u00e9pocas por diversas raz\u00f3ns.<\/p>\n<p>&nbsp;<\/p>\n<p>Desta volta e despois do grande \u00e9xito que tivo a primeira edici\u00f3n desta actividade, realizada entre outubro e novembro do 2022, ret\u00f3mase o mesmo formato cun roteiro e unha andaina.<\/p>\n<p>&nbsp;<\/p>\n<p>No roteiro, que ter\u00e1 lugar o venres d\u00eda 5 de maio en horario de 20:30h a 21:30h e que sair\u00e1 dende a Praza do Rel\u00f3, falarase\u00a0 dunha serie de mulleres, todas veci\u00f1as da Guarda, que dun xeito ou doutro forman parte do imaxinario colectivo e da historia da vila, cunha breve achega biogr\u00e1fica para lembrar como foi ou como \u00e9 a vida destas mulleres e po\u00f1erlle cara amosando fotograf\u00edas para que todos\/as os\/as participantes as reco\u00f1ezan.<\/p>\n<p>No caso da andaina, que ter\u00e1 lugar o domingo d\u00eda 7 de maio en horario de 10:30h a 13:30h e que sair\u00e1 dende a Alameda da Guarda (8km de percorrido e dificultade media), falarase de mulleres de Salcidos e Camposancos, tendo en conta fundamentalmente os traballos e oficios aos que se adicaban, e lembrando a algunhas persoas que viven ou viviron nestas d\u00faas parroquias, amosando tam\u00e9n imaxes delas para saber quen foron ou son as protagonistas destas historias.<\/p>\n<p>&nbsp;<\/p>\n<p>As inscrici\u00f3ns est\u00e1n xa abertas na Oficina de Turismo da Praza do Rel\u00f3, chamando ao 986614546 ou no enderezo electr\u00f3nico <a href=\"mailto:turismo@aguarda.es\">turismo@aguarda.es<\/a><\/p>\n<p>As actividades son gratu\u00edtas e as prazas limitadas.<\/p>\n<p>Actividade subvencionada pola Deputaci\u00f3n de Pontevedra<\/p>\n","protected":false},"excerpt":{"rendered":"<p>A trav\u00e9s dun roteiro e dunha andaina pret\u00e9ndese po\u00f1er en valor a figura de diferentes mulleres da vila, tanto an\u00f3nimas como co\u00f1ecidas, que destacaron na s\u00faa \u00e9poca por rachar cos estereotipos e intentar acadar un espazo dentro dun mundo do &hellip; <\/p>\n","protected":false},"author":2,"featured_media":27986,"comment_status":"open","ping_status":"open","sticky":false,"template":"","format":"standard","meta":[],"categories":[41],"tags":[531,664,3041,634,2497],"yoast_head":"<!-- This site is optimized with the Yoast SEO plugin v21.1 - https:\/\/yoast.com\/wordpress\/plugins\/seo\/ -->\n<title>O Concello da Guarda contin\u00faa dando visibilidade a historias de mulleres singulares da vila - Concello da Guarda<\/title>\n<meta name=\"description\" content=\"A trav\u00e9s dun roteiro e dunha andaina pret\u00e9ndese po\u00f1er en valor a figura de diferentes mulleres da vila, tanto an\u00f3nimas como co\u00f1ecidas, que destacaron na s\u00faa \u00e9poca por rachar cos estereotipos e intentar acadar un espazo dentro dun mundo do que non eran donas.\" \/>\n<meta name=\"robots\" content=\"index, follow, max-snippet:-1, max-image-preview:large, max-video-preview:-1\" \/>\n<link rel=\"canonical\" href=\"https:\/\/www.aguarda.es\/en\/o-concello-da-guarda-continua-dando-visibilidade-a-historias-de-mulleres-singulares-da-vila\/\" \/>\n<meta property=\"og:locale\" content=\"en_US\" \/>\n<meta property=\"og:type\" content=\"article\" \/>\n<meta property=\"og:title\" content=\"O Concello da Guarda contin\u00faa dando visibilidade a historias de mulleres singulares da vila - Concello da Guarda\" \/>\n<meta property=\"og:description\" content=\"A trav\u00e9s dun roteiro e dunha andaina pret\u00e9ndese po\u00f1er en valor a figura de diferentes mulleres da vila, tanto an\u00f3nimas como co\u00f1ecidas, que destacaron na s\u00faa \u00e9poca por rachar cos estereotipos e intentar acadar un espazo dentro dun mundo do que non eran donas.\" \/>\n<meta property=\"og:url\" content=\"https:\/\/www.aguarda.es\/en\/o-concello-da-guarda-continua-dando-visibilidade-a-historias-de-mulleres-singulares-da-vila\/\" \/>\n<meta property=\"og:site_name\" content=\"Concello da Guarda\" \/>\n<meta property=\"article:publisher\" content=\"https:\/\/www.facebook.com\/ConcellodaGuarda\" \/>\n<meta property=\"article:published_time\" content=\"2023-04-20T10:01:52+00:00\" \/>\n<meta property=\"og:image\" content=\"https:\/\/www.aguarda.es\/wp-content\/uploads\/2023\/04\/CARTEL-A3-HISTORIAS-DE-MULLERES-2023.jpg?_t=1681984913\" \/>\n\t<meta property=\"og:image:width\" content=\"800\" \/>\n\t<meta property=\"og:image:height\" content=\"1131\" \/>\n\t<meta property=\"og:image:type\" content=\"image\/jpeg\" \/>\n<meta name=\"author\" content=\"prensa\" \/>\n<meta name=\"twitter:card\" content=\"summary_large_image\" \/>\n<meta name=\"twitter:creator\" content=\"@AGuarda_es\" \/>\n<meta name=\"twitter:site\" content=\"@AGuarda_es\" \/>\n<meta name=\"twitter:label1\" content=\"Written by\" \/>\n\t<meta name=\"twitter:data1\" content=\"prensa\" \/>\n\t<meta name=\"twitter:label2\" content=\"Est. reading time\" \/>\n\t<meta name=\"twitter:data2\" content=\"2 minutes\" \/>\n<script type=\"application\/ld+json\" class=\"yoast-schema-graph\">{\"@context\":\"https:\/\/schema.org\",\"@graph\":[{\"@type\":\"WebPage\",\"@id\":\"https:\/\/www.aguarda.es\/en\/o-concello-da-guarda-continua-dando-visibilidade-a-historias-de-mulleres-singulares-da-vila\/\",\"url\":\"https:\/\/www.aguarda.es\/en\/o-concello-da-guarda-continua-dando-visibilidade-a-historias-de-mulleres-singulares-da-vila\/\",\"name\":\"O Concello da Guarda contin\u00faa dando visibilidade a historias de mulleres singulares da vila - Concello da Guarda\",\"isPartOf\":{\"@id\":\"https:\/\/www.aguarda.es\/en\/#website\"},\"datePublished\":\"2023-04-20T10:01:52+00:00\",\"dateModified\":\"2023-04-20T10:01:52+00:00\",\"author\":{\"@id\":\"https:\/\/www.aguarda.es\/en\/#\/schema\/person\/c463ca3006858ffb349d11179d044f21\"},\"description\":\"A trav\u00e9s dun roteiro e dunha andaina pret\u00e9ndese po\u00f1er en valor a figura de diferentes mulleres da vila, tanto an\u00f3nimas como co\u00f1ecidas, que destacaron na s\u00faa \u00e9poca por rachar cos estereotipos e intentar acadar un espazo dentro dun mundo do que non eran donas.\",\"breadcrumb\":{\"@id\":\"https:\/\/www.aguarda.es\/en\/o-concello-da-guarda-continua-dando-visibilidade-a-historias-de-mulleres-singulares-da-vila\/#breadcrumb\"},\"inLanguage\":\"en-US\",\"potentialAction\":[{\"@type\":\"ReadAction\",\"target\":[\"https:\/\/www.aguarda.es\/en\/o-concello-da-guarda-continua-dando-visibilidade-a-historias-de-mulleres-singulares-da-vila\/\"]}]},{\"@type\":\"BreadcrumbList\",\"@id\":\"https:\/\/www.aguarda.es\/en\/o-concello-da-guarda-continua-dando-visibilidade-a-historias-de-mulleres-singulares-da-vila\/#breadcrumb\",\"itemListElement\":[{\"@type\":\"ListItem\",\"position\":1,\"name\":\"Portada\",\"item\":\"https:\/\/www.aguarda.es\/en\/\"},{\"@type\":\"ListItem\",\"position\":2,\"name\":\"O Concello da Guarda contin\u00faa dando visibilidade a historias de mulleres singulares da vila\"}]},{\"@type\":\"WebSite\",\"@id\":\"https:\/\/www.aguarda.es\/en\/#website\",\"url\":\"https:\/\/www.aguarda.es\/en\/\",\"name\":\"Concello da Guarda\",\"description\":\"P\u00e1xina web do concello da Guarda\",\"potentialAction\":[{\"@type\":\"SearchAction\",\"target\":{\"@type\":\"EntryPoint\",\"urlTemplate\":\"https:\/\/www.aguarda.es\/en\/?s={search_term_string}\"},\"query-input\":\"required name=search_term_string\"}],\"inLanguage\":\"en-US\"},{\"@type\":\"Person\",\"@id\":\"https:\/\/www.aguarda.es\/en\/#\/schema\/person\/c463ca3006858ffb349d11179d044f21\",\"name\":\"prensa\",\"image\":{\"@type\":\"ImageObject\",\"inLanguage\":\"en-US\",\"@id\":\"https:\/\/www.aguarda.es\/en\/#\/schema\/person\/image\/\",\"url\":\"https:\/\/secure.gravatar.com\/avatar\/5f90ef536b0f98306edf5c7a1135ffa1?s=96&d=mm&r=g\",\"contentUrl\":\"https:\/\/secure.gravatar.com\/avatar\/5f90ef536b0f98306edf5c7a1135ffa1?s=96&d=mm&r=g\",\"caption\":\"prensa\"},\"url\":\"https:\/\/www.aguarda.es\/en\/author\/prensa\/\"}]}<\/script>\n<!-- \/ Yoast SEO plugin. -->","yoast_head_json":{"title":"O Concello da Guarda contin\u00faa dando visibilidade a historias de mulleres singulares da vila - Concello da Guarda","description":"A trav\u00e9s dun roteiro e dunha andaina pret\u00e9ndese po\u00f1er en valor a figura de diferentes mulleres da vila, tanto an\u00f3nimas como co\u00f1ecidas, que destacaron na s\u00faa \u00e9poca por rachar cos estereotipos e intentar acadar un espazo dentro dun mundo do que non eran donas.","robots":{"index":"index","follow":"follow","max-snippet":"max-snippet:-1","max-image-preview":"max-image-preview:large","max-video-preview":"max-video-preview:-1"},"canonical":"https:\/\/www.aguarda.es\/en\/o-concello-da-guarda-continua-dando-visibilidade-a-historias-de-mulleres-singulares-da-vila\/","og_locale":"en_US","og_type":"article","og_title":"O Concello da Guarda contin\u00faa dando visibilidade a historias de mulleres singulares da vila - Concello da Guarda","og_description":"A trav\u00e9s dun roteiro e dunha andaina pret\u00e9ndese po\u00f1er en valor a figura de diferentes mulleres da vila, tanto an\u00f3nimas como co\u00f1ecidas, que destacaron na s\u00faa \u00e9poca por rachar cos estereotipos e intentar acadar un espazo dentro dun mundo do que non eran donas.","og_url":"https:\/\/www.aguarda.es\/en\/o-concello-da-guarda-continua-dando-visibilidade-a-historias-de-mulleres-singulares-da-vila\/","og_site_name":"Concello da Guarda","article_publisher":"https:\/\/www.facebook.com\/ConcellodaGuarda","article_published_time":"2023-04-20T10:01:52+00:00","og_image":[{"width":800,"height":1131,"url":"https:\/\/www.aguarda.es\/wp-content\/uploads\/2023\/04\/CARTEL-A3-HISTORIAS-DE-MULLERES-2023.jpg?_t=1681984913","type":"image\/jpeg"}],"author":"prensa","twitter_card":"summary_large_image","twitter_creator":"@AGuarda_es","twitter_site":"@AGuarda_es","twitter_misc":{"Written by":"prensa","Est. reading time":"2 minutes"},"schema":{"@context":"https:\/\/schema.org","@graph":[{"@type":"WebPage","@id":"https:\/\/www.aguarda.es\/en\/o-concello-da-guarda-continua-dando-visibilidade-a-historias-de-mulleres-singulares-da-vila\/","url":"https:\/\/www.aguarda.es\/en\/o-concello-da-guarda-continua-dando-visibilidade-a-historias-de-mulleres-singulares-da-vila\/","name":"O Concello da Guarda contin\u00faa dando visibilidade a historias de mulleres singulares da vila - Concello da Guarda","isPartOf":{"@id":"https:\/\/www.aguarda.es\/en\/#website"},"datePublished":"2023-04-20T10:01:52+00:00","dateModified":"2023-04-20T10:01:52+00:00","author":{"@id":"https:\/\/www.aguarda.es\/en\/#\/schema\/person\/c463ca3006858ffb349d11179d044f21"},"description":"A trav\u00e9s dun roteiro e dunha andaina pret\u00e9ndese po\u00f1er en valor a figura de diferentes mulleres da vila, tanto an\u00f3nimas como co\u00f1ecidas, que destacaron na s\u00faa \u00e9poca por rachar cos estereotipos e intentar acadar un espazo dentro dun mundo do que non eran donas.","breadcrumb":{"@id":"https:\/\/www.aguarda.es\/en\/o-concello-da-guarda-continua-dando-visibilidade-a-historias-de-mulleres-singulares-da-vila\/#breadcrumb"},"inLanguage":"en-US","potentialAction":[{"@type":"ReadAction","target":["https:\/\/www.aguarda.es\/en\/o-concello-da-guarda-continua-dando-visibilidade-a-historias-de-mulleres-singulares-da-vila\/"]}]},{"@type":"BreadcrumbList","@id":"https:\/\/www.aguarda.es\/en\/o-concello-da-guarda-continua-dando-visibilidade-a-historias-de-mulleres-singulares-da-vila\/#breadcrumb","itemListElement":[{"@type":"ListItem","position":1,"name":"Portada","item":"https:\/\/www.aguarda.es\/en\/"},{"@type":"ListItem","position":2,"name":"O Concello da Guarda contin\u00faa dando visibilidade a historias de mulleres singulares da vila"}]},{"@type":"WebSite","@id":"https:\/\/www.aguarda.es\/en\/#website","url":"https:\/\/www.aguarda.es\/en\/","name":"Concello da Guarda","description":"P\u00e1xina web do concello da Guarda","potentialAction":[{"@type":"SearchAction","target":{"@type":"EntryPoint","urlTemplate":"https:\/\/www.aguarda.es\/en\/?s={search_term_string}"},"query-input":"required name=search_term_string"}],"inLanguage":"en-US"},{"@type":"Person","@id":"https:\/\/www.aguarda.es\/en\/#\/schema\/person\/c463ca3006858ffb349d11179d044f21","name":"prensa","image":{"@type":"ImageObject","inLanguage":"en-US","@id":"https:\/\/www.aguarda.es\/en\/#\/schema\/person\/image\/","url":"https:\/\/secure.gravatar.com\/avatar\/5f90ef536b0f98306edf5c7a1135ffa1?s=96&d=mm&r=g","contentUrl":"https:\/\/secure.gravatar.com\/avatar\/5f90ef536b0f98306edf5c7a1135ffa1?s=96&d=mm&r=g","caption":"prensa"},"url":"https:\/\/www.aguarda.es\/en\/author\/prensa\/"}]}},"_links":{"self":[{"href":"https:\/\/www.aguarda.es\/en\/wp-json\/wp\/v2\/posts\/27985"}],"collection":[{"href":"https:\/\/www.aguarda.es\/en\/wp-json\/wp\/v2\/posts"}],"about":[{"href":"https:\/\/www.aguarda.es\/en\/wp-json\/wp\/v2\/types\/post"}],"author":[{"embeddable":true,"href":"https:\/\/www.aguarda.es\/en\/wp-json\/wp\/v2\/users\/2"}],"replies":[{"embeddable":true,"href":"https:\/\/www.aguarda.es\/en\/wp-json\/wp\/v2\/comments?post=27985"}],"version-history":[{"count":1,"href":"https:\/\/www.aguarda.es\/en\/wp-json\/wp\/v2\/posts\/27985\/revisions"}],"predecessor-version":[{"id":27988,"href":"https:\/\/www.aguarda.es\/en\/wp-json\/wp\/v2\/posts\/27985\/revisions\/27988"}],"wp:featuredmedia":[{"embeddable":true,"href":"https:\/\/www.aguarda.es\/en\/wp-json\/wp\/v2\/media\/27986"}],"wp:attachment":[{"href":"https:\/\/www.aguarda.es\/en\/wp-json\/wp\/v2\/media?parent=27985"}],"wp:term":[{"taxonomy":"category","embeddable":true,"href":"https:\/\/www.aguarda.es\/en\/wp-json\/wp\/v2\/categories?post=27985"},{"taxonomy":"post_tag","embeddable":true,"href":"https:\/\/www.aguarda.es\/en\/wp-json\/wp\/v2\/tags?post=27985"}],"curies":[{"name":"wp","href":"https:\/\/api.w.org\/{rel}","templated":true}]}}