{"id":27989,"date":"2023-04-21T08:21:27","date_gmt":"2023-04-21T08:21:27","guid":{"rendered":"https:\/\/www.aguarda.es\/?p=27989"},"modified":"2023-04-21T08:21:27","modified_gmt":"2023-04-21T08:21:27","slug":"a-guarda-acolle-o-29-de-abril-o-concerto-de-primavera","status":"publish","type":"post","link":"https:\/\/www.aguarda.es\/en\/a-guarda-acolle-o-29-de-abril-o-concerto-de-primavera\/","title":{"rendered":"A Guarda acolle o 29 de abril o Concerto de Primavera"},"content":{"rendered":"<ul>\n<li><strong><em>Nesta ocasi\u00f3n realizarase a estrea do pasodobre galego \u201cA Guarda\u201d composto por Jos\u00e9 Lu\u00eds Represas.<\/em><\/strong><\/li>\n<\/ul>\n<p>&nbsp;<\/p>\n<p>O Auditorio de San Benito da Guarda acolle o vindeiro s\u00e1bado d\u00eda 29 de abril \u00e1s 20:00h o Concerto de Primavera, un evento musical que contar\u00e1 coa participaci\u00f3n do Coro Cant\u00e1bile, o Coro da Terceira Idade e Pensionistas da Guarda, a Coral Polif\u00f3nica da Guarda e a Agrupaci\u00f3n Musical da Guarda.<\/p>\n<p>&nbsp;<\/p>\n<p>Nesta ocasi\u00f3n realizarase a estrea do pasodobre galego \u201cA Guarda\u201d composto por Jos\u00e9 Lu\u00eds Represas, unha composici\u00f3n que, de seguro, emocionar\u00e1 a todos e todas as presentes neste concerto e que en palabras do seu autor \u201ceste pasodobre, utiliza formas musicais do folclore galego tan reco\u00f1ecibles como a alborada, a mui\u00f1eira ou a canci\u00f3n popular, sendo a intenci\u00f3n \u00faltima\u00a0 que este pasodobre poda ser cantado polo pobo\u201d.<\/p>\n<p>&nbsp;<\/p>\n<p>Nado en Xinzo (Ponteareas) dentro dunha familia de gran tradici\u00f3n musical, Jos\u00e9 Lu\u00eds Represas Carrera \u00e9 Licenciado superior en Composici\u00f3n, Saxof\u00f3n e gaita polos Conservatorios de Vigo e A Coru\u00f1a.<\/p>\n<p>As s\u00faas composici\u00f3ns e transcrici\u00f3ns (m\u00e1is de 400) foron interpretadas polas m\u00e1is diversas bandas de m\u00fasica de Espa\u00f1a e do estranxeiro. Dende o pasodobre Xinzo, a s\u00faa maior ocupaci\u00f3n foi a composici\u00f3n de m\u00fasica para Banda. O car\u00e1cter do folclore galego est\u00e1 sempre presente, non s\u00f3 polo amor \u00e1 nosa cultura, sobre todo, para competir dende a singularidade da nosa M\u00fasica popular con gran desenrolo na composici\u00f3n orixinal para banda que ten producido nas \u00faltimas d\u00e9cadas. O principal obxectivo da m\u00fasica de Represas \u00e9 a de entreter e emocionar, condici\u00f3ns b\u00e1sicas en calquera obra, a un p\u00fablico que, afortunadamente, cada vez ten m\u00e1is ofertas l\u00fadicas e culturais.<\/p>\n","protected":false},"excerpt":{"rendered":"<p>Nesta ocasi\u00f3n realizarase a estrea do pasodobre galego \u201cA Guarda\u201d composto por Jos\u00e9 Lu\u00eds Represas. &nbsp; O Auditorio de San Benito da Guarda acolle o vindeiro s\u00e1bado d\u00eda 29 de abril \u00e1s 20:00h o Concerto de Primavera, un evento musical &hellip; <\/p>\n","protected":false},"author":2,"featured_media":27990,"comment_status":"open","ping_status":"open","sticky":false,"template":"","format":"standard","meta":[],"categories":[34],"tags":[226,3042,3044,719,3043],"yoast_head":"<!-- This site is optimized with the Yoast SEO plugin v21.1 - https:\/\/yoast.com\/wordpress\/plugins\/seo\/ -->\n<title>A Guarda acolle o 29 de abril o Concerto de Primavera - Concello da Guarda<\/title>\n<meta name=\"description\" content=\"\u2022 Nesta ocasi\u00f3n realizarase a estrea do pasodobre galego \u201cA Guarda\u201d composto por Jos\u00e9 Lu\u00eds Represas.\" \/>\n<meta name=\"robots\" content=\"index, follow, max-snippet:-1, max-image-preview:large, max-video-preview:-1\" \/>\n<link rel=\"canonical\" href=\"https:\/\/www.aguarda.es\/en\/a-guarda-acolle-o-29-de-abril-o-concerto-de-primavera\/\" \/>\n<meta property=\"og:locale\" content=\"en_US\" \/>\n<meta property=\"og:type\" content=\"article\" \/>\n<meta property=\"og:title\" content=\"A Guarda acolle o 29 de abril o Concerto de Primavera - Concello da Guarda\" \/>\n<meta property=\"og:description\" content=\"\u2022 Nesta ocasi\u00f3n realizarase a estrea do pasodobre galego \u201cA Guarda\u201d composto por Jos\u00e9 Lu\u00eds Represas.\" \/>\n<meta property=\"og:url\" content=\"https:\/\/www.aguarda.es\/en\/a-guarda-acolle-o-29-de-abril-o-concerto-de-primavera\/\" \/>\n<meta property=\"og:site_name\" content=\"Concello da Guarda\" \/>\n<meta property=\"article:publisher\" content=\"https:\/\/www.facebook.com\/ConcellodaGuarda\" \/>\n<meta property=\"article:published_time\" content=\"2023-04-21T08:21:27+00:00\" \/>\n<meta property=\"og:image\" content=\"https:\/\/www.aguarda.es\/wp-content\/uploads\/2023\/04\/CARTEL-CONCERTO-DE-PRIMAVERA-OK-2023.jpg?_t=1682065288\" \/>\n\t<meta property=\"og:image:width\" content=\"800\" \/>\n\t<meta property=\"og:image:height\" content=\"1131\" \/>\n\t<meta property=\"og:image:type\" content=\"image\/jpeg\" \/>\n<meta name=\"author\" content=\"prensa\" \/>\n<meta name=\"twitter:card\" content=\"summary_large_image\" \/>\n<meta name=\"twitter:creator\" content=\"@AGuarda_es\" \/>\n<meta name=\"twitter:site\" content=\"@AGuarda_es\" \/>\n<meta name=\"twitter:label1\" content=\"Written by\" \/>\n\t<meta name=\"twitter:data1\" content=\"prensa\" \/>\n\t<meta name=\"twitter:label2\" content=\"Est. reading time\" \/>\n\t<meta name=\"twitter:data2\" content=\"2 minutes\" \/>\n<script type=\"application\/ld+json\" class=\"yoast-schema-graph\">{\"@context\":\"https:\/\/schema.org\",\"@graph\":[{\"@type\":\"WebPage\",\"@id\":\"https:\/\/www.aguarda.es\/en\/a-guarda-acolle-o-29-de-abril-o-concerto-de-primavera\/\",\"url\":\"https:\/\/www.aguarda.es\/en\/a-guarda-acolle-o-29-de-abril-o-concerto-de-primavera\/\",\"name\":\"A Guarda acolle o 29 de abril o Concerto de Primavera - Concello da Guarda\",\"isPartOf\":{\"@id\":\"https:\/\/www.aguarda.es\/en\/#website\"},\"datePublished\":\"2023-04-21T08:21:27+00:00\",\"dateModified\":\"2023-04-21T08:21:27+00:00\",\"author\":{\"@id\":\"https:\/\/www.aguarda.es\/en\/#\/schema\/person\/c463ca3006858ffb349d11179d044f21\"},\"description\":\"\u2022 Nesta ocasi\u00f3n realizarase a estrea do pasodobre galego \u201cA Guarda\u201d composto por Jos\u00e9 Lu\u00eds Represas.\",\"breadcrumb\":{\"@id\":\"https:\/\/www.aguarda.es\/en\/a-guarda-acolle-o-29-de-abril-o-concerto-de-primavera\/#breadcrumb\"},\"inLanguage\":\"en-US\",\"potentialAction\":[{\"@type\":\"ReadAction\",\"target\":[\"https:\/\/www.aguarda.es\/en\/a-guarda-acolle-o-29-de-abril-o-concerto-de-primavera\/\"]}]},{\"@type\":\"BreadcrumbList\",\"@id\":\"https:\/\/www.aguarda.es\/en\/a-guarda-acolle-o-29-de-abril-o-concerto-de-primavera\/#breadcrumb\",\"itemListElement\":[{\"@type\":\"ListItem\",\"position\":1,\"name\":\"Portada\",\"item\":\"https:\/\/www.aguarda.es\/en\/\"},{\"@type\":\"ListItem\",\"position\":2,\"name\":\"A Guarda acolle o 29 de abril o Concerto de Primavera\"}]},{\"@type\":\"WebSite\",\"@id\":\"https:\/\/www.aguarda.es\/en\/#website\",\"url\":\"https:\/\/www.aguarda.es\/en\/\",\"name\":\"Concello da Guarda\",\"description\":\"P\u00e1xina web do concello da Guarda\",\"potentialAction\":[{\"@type\":\"SearchAction\",\"target\":{\"@type\":\"EntryPoint\",\"urlTemplate\":\"https:\/\/www.aguarda.es\/en\/?s={search_term_string}\"},\"query-input\":\"required name=search_term_string\"}],\"inLanguage\":\"en-US\"},{\"@type\":\"Person\",\"@id\":\"https:\/\/www.aguarda.es\/en\/#\/schema\/person\/c463ca3006858ffb349d11179d044f21\",\"name\":\"prensa\",\"image\":{\"@type\":\"ImageObject\",\"inLanguage\":\"en-US\",\"@id\":\"https:\/\/www.aguarda.es\/en\/#\/schema\/person\/image\/\",\"url\":\"https:\/\/secure.gravatar.com\/avatar\/5f90ef536b0f98306edf5c7a1135ffa1?s=96&d=mm&r=g\",\"contentUrl\":\"https:\/\/secure.gravatar.com\/avatar\/5f90ef536b0f98306edf5c7a1135ffa1?s=96&d=mm&r=g\",\"caption\":\"prensa\"},\"url\":\"https:\/\/www.aguarda.es\/en\/author\/prensa\/\"}]}<\/script>\n<!-- \/ Yoast SEO plugin. -->","yoast_head_json":{"title":"A Guarda acolle o 29 de abril o Concerto de Primavera - Concello da Guarda","description":"\u2022 Nesta ocasi\u00f3n realizarase a estrea do pasodobre galego \u201cA Guarda\u201d composto por Jos\u00e9 Lu\u00eds Represas.","robots":{"index":"index","follow":"follow","max-snippet":"max-snippet:-1","max-image-preview":"max-image-preview:large","max-video-preview":"max-video-preview:-1"},"canonical":"https:\/\/www.aguarda.es\/en\/a-guarda-acolle-o-29-de-abril-o-concerto-de-primavera\/","og_locale":"en_US","og_type":"article","og_title":"A Guarda acolle o 29 de abril o Concerto de Primavera - Concello da Guarda","og_description":"\u2022 Nesta ocasi\u00f3n realizarase a estrea do pasodobre galego \u201cA Guarda\u201d composto por Jos\u00e9 Lu\u00eds Represas.","og_url":"https:\/\/www.aguarda.es\/en\/a-guarda-acolle-o-29-de-abril-o-concerto-de-primavera\/","og_site_name":"Concello da Guarda","article_publisher":"https:\/\/www.facebook.com\/ConcellodaGuarda","article_published_time":"2023-04-21T08:21:27+00:00","og_image":[{"width":800,"height":1131,"url":"https:\/\/www.aguarda.es\/wp-content\/uploads\/2023\/04\/CARTEL-CONCERTO-DE-PRIMAVERA-OK-2023.jpg?_t=1682065288","type":"image\/jpeg"}],"author":"prensa","twitter_card":"summary_large_image","twitter_creator":"@AGuarda_es","twitter_site":"@AGuarda_es","twitter_misc":{"Written by":"prensa","Est. reading time":"2 minutes"},"schema":{"@context":"https:\/\/schema.org","@graph":[{"@type":"WebPage","@id":"https:\/\/www.aguarda.es\/en\/a-guarda-acolle-o-29-de-abril-o-concerto-de-primavera\/","url":"https:\/\/www.aguarda.es\/en\/a-guarda-acolle-o-29-de-abril-o-concerto-de-primavera\/","name":"A Guarda acolle o 29 de abril o Concerto de Primavera - Concello da Guarda","isPartOf":{"@id":"https:\/\/www.aguarda.es\/en\/#website"},"datePublished":"2023-04-21T08:21:27+00:00","dateModified":"2023-04-21T08:21:27+00:00","author":{"@id":"https:\/\/www.aguarda.es\/en\/#\/schema\/person\/c463ca3006858ffb349d11179d044f21"},"description":"\u2022 Nesta ocasi\u00f3n realizarase a estrea do pasodobre galego \u201cA Guarda\u201d composto por Jos\u00e9 Lu\u00eds Represas.","breadcrumb":{"@id":"https:\/\/www.aguarda.es\/en\/a-guarda-acolle-o-29-de-abril-o-concerto-de-primavera\/#breadcrumb"},"inLanguage":"en-US","potentialAction":[{"@type":"ReadAction","target":["https:\/\/www.aguarda.es\/en\/a-guarda-acolle-o-29-de-abril-o-concerto-de-primavera\/"]}]},{"@type":"BreadcrumbList","@id":"https:\/\/www.aguarda.es\/en\/a-guarda-acolle-o-29-de-abril-o-concerto-de-primavera\/#breadcrumb","itemListElement":[{"@type":"ListItem","position":1,"name":"Portada","item":"https:\/\/www.aguarda.es\/en\/"},{"@type":"ListItem","position":2,"name":"A Guarda acolle o 29 de abril o Concerto de Primavera"}]},{"@type":"WebSite","@id":"https:\/\/www.aguarda.es\/en\/#website","url":"https:\/\/www.aguarda.es\/en\/","name":"Concello da Guarda","description":"P\u00e1xina web do concello da Guarda","potentialAction":[{"@type":"SearchAction","target":{"@type":"EntryPoint","urlTemplate":"https:\/\/www.aguarda.es\/en\/?s={search_term_string}"},"query-input":"required name=search_term_string"}],"inLanguage":"en-US"},{"@type":"Person","@id":"https:\/\/www.aguarda.es\/en\/#\/schema\/person\/c463ca3006858ffb349d11179d044f21","name":"prensa","image":{"@type":"ImageObject","inLanguage":"en-US","@id":"https:\/\/www.aguarda.es\/en\/#\/schema\/person\/image\/","url":"https:\/\/secure.gravatar.com\/avatar\/5f90ef536b0f98306edf5c7a1135ffa1?s=96&d=mm&r=g","contentUrl":"https:\/\/secure.gravatar.com\/avatar\/5f90ef536b0f98306edf5c7a1135ffa1?s=96&d=mm&r=g","caption":"prensa"},"url":"https:\/\/www.aguarda.es\/en\/author\/prensa\/"}]}},"_links":{"self":[{"href":"https:\/\/www.aguarda.es\/en\/wp-json\/wp\/v2\/posts\/27989"}],"collection":[{"href":"https:\/\/www.aguarda.es\/en\/wp-json\/wp\/v2\/posts"}],"about":[{"href":"https:\/\/www.aguarda.es\/en\/wp-json\/wp\/v2\/types\/post"}],"author":[{"embeddable":true,"href":"https:\/\/www.aguarda.es\/en\/wp-json\/wp\/v2\/users\/2"}],"replies":[{"embeddable":true,"href":"https:\/\/www.aguarda.es\/en\/wp-json\/wp\/v2\/comments?post=27989"}],"version-history":[{"count":1,"href":"https:\/\/www.aguarda.es\/en\/wp-json\/wp\/v2\/posts\/27989\/revisions"}],"predecessor-version":[{"id":27992,"href":"https:\/\/www.aguarda.es\/en\/wp-json\/wp\/v2\/posts\/27989\/revisions\/27992"}],"wp:featuredmedia":[{"embeddable":true,"href":"https:\/\/www.aguarda.es\/en\/wp-json\/wp\/v2\/media\/27990"}],"wp:attachment":[{"href":"https:\/\/www.aguarda.es\/en\/wp-json\/wp\/v2\/media?parent=27989"}],"wp:term":[{"taxonomy":"category","embeddable":true,"href":"https:\/\/www.aguarda.es\/en\/wp-json\/wp\/v2\/categories?post=27989"},{"taxonomy":"post_tag","embeddable":true,"href":"https:\/\/www.aguarda.es\/en\/wp-json\/wp\/v2\/tags?post=27989"}],"curies":[{"name":"wp","href":"https:\/\/api.w.org\/{rel}","templated":true}]}}