{"id":28023,"date":"2023-04-27T11:33:17","date_gmt":"2023-04-27T11:33:17","guid":{"rendered":"https:\/\/www.aguarda.es\/?p=28023"},"modified":"2023-04-27T11:33:17","modified_gmt":"2023-04-27T11:33:17","slug":"las-chicas-nuevas-24-horas-de-mabel-lozano-achega-a-guarda-a-realidade-da-trata-de-mulleres-e-nenas-con-fins-de-explotacion-sexual","status":"publish","type":"post","link":"https:\/\/www.aguarda.es\/en\/las-chicas-nuevas-24-horas-de-mabel-lozano-achega-a-guarda-a-realidade-da-trata-de-mulleres-e-nenas-con-fins-de-explotacion-sexual\/","title":{"rendered":"\u201cLas chicas nuevas 24 horas\u201d de Mabel Lozano achega \u00e1 Guarda a realidade da trata de mulleres e nenas con fins de explotaci\u00f3n sexual"},"content":{"rendered":"<ul>\n<li><strong><em>A Conseller\u00eda de Promoci\u00f3n do Emprego e a Igualdade promove a mostra, que se pode visitar ata o 10 de maio na Casa dos Alonso da Guarda.<\/em><\/strong><\/li>\n<\/ul>\n<p>&nbsp;<\/p>\n<p>A exposici\u00f3n \u201cChicas nuevas 24 horas\u201d que denuncia a trata de mulleres e nenas con fins de explotaci\u00f3n sexual continuar\u00e1 o seu percorrido pola comunidade aut\u00f3noma ata maio, promovida polo Ministerio de Emprego e Promoci\u00f3n da Igualdade.<\/p>\n<p>&nbsp;<\/p>\n<p>Dende novembro, a mostra percorre distintos concellos e institutos galegos para levar a queixa necesaria sobre a compravenda de mulleres e nenas con fins de explotaci\u00f3n sexual. Unha actividade enmarcada dentro das realizadas pola Rede de Entidades Locais contra a violencia de x\u00e9nero, no marco do Convenio de Colaboraci\u00f3n asinado coa Federaci\u00f3n Galega de Municipios e Provincia de Galicia e impulsada pola Secretaria Xeral da Igualdade Xunta de Galicia.<\/p>\n<p>&nbsp;<\/p>\n<p>Na s\u00faa estad\u00eda na Guarda, dende o venres 28 de abril ata o 10 de maio, esta exposici\u00f3n contar\u00e1 con actividades paralelas co alumnado do IES A Sangri\u00f1a, proxect\u00e1ndose o xoves d\u00eda 4 de maio \u00e1s 20:30h o documental na Casa dos Alonso, dirixido a p\u00fablico xeral.<\/p>\n<p>&nbsp;<\/p>\n<p>Unha exposici\u00f3n composta por fotograf\u00edas, a proxecci\u00f3n do documental Chicas nuevas 24 horas dirixida e con gui\u00f3n de Mabel Lozano e un traballo interactivo co alumnado. Nela dan a co\u00f1ecer as vivencias e situaci\u00f3ns de diversas mulleres e nenas que dende localidades como Espa\u00f1a, Arxentina, Per\u00fa, Colombia ou Paraguai dan o seu testemu\u00f1o sobre esta lacra social.<\/p>\n<p>&nbsp;<\/p>\n<p>Un traballo global sobre a trata que denuncia o d\u00eda a d\u00eda escuro no que mill\u00f3ns de mulleres viven no mundo por culpa das mafias, dos proxenetas, destapando a realidade da prostituci\u00f3n exercida dende a escravitude, sempre baixo enganos, extorsi\u00f3ns, d\u00e9bedas e ameazas. Un negocio que xera beneficios de 32.000 mill\u00f3ns de d\u00f3lares ao ano.<\/p>\n<p>&nbsp;<\/p>\n<p>A mostra incl\u00fae actividades complementarias de car\u00e1cter social, did\u00e1ctico e formativo e centradas en dous piares b\u00e1sicos: a prevenci\u00f3n e a sensibilizaci\u00f3n. O obxectivo final \u00e9 conseguir a implicaci\u00f3n da mocidade na erradicaci\u00f3n deste negocio, un fin que \u00e9 m\u00e1is factible de acadar cunha menor demanda xunto co compromiso e a responsabilidade social.<\/p>\n<p>&nbsp;<\/p>\n<p><strong>O documental <\/strong><\/p>\n<p>O documental \u201cChicas nuevas 24 horas\u201d \u00e9 unha viaxe aos entresijos dunha realidade presente pero sempre oculta, cuxa proxecci\u00f3n pretende xerar unha sociedade m\u00e1is concienciada, que se converter\u00e1 na mellor ferramenta para facer desaparecer esta forma de escravitude de mulleres e nenas.<\/p>\n<p>&nbsp;<\/p>\n<p>Cada d\u00eda \u00e9 importante para constru\u00edr a igualdade e o 8 de marzo tam\u00e9n alzamos a nosa voz contra a trata como unha das formas de violencia m\u00e1is profundas que sofren as mulleres e as nenas.<\/p>\n<p>&nbsp;<\/p>\n<p>Co obxectivo de xerar preguntas e atopar respostas, que fomenten a concienciaci\u00f3n para acabar con esta lacra, os visitantes poden percorrer o espazo expositivo coas imaxes e a proxecci\u00f3n do documental que fai sentir ao alumnado durante d\u00faas horas e media achegarse a esta realidade. Unha obra que conta co apoio promocional da Fundaci\u00f3n Cepaim.<\/p>\n<p>&nbsp;<\/p>\n<p><strong>Mabel Lozano <\/strong><\/p>\n<p>Mabel Lozano, guionista, produtora e directora de cine social, leva unha traxectoria de m\u00e1is de 15 anos centrada en visibilizar a lacra da prostituci\u00f3n na procura dunha maior conciencia social para erradicala.<\/p>\n<p>&nbsp;<\/p>\n<p>A directora comezou a s\u00faa carreira como presentadora de programas de entretemento, pero en 2007 a s\u00faa relaci\u00f3n co audiovisual cambiou ata ser unha das voces que denunciaban a explotaci\u00f3n da muller. Despois de co\u00f1ecer unha historia persoal que quer\u00eda contar, deu un xiro \u00e1 s\u00faa carreira televisiva e cun m\u00e1ster en Cine Social e Dereitos Humanos na Universidade de Galway (Irlanda) comezou a s\u00faa carreira como documentalista sobre dereitos humanos, escribindo e dirixindo. a s\u00faa primeira longametraxe documental &#8216;Voces contra a trata de mulleres&#8217;, rodada en Roman\u00eda, Moldavia e Espa\u00f1a, onde denuncia a compravenda de mulleres e nenas con fins de explotaci\u00f3n sexual. Desde ent\u00f3n, ademais de curtas e spots, realizou outras longametraxes, documentais sempre coa mirada posta nos dereitos sociais e sobre todo dando voz \u00e1 problem\u00e1tica feminina. o caso de A teor\u00eda do espiralismo (2009), protagonizada por cinco deportistas paral\u00edmpicos ou Las sabias de la tribe de 2010, unha homenaxe \u00e1s xeraci\u00f3ns de mulleres da posguerra que loitaron polos seus dereitos, as\u00ed como o documental Mother ou a curta The mulleres que triunfan na que fala do \u00e9xito das mulleres maiores de 45 anos.<\/p>\n<p>&nbsp;<\/p>\n<p>En 2015 estreouse o documental Chicas nuevas 24 horas, sobre a trata e a explotaci\u00f3n sexual de mulleres; unha coproduci\u00f3n entre Arxentina, Colombia, Paraguai, Per\u00fa e Espa\u00f1a que foi nominada aos Premios Goya e aos Premios Platino de Cine Iberoamericano.<\/p>\n<p>&nbsp;<\/p>\n<p>Despois disto, en 2018 presentou El pimp. Paso curto, mala leite, a historia real en primeira persoa dun traficante de mulleres a trav\u00e9s da que repasa a evoluci\u00f3n da prostituci\u00f3n e a trata en Espa\u00f1a desde os anos 80. Recibiu, entre outros, o Premio Rodolfo Walsh que se entrega no Semana Negra, o Comadre de Ouro de 2021, o mesmo ano no que ga\u00f1ou o Goya pola curtametraxe documental Biograf\u00eda do cad\u00e1ver dunha muller.<\/p>\n","protected":false},"excerpt":{"rendered":"<p>A Conseller\u00eda de Promoci\u00f3n do Emprego e a Igualdade promove a mostra, que se pode visitar ata o 10 de maio na Casa dos Alonso da Guarda. &nbsp; A exposici\u00f3n \u201cChicas nuevas 24 horas\u201d que denuncia a trata de mulleres &hellip; <\/p>\n","protected":false},"author":2,"featured_media":28024,"comment_status":"open","ping_status":"open","sticky":false,"template":"","format":"standard","meta":[],"categories":[41],"tags":[226,664,3049,634],"yoast_head":"<!-- This site is optimized with the Yoast SEO plugin v21.1 - https:\/\/yoast.com\/wordpress\/plugins\/seo\/ -->\n<title>\u201cLas chicas nuevas 24 horas\u201d de Mabel Lozano achega \u00e1 Guarda a realidade da trata de mulleres e nenas con fins de explotaci\u00f3n sexual - Concello da Guarda<\/title>\n<meta name=\"description\" content=\"\u2022 A Conseller\u00eda de Promoci\u00f3n do Emprego e a Igualdade promove a mostra, que se pode visitar ata o 10 de maio na Casa dos Alonso da Guarda.\" \/>\n<meta name=\"robots\" content=\"index, follow, max-snippet:-1, max-image-preview:large, max-video-preview:-1\" \/>\n<link rel=\"canonical\" href=\"https:\/\/www.aguarda.es\/en\/las-chicas-nuevas-24-horas-de-mabel-lozano-achega-a-guarda-a-realidade-da-trata-de-mulleres-e-nenas-con-fins-de-explotacion-sexual\/\" \/>\n<meta property=\"og:locale\" content=\"en_US\" \/>\n<meta property=\"og:type\" content=\"article\" \/>\n<meta property=\"og:title\" content=\"\u201cLas chicas nuevas 24 horas\u201d de Mabel Lozano achega \u00e1 Guarda a realidade da trata de mulleres e nenas con fins de explotaci\u00f3n sexual - Concello da Guarda\" \/>\n<meta property=\"og:description\" content=\"\u2022 A Conseller\u00eda de Promoci\u00f3n do Emprego e a Igualdade promove a mostra, que se pode visitar ata o 10 de maio na Casa dos Alonso da Guarda.\" \/>\n<meta property=\"og:url\" content=\"https:\/\/www.aguarda.es\/en\/las-chicas-nuevas-24-horas-de-mabel-lozano-achega-a-guarda-a-realidade-da-trata-de-mulleres-e-nenas-con-fins-de-explotacion-sexual\/\" \/>\n<meta property=\"og:site_name\" content=\"Concello da Guarda\" \/>\n<meta property=\"article:publisher\" content=\"https:\/\/www.facebook.com\/ConcellodaGuarda\" \/>\n<meta property=\"article:published_time\" content=\"2023-04-27T11:33:17+00:00\" \/>\n<meta property=\"og:image\" content=\"https:\/\/www.aguarda.es\/wp-content\/uploads\/2023\/04\/Sin-titulo-1.jpg?_t=1682595198\" \/>\n\t<meta property=\"og:image:width\" content=\"800\" \/>\n\t<meta property=\"og:image:height\" content=\"800\" \/>\n\t<meta property=\"og:image:type\" content=\"image\/jpeg\" \/>\n<meta name=\"author\" content=\"prensa\" \/>\n<meta name=\"twitter:card\" content=\"summary_large_image\" \/>\n<meta name=\"twitter:creator\" content=\"@AGuarda_es\" \/>\n<meta name=\"twitter:site\" content=\"@AGuarda_es\" \/>\n<meta name=\"twitter:label1\" content=\"Written by\" \/>\n\t<meta name=\"twitter:data1\" content=\"prensa\" \/>\n\t<meta name=\"twitter:label2\" content=\"Est. reading time\" \/>\n\t<meta name=\"twitter:data2\" content=\"5 minutes\" \/>\n<script type=\"application\/ld+json\" class=\"yoast-schema-graph\">{\"@context\":\"https:\/\/schema.org\",\"@graph\":[{\"@type\":\"WebPage\",\"@id\":\"https:\/\/www.aguarda.es\/en\/las-chicas-nuevas-24-horas-de-mabel-lozano-achega-a-guarda-a-realidade-da-trata-de-mulleres-e-nenas-con-fins-de-explotacion-sexual\/\",\"url\":\"https:\/\/www.aguarda.es\/en\/las-chicas-nuevas-24-horas-de-mabel-lozano-achega-a-guarda-a-realidade-da-trata-de-mulleres-e-nenas-con-fins-de-explotacion-sexual\/\",\"name\":\"\u201cLas chicas nuevas 24 horas\u201d de Mabel Lozano achega \u00e1 Guarda a realidade da trata de mulleres e nenas con fins de explotaci\u00f3n sexual - Concello da Guarda\",\"isPartOf\":{\"@id\":\"https:\/\/www.aguarda.es\/en\/#website\"},\"datePublished\":\"2023-04-27T11:33:17+00:00\",\"dateModified\":\"2023-04-27T11:33:17+00:00\",\"author\":{\"@id\":\"https:\/\/www.aguarda.es\/en\/#\/schema\/person\/c463ca3006858ffb349d11179d044f21\"},\"description\":\"\u2022 A Conseller\u00eda de Promoci\u00f3n do Emprego e a Igualdade promove a mostra, que se pode visitar ata o 10 de maio na Casa dos Alonso da Guarda.\",\"breadcrumb\":{\"@id\":\"https:\/\/www.aguarda.es\/en\/las-chicas-nuevas-24-horas-de-mabel-lozano-achega-a-guarda-a-realidade-da-trata-de-mulleres-e-nenas-con-fins-de-explotacion-sexual\/#breadcrumb\"},\"inLanguage\":\"en-US\",\"potentialAction\":[{\"@type\":\"ReadAction\",\"target\":[\"https:\/\/www.aguarda.es\/en\/las-chicas-nuevas-24-horas-de-mabel-lozano-achega-a-guarda-a-realidade-da-trata-de-mulleres-e-nenas-con-fins-de-explotacion-sexual\/\"]}]},{\"@type\":\"BreadcrumbList\",\"@id\":\"https:\/\/www.aguarda.es\/en\/las-chicas-nuevas-24-horas-de-mabel-lozano-achega-a-guarda-a-realidade-da-trata-de-mulleres-e-nenas-con-fins-de-explotacion-sexual\/#breadcrumb\",\"itemListElement\":[{\"@type\":\"ListItem\",\"position\":1,\"name\":\"Portada\",\"item\":\"https:\/\/www.aguarda.es\/en\/\"},{\"@type\":\"ListItem\",\"position\":2,\"name\":\"\u201cLas chicas nuevas 24 horas\u201d de Mabel Lozano achega \u00e1 Guarda a realidade da trata de mulleres e nenas con fins de explotaci\u00f3n sexual\"}]},{\"@type\":\"WebSite\",\"@id\":\"https:\/\/www.aguarda.es\/en\/#website\",\"url\":\"https:\/\/www.aguarda.es\/en\/\",\"name\":\"Concello da Guarda\",\"description\":\"P\u00e1xina web do concello da Guarda\",\"potentialAction\":[{\"@type\":\"SearchAction\",\"target\":{\"@type\":\"EntryPoint\",\"urlTemplate\":\"https:\/\/www.aguarda.es\/en\/?s={search_term_string}\"},\"query-input\":\"required name=search_term_string\"}],\"inLanguage\":\"en-US\"},{\"@type\":\"Person\",\"@id\":\"https:\/\/www.aguarda.es\/en\/#\/schema\/person\/c463ca3006858ffb349d11179d044f21\",\"name\":\"prensa\",\"image\":{\"@type\":\"ImageObject\",\"inLanguage\":\"en-US\",\"@id\":\"https:\/\/www.aguarda.es\/en\/#\/schema\/person\/image\/\",\"url\":\"https:\/\/secure.gravatar.com\/avatar\/5f90ef536b0f98306edf5c7a1135ffa1?s=96&d=mm&r=g\",\"contentUrl\":\"https:\/\/secure.gravatar.com\/avatar\/5f90ef536b0f98306edf5c7a1135ffa1?s=96&d=mm&r=g\",\"caption\":\"prensa\"},\"url\":\"https:\/\/www.aguarda.es\/en\/author\/prensa\/\"}]}<\/script>\n<!-- \/ Yoast SEO plugin. -->","yoast_head_json":{"title":"\u201cLas chicas nuevas 24 horas\u201d de Mabel Lozano achega \u00e1 Guarda a realidade da trata de mulleres e nenas con fins de explotaci\u00f3n sexual - Concello da Guarda","description":"\u2022 A Conseller\u00eda de Promoci\u00f3n do Emprego e a Igualdade promove a mostra, que se pode visitar ata o 10 de maio na Casa dos Alonso da Guarda.","robots":{"index":"index","follow":"follow","max-snippet":"max-snippet:-1","max-image-preview":"max-image-preview:large","max-video-preview":"max-video-preview:-1"},"canonical":"https:\/\/www.aguarda.es\/en\/las-chicas-nuevas-24-horas-de-mabel-lozano-achega-a-guarda-a-realidade-da-trata-de-mulleres-e-nenas-con-fins-de-explotacion-sexual\/","og_locale":"en_US","og_type":"article","og_title":"\u201cLas chicas nuevas 24 horas\u201d de Mabel Lozano achega \u00e1 Guarda a realidade da trata de mulleres e nenas con fins de explotaci\u00f3n sexual - Concello da Guarda","og_description":"\u2022 A Conseller\u00eda de Promoci\u00f3n do Emprego e a Igualdade promove a mostra, que se pode visitar ata o 10 de maio na Casa dos Alonso da Guarda.","og_url":"https:\/\/www.aguarda.es\/en\/las-chicas-nuevas-24-horas-de-mabel-lozano-achega-a-guarda-a-realidade-da-trata-de-mulleres-e-nenas-con-fins-de-explotacion-sexual\/","og_site_name":"Concello da Guarda","article_publisher":"https:\/\/www.facebook.com\/ConcellodaGuarda","article_published_time":"2023-04-27T11:33:17+00:00","og_image":[{"width":800,"height":800,"url":"https:\/\/www.aguarda.es\/wp-content\/uploads\/2023\/04\/Sin-titulo-1.jpg?_t=1682595198","type":"image\/jpeg"}],"author":"prensa","twitter_card":"summary_large_image","twitter_creator":"@AGuarda_es","twitter_site":"@AGuarda_es","twitter_misc":{"Written by":"prensa","Est. reading time":"5 minutes"},"schema":{"@context":"https:\/\/schema.org","@graph":[{"@type":"WebPage","@id":"https:\/\/www.aguarda.es\/en\/las-chicas-nuevas-24-horas-de-mabel-lozano-achega-a-guarda-a-realidade-da-trata-de-mulleres-e-nenas-con-fins-de-explotacion-sexual\/","url":"https:\/\/www.aguarda.es\/en\/las-chicas-nuevas-24-horas-de-mabel-lozano-achega-a-guarda-a-realidade-da-trata-de-mulleres-e-nenas-con-fins-de-explotacion-sexual\/","name":"\u201cLas chicas nuevas 24 horas\u201d de Mabel Lozano achega \u00e1 Guarda a realidade da trata de mulleres e nenas con fins de explotaci\u00f3n sexual - Concello da Guarda","isPartOf":{"@id":"https:\/\/www.aguarda.es\/en\/#website"},"datePublished":"2023-04-27T11:33:17+00:00","dateModified":"2023-04-27T11:33:17+00:00","author":{"@id":"https:\/\/www.aguarda.es\/en\/#\/schema\/person\/c463ca3006858ffb349d11179d044f21"},"description":"\u2022 A Conseller\u00eda de Promoci\u00f3n do Emprego e a Igualdade promove a mostra, que se pode visitar ata o 10 de maio na Casa dos Alonso da Guarda.","breadcrumb":{"@id":"https:\/\/www.aguarda.es\/en\/las-chicas-nuevas-24-horas-de-mabel-lozano-achega-a-guarda-a-realidade-da-trata-de-mulleres-e-nenas-con-fins-de-explotacion-sexual\/#breadcrumb"},"inLanguage":"en-US","potentialAction":[{"@type":"ReadAction","target":["https:\/\/www.aguarda.es\/en\/las-chicas-nuevas-24-horas-de-mabel-lozano-achega-a-guarda-a-realidade-da-trata-de-mulleres-e-nenas-con-fins-de-explotacion-sexual\/"]}]},{"@type":"BreadcrumbList","@id":"https:\/\/www.aguarda.es\/en\/las-chicas-nuevas-24-horas-de-mabel-lozano-achega-a-guarda-a-realidade-da-trata-de-mulleres-e-nenas-con-fins-de-explotacion-sexual\/#breadcrumb","itemListElement":[{"@type":"ListItem","position":1,"name":"Portada","item":"https:\/\/www.aguarda.es\/en\/"},{"@type":"ListItem","position":2,"name":"\u201cLas chicas nuevas 24 horas\u201d de Mabel Lozano achega \u00e1 Guarda a realidade da trata de mulleres e nenas con fins de explotaci\u00f3n sexual"}]},{"@type":"WebSite","@id":"https:\/\/www.aguarda.es\/en\/#website","url":"https:\/\/www.aguarda.es\/en\/","name":"Concello da Guarda","description":"P\u00e1xina web do concello da Guarda","potentialAction":[{"@type":"SearchAction","target":{"@type":"EntryPoint","urlTemplate":"https:\/\/www.aguarda.es\/en\/?s={search_term_string}"},"query-input":"required name=search_term_string"}],"inLanguage":"en-US"},{"@type":"Person","@id":"https:\/\/www.aguarda.es\/en\/#\/schema\/person\/c463ca3006858ffb349d11179d044f21","name":"prensa","image":{"@type":"ImageObject","inLanguage":"en-US","@id":"https:\/\/www.aguarda.es\/en\/#\/schema\/person\/image\/","url":"https:\/\/secure.gravatar.com\/avatar\/5f90ef536b0f98306edf5c7a1135ffa1?s=96&d=mm&r=g","contentUrl":"https:\/\/secure.gravatar.com\/avatar\/5f90ef536b0f98306edf5c7a1135ffa1?s=96&d=mm&r=g","caption":"prensa"},"url":"https:\/\/www.aguarda.es\/en\/author\/prensa\/"}]}},"_links":{"self":[{"href":"https:\/\/www.aguarda.es\/en\/wp-json\/wp\/v2\/posts\/28023"}],"collection":[{"href":"https:\/\/www.aguarda.es\/en\/wp-json\/wp\/v2\/posts"}],"about":[{"href":"https:\/\/www.aguarda.es\/en\/wp-json\/wp\/v2\/types\/post"}],"author":[{"embeddable":true,"href":"https:\/\/www.aguarda.es\/en\/wp-json\/wp\/v2\/users\/2"}],"replies":[{"embeddable":true,"href":"https:\/\/www.aguarda.es\/en\/wp-json\/wp\/v2\/comments?post=28023"}],"version-history":[{"count":1,"href":"https:\/\/www.aguarda.es\/en\/wp-json\/wp\/v2\/posts\/28023\/revisions"}],"predecessor-version":[{"id":28026,"href":"https:\/\/www.aguarda.es\/en\/wp-json\/wp\/v2\/posts\/28023\/revisions\/28026"}],"wp:featuredmedia":[{"embeddable":true,"href":"https:\/\/www.aguarda.es\/en\/wp-json\/wp\/v2\/media\/28024"}],"wp:attachment":[{"href":"https:\/\/www.aguarda.es\/en\/wp-json\/wp\/v2\/media?parent=28023"}],"wp:term":[{"taxonomy":"category","embeddable":true,"href":"https:\/\/www.aguarda.es\/en\/wp-json\/wp\/v2\/categories?post=28023"},{"taxonomy":"post_tag","embeddable":true,"href":"https:\/\/www.aguarda.es\/en\/wp-json\/wp\/v2\/tags?post=28023"}],"curies":[{"name":"wp","href":"https:\/\/api.w.org\/{rel}","templated":true}]}}