{"id":28101,"date":"2023-05-15T19:20:07","date_gmt":"2023-05-15T19:20:07","guid":{"rendered":"https:\/\/www.aguarda.es\/?p=28101"},"modified":"2023-05-15T19:20:07","modified_gmt":"2023-05-15T19:20:07","slug":"a-guarda-sumase-a-axenda-2030-coa-presentacion-dun-plan-de-accion-en-torno-aos-obxectivos-de-desenvolvemento-sostible","status":"publish","type":"post","link":"https:\/\/www.aguarda.es\/en\/a-guarda-sumase-a-axenda-2030-coa-presentacion-dun-plan-de-accion-en-torno-aos-obxectivos-de-desenvolvemento-sostible\/","title":{"rendered":"A Guarda s\u00famase \u00e1 axenda 2030 coa presentaci\u00f3n dun Plan de acci\u00f3n en torno aos Obxectivos de Desenvolvemento Sostible"},"content":{"rendered":"<p>O Concello da Guarda presenta od\u00eda 12 de maio, un Plan de Acci\u00f3n para a implementaci\u00f3n da Axenda 2030 e os seus 17 ODS, promovido polo Fondo Galego de Cooperaci\u00f3n e con financiamento da Xunta de Galicia, que establece unha serie de acci\u00f3ns a curto, medio e longo prazo a nivel municipal para o <strong>per\u00edodo 2023-2025.<\/strong><\/p>\n<p>&nbsp;<\/p>\n<p>Este Plan de Acci\u00f3n \u00e9 o resultado dun proceso de an\u00e1lise-diagnose previo no que se avaliou o grao de ali\u00f1amento e cumprimento da Axenda 2030 do Concello. O seu obxectivo foi dese\u00f1ar, publicar e obter como referencia un documento estrat\u00e9xico no que se describan as principais actuaci\u00f3ns que o Concello da Guarda debe realizar nos pr\u00f3ximos 3 anos para incrementar a s\u00faa contribuci\u00f3n ao cumprimento de cada un dos dezasete Obxectivos de Desenvolvemento Sostible, mellorando os \u00edndices de benestar da cidadan\u00eda e constru\u00edndo un entorno mais respectuoso co medio ambiente.<\/p>\n<p>&nbsp;<\/p>\n<p>A presentaci\u00f3n do Plan de Acci\u00f3n ter\u00e1 lugar o d\u00eda 12 de maio \u00e1s 12 horas no Concello da Guarda e estar\u00e1\u00a0 dirixida polo Alcalde Antonio Lomba e contar\u00e1 coa participaci\u00f3n de\u00a0 Andrea Corzo, do Fondo Galego de Cooperaci\u00f3n e Solidariedade e o equipo de ICSEM, a empresa que participou na elaboraci\u00f3n dos documentos.<\/p>\n","protected":false},"excerpt":{"rendered":"<p>O Concello da Guarda presenta od\u00eda 12 de maio, un Plan de Acci\u00f3n para a implementaci\u00f3n da Axenda 2030 e os seus 17 ODS, promovido polo Fondo Galego de Cooperaci\u00f3n e con financiamento da Xunta de Galicia, que establece unha &hellip; <\/p>\n","protected":false},"author":2,"featured_media":28102,"comment_status":"open","ping_status":"open","sticky":false,"template":"","format":"standard","meta":[],"categories":[40],"tags":[226,2917,227,2752],"yoast_head":"<!-- This site is optimized with the Yoast SEO plugin v21.1 - https:\/\/yoast.com\/wordpress\/plugins\/seo\/ -->\n<title>A Guarda s\u00famase \u00e1 axenda 2030 coa presentaci\u00f3n dun Plan de acci\u00f3n en torno aos Obxectivos de Desenvolvemento Sostible - Concello da Guarda<\/title>\n<meta name=\"description\" content=\"\u2022 A estratexia, promovida polo Fondo Galego de Cooperaci\u00f3n e Solidariedade, establece unha serie de acci\u00f3ns para os pr\u00f3ximos 3 anos que ali\u00f1en ao Concello no cumprimento dos ODS.\" \/>\n<meta name=\"robots\" content=\"index, follow, max-snippet:-1, max-image-preview:large, max-video-preview:-1\" \/>\n<link rel=\"canonical\" href=\"https:\/\/www.aguarda.es\/en\/a-guarda-sumase-a-axenda-2030-coa-presentacion-dun-plan-de-accion-en-torno-aos-obxectivos-de-desenvolvemento-sostible\/\" \/>\n<meta property=\"og:locale\" content=\"en_US\" \/>\n<meta property=\"og:type\" content=\"article\" \/>\n<meta property=\"og:title\" content=\"A Guarda s\u00famase \u00e1 axenda 2030 coa presentaci\u00f3n dun Plan de acci\u00f3n en torno aos Obxectivos de Desenvolvemento Sostible - Concello da Guarda\" \/>\n<meta property=\"og:description\" content=\"\u2022 A estratexia, promovida polo Fondo Galego de Cooperaci\u00f3n e Solidariedade, establece unha serie de acci\u00f3ns para os pr\u00f3ximos 3 anos que ali\u00f1en ao Concello no cumprimento dos ODS.\" \/>\n<meta property=\"og:url\" content=\"https:\/\/www.aguarda.es\/en\/a-guarda-sumase-a-axenda-2030-coa-presentacion-dun-plan-de-accion-en-torno-aos-obxectivos-de-desenvolvemento-sostible\/\" \/>\n<meta property=\"og:site_name\" content=\"Concello da Guarda\" \/>\n<meta property=\"article:publisher\" content=\"https:\/\/www.facebook.com\/ConcellodaGuarda\" \/>\n<meta property=\"article:published_time\" content=\"2023-05-15T19:20:07+00:00\" \/>\n<meta property=\"og:image\" content=\"https:\/\/www.aguarda.es\/wp-content\/uploads\/2023\/05\/NP-15052023-A-Guarda-sumase-a-axenda-2030-coa-presentacion-dun-Plan-de-accion-en-torno-aos-Obxectivos-de-Desenvolvemento-Sostible-2.jpg?_t=1684178408\" \/>\n\t<meta property=\"og:image:width\" content=\"800\" \/>\n\t<meta property=\"og:image:height\" content=\"600\" \/>\n\t<meta property=\"og:image:type\" content=\"image\/jpeg\" \/>\n<meta name=\"author\" content=\"prensa\" \/>\n<meta name=\"twitter:card\" content=\"summary_large_image\" \/>\n<meta name=\"twitter:creator\" content=\"@AGuarda_es\" \/>\n<meta name=\"twitter:site\" content=\"@AGuarda_es\" \/>\n<meta name=\"twitter:label1\" content=\"Written by\" \/>\n\t<meta name=\"twitter:data1\" content=\"prensa\" \/>\n\t<meta name=\"twitter:label2\" content=\"Est. reading time\" \/>\n\t<meta name=\"twitter:data2\" content=\"2 minutes\" \/>\n<script type=\"application\/ld+json\" class=\"yoast-schema-graph\">{\"@context\":\"https:\/\/schema.org\",\"@graph\":[{\"@type\":\"WebPage\",\"@id\":\"https:\/\/www.aguarda.es\/en\/a-guarda-sumase-a-axenda-2030-coa-presentacion-dun-plan-de-accion-en-torno-aos-obxectivos-de-desenvolvemento-sostible\/\",\"url\":\"https:\/\/www.aguarda.es\/en\/a-guarda-sumase-a-axenda-2030-coa-presentacion-dun-plan-de-accion-en-torno-aos-obxectivos-de-desenvolvemento-sostible\/\",\"name\":\"A Guarda s\u00famase \u00e1 axenda 2030 coa presentaci\u00f3n dun Plan de acci\u00f3n en torno aos Obxectivos de Desenvolvemento Sostible - Concello da Guarda\",\"isPartOf\":{\"@id\":\"https:\/\/www.aguarda.es\/en\/#website\"},\"datePublished\":\"2023-05-15T19:20:07+00:00\",\"dateModified\":\"2023-05-15T19:20:07+00:00\",\"author\":{\"@id\":\"https:\/\/www.aguarda.es\/en\/#\/schema\/person\/c463ca3006858ffb349d11179d044f21\"},\"description\":\"\u2022 A estratexia, promovida polo Fondo Galego de Cooperaci\u00f3n e Solidariedade, establece unha serie de acci\u00f3ns para os pr\u00f3ximos 3 anos que ali\u00f1en ao Concello no cumprimento dos ODS.\",\"breadcrumb\":{\"@id\":\"https:\/\/www.aguarda.es\/en\/a-guarda-sumase-a-axenda-2030-coa-presentacion-dun-plan-de-accion-en-torno-aos-obxectivos-de-desenvolvemento-sostible\/#breadcrumb\"},\"inLanguage\":\"en-US\",\"potentialAction\":[{\"@type\":\"ReadAction\",\"target\":[\"https:\/\/www.aguarda.es\/en\/a-guarda-sumase-a-axenda-2030-coa-presentacion-dun-plan-de-accion-en-torno-aos-obxectivos-de-desenvolvemento-sostible\/\"]}]},{\"@type\":\"BreadcrumbList\",\"@id\":\"https:\/\/www.aguarda.es\/en\/a-guarda-sumase-a-axenda-2030-coa-presentacion-dun-plan-de-accion-en-torno-aos-obxectivos-de-desenvolvemento-sostible\/#breadcrumb\",\"itemListElement\":[{\"@type\":\"ListItem\",\"position\":1,\"name\":\"Portada\",\"item\":\"https:\/\/www.aguarda.es\/en\/\"},{\"@type\":\"ListItem\",\"position\":2,\"name\":\"A Guarda s\u00famase \u00e1 axenda 2030 coa presentaci\u00f3n dun Plan de acci\u00f3n en torno aos Obxectivos de Desenvolvemento Sostible\"}]},{\"@type\":\"WebSite\",\"@id\":\"https:\/\/www.aguarda.es\/en\/#website\",\"url\":\"https:\/\/www.aguarda.es\/en\/\",\"name\":\"Concello da Guarda\",\"description\":\"P\u00e1xina web do concello da Guarda\",\"potentialAction\":[{\"@type\":\"SearchAction\",\"target\":{\"@type\":\"EntryPoint\",\"urlTemplate\":\"https:\/\/www.aguarda.es\/en\/?s={search_term_string}\"},\"query-input\":\"required name=search_term_string\"}],\"inLanguage\":\"en-US\"},{\"@type\":\"Person\",\"@id\":\"https:\/\/www.aguarda.es\/en\/#\/schema\/person\/c463ca3006858ffb349d11179d044f21\",\"name\":\"prensa\",\"image\":{\"@type\":\"ImageObject\",\"inLanguage\":\"en-US\",\"@id\":\"https:\/\/www.aguarda.es\/en\/#\/schema\/person\/image\/\",\"url\":\"https:\/\/secure.gravatar.com\/avatar\/5f90ef536b0f98306edf5c7a1135ffa1?s=96&d=mm&r=g\",\"contentUrl\":\"https:\/\/secure.gravatar.com\/avatar\/5f90ef536b0f98306edf5c7a1135ffa1?s=96&d=mm&r=g\",\"caption\":\"prensa\"},\"url\":\"https:\/\/www.aguarda.es\/en\/author\/prensa\/\"}]}<\/script>\n<!-- \/ Yoast SEO plugin. -->","yoast_head_json":{"title":"A Guarda s\u00famase \u00e1 axenda 2030 coa presentaci\u00f3n dun Plan de acci\u00f3n en torno aos Obxectivos de Desenvolvemento Sostible - Concello da Guarda","description":"\u2022 A estratexia, promovida polo Fondo Galego de Cooperaci\u00f3n e Solidariedade, establece unha serie de acci\u00f3ns para os pr\u00f3ximos 3 anos que ali\u00f1en ao Concello no cumprimento dos ODS.","robots":{"index":"index","follow":"follow","max-snippet":"max-snippet:-1","max-image-preview":"max-image-preview:large","max-video-preview":"max-video-preview:-1"},"canonical":"https:\/\/www.aguarda.es\/en\/a-guarda-sumase-a-axenda-2030-coa-presentacion-dun-plan-de-accion-en-torno-aos-obxectivos-de-desenvolvemento-sostible\/","og_locale":"en_US","og_type":"article","og_title":"A Guarda s\u00famase \u00e1 axenda 2030 coa presentaci\u00f3n dun Plan de acci\u00f3n en torno aos Obxectivos de Desenvolvemento Sostible - Concello da Guarda","og_description":"\u2022 A estratexia, promovida polo Fondo Galego de Cooperaci\u00f3n e Solidariedade, establece unha serie de acci\u00f3ns para os pr\u00f3ximos 3 anos que ali\u00f1en ao Concello no cumprimento dos ODS.","og_url":"https:\/\/www.aguarda.es\/en\/a-guarda-sumase-a-axenda-2030-coa-presentacion-dun-plan-de-accion-en-torno-aos-obxectivos-de-desenvolvemento-sostible\/","og_site_name":"Concello da Guarda","article_publisher":"https:\/\/www.facebook.com\/ConcellodaGuarda","article_published_time":"2023-05-15T19:20:07+00:00","og_image":[{"width":800,"height":600,"url":"https:\/\/www.aguarda.es\/wp-content\/uploads\/2023\/05\/NP-15052023-A-Guarda-sumase-a-axenda-2030-coa-presentacion-dun-Plan-de-accion-en-torno-aos-Obxectivos-de-Desenvolvemento-Sostible-2.jpg?_t=1684178408","type":"image\/jpeg"}],"author":"prensa","twitter_card":"summary_large_image","twitter_creator":"@AGuarda_es","twitter_site":"@AGuarda_es","twitter_misc":{"Written by":"prensa","Est. reading time":"2 minutes"},"schema":{"@context":"https:\/\/schema.org","@graph":[{"@type":"WebPage","@id":"https:\/\/www.aguarda.es\/en\/a-guarda-sumase-a-axenda-2030-coa-presentacion-dun-plan-de-accion-en-torno-aos-obxectivos-de-desenvolvemento-sostible\/","url":"https:\/\/www.aguarda.es\/en\/a-guarda-sumase-a-axenda-2030-coa-presentacion-dun-plan-de-accion-en-torno-aos-obxectivos-de-desenvolvemento-sostible\/","name":"A Guarda s\u00famase \u00e1 axenda 2030 coa presentaci\u00f3n dun Plan de acci\u00f3n en torno aos Obxectivos de Desenvolvemento Sostible - Concello da Guarda","isPartOf":{"@id":"https:\/\/www.aguarda.es\/en\/#website"},"datePublished":"2023-05-15T19:20:07+00:00","dateModified":"2023-05-15T19:20:07+00:00","author":{"@id":"https:\/\/www.aguarda.es\/en\/#\/schema\/person\/c463ca3006858ffb349d11179d044f21"},"description":"\u2022 A estratexia, promovida polo Fondo Galego de Cooperaci\u00f3n e Solidariedade, establece unha serie de acci\u00f3ns para os pr\u00f3ximos 3 anos que ali\u00f1en ao Concello no cumprimento dos ODS.","breadcrumb":{"@id":"https:\/\/www.aguarda.es\/en\/a-guarda-sumase-a-axenda-2030-coa-presentacion-dun-plan-de-accion-en-torno-aos-obxectivos-de-desenvolvemento-sostible\/#breadcrumb"},"inLanguage":"en-US","potentialAction":[{"@type":"ReadAction","target":["https:\/\/www.aguarda.es\/en\/a-guarda-sumase-a-axenda-2030-coa-presentacion-dun-plan-de-accion-en-torno-aos-obxectivos-de-desenvolvemento-sostible\/"]}]},{"@type":"BreadcrumbList","@id":"https:\/\/www.aguarda.es\/en\/a-guarda-sumase-a-axenda-2030-coa-presentacion-dun-plan-de-accion-en-torno-aos-obxectivos-de-desenvolvemento-sostible\/#breadcrumb","itemListElement":[{"@type":"ListItem","position":1,"name":"Portada","item":"https:\/\/www.aguarda.es\/en\/"},{"@type":"ListItem","position":2,"name":"A Guarda s\u00famase \u00e1 axenda 2030 coa presentaci\u00f3n dun Plan de acci\u00f3n en torno aos Obxectivos de Desenvolvemento Sostible"}]},{"@type":"WebSite","@id":"https:\/\/www.aguarda.es\/en\/#website","url":"https:\/\/www.aguarda.es\/en\/","name":"Concello da Guarda","description":"P\u00e1xina web do concello da Guarda","potentialAction":[{"@type":"SearchAction","target":{"@type":"EntryPoint","urlTemplate":"https:\/\/www.aguarda.es\/en\/?s={search_term_string}"},"query-input":"required name=search_term_string"}],"inLanguage":"en-US"},{"@type":"Person","@id":"https:\/\/www.aguarda.es\/en\/#\/schema\/person\/c463ca3006858ffb349d11179d044f21","name":"prensa","image":{"@type":"ImageObject","inLanguage":"en-US","@id":"https:\/\/www.aguarda.es\/en\/#\/schema\/person\/image\/","url":"https:\/\/secure.gravatar.com\/avatar\/5f90ef536b0f98306edf5c7a1135ffa1?s=96&d=mm&r=g","contentUrl":"https:\/\/secure.gravatar.com\/avatar\/5f90ef536b0f98306edf5c7a1135ffa1?s=96&d=mm&r=g","caption":"prensa"},"url":"https:\/\/www.aguarda.es\/en\/author\/prensa\/"}]}},"_links":{"self":[{"href":"https:\/\/www.aguarda.es\/en\/wp-json\/wp\/v2\/posts\/28101"}],"collection":[{"href":"https:\/\/www.aguarda.es\/en\/wp-json\/wp\/v2\/posts"}],"about":[{"href":"https:\/\/www.aguarda.es\/en\/wp-json\/wp\/v2\/types\/post"}],"author":[{"embeddable":true,"href":"https:\/\/www.aguarda.es\/en\/wp-json\/wp\/v2\/users\/2"}],"replies":[{"embeddable":true,"href":"https:\/\/www.aguarda.es\/en\/wp-json\/wp\/v2\/comments?post=28101"}],"version-history":[{"count":1,"href":"https:\/\/www.aguarda.es\/en\/wp-json\/wp\/v2\/posts\/28101\/revisions"}],"predecessor-version":[{"id":28104,"href":"https:\/\/www.aguarda.es\/en\/wp-json\/wp\/v2\/posts\/28101\/revisions\/28104"}],"wp:featuredmedia":[{"embeddable":true,"href":"https:\/\/www.aguarda.es\/en\/wp-json\/wp\/v2\/media\/28102"}],"wp:attachment":[{"href":"https:\/\/www.aguarda.es\/en\/wp-json\/wp\/v2\/media?parent=28101"}],"wp:term":[{"taxonomy":"category","embeddable":true,"href":"https:\/\/www.aguarda.es\/en\/wp-json\/wp\/v2\/categories?post=28101"},{"taxonomy":"post_tag","embeddable":true,"href":"https:\/\/www.aguarda.es\/en\/wp-json\/wp\/v2\/tags?post=28101"}],"curies":[{"name":"wp","href":"https:\/\/api.w.org\/{rel}","templated":true}]}}