{"id":28121,"date":"2023-05-18T15:26:38","date_gmt":"2023-05-18T15:26:38","guid":{"rendered":"https:\/\/www.aguarda.es\/?p=28121"},"modified":"2023-05-18T15:26:38","modified_gmt":"2023-05-18T15:26:38","slug":"a-guarda-festexou-o-dia-das-letras-galegas-con-musica-e-baile","status":"publish","type":"post","link":"https:\/\/www.aguarda.es\/en\/a-guarda-festexou-o-dia-das-letras-galegas-con-musica-e-baile\/","title":{"rendered":"A Guarda festexou o D\u00eda das Letras Galegas con m\u00fasica e baile"},"content":{"rendered":"<ul>\n<li><em>As asociaci\u00f3ns e grupos folcl\u00f3ricos da Guarda un\u00edronse no Auditorio de San Benito para lembrar a figura de Francisco Fern\u00e1ndez del Riego.<\/em><\/li>\n<\/ul>\n<p>&nbsp;<\/p>\n<p>O pasado m\u00e9rcores d\u00eda 17 de maio o Auditorio de San Benito da Guarda acolleu o tradicional Festival de m\u00fasica e baile, no que as diferentes asociaci\u00f3ns da Guarda renderon tributo ao autor homenaxeado este ano nas Letras Galegas, Francisco Fern\u00e1ndez del Riego.<\/p>\n<p>&nbsp;<\/p>\n<p>Este ano, e ante m\u00e1is de 700 persoas, o acto contou coa presenza da Agrupaci\u00f3n Cultural Guardesa, que abr\u00edu o acto lembrando a figura de Francisco Fern\u00e1ndez del Riego a trav\u00e9s dunha rese\u00f1a sobre a s\u00faa vida adicada a difusi\u00f3n das nosas letras e a nosa lingua.<\/p>\n<p>&nbsp;<\/p>\n<p>A continuaci\u00f3n interviron os diferentes grupos de m\u00fasica e baile tradicional como o Grupo de gaitas da Terceira Idade, o Grupo de Baile Xamaraina, Grupo de Pandereteiras Vento Mareiro, A Boalleira, Treb\u00f3n dos Xidos e os grupos de baile Na ribeira do Mi\u00f1o (CEIP A Sangri\u00f1a), Anduri\u00f1as (CEIP As Solanas) e Churumbela.\u00a0 Todos eles tiveo\u00e1n tam\u00e9n ocasi\u00f3n de lembrar a memoria do autor homenaxeado a trav\u00e9s de pequenas lecturas da s\u00faa obra.<\/p>\n<p>&nbsp;<\/p>\n<p>Nunha xornada excepcional, A Guarda lembrou a figura do homenaxeado nesta edici\u00f3n 2023, contando cun total de 6 asociaci\u00f3ns participantes e 9 grupos de baile e m\u00fasica.<\/p>\n<p>&nbsp;<\/p>\n<p>A Concelleira de Cultura, Montserrat Magallanes quixo agradecer publicamente a participaci\u00f3n e colaboraci\u00f3n desinteresada das diferentes asociaci\u00f3ns que no d\u00eda de onte renderon homenaxe no D\u00eda das Letras Galegas coa entrega dun pequeno agasallo que representa a fachada mari\u00f1eira da Guarda.<\/p>\n","protected":false},"excerpt":{"rendered":"<p>As asociaci\u00f3ns e grupos folcl\u00f3ricos da Guarda un\u00edronse no Auditorio de San Benito para lembrar a figura de Francisco Fern\u00e1ndez del Riego. &nbsp; O pasado m\u00e9rcores d\u00eda 17 de maio o Auditorio de San Benito da Guarda acolleu o tradicional &hellip; <\/p>\n","protected":false},"author":2,"featured_media":28122,"comment_status":"open","ping_status":"open","sticky":false,"template":"","format":"standard","meta":[],"categories":[34],"tags":[226,243,1128],"yoast_head":"<!-- This site is optimized with the Yoast SEO plugin v21.1 - https:\/\/yoast.com\/wordpress\/plugins\/seo\/ -->\n<title>A Guarda festexou o D\u00eda das Letras Galegas con m\u00fasica e baile - Concello da Guarda<\/title>\n<meta name=\"description\" content=\"As asociaci\u00f3ns e grupos folcl\u00f3ricos da Guarda un\u00edronse no Auditorio de San Benito para lembrar a figura de Francisco Fern\u00e1ndez del Riego.\" \/>\n<meta name=\"robots\" content=\"index, follow, max-snippet:-1, max-image-preview:large, max-video-preview:-1\" \/>\n<link rel=\"canonical\" href=\"https:\/\/www.aguarda.es\/en\/a-guarda-festexou-o-dia-das-letras-galegas-con-musica-e-baile\/\" \/>\n<meta property=\"og:locale\" content=\"en_US\" \/>\n<meta property=\"og:type\" content=\"article\" \/>\n<meta property=\"og:title\" content=\"A Guarda festexou o D\u00eda das Letras Galegas con m\u00fasica e baile - Concello da Guarda\" \/>\n<meta property=\"og:description\" content=\"As asociaci\u00f3ns e grupos folcl\u00f3ricos da Guarda un\u00edronse no Auditorio de San Benito para lembrar a figura de Francisco Fern\u00e1ndez del Riego.\" \/>\n<meta property=\"og:url\" content=\"https:\/\/www.aguarda.es\/en\/a-guarda-festexou-o-dia-das-letras-galegas-con-musica-e-baile\/\" \/>\n<meta property=\"og:site_name\" content=\"Concello da Guarda\" \/>\n<meta property=\"article:publisher\" content=\"https:\/\/www.facebook.com\/ConcellodaGuarda\" \/>\n<meta property=\"article:published_time\" content=\"2023-05-18T15:26:38+00:00\" \/>\n<meta property=\"og:image\" content=\"https:\/\/www.aguarda.es\/wp-content\/uploads\/2023\/05\/NP-18052023-A-Guarda-festexou-o-Dia-das-Letras-Galegas-con-musica-e-baile-5.jpg?_t=1684423599\" \/>\n\t<meta property=\"og:image:width\" content=\"827\" \/>\n\t<meta property=\"og:image:height\" content=\"620\" \/>\n\t<meta property=\"og:image:type\" content=\"image\/jpeg\" \/>\n<meta name=\"author\" content=\"prensa\" \/>\n<meta name=\"twitter:card\" content=\"summary_large_image\" \/>\n<meta name=\"twitter:creator\" content=\"@AGuarda_es\" \/>\n<meta name=\"twitter:site\" content=\"@AGuarda_es\" \/>\n<meta name=\"twitter:label1\" content=\"Written by\" \/>\n\t<meta name=\"twitter:data1\" content=\"prensa\" \/>\n\t<meta name=\"twitter:label2\" content=\"Est. reading time\" \/>\n\t<meta name=\"twitter:data2\" content=\"2 minutes\" \/>\n<script type=\"application\/ld+json\" class=\"yoast-schema-graph\">{\"@context\":\"https:\/\/schema.org\",\"@graph\":[{\"@type\":\"WebPage\",\"@id\":\"https:\/\/www.aguarda.es\/en\/a-guarda-festexou-o-dia-das-letras-galegas-con-musica-e-baile\/\",\"url\":\"https:\/\/www.aguarda.es\/en\/a-guarda-festexou-o-dia-das-letras-galegas-con-musica-e-baile\/\",\"name\":\"A Guarda festexou o D\u00eda das Letras Galegas con m\u00fasica e baile - Concello da Guarda\",\"isPartOf\":{\"@id\":\"https:\/\/www.aguarda.es\/en\/#website\"},\"datePublished\":\"2023-05-18T15:26:38+00:00\",\"dateModified\":\"2023-05-18T15:26:38+00:00\",\"author\":{\"@id\":\"https:\/\/www.aguarda.es\/en\/#\/schema\/person\/c463ca3006858ffb349d11179d044f21\"},\"description\":\"As asociaci\u00f3ns e grupos folcl\u00f3ricos da Guarda un\u00edronse no Auditorio de San Benito para lembrar a figura de Francisco Fern\u00e1ndez del Riego.\",\"breadcrumb\":{\"@id\":\"https:\/\/www.aguarda.es\/en\/a-guarda-festexou-o-dia-das-letras-galegas-con-musica-e-baile\/#breadcrumb\"},\"inLanguage\":\"en-US\",\"potentialAction\":[{\"@type\":\"ReadAction\",\"target\":[\"https:\/\/www.aguarda.es\/en\/a-guarda-festexou-o-dia-das-letras-galegas-con-musica-e-baile\/\"]}]},{\"@type\":\"BreadcrumbList\",\"@id\":\"https:\/\/www.aguarda.es\/en\/a-guarda-festexou-o-dia-das-letras-galegas-con-musica-e-baile\/#breadcrumb\",\"itemListElement\":[{\"@type\":\"ListItem\",\"position\":1,\"name\":\"Portada\",\"item\":\"https:\/\/www.aguarda.es\/en\/\"},{\"@type\":\"ListItem\",\"position\":2,\"name\":\"A Guarda festexou o D\u00eda das Letras Galegas con m\u00fasica e baile\"}]},{\"@type\":\"WebSite\",\"@id\":\"https:\/\/www.aguarda.es\/en\/#website\",\"url\":\"https:\/\/www.aguarda.es\/en\/\",\"name\":\"Concello da Guarda\",\"description\":\"P\u00e1xina web do concello da Guarda\",\"potentialAction\":[{\"@type\":\"SearchAction\",\"target\":{\"@type\":\"EntryPoint\",\"urlTemplate\":\"https:\/\/www.aguarda.es\/en\/?s={search_term_string}\"},\"query-input\":\"required name=search_term_string\"}],\"inLanguage\":\"en-US\"},{\"@type\":\"Person\",\"@id\":\"https:\/\/www.aguarda.es\/en\/#\/schema\/person\/c463ca3006858ffb349d11179d044f21\",\"name\":\"prensa\",\"image\":{\"@type\":\"ImageObject\",\"inLanguage\":\"en-US\",\"@id\":\"https:\/\/www.aguarda.es\/en\/#\/schema\/person\/image\/\",\"url\":\"https:\/\/secure.gravatar.com\/avatar\/5f90ef536b0f98306edf5c7a1135ffa1?s=96&d=mm&r=g\",\"contentUrl\":\"https:\/\/secure.gravatar.com\/avatar\/5f90ef536b0f98306edf5c7a1135ffa1?s=96&d=mm&r=g\",\"caption\":\"prensa\"},\"url\":\"https:\/\/www.aguarda.es\/en\/author\/prensa\/\"}]}<\/script>\n<!-- \/ Yoast SEO plugin. -->","yoast_head_json":{"title":"A Guarda festexou o D\u00eda das Letras Galegas con m\u00fasica e baile - Concello da Guarda","description":"As asociaci\u00f3ns e grupos folcl\u00f3ricos da Guarda un\u00edronse no Auditorio de San Benito para lembrar a figura de Francisco Fern\u00e1ndez del Riego.","robots":{"index":"index","follow":"follow","max-snippet":"max-snippet:-1","max-image-preview":"max-image-preview:large","max-video-preview":"max-video-preview:-1"},"canonical":"https:\/\/www.aguarda.es\/en\/a-guarda-festexou-o-dia-das-letras-galegas-con-musica-e-baile\/","og_locale":"en_US","og_type":"article","og_title":"A Guarda festexou o D\u00eda das Letras Galegas con m\u00fasica e baile - Concello da Guarda","og_description":"As asociaci\u00f3ns e grupos folcl\u00f3ricos da Guarda un\u00edronse no Auditorio de San Benito para lembrar a figura de Francisco Fern\u00e1ndez del Riego.","og_url":"https:\/\/www.aguarda.es\/en\/a-guarda-festexou-o-dia-das-letras-galegas-con-musica-e-baile\/","og_site_name":"Concello da Guarda","article_publisher":"https:\/\/www.facebook.com\/ConcellodaGuarda","article_published_time":"2023-05-18T15:26:38+00:00","og_image":[{"width":827,"height":620,"url":"https:\/\/www.aguarda.es\/wp-content\/uploads\/2023\/05\/NP-18052023-A-Guarda-festexou-o-Dia-das-Letras-Galegas-con-musica-e-baile-5.jpg?_t=1684423599","type":"image\/jpeg"}],"author":"prensa","twitter_card":"summary_large_image","twitter_creator":"@AGuarda_es","twitter_site":"@AGuarda_es","twitter_misc":{"Written by":"prensa","Est. reading time":"2 minutes"},"schema":{"@context":"https:\/\/schema.org","@graph":[{"@type":"WebPage","@id":"https:\/\/www.aguarda.es\/en\/a-guarda-festexou-o-dia-das-letras-galegas-con-musica-e-baile\/","url":"https:\/\/www.aguarda.es\/en\/a-guarda-festexou-o-dia-das-letras-galegas-con-musica-e-baile\/","name":"A Guarda festexou o D\u00eda das Letras Galegas con m\u00fasica e baile - Concello da Guarda","isPartOf":{"@id":"https:\/\/www.aguarda.es\/en\/#website"},"datePublished":"2023-05-18T15:26:38+00:00","dateModified":"2023-05-18T15:26:38+00:00","author":{"@id":"https:\/\/www.aguarda.es\/en\/#\/schema\/person\/c463ca3006858ffb349d11179d044f21"},"description":"As asociaci\u00f3ns e grupos folcl\u00f3ricos da Guarda un\u00edronse no Auditorio de San Benito para lembrar a figura de Francisco Fern\u00e1ndez del Riego.","breadcrumb":{"@id":"https:\/\/www.aguarda.es\/en\/a-guarda-festexou-o-dia-das-letras-galegas-con-musica-e-baile\/#breadcrumb"},"inLanguage":"en-US","potentialAction":[{"@type":"ReadAction","target":["https:\/\/www.aguarda.es\/en\/a-guarda-festexou-o-dia-das-letras-galegas-con-musica-e-baile\/"]}]},{"@type":"BreadcrumbList","@id":"https:\/\/www.aguarda.es\/en\/a-guarda-festexou-o-dia-das-letras-galegas-con-musica-e-baile\/#breadcrumb","itemListElement":[{"@type":"ListItem","position":1,"name":"Portada","item":"https:\/\/www.aguarda.es\/en\/"},{"@type":"ListItem","position":2,"name":"A Guarda festexou o D\u00eda das Letras Galegas con m\u00fasica e baile"}]},{"@type":"WebSite","@id":"https:\/\/www.aguarda.es\/en\/#website","url":"https:\/\/www.aguarda.es\/en\/","name":"Concello da Guarda","description":"P\u00e1xina web do concello da Guarda","potentialAction":[{"@type":"SearchAction","target":{"@type":"EntryPoint","urlTemplate":"https:\/\/www.aguarda.es\/en\/?s={search_term_string}"},"query-input":"required name=search_term_string"}],"inLanguage":"en-US"},{"@type":"Person","@id":"https:\/\/www.aguarda.es\/en\/#\/schema\/person\/c463ca3006858ffb349d11179d044f21","name":"prensa","image":{"@type":"ImageObject","inLanguage":"en-US","@id":"https:\/\/www.aguarda.es\/en\/#\/schema\/person\/image\/","url":"https:\/\/secure.gravatar.com\/avatar\/5f90ef536b0f98306edf5c7a1135ffa1?s=96&d=mm&r=g","contentUrl":"https:\/\/secure.gravatar.com\/avatar\/5f90ef536b0f98306edf5c7a1135ffa1?s=96&d=mm&r=g","caption":"prensa"},"url":"https:\/\/www.aguarda.es\/en\/author\/prensa\/"}]}},"_links":{"self":[{"href":"https:\/\/www.aguarda.es\/en\/wp-json\/wp\/v2\/posts\/28121"}],"collection":[{"href":"https:\/\/www.aguarda.es\/en\/wp-json\/wp\/v2\/posts"}],"about":[{"href":"https:\/\/www.aguarda.es\/en\/wp-json\/wp\/v2\/types\/post"}],"author":[{"embeddable":true,"href":"https:\/\/www.aguarda.es\/en\/wp-json\/wp\/v2\/users\/2"}],"replies":[{"embeddable":true,"href":"https:\/\/www.aguarda.es\/en\/wp-json\/wp\/v2\/comments?post=28121"}],"version-history":[{"count":1,"href":"https:\/\/www.aguarda.es\/en\/wp-json\/wp\/v2\/posts\/28121\/revisions"}],"predecessor-version":[{"id":28124,"href":"https:\/\/www.aguarda.es\/en\/wp-json\/wp\/v2\/posts\/28121\/revisions\/28124"}],"wp:featuredmedia":[{"embeddable":true,"href":"https:\/\/www.aguarda.es\/en\/wp-json\/wp\/v2\/media\/28122"}],"wp:attachment":[{"href":"https:\/\/www.aguarda.es\/en\/wp-json\/wp\/v2\/media?parent=28121"}],"wp:term":[{"taxonomy":"category","embeddable":true,"href":"https:\/\/www.aguarda.es\/en\/wp-json\/wp\/v2\/categories?post=28121"},{"taxonomy":"post_tag","embeddable":true,"href":"https:\/\/www.aguarda.es\/en\/wp-json\/wp\/v2\/tags?post=28121"}],"curies":[{"name":"wp","href":"https:\/\/api.w.org\/{rel}","templated":true}]}}