{"id":28308,"date":"2023-06-26T08:27:01","date_gmt":"2023-06-26T08:27:01","guid":{"rendered":"https:\/\/www.aguarda.es\/?p=28308"},"modified":"2023-06-26T08:27:01","modified_gmt":"2023-06-26T08:27:01","slug":"o-ciclo-mestre-mateo-2023-continua-na-guarda-este-xoves-coa-proxeccion-de-life-is-life","status":"publish","type":"post","link":"https:\/\/www.aguarda.es\/en\/o-ciclo-mestre-mateo-2023-continua-na-guarda-este-xoves-coa-proxeccion-de-life-is-life\/","title":{"rendered":"O Ciclo Mestre Mateo 2023 contin\u00faa na Guarda este xoves coa proxecci\u00f3n de \u201cLife is life\u201d"},"content":{"rendered":"<ul>\n<li><strong><em>O Ciclo presenta nas localidades escollidas as proxecci\u00f3ns das longametraxes finalistas na edici\u00f3n 2023 dos premios ao cinema galego. <\/em><\/strong><\/li>\n<li><strong><em>Xoves d\u00eda 29 de xu\u00f1o \u00e1s 21:00h no Centro Cultural da Guarda<\/em><\/strong><\/li>\n<\/ul>\n<p>&nbsp;<\/p>\n<p>Contin\u00faa na Guarda o Ciclo Mestre Mateo, unha iniciativa da Academia Galega do Audiovisual que conta coa colaboraci\u00f3n das catro deputaci\u00f3ns provinciais, para poder amosar o mais novidoso e relevante do noso cinema nas vilas de Galicia.<\/p>\n<p>Esta proposta que tivo a s\u00faa primeira edici\u00f3n o pasado ano 2022 , suma neste 2023 novas localidades entre as que se atopa\u00a0 a vila da Guarda. O ciclo conleva a proxecci\u00f3n de 8 filmes, de ficci\u00f3n, documental e animaci\u00f3n que se proxectar\u00e1n entre os meses de xu\u00f1o e novembro.<\/p>\n<p>O ciclo contin\u00faa \u00a0coa a longametraxe\u00a0<em>Live is life<\/em>\u00a0(Dani de la Torre, 2022) que poder\u00e1 verse na Guarda este xoves d\u00eda 29 de xu\u00f1o \u00e1s 21:00hno Centro Cultural da Guarda.<\/p>\n<p>Durante o ver\u00e1n o ciclo far\u00e1 unha pausa para retomarse no mes de outubro, cando poderemos ver a gran ga\u00f1adora da edici\u00f3n 2023: <em>O Corpo Aberto<\/em>, que se fixo con 12 galard\u00f3ns na presente edici\u00f3n dos premios Mestre Mateo 2023. Outros filmes que teremos a oportunidade de ver nos meses de outubro son:\u00a0 o documental <em>Mar\u00eda Casares, a muller que viviu mil vidas<\/em>, e <em>Unicorn Wars<\/em> reco\u00f1ecidas respectivamente como Mellor documental e Mellor longametraxe de animaci\u00f3n. O filme de animaci\u00f3n <em>Valentina<\/em>, que foi ga\u00f1adora no 2022 do Goya \u00e1 mellor longametraxe de animaci\u00f3n, as\u00ed como os documentais <em>A foreign song<\/em>\u00a0(C\u00e9sar Souto, 2022) ga\u00f1adora dos premios \u00e1 Mellor longametraxe espa\u00f1ola e Mellor direcci\u00f3n espa\u00f1ola no pasado Festival Internacional de Cine de Xix\u00f3n; e <em>Onde m\u00e1is doe<\/em>\u00a0(Manane Rodr\u00edguez, 2022) estreada no OUFF \u2013 Ourense Film Festival.<\/p>\n<p>Na web <em>ciclomestremateo.gal<\/em> p\u00f3dese consultar toda a informaci\u00f3n do ciclo, as\u00ed como as fichas das pel\u00edculas e a axenda de proxecci\u00f3ns, que reproducimos a continuaci\u00f3n:<\/p>\n<ul>\n<li>8 XU\u00d1O, C\u00d3DIGO EMPERADOR \u00e1s 21:00h.<\/li>\n<li>29 XU\u00d1O, LIVE IS LIFE \u00e1s 21:00h.<\/li>\n<li>7 OUTUBRO, VALENTINA \u00e1s 18:00h.<\/li>\n<li>11 OUTUBRO, O CORPO ABERTO \u00e1s 21:00h.<\/li>\n<li>26 OUTUBRO, A FOREIGN SON \u00e1s 20:30h.<\/li>\n<li>10 NOVEMBRO, UNICORN WARS \u00e1s 20:30h.<\/li>\n<li>16 NOVEMBRO, ONDE MAIS DOE \u00e1s 20:30h.<\/li>\n<li>30 NOVEMBRO, MAR\u00cdA CASARES A MULLER QUE VIVIU MIL VIDAS, \u00e1s 20:30h.<\/li>\n<\/ul>\n","protected":false},"excerpt":{"rendered":"<p>O Ciclo presenta nas localidades escollidas as proxecci\u00f3ns das longametraxes finalistas na edici\u00f3n 2023 dos premios ao cinema galego. Xoves d\u00eda 29 de xu\u00f1o \u00e1s 21:00h no Centro Cultural da Guarda &nbsp; Contin\u00faa na Guarda o Ciclo Mestre Mateo, unha &hellip; <\/p>\n","protected":false},"author":2,"featured_media":28309,"comment_status":"open","ping_status":"open","sticky":false,"template":"","format":"standard","meta":[],"categories":[34],"tags":[226,3082,602,243,3097],"yoast_head":"<!-- This site is optimized with the Yoast SEO plugin v21.1 - https:\/\/yoast.com\/wordpress\/plugins\/seo\/ -->\n<title>O Ciclo Mestre Mateo 2023 contin\u00faa na Guarda este xoves coa proxecci\u00f3n de \u201cLife is life\u201d - Concello da Guarda<\/title>\n<meta name=\"description\" content=\"Xoves d\u00eda 29 de xu\u00f1o \u00e1s 21:00h no Centro Cultural da Guarda\" \/>\n<meta name=\"robots\" content=\"index, follow, max-snippet:-1, max-image-preview:large, max-video-preview:-1\" \/>\n<link rel=\"canonical\" href=\"https:\/\/www.aguarda.es\/en\/o-ciclo-mestre-mateo-2023-continua-na-guarda-este-xoves-coa-proxeccion-de-life-is-life\/\" \/>\n<meta property=\"og:locale\" content=\"en_US\" \/>\n<meta property=\"og:type\" content=\"article\" \/>\n<meta property=\"og:title\" content=\"O Ciclo Mestre Mateo 2023 contin\u00faa na Guarda este xoves coa proxecci\u00f3n de \u201cLife is life\u201d - Concello da Guarda\" \/>\n<meta property=\"og:description\" content=\"Xoves d\u00eda 29 de xu\u00f1o \u00e1s 21:00h no Centro Cultural da Guarda\" \/>\n<meta property=\"og:url\" content=\"https:\/\/www.aguarda.es\/en\/o-ciclo-mestre-mateo-2023-continua-na-guarda-este-xoves-coa-proxeccion-de-life-is-life\/\" \/>\n<meta property=\"og:site_name\" content=\"Concello da Guarda\" \/>\n<meta property=\"article:publisher\" content=\"https:\/\/www.facebook.com\/ConcellodaGuarda\" \/>\n<meta property=\"article:published_time\" content=\"2023-06-26T08:27:01+00:00\" \/>\n<meta property=\"og:image\" content=\"https:\/\/www.aguarda.es\/wp-content\/uploads\/2023\/06\/NP-26062023-O-Ciclo-Mestre-Mateo-2023-continua-na-Guarda-este-xoves-coa-proxeccion-de-Life-is-life-3.jpg?_t=1687768022\" \/>\n\t<meta property=\"og:image:width\" content=\"800\" \/>\n\t<meta property=\"og:image:height\" content=\"1132\" \/>\n\t<meta property=\"og:image:type\" content=\"image\/jpeg\" \/>\n<meta name=\"author\" content=\"prensa\" \/>\n<meta name=\"twitter:card\" content=\"summary_large_image\" \/>\n<meta name=\"twitter:creator\" content=\"@AGuarda_es\" \/>\n<meta name=\"twitter:site\" content=\"@AGuarda_es\" \/>\n<meta name=\"twitter:label1\" content=\"Written by\" \/>\n\t<meta name=\"twitter:data1\" content=\"prensa\" \/>\n\t<meta name=\"twitter:label2\" content=\"Est. reading time\" \/>\n\t<meta name=\"twitter:data2\" content=\"2 minutes\" \/>\n<script type=\"application\/ld+json\" class=\"yoast-schema-graph\">{\"@context\":\"https:\/\/schema.org\",\"@graph\":[{\"@type\":\"WebPage\",\"@id\":\"https:\/\/www.aguarda.es\/en\/o-ciclo-mestre-mateo-2023-continua-na-guarda-este-xoves-coa-proxeccion-de-life-is-life\/\",\"url\":\"https:\/\/www.aguarda.es\/en\/o-ciclo-mestre-mateo-2023-continua-na-guarda-este-xoves-coa-proxeccion-de-life-is-life\/\",\"name\":\"O Ciclo Mestre Mateo 2023 contin\u00faa na Guarda este xoves coa proxecci\u00f3n de \u201cLife is life\u201d - Concello da Guarda\",\"isPartOf\":{\"@id\":\"https:\/\/www.aguarda.es\/en\/#website\"},\"datePublished\":\"2023-06-26T08:27:01+00:00\",\"dateModified\":\"2023-06-26T08:27:01+00:00\",\"author\":{\"@id\":\"https:\/\/www.aguarda.es\/en\/#\/schema\/person\/c463ca3006858ffb349d11179d044f21\"},\"description\":\"Xoves d\u00eda 29 de xu\u00f1o \u00e1s 21:00h no Centro Cultural da Guarda\",\"breadcrumb\":{\"@id\":\"https:\/\/www.aguarda.es\/en\/o-ciclo-mestre-mateo-2023-continua-na-guarda-este-xoves-coa-proxeccion-de-life-is-life\/#breadcrumb\"},\"inLanguage\":\"en-US\",\"potentialAction\":[{\"@type\":\"ReadAction\",\"target\":[\"https:\/\/www.aguarda.es\/en\/o-ciclo-mestre-mateo-2023-continua-na-guarda-este-xoves-coa-proxeccion-de-life-is-life\/\"]}]},{\"@type\":\"BreadcrumbList\",\"@id\":\"https:\/\/www.aguarda.es\/en\/o-ciclo-mestre-mateo-2023-continua-na-guarda-este-xoves-coa-proxeccion-de-life-is-life\/#breadcrumb\",\"itemListElement\":[{\"@type\":\"ListItem\",\"position\":1,\"name\":\"Portada\",\"item\":\"https:\/\/www.aguarda.es\/en\/\"},{\"@type\":\"ListItem\",\"position\":2,\"name\":\"O Ciclo Mestre Mateo 2023 contin\u00faa na Guarda este xoves coa proxecci\u00f3n de \u201cLife is life\u201d\"}]},{\"@type\":\"WebSite\",\"@id\":\"https:\/\/www.aguarda.es\/en\/#website\",\"url\":\"https:\/\/www.aguarda.es\/en\/\",\"name\":\"Concello da Guarda\",\"description\":\"P\u00e1xina web do concello da Guarda\",\"potentialAction\":[{\"@type\":\"SearchAction\",\"target\":{\"@type\":\"EntryPoint\",\"urlTemplate\":\"https:\/\/www.aguarda.es\/en\/?s={search_term_string}\"},\"query-input\":\"required name=search_term_string\"}],\"inLanguage\":\"en-US\"},{\"@type\":\"Person\",\"@id\":\"https:\/\/www.aguarda.es\/en\/#\/schema\/person\/c463ca3006858ffb349d11179d044f21\",\"name\":\"prensa\",\"image\":{\"@type\":\"ImageObject\",\"inLanguage\":\"en-US\",\"@id\":\"https:\/\/www.aguarda.es\/en\/#\/schema\/person\/image\/\",\"url\":\"https:\/\/secure.gravatar.com\/avatar\/5f90ef536b0f98306edf5c7a1135ffa1?s=96&d=mm&r=g\",\"contentUrl\":\"https:\/\/secure.gravatar.com\/avatar\/5f90ef536b0f98306edf5c7a1135ffa1?s=96&d=mm&r=g\",\"caption\":\"prensa\"},\"url\":\"https:\/\/www.aguarda.es\/en\/author\/prensa\/\"}]}<\/script>\n<!-- \/ Yoast SEO plugin. -->","yoast_head_json":{"title":"O Ciclo Mestre Mateo 2023 contin\u00faa na Guarda este xoves coa proxecci\u00f3n de \u201cLife is life\u201d - Concello da Guarda","description":"Xoves d\u00eda 29 de xu\u00f1o \u00e1s 21:00h no Centro Cultural da Guarda","robots":{"index":"index","follow":"follow","max-snippet":"max-snippet:-1","max-image-preview":"max-image-preview:large","max-video-preview":"max-video-preview:-1"},"canonical":"https:\/\/www.aguarda.es\/en\/o-ciclo-mestre-mateo-2023-continua-na-guarda-este-xoves-coa-proxeccion-de-life-is-life\/","og_locale":"en_US","og_type":"article","og_title":"O Ciclo Mestre Mateo 2023 contin\u00faa na Guarda este xoves coa proxecci\u00f3n de \u201cLife is life\u201d - Concello da Guarda","og_description":"Xoves d\u00eda 29 de xu\u00f1o \u00e1s 21:00h no Centro Cultural da Guarda","og_url":"https:\/\/www.aguarda.es\/en\/o-ciclo-mestre-mateo-2023-continua-na-guarda-este-xoves-coa-proxeccion-de-life-is-life\/","og_site_name":"Concello da Guarda","article_publisher":"https:\/\/www.facebook.com\/ConcellodaGuarda","article_published_time":"2023-06-26T08:27:01+00:00","og_image":[{"width":800,"height":1132,"url":"https:\/\/www.aguarda.es\/wp-content\/uploads\/2023\/06\/NP-26062023-O-Ciclo-Mestre-Mateo-2023-continua-na-Guarda-este-xoves-coa-proxeccion-de-Life-is-life-3.jpg?_t=1687768022","type":"image\/jpeg"}],"author":"prensa","twitter_card":"summary_large_image","twitter_creator":"@AGuarda_es","twitter_site":"@AGuarda_es","twitter_misc":{"Written by":"prensa","Est. reading time":"2 minutes"},"schema":{"@context":"https:\/\/schema.org","@graph":[{"@type":"WebPage","@id":"https:\/\/www.aguarda.es\/en\/o-ciclo-mestre-mateo-2023-continua-na-guarda-este-xoves-coa-proxeccion-de-life-is-life\/","url":"https:\/\/www.aguarda.es\/en\/o-ciclo-mestre-mateo-2023-continua-na-guarda-este-xoves-coa-proxeccion-de-life-is-life\/","name":"O Ciclo Mestre Mateo 2023 contin\u00faa na Guarda este xoves coa proxecci\u00f3n de \u201cLife is life\u201d - Concello da Guarda","isPartOf":{"@id":"https:\/\/www.aguarda.es\/en\/#website"},"datePublished":"2023-06-26T08:27:01+00:00","dateModified":"2023-06-26T08:27:01+00:00","author":{"@id":"https:\/\/www.aguarda.es\/en\/#\/schema\/person\/c463ca3006858ffb349d11179d044f21"},"description":"Xoves d\u00eda 29 de xu\u00f1o \u00e1s 21:00h no Centro Cultural da Guarda","breadcrumb":{"@id":"https:\/\/www.aguarda.es\/en\/o-ciclo-mestre-mateo-2023-continua-na-guarda-este-xoves-coa-proxeccion-de-life-is-life\/#breadcrumb"},"inLanguage":"en-US","potentialAction":[{"@type":"ReadAction","target":["https:\/\/www.aguarda.es\/en\/o-ciclo-mestre-mateo-2023-continua-na-guarda-este-xoves-coa-proxeccion-de-life-is-life\/"]}]},{"@type":"BreadcrumbList","@id":"https:\/\/www.aguarda.es\/en\/o-ciclo-mestre-mateo-2023-continua-na-guarda-este-xoves-coa-proxeccion-de-life-is-life\/#breadcrumb","itemListElement":[{"@type":"ListItem","position":1,"name":"Portada","item":"https:\/\/www.aguarda.es\/en\/"},{"@type":"ListItem","position":2,"name":"O Ciclo Mestre Mateo 2023 contin\u00faa na Guarda este xoves coa proxecci\u00f3n de \u201cLife is life\u201d"}]},{"@type":"WebSite","@id":"https:\/\/www.aguarda.es\/en\/#website","url":"https:\/\/www.aguarda.es\/en\/","name":"Concello da Guarda","description":"P\u00e1xina web do concello da Guarda","potentialAction":[{"@type":"SearchAction","target":{"@type":"EntryPoint","urlTemplate":"https:\/\/www.aguarda.es\/en\/?s={search_term_string}"},"query-input":"required name=search_term_string"}],"inLanguage":"en-US"},{"@type":"Person","@id":"https:\/\/www.aguarda.es\/en\/#\/schema\/person\/c463ca3006858ffb349d11179d044f21","name":"prensa","image":{"@type":"ImageObject","inLanguage":"en-US","@id":"https:\/\/www.aguarda.es\/en\/#\/schema\/person\/image\/","url":"https:\/\/secure.gravatar.com\/avatar\/5f90ef536b0f98306edf5c7a1135ffa1?s=96&d=mm&r=g","contentUrl":"https:\/\/secure.gravatar.com\/avatar\/5f90ef536b0f98306edf5c7a1135ffa1?s=96&d=mm&r=g","caption":"prensa"},"url":"https:\/\/www.aguarda.es\/en\/author\/prensa\/"}]}},"_links":{"self":[{"href":"https:\/\/www.aguarda.es\/en\/wp-json\/wp\/v2\/posts\/28308"}],"collection":[{"href":"https:\/\/www.aguarda.es\/en\/wp-json\/wp\/v2\/posts"}],"about":[{"href":"https:\/\/www.aguarda.es\/en\/wp-json\/wp\/v2\/types\/post"}],"author":[{"embeddable":true,"href":"https:\/\/www.aguarda.es\/en\/wp-json\/wp\/v2\/users\/2"}],"replies":[{"embeddable":true,"href":"https:\/\/www.aguarda.es\/en\/wp-json\/wp\/v2\/comments?post=28308"}],"version-history":[{"count":1,"href":"https:\/\/www.aguarda.es\/en\/wp-json\/wp\/v2\/posts\/28308\/revisions"}],"predecessor-version":[{"id":28311,"href":"https:\/\/www.aguarda.es\/en\/wp-json\/wp\/v2\/posts\/28308\/revisions\/28311"}],"wp:featuredmedia":[{"embeddable":true,"href":"https:\/\/www.aguarda.es\/en\/wp-json\/wp\/v2\/media\/28309"}],"wp:attachment":[{"href":"https:\/\/www.aguarda.es\/en\/wp-json\/wp\/v2\/media?parent=28308"}],"wp:term":[{"taxonomy":"category","embeddable":true,"href":"https:\/\/www.aguarda.es\/en\/wp-json\/wp\/v2\/categories?post=28308"},{"taxonomy":"post_tag","embeddable":true,"href":"https:\/\/www.aguarda.es\/en\/wp-json\/wp\/v2\/tags?post=28308"}],"curies":[{"name":"wp","href":"https:\/\/api.w.org\/{rel}","templated":true}]}}