{"id":28388,"date":"2023-07-04T08:00:41","date_gmt":"2023-07-04T08:00:41","guid":{"rendered":"https:\/\/www.aguarda.es\/?p=28388"},"modified":"2023-07-04T08:04:52","modified_gmt":"2023-07-04T08:04:52","slug":"regresan-as-saidas-de-navegacion-co-volanteiro-piueiro-durante-este-veran","status":"publish","type":"post","link":"https:\/\/www.aguarda.es\/en\/regresan-as-saidas-de-navegacion-co-volanteiro-piueiro-durante-este-veran\/","title":{"rendered":"Regresan as sa\u00eddas de navegaci\u00f3n co volanteiro Piueiro durante este ver\u00e1n"},"content":{"rendered":"<ul>\n<li><strong><em>O prazo de inscrici\u00f3n abrirase o domingo anterior \u00e1s sa\u00eddas desa mesma semana<\/em><\/strong><\/li>\n<\/ul>\n<p>No ano 2019 a Asociaci\u00f3n Cultural de Embarcaci\u00f3ns Tradicionais Piueiro da Guarda presentou o Volanteiro Piueiro tras meses de traballo no estaleiro do Pasaxe para constru\u00edr esta gran embarcaci\u00f3n que navegou a vela pola nosa costa ata comezos do s.XX.<\/p>\n<p>&nbsp;<\/p>\n<p>O Concello da Guarda colabora un ano m\u00e1is coa Asociaci\u00f3n Piueiro e durante os meses de ver\u00e1n vanse ofrecer sa\u00eddas gratu\u00edtas de navegaci\u00f3n pola costa co Volanteiro Piueiro para aqueles que queiran descubrir esta embarcaci\u00f3n a vela que incluir\u00e1 ademais de navegaci\u00f3n polo exterior do porto.<\/p>\n<p>&nbsp;<\/p>\n<p>Ademais do patrocinio das sa\u00eddas, o Concello da Guarda xestionar\u00e1 as reservas das sa\u00eddas\u00a0 a trav\u00e9s da Oficina de Turismo (Praza do Rel\u00f3) que conta cun horario de apertura de luns a domingo.<\/p>\n<p>&nbsp;<\/p>\n<p>O prazo de inscrici\u00f3n abrirase o domingo anterior \u00e1s sa\u00eddas desa mesma semana e poderase realizar presencialmente na Oficina de Turismo, mediante mail aguarda.oficina.turismo@gmail.com ou chamando ao tel\u00e9fono 986 61 45 46 a partir das 10:00h, horario de apertura do domingo.<\/p>\n<p>&nbsp;<\/p>\n<p>Debido ao n\u00famero reducido de prazas dispo\u00f1ibles unha persoa poder\u00e1 inscribir a un total de catro, excepto as unidades familiares. A idade m\u00ednima para participar \u00e9 de 10 anos. Recordase que \u00e9 preciso estar 15 minutos antes da sa\u00edda no peirao do porto (escaleiras do muelle alto) e a sa\u00edda ter\u00e1 unha duraci\u00f3n aproximada de 45 minutos.<\/p>\n<p>&nbsp;<\/p>\n<p>Estas sa\u00eddas de navegaci\u00f3n comezaron esta pasada fin de semana coincidindo da Festa da Langosta e da Coci\u00f1a Mari\u00f1eira.<\/p>\n<p>Os horarios previstos das sa\u00eddas diarias son 17:00h, 18:00 e 19:00h e das datas previstas segundo semana son:<\/p>\n<p>&nbsp;<\/p>\n<p><strong>Xullo:<\/strong><\/p>\n<ul>\n<li>Martes 4 e venres 7<\/li>\n<li>M\u00e9rcores 12 e s\u00e1bado 15<\/li>\n<li>Martes 18 e venres 21<\/li>\n<li>M\u00e9rcores 26 e s\u00e1bado 29<\/li>\n<\/ul>\n<p>&nbsp;<\/p>\n<p><strong>Agosto:<\/strong><\/p>\n<ul>\n<li>M\u00e9rcores 16 e s\u00e1bado 19<\/li>\n<li>Martes 22 e venres 25<\/li>\n<li>M\u00e9rcores 30<\/li>\n<\/ul>\n<p>&nbsp;<\/p>\n<p><strong>Setembro:<\/strong><\/p>\n<ul>\n<li>M\u00e9rcores 6 e s\u00e1bado 9<\/li>\n<li>Martes 12 e s\u00e1bado 15<\/li>\n<\/ul>\n<p style=\"text-align: center\"><img decoding=\"async\" loading=\"lazy\" class=\"aligncenter size-full wp-image-28389\" src=\"https:\/\/www.aguarda.es\/wp-content\/uploads\/2023\/07\/NP-04072023-Regresan-as-saidas-de-navegacion-co-volanteiro-Piueiro-durante-este-veran.jpg\" alt=\"Regresan As Sa\u00eddas De Navegaci\u00f3n Co Volanteiro Piueiro Durante Este Ver\u00e1n\" width=\"800\" height=\"1132\" srcset=\"https:\/\/www.aguarda.es\/wp-content\/uploads\/2023\/07\/NP-04072023-Regresan-as-saidas-de-navegacion-co-volanteiro-Piueiro-durante-este-veran.jpg 800w, https:\/\/www.aguarda.es\/wp-content\/uploads\/2023\/07\/NP-04072023-Regresan-as-saidas-de-navegacion-co-volanteiro-Piueiro-durante-este-veran-212x300.jpg 212w, https:\/\/www.aguarda.es\/wp-content\/uploads\/2023\/07\/NP-04072023-Regresan-as-saidas-de-navegacion-co-volanteiro-Piueiro-durante-este-veran-724x1024.jpg 724w, https:\/\/www.aguarda.es\/wp-content\/uploads\/2023\/07\/NP-04072023-Regresan-as-saidas-de-navegacion-co-volanteiro-Piueiro-durante-este-veran-768x1087.jpg 768w\" sizes=\"(max-width: 800px) 100vw, 800px\" \/><\/p>\n","protected":false},"excerpt":{"rendered":"<p>\u2022\tO prazo de inscrici\u00f3n abrirase o domingo anterior \u00e1s sa\u00eddas desa mesma semana<\/p>\n","protected":false},"author":2,"featured_media":28389,"comment_status":"open","ping_status":"open","sticky":false,"template":"","format":"standard","meta":[],"categories":[56],"tags":[226,1886,3102,232,288,2573],"yoast_head":"<!-- This site is optimized with the Yoast SEO plugin v21.1 - https:\/\/yoast.com\/wordpress\/plugins\/seo\/ -->\n<title>Regresan as sa\u00eddas de navegaci\u00f3n co volanteiro Piueiro durante este ver\u00e1n - Concello da Guarda<\/title>\n<meta name=\"description\" content=\"\u2022 O prazo de inscrici\u00f3n abrirase o domingo anterior \u00e1s sa\u00eddas desa mesma semana\" \/>\n<meta name=\"robots\" content=\"index, follow, max-snippet:-1, max-image-preview:large, max-video-preview:-1\" \/>\n<link rel=\"canonical\" href=\"https:\/\/www.aguarda.es\/en\/regresan-as-saidas-de-navegacion-co-volanteiro-piueiro-durante-este-veran\/\" \/>\n<meta property=\"og:locale\" content=\"en_US\" \/>\n<meta property=\"og:type\" content=\"article\" \/>\n<meta property=\"og:title\" content=\"Regresan as sa\u00eddas de navegaci\u00f3n co volanteiro Piueiro durante este ver\u00e1n - Concello da Guarda\" \/>\n<meta property=\"og:description\" content=\"\u2022 O prazo de inscrici\u00f3n abrirase o domingo anterior \u00e1s sa\u00eddas desa mesma semana\" \/>\n<meta property=\"og:url\" content=\"https:\/\/www.aguarda.es\/en\/regresan-as-saidas-de-navegacion-co-volanteiro-piueiro-durante-este-veran\/\" \/>\n<meta property=\"og:site_name\" content=\"Concello da Guarda\" \/>\n<meta property=\"article:publisher\" content=\"https:\/\/www.facebook.com\/ConcellodaGuarda\" \/>\n<meta property=\"article:published_time\" content=\"2023-07-04T08:00:41+00:00\" \/>\n<meta property=\"article:modified_time\" content=\"2023-07-04T08:04:52+00:00\" \/>\n<meta property=\"og:image\" content=\"https:\/\/www.aguarda.es\/wp-content\/uploads\/2023\/07\/NP-04072023-Regresan-as-saidas-de-navegacion-co-volanteiro-Piueiro-durante-este-veran.jpg?_t=1688457893\" \/>\n\t<meta property=\"og:image:width\" content=\"800\" \/>\n\t<meta property=\"og:image:height\" content=\"1132\" \/>\n\t<meta property=\"og:image:type\" content=\"image\/jpeg\" \/>\n<meta name=\"author\" content=\"prensa\" \/>\n<meta name=\"twitter:card\" content=\"summary_large_image\" \/>\n<meta name=\"twitter:creator\" content=\"@AGuarda_es\" \/>\n<meta name=\"twitter:site\" content=\"@AGuarda_es\" \/>\n<meta name=\"twitter:label1\" content=\"Written by\" \/>\n\t<meta name=\"twitter:data1\" content=\"prensa\" \/>\n\t<meta name=\"twitter:label2\" content=\"Est. reading time\" \/>\n\t<meta name=\"twitter:data2\" content=\"2 minutes\" \/>\n<script type=\"application\/ld+json\" class=\"yoast-schema-graph\">{\"@context\":\"https:\/\/schema.org\",\"@graph\":[{\"@type\":\"WebPage\",\"@id\":\"https:\/\/www.aguarda.es\/en\/regresan-as-saidas-de-navegacion-co-volanteiro-piueiro-durante-este-veran\/\",\"url\":\"https:\/\/www.aguarda.es\/en\/regresan-as-saidas-de-navegacion-co-volanteiro-piueiro-durante-este-veran\/\",\"name\":\"Regresan as sa\u00eddas de navegaci\u00f3n co volanteiro Piueiro durante este ver\u00e1n - Concello da Guarda\",\"isPartOf\":{\"@id\":\"https:\/\/www.aguarda.es\/en\/#website\"},\"datePublished\":\"2023-07-04T08:00:41+00:00\",\"dateModified\":\"2023-07-04T08:04:52+00:00\",\"author\":{\"@id\":\"https:\/\/www.aguarda.es\/en\/#\/schema\/person\/c463ca3006858ffb349d11179d044f21\"},\"description\":\"\u2022 O prazo de inscrici\u00f3n abrirase o domingo anterior \u00e1s sa\u00eddas desa mesma semana\",\"breadcrumb\":{\"@id\":\"https:\/\/www.aguarda.es\/en\/regresan-as-saidas-de-navegacion-co-volanteiro-piueiro-durante-este-veran\/#breadcrumb\"},\"inLanguage\":\"en-US\",\"potentialAction\":[{\"@type\":\"ReadAction\",\"target\":[\"https:\/\/www.aguarda.es\/en\/regresan-as-saidas-de-navegacion-co-volanteiro-piueiro-durante-este-veran\/\"]}]},{\"@type\":\"BreadcrumbList\",\"@id\":\"https:\/\/www.aguarda.es\/en\/regresan-as-saidas-de-navegacion-co-volanteiro-piueiro-durante-este-veran\/#breadcrumb\",\"itemListElement\":[{\"@type\":\"ListItem\",\"position\":1,\"name\":\"Portada\",\"item\":\"https:\/\/www.aguarda.es\/en\/\"},{\"@type\":\"ListItem\",\"position\":2,\"name\":\"Regresan as sa\u00eddas de navegaci\u00f3n co volanteiro Piueiro durante este ver\u00e1n\"}]},{\"@type\":\"WebSite\",\"@id\":\"https:\/\/www.aguarda.es\/en\/#website\",\"url\":\"https:\/\/www.aguarda.es\/en\/\",\"name\":\"Concello da Guarda\",\"description\":\"P\u00e1xina web do concello da Guarda\",\"potentialAction\":[{\"@type\":\"SearchAction\",\"target\":{\"@type\":\"EntryPoint\",\"urlTemplate\":\"https:\/\/www.aguarda.es\/en\/?s={search_term_string}\"},\"query-input\":\"required name=search_term_string\"}],\"inLanguage\":\"en-US\"},{\"@type\":\"Person\",\"@id\":\"https:\/\/www.aguarda.es\/en\/#\/schema\/person\/c463ca3006858ffb349d11179d044f21\",\"name\":\"prensa\",\"image\":{\"@type\":\"ImageObject\",\"inLanguage\":\"en-US\",\"@id\":\"https:\/\/www.aguarda.es\/en\/#\/schema\/person\/image\/\",\"url\":\"https:\/\/secure.gravatar.com\/avatar\/5f90ef536b0f98306edf5c7a1135ffa1?s=96&d=mm&r=g\",\"contentUrl\":\"https:\/\/secure.gravatar.com\/avatar\/5f90ef536b0f98306edf5c7a1135ffa1?s=96&d=mm&r=g\",\"caption\":\"prensa\"},\"url\":\"https:\/\/www.aguarda.es\/en\/author\/prensa\/\"}]}<\/script>\n<!-- \/ Yoast SEO plugin. -->","yoast_head_json":{"title":"Regresan as sa\u00eddas de navegaci\u00f3n co volanteiro Piueiro durante este ver\u00e1n - Concello da Guarda","description":"\u2022 O prazo de inscrici\u00f3n abrirase o domingo anterior \u00e1s sa\u00eddas desa mesma semana","robots":{"index":"index","follow":"follow","max-snippet":"max-snippet:-1","max-image-preview":"max-image-preview:large","max-video-preview":"max-video-preview:-1"},"canonical":"https:\/\/www.aguarda.es\/en\/regresan-as-saidas-de-navegacion-co-volanteiro-piueiro-durante-este-veran\/","og_locale":"en_US","og_type":"article","og_title":"Regresan as sa\u00eddas de navegaci\u00f3n co volanteiro Piueiro durante este ver\u00e1n - Concello da Guarda","og_description":"\u2022 O prazo de inscrici\u00f3n abrirase o domingo anterior \u00e1s sa\u00eddas desa mesma semana","og_url":"https:\/\/www.aguarda.es\/en\/regresan-as-saidas-de-navegacion-co-volanteiro-piueiro-durante-este-veran\/","og_site_name":"Concello da Guarda","article_publisher":"https:\/\/www.facebook.com\/ConcellodaGuarda","article_published_time":"2023-07-04T08:00:41+00:00","article_modified_time":"2023-07-04T08:04:52+00:00","og_image":[{"width":800,"height":1132,"url":"https:\/\/www.aguarda.es\/wp-content\/uploads\/2023\/07\/NP-04072023-Regresan-as-saidas-de-navegacion-co-volanteiro-Piueiro-durante-este-veran.jpg?_t=1688457893","type":"image\/jpeg"}],"author":"prensa","twitter_card":"summary_large_image","twitter_creator":"@AGuarda_es","twitter_site":"@AGuarda_es","twitter_misc":{"Written by":"prensa","Est. reading time":"2 minutes"},"schema":{"@context":"https:\/\/schema.org","@graph":[{"@type":"WebPage","@id":"https:\/\/www.aguarda.es\/en\/regresan-as-saidas-de-navegacion-co-volanteiro-piueiro-durante-este-veran\/","url":"https:\/\/www.aguarda.es\/en\/regresan-as-saidas-de-navegacion-co-volanteiro-piueiro-durante-este-veran\/","name":"Regresan as sa\u00eddas de navegaci\u00f3n co volanteiro Piueiro durante este ver\u00e1n - Concello da Guarda","isPartOf":{"@id":"https:\/\/www.aguarda.es\/en\/#website"},"datePublished":"2023-07-04T08:00:41+00:00","dateModified":"2023-07-04T08:04:52+00:00","author":{"@id":"https:\/\/www.aguarda.es\/en\/#\/schema\/person\/c463ca3006858ffb349d11179d044f21"},"description":"\u2022 O prazo de inscrici\u00f3n abrirase o domingo anterior \u00e1s sa\u00eddas desa mesma semana","breadcrumb":{"@id":"https:\/\/www.aguarda.es\/en\/regresan-as-saidas-de-navegacion-co-volanteiro-piueiro-durante-este-veran\/#breadcrumb"},"inLanguage":"en-US","potentialAction":[{"@type":"ReadAction","target":["https:\/\/www.aguarda.es\/en\/regresan-as-saidas-de-navegacion-co-volanteiro-piueiro-durante-este-veran\/"]}]},{"@type":"BreadcrumbList","@id":"https:\/\/www.aguarda.es\/en\/regresan-as-saidas-de-navegacion-co-volanteiro-piueiro-durante-este-veran\/#breadcrumb","itemListElement":[{"@type":"ListItem","position":1,"name":"Portada","item":"https:\/\/www.aguarda.es\/en\/"},{"@type":"ListItem","position":2,"name":"Regresan as sa\u00eddas de navegaci\u00f3n co volanteiro Piueiro durante este ver\u00e1n"}]},{"@type":"WebSite","@id":"https:\/\/www.aguarda.es\/en\/#website","url":"https:\/\/www.aguarda.es\/en\/","name":"Concello da Guarda","description":"P\u00e1xina web do concello da Guarda","potentialAction":[{"@type":"SearchAction","target":{"@type":"EntryPoint","urlTemplate":"https:\/\/www.aguarda.es\/en\/?s={search_term_string}"},"query-input":"required name=search_term_string"}],"inLanguage":"en-US"},{"@type":"Person","@id":"https:\/\/www.aguarda.es\/en\/#\/schema\/person\/c463ca3006858ffb349d11179d044f21","name":"prensa","image":{"@type":"ImageObject","inLanguage":"en-US","@id":"https:\/\/www.aguarda.es\/en\/#\/schema\/person\/image\/","url":"https:\/\/secure.gravatar.com\/avatar\/5f90ef536b0f98306edf5c7a1135ffa1?s=96&d=mm&r=g","contentUrl":"https:\/\/secure.gravatar.com\/avatar\/5f90ef536b0f98306edf5c7a1135ffa1?s=96&d=mm&r=g","caption":"prensa"},"url":"https:\/\/www.aguarda.es\/en\/author\/prensa\/"}]}},"_links":{"self":[{"href":"https:\/\/www.aguarda.es\/en\/wp-json\/wp\/v2\/posts\/28388"}],"collection":[{"href":"https:\/\/www.aguarda.es\/en\/wp-json\/wp\/v2\/posts"}],"about":[{"href":"https:\/\/www.aguarda.es\/en\/wp-json\/wp\/v2\/types\/post"}],"author":[{"embeddable":true,"href":"https:\/\/www.aguarda.es\/en\/wp-json\/wp\/v2\/users\/2"}],"replies":[{"embeddable":true,"href":"https:\/\/www.aguarda.es\/en\/wp-json\/wp\/v2\/comments?post=28388"}],"version-history":[{"count":3,"href":"https:\/\/www.aguarda.es\/en\/wp-json\/wp\/v2\/posts\/28388\/revisions"}],"predecessor-version":[{"id":28393,"href":"https:\/\/www.aguarda.es\/en\/wp-json\/wp\/v2\/posts\/28388\/revisions\/28393"}],"wp:featuredmedia":[{"embeddable":true,"href":"https:\/\/www.aguarda.es\/en\/wp-json\/wp\/v2\/media\/28389"}],"wp:attachment":[{"href":"https:\/\/www.aguarda.es\/en\/wp-json\/wp\/v2\/media?parent=28388"}],"wp:term":[{"taxonomy":"category","embeddable":true,"href":"https:\/\/www.aguarda.es\/en\/wp-json\/wp\/v2\/categories?post=28388"},{"taxonomy":"post_tag","embeddable":true,"href":"https:\/\/www.aguarda.es\/en\/wp-json\/wp\/v2\/tags?post=28388"}],"curies":[{"name":"wp","href":"https:\/\/api.w.org\/{rel}","templated":true}]}}