{"id":28634,"date":"2023-08-15T15:51:59","date_gmt":"2023-08-15T15:51:59","guid":{"rendered":"https:\/\/www.aguarda.es\/?p=28634"},"modified":"2023-12-15T13:19:56","modified_gmt":"2023-12-15T13:19:56","slug":"mensaxe-do-concello-sobre-a-conservacion-dos-elementos-publicos-ante-actos-de-vandalismo","status":"publish","type":"post","link":"https:\/\/www.aguarda.es\/en\/mensaxe-do-concello-sobre-a-conservacion-dos-elementos-publicos-ante-actos-de-vandalismo\/","title":{"rendered":"Mensaxe do Concello sobre a conservaci\u00f3n dos elementos p\u00fablicos ante actos de vandalismo"},"content":{"rendered":"<ul>\n<li><strong><em>As r\u00faas, o mobiliario, os veh\u00edculos e os fornecementos son de todas e todos os guardeses e est\u00e1n \u00e1 s\u00faa disposici\u00f3n, polo que deben de coidarse e respectarse como tal.<\/em><\/strong><\/li>\n<\/ul>\n<p><strong><em>\u00a0<\/em><\/strong><\/p>\n<p>Tras un domingo do Monte de troula e xuntanza, queremos facer unha pequena reflexi\u00f3n sobre diferentes actos que tiveron lugar durante a noite deste domingo e que est\u00e1n totalmente f\u00f3ra do que realmente significa a nosa festa grande.<\/p>\n<p>&nbsp;<\/p>\n<p>Todos somos conscientes de que durante os d\u00edas das festas prod\u00facese unha gran concentraci\u00f3n de xente na nosa vila, implicando un enorme esforzo por parte dos traballadores e traballadoras municipais en materia de limpeza, orde p\u00fablico e mantemento, de maneira que as nosas r\u00faas luzan da mellor maneira durante estes d\u00edas tan especiais para todas e todos n\u00f3s. Sen embargo e desgraciadamente, as acci\u00f3ns duns poucos van m\u00e1is al\u00e1, producindo danos de consideraci\u00f3n no mobiliario urbano, fornecementos e incluso veh\u00edculos municipais. \u00c9 preciso recordar que, as acci\u00f3ns de vandalismo, ademais das posibles consecuencias legais que poidan derivarse das mesmas, implican unha dedicaci\u00f3n de recursos p\u00fablicos, tanto humanos coma econ\u00f3micos, para a recuperaci\u00f3n do mobiliario ou os equipamentos vandalizados, que se deixan de dedicar \u00e1 mellora ou conservaci\u00f3n doutros elementos.<\/p>\n<p>&nbsp;<\/p>\n<p>A sociedade guardesa somos unha sociedade pac\u00edfica e respectuosa e non debemos tolerar que uns poucos provoquen este tipo de danos e desperfectos, difundindo unha imaxe da nosa vila como un lugar sen orde e sen lei. As r\u00faas, o mobiliario, os veh\u00edculos e os fornecementos son de todas e todos os guardeses e est\u00e1n \u00e1 s\u00faa disposici\u00f3n, polo que deben de coidarse e respectarse como tal.<\/p>\n<p>&nbsp;<\/p>\n<p>A Guarda \u00e9 a nosa casa e as\u00ed debemos coidala, erradicando das nosas r\u00faas comportamentos inc\u00edvicos e vand\u00e1licos, ben sexan o domingo do monte ou calquera outro d\u00eda do ano; porque o coidado e o respecto do que \u00e9 noso \u00e9 fundamental para que A Guarda sexa sempre un lugar admirado por n\u00f3s, como guardesas e guardeses, as\u00ed como por todos aqueles que nos visitan.<\/p>\n","protected":false},"excerpt":{"rendered":"<p>As r\u00faas, o mobiliario, os veh\u00edculos e os fornecementos son de todas e todos os guardeses e est\u00e1n \u00e1 s\u00faa disposici\u00f3n, polo que deben de coidarse e respectarse como tal. \u00a0 Tras un domingo do Monte de troula e xuntanza, &hellip; <\/p>\n","protected":false},"author":2,"featured_media":28635,"comment_status":"closed","ping_status":"open","sticky":false,"template":"","format":"standard","meta":[],"categories":[33],"tags":[3113,455],"yoast_head":"<!-- This site is optimized with the Yoast SEO plugin v21.1 - https:\/\/yoast.com\/wordpress\/plugins\/seo\/ -->\n<title>Mensaxe do Concello sobre a conservaci\u00f3n dos elementos p\u00fablicos ante actos de vandalismo - Concello da Guarda<\/title>\n<meta name=\"description\" content=\"As r\u00faas, o mobiliario, os veh\u00edculos e os fornecementos son de todas e todos os guardeses e est\u00e1n \u00e1 s\u00faa disposici\u00f3n, polo que deben de coidarse e respectarse como tal.\" \/>\n<meta name=\"robots\" content=\"index, follow, max-snippet:-1, max-image-preview:large, max-video-preview:-1\" \/>\n<link rel=\"canonical\" href=\"https:\/\/www.aguarda.es\/en\/mensaxe-do-concello-sobre-a-conservacion-dos-elementos-publicos-ante-actos-de-vandalismo\/\" \/>\n<meta property=\"og:locale\" content=\"en_US\" \/>\n<meta property=\"og:type\" content=\"article\" \/>\n<meta property=\"og:title\" content=\"Mensaxe do Concello sobre a conservaci\u00f3n dos elementos p\u00fablicos ante actos de vandalismo - Concello da Guarda\" \/>\n<meta property=\"og:description\" content=\"As r\u00faas, o mobiliario, os veh\u00edculos e os fornecementos son de todas e todos os guardeses e est\u00e1n \u00e1 s\u00faa disposici\u00f3n, polo que deben de coidarse e respectarse como tal.\" \/>\n<meta property=\"og:url\" content=\"https:\/\/www.aguarda.es\/en\/mensaxe-do-concello-sobre-a-conservacion-dos-elementos-publicos-ante-actos-de-vandalismo\/\" \/>\n<meta property=\"og:site_name\" content=\"Concello da Guarda\" \/>\n<meta property=\"article:publisher\" content=\"https:\/\/www.facebook.com\/ConcellodaGuarda\" \/>\n<meta property=\"article:published_time\" content=\"2023-08-15T15:51:59+00:00\" \/>\n<meta property=\"article:modified_time\" content=\"2023-12-15T13:19:56+00:00\" \/>\n<meta property=\"og:image\" content=\"https:\/\/www.aguarda.es\/wp-content\/uploads\/2023\/08\/PLANTILLA-NOTICIAS-A-copia.jpg?_t=1702646398\" \/>\n\t<meta property=\"og:image:width\" content=\"1024\" \/>\n\t<meta property=\"og:image:height\" content=\"1024\" \/>\n\t<meta property=\"og:image:type\" content=\"image\/jpeg\" \/>\n<meta name=\"author\" content=\"prensa\" \/>\n<meta name=\"twitter:card\" content=\"summary_large_image\" \/>\n<meta name=\"twitter:creator\" content=\"@AGuarda_es\" \/>\n<meta name=\"twitter:site\" content=\"@AGuarda_es\" \/>\n<meta name=\"twitter:label1\" content=\"Written by\" \/>\n\t<meta name=\"twitter:data1\" content=\"prensa\" \/>\n\t<meta name=\"twitter:label2\" content=\"Est. reading time\" \/>\n\t<meta name=\"twitter:data2\" content=\"2 minutes\" \/>\n<script type=\"application\/ld+json\" class=\"yoast-schema-graph\">{\"@context\":\"https:\/\/schema.org\",\"@graph\":[{\"@type\":\"WebPage\",\"@id\":\"https:\/\/www.aguarda.es\/en\/mensaxe-do-concello-sobre-a-conservacion-dos-elementos-publicos-ante-actos-de-vandalismo\/\",\"url\":\"https:\/\/www.aguarda.es\/en\/mensaxe-do-concello-sobre-a-conservacion-dos-elementos-publicos-ante-actos-de-vandalismo\/\",\"name\":\"Mensaxe do Concello sobre a conservaci\u00f3n dos elementos p\u00fablicos ante actos de vandalismo - Concello da Guarda\",\"isPartOf\":{\"@id\":\"https:\/\/www.aguarda.es\/en\/#website\"},\"datePublished\":\"2023-08-15T15:51:59+00:00\",\"dateModified\":\"2023-12-15T13:19:56+00:00\",\"author\":{\"@id\":\"https:\/\/www.aguarda.es\/en\/#\/schema\/person\/c463ca3006858ffb349d11179d044f21\"},\"description\":\"As r\u00faas, o mobiliario, os veh\u00edculos e os fornecementos son de todas e todos os guardeses e est\u00e1n \u00e1 s\u00faa disposici\u00f3n, polo que deben de coidarse e respectarse como tal.\",\"breadcrumb\":{\"@id\":\"https:\/\/www.aguarda.es\/en\/mensaxe-do-concello-sobre-a-conservacion-dos-elementos-publicos-ante-actos-de-vandalismo\/#breadcrumb\"},\"inLanguage\":\"en-US\",\"potentialAction\":[{\"@type\":\"ReadAction\",\"target\":[\"https:\/\/www.aguarda.es\/en\/mensaxe-do-concello-sobre-a-conservacion-dos-elementos-publicos-ante-actos-de-vandalismo\/\"]}]},{\"@type\":\"BreadcrumbList\",\"@id\":\"https:\/\/www.aguarda.es\/en\/mensaxe-do-concello-sobre-a-conservacion-dos-elementos-publicos-ante-actos-de-vandalismo\/#breadcrumb\",\"itemListElement\":[{\"@type\":\"ListItem\",\"position\":1,\"name\":\"Portada\",\"item\":\"https:\/\/www.aguarda.es\/en\/\"},{\"@type\":\"ListItem\",\"position\":2,\"name\":\"Mensaxe do Concello sobre a conservaci\u00f3n dos elementos p\u00fablicos ante actos de vandalismo\"}]},{\"@type\":\"WebSite\",\"@id\":\"https:\/\/www.aguarda.es\/en\/#website\",\"url\":\"https:\/\/www.aguarda.es\/en\/\",\"name\":\"Concello da Guarda\",\"description\":\"P\u00e1xina web do concello da Guarda\",\"potentialAction\":[{\"@type\":\"SearchAction\",\"target\":{\"@type\":\"EntryPoint\",\"urlTemplate\":\"https:\/\/www.aguarda.es\/en\/?s={search_term_string}\"},\"query-input\":\"required name=search_term_string\"}],\"inLanguage\":\"en-US\"},{\"@type\":\"Person\",\"@id\":\"https:\/\/www.aguarda.es\/en\/#\/schema\/person\/c463ca3006858ffb349d11179d044f21\",\"name\":\"prensa\",\"image\":{\"@type\":\"ImageObject\",\"inLanguage\":\"en-US\",\"@id\":\"https:\/\/www.aguarda.es\/en\/#\/schema\/person\/image\/\",\"url\":\"https:\/\/secure.gravatar.com\/avatar\/5f90ef536b0f98306edf5c7a1135ffa1?s=96&d=mm&r=g\",\"contentUrl\":\"https:\/\/secure.gravatar.com\/avatar\/5f90ef536b0f98306edf5c7a1135ffa1?s=96&d=mm&r=g\",\"caption\":\"prensa\"},\"url\":\"https:\/\/www.aguarda.es\/en\/author\/prensa\/\"}]}<\/script>\n<!-- \/ Yoast SEO plugin. -->","yoast_head_json":{"title":"Mensaxe do Concello sobre a conservaci\u00f3n dos elementos p\u00fablicos ante actos de vandalismo - Concello da Guarda","description":"As r\u00faas, o mobiliario, os veh\u00edculos e os fornecementos son de todas e todos os guardeses e est\u00e1n \u00e1 s\u00faa disposici\u00f3n, polo que deben de coidarse e respectarse como tal.","robots":{"index":"index","follow":"follow","max-snippet":"max-snippet:-1","max-image-preview":"max-image-preview:large","max-video-preview":"max-video-preview:-1"},"canonical":"https:\/\/www.aguarda.es\/en\/mensaxe-do-concello-sobre-a-conservacion-dos-elementos-publicos-ante-actos-de-vandalismo\/","og_locale":"en_US","og_type":"article","og_title":"Mensaxe do Concello sobre a conservaci\u00f3n dos elementos p\u00fablicos ante actos de vandalismo - Concello da Guarda","og_description":"As r\u00faas, o mobiliario, os veh\u00edculos e os fornecementos son de todas e todos os guardeses e est\u00e1n \u00e1 s\u00faa disposici\u00f3n, polo que deben de coidarse e respectarse como tal.","og_url":"https:\/\/www.aguarda.es\/en\/mensaxe-do-concello-sobre-a-conservacion-dos-elementos-publicos-ante-actos-de-vandalismo\/","og_site_name":"Concello da Guarda","article_publisher":"https:\/\/www.facebook.com\/ConcellodaGuarda","article_published_time":"2023-08-15T15:51:59+00:00","article_modified_time":"2023-12-15T13:19:56+00:00","og_image":[{"width":1024,"height":1024,"url":"https:\/\/www.aguarda.es\/wp-content\/uploads\/2023\/08\/PLANTILLA-NOTICIAS-A-copia.jpg?_t=1702646398","type":"image\/jpeg"}],"author":"prensa","twitter_card":"summary_large_image","twitter_creator":"@AGuarda_es","twitter_site":"@AGuarda_es","twitter_misc":{"Written by":"prensa","Est. reading time":"2 minutes"},"schema":{"@context":"https:\/\/schema.org","@graph":[{"@type":"WebPage","@id":"https:\/\/www.aguarda.es\/en\/mensaxe-do-concello-sobre-a-conservacion-dos-elementos-publicos-ante-actos-de-vandalismo\/","url":"https:\/\/www.aguarda.es\/en\/mensaxe-do-concello-sobre-a-conservacion-dos-elementos-publicos-ante-actos-de-vandalismo\/","name":"Mensaxe do Concello sobre a conservaci\u00f3n dos elementos p\u00fablicos ante actos de vandalismo - Concello da Guarda","isPartOf":{"@id":"https:\/\/www.aguarda.es\/en\/#website"},"datePublished":"2023-08-15T15:51:59+00:00","dateModified":"2023-12-15T13:19:56+00:00","author":{"@id":"https:\/\/www.aguarda.es\/en\/#\/schema\/person\/c463ca3006858ffb349d11179d044f21"},"description":"As r\u00faas, o mobiliario, os veh\u00edculos e os fornecementos son de todas e todos os guardeses e est\u00e1n \u00e1 s\u00faa disposici\u00f3n, polo que deben de coidarse e respectarse como tal.","breadcrumb":{"@id":"https:\/\/www.aguarda.es\/en\/mensaxe-do-concello-sobre-a-conservacion-dos-elementos-publicos-ante-actos-de-vandalismo\/#breadcrumb"},"inLanguage":"en-US","potentialAction":[{"@type":"ReadAction","target":["https:\/\/www.aguarda.es\/en\/mensaxe-do-concello-sobre-a-conservacion-dos-elementos-publicos-ante-actos-de-vandalismo\/"]}]},{"@type":"BreadcrumbList","@id":"https:\/\/www.aguarda.es\/en\/mensaxe-do-concello-sobre-a-conservacion-dos-elementos-publicos-ante-actos-de-vandalismo\/#breadcrumb","itemListElement":[{"@type":"ListItem","position":1,"name":"Portada","item":"https:\/\/www.aguarda.es\/en\/"},{"@type":"ListItem","position":2,"name":"Mensaxe do Concello sobre a conservaci\u00f3n dos elementos p\u00fablicos ante actos de vandalismo"}]},{"@type":"WebSite","@id":"https:\/\/www.aguarda.es\/en\/#website","url":"https:\/\/www.aguarda.es\/en\/","name":"Concello da Guarda","description":"P\u00e1xina web do concello da Guarda","potentialAction":[{"@type":"SearchAction","target":{"@type":"EntryPoint","urlTemplate":"https:\/\/www.aguarda.es\/en\/?s={search_term_string}"},"query-input":"required name=search_term_string"}],"inLanguage":"en-US"},{"@type":"Person","@id":"https:\/\/www.aguarda.es\/en\/#\/schema\/person\/c463ca3006858ffb349d11179d044f21","name":"prensa","image":{"@type":"ImageObject","inLanguage":"en-US","@id":"https:\/\/www.aguarda.es\/en\/#\/schema\/person\/image\/","url":"https:\/\/secure.gravatar.com\/avatar\/5f90ef536b0f98306edf5c7a1135ffa1?s=96&d=mm&r=g","contentUrl":"https:\/\/secure.gravatar.com\/avatar\/5f90ef536b0f98306edf5c7a1135ffa1?s=96&d=mm&r=g","caption":"prensa"},"url":"https:\/\/www.aguarda.es\/en\/author\/prensa\/"}]}},"_links":{"self":[{"href":"https:\/\/www.aguarda.es\/en\/wp-json\/wp\/v2\/posts\/28634"}],"collection":[{"href":"https:\/\/www.aguarda.es\/en\/wp-json\/wp\/v2\/posts"}],"about":[{"href":"https:\/\/www.aguarda.es\/en\/wp-json\/wp\/v2\/types\/post"}],"author":[{"embeddable":true,"href":"https:\/\/www.aguarda.es\/en\/wp-json\/wp\/v2\/users\/2"}],"replies":[{"embeddable":true,"href":"https:\/\/www.aguarda.es\/en\/wp-json\/wp\/v2\/comments?post=28634"}],"version-history":[{"count":1,"href":"https:\/\/www.aguarda.es\/en\/wp-json\/wp\/v2\/posts\/28634\/revisions"}],"predecessor-version":[{"id":28637,"href":"https:\/\/www.aguarda.es\/en\/wp-json\/wp\/v2\/posts\/28634\/revisions\/28637"}],"wp:featuredmedia":[{"embeddable":true,"href":"https:\/\/www.aguarda.es\/en\/wp-json\/wp\/v2\/media\/28635"}],"wp:attachment":[{"href":"https:\/\/www.aguarda.es\/en\/wp-json\/wp\/v2\/media?parent=28634"}],"wp:term":[{"taxonomy":"category","embeddable":true,"href":"https:\/\/www.aguarda.es\/en\/wp-json\/wp\/v2\/categories?post=28634"},{"taxonomy":"post_tag","embeddable":true,"href":"https:\/\/www.aguarda.es\/en\/wp-json\/wp\/v2\/tags?post=28634"}],"curies":[{"name":"wp","href":"https:\/\/api.w.org\/{rel}","templated":true}]}}