{"id":28781,"date":"2023-09-28T10:58:43","date_gmt":"2023-09-28T10:58:43","guid":{"rendered":"https:\/\/www.aguarda.es\/?p=28781"},"modified":"2023-12-15T13:19:21","modified_gmt":"2023-12-15T13:19:21","slug":"fin-de-semana-cargado-de-propostas-culturais-para-pechar-o-mes-de-setembro-na-guarda","status":"publish","type":"post","link":"https:\/\/www.aguarda.es\/en\/fin-de-semana-cargado-de-propostas-culturais-para-pechar-o-mes-de-setembro-na-guarda\/","title":{"rendered":"Fin de semana cargado de  propostas culturais para pechar o mes de setembro na Guarda"},"content":{"rendered":"<p>O outono se estrea na Guarda cargado dunha ampla programaci\u00f3n para este fin de semana, na que se concentran diversas propostas no venres, s\u00e1bado e domingo.<\/p>\n<p>&nbsp;<\/p>\n<p>O venres 29 de setembro \u00e1s 21h. ser\u00e1 o momento do Teatro, esa disciplina que tanto gusta \u00e1 xente da nosa vila e que nos trae nesta ocasi\u00f3n a s\u00e1tira de Vicente Risco \u201cO Porco de P\u00e9\u201d. Unha comedia\u00a0 protagonizada por Patricia V\u00e1zquez, Victor Mosqueira e Evaristo Calvo, que ven de xirar por toda Galicia colleitando \u00e9xitos (con tres premios Mar\u00eda Casares) e sobre todo o favor e as risas do p\u00fablico. O acceso ser\u00e1 de balde ata esgotar o aforo da sala. Non \u00e9 precisa a reserva previa.<\/p>\n<p>&nbsp;<\/p>\n<p>Ao d\u00eda seguinte, o s\u00e1bado ser\u00e1 o momento do concerto do programa Musigal 2023 da Deputaci\u00f3n de Pontevedra, que cada ano aposta pola difusi\u00f3n da m\u00fasica en galego. Nesta ocasi\u00f3n chega ata A Guarda o grupo Laro\u00e1, que composto por nove m\u00fasicos de disciplinas e orixes do mais variado propo\u00f1en un repertorio que pasa polo jazz e o swing fusionado cos ritmos tradicionais galegos, mediterr\u00e1neos, centroeurpoeos&#8230;Unha proposta mel\u00f3dica de\u00a0 gran calidade art\u00edstica para a noiti\u00f1a do 30 de setembro, \u00e1s 21h. Na Praza do Rel\u00f3<\/p>\n<p>&nbsp;<\/p>\n<p>E por \u00faltimo, para pechar o fin de semana o artista Jos\u00e9 Luis Correa, inaugura o domingo 1 de outubro \u00e1s 18:00h. a s\u00faa exposici\u00f3n Ikarus na Casa dos Alonso. O artista, que xa tivo unha mostra no mesmo lugar no mes de marzo, ach\u00e9ganos agora un monogr\u00e1fico das s\u00faas creaci\u00f3ns escult\u00f3ricas, nas que se poder\u00e1n observar diferentes t\u00e9cnicas art\u00edsticas, materiais e incluso momentos da s\u00faa creaci\u00f3n.<\/p>\n","protected":false},"excerpt":{"rendered":"<p>O outono se estrea na Guarda cargado dunha ampla programaci\u00f3n para este fin de semana, na que se concentran diversas propostas no venres, s\u00e1bado e domingo. &nbsp; O venres 29 de setembro \u00e1s 21h. ser\u00e1 o momento do Teatro, esa &hellip; <\/p>\n","protected":false},"author":2,"featured_media":28782,"comment_status":"closed","ping_status":"open","sticky":false,"template":"","format":"standard","meta":[],"categories":[34],"tags":[226,243,1273],"yoast_head":"<!-- This site is optimized with the Yoast SEO plugin v21.1 - https:\/\/yoast.com\/wordpress\/plugins\/seo\/ -->\n<title>Fin de semana cargado de propostas culturais para pechar o mes de setembro na Guarda - Concello da Guarda<\/title>\n<meta name=\"description\" content=\"Teatro, m\u00fasica e unha exposici\u00f3n de escultura dan o sorpasso ao mes de Outubro.\" \/>\n<meta name=\"robots\" content=\"index, follow, max-snippet:-1, max-image-preview:large, max-video-preview:-1\" \/>\n<link rel=\"canonical\" href=\"https:\/\/www.aguarda.es\/en\/fin-de-semana-cargado-de-propostas-culturais-para-pechar-o-mes-de-setembro-na-guarda\/\" \/>\n<meta property=\"og:locale\" content=\"en_US\" \/>\n<meta property=\"og:type\" content=\"article\" \/>\n<meta property=\"og:title\" content=\"Fin de semana cargado de propostas culturais para pechar o mes de setembro na Guarda - Concello da Guarda\" \/>\n<meta property=\"og:description\" content=\"Teatro, m\u00fasica e unha exposici\u00f3n de escultura dan o sorpasso ao mes de Outubro.\" \/>\n<meta property=\"og:url\" content=\"https:\/\/www.aguarda.es\/en\/fin-de-semana-cargado-de-propostas-culturais-para-pechar-o-mes-de-setembro-na-guarda\/\" \/>\n<meta property=\"og:site_name\" content=\"Concello da Guarda\" \/>\n<meta property=\"article:publisher\" content=\"https:\/\/www.facebook.com\/ConcellodaGuarda\" \/>\n<meta property=\"article:published_time\" content=\"2023-09-28T10:58:43+00:00\" \/>\n<meta property=\"article:modified_time\" content=\"2023-12-15T13:19:21+00:00\" \/>\n<meta property=\"og:image\" content=\"https:\/\/www.aguarda.es\/wp-content\/uploads\/2023\/09\/NP-28092023-PECHE-PROGRAMACION-SETEMBRO.jpg?_t=1702646362\" \/>\n\t<meta property=\"og:image:width\" content=\"800\" \/>\n\t<meta property=\"og:image:height\" content=\"800\" \/>\n\t<meta property=\"og:image:type\" content=\"image\/jpeg\" \/>\n<meta name=\"author\" content=\"prensa\" \/>\n<meta name=\"twitter:card\" content=\"summary_large_image\" \/>\n<meta name=\"twitter:creator\" content=\"@AGuarda_es\" \/>\n<meta name=\"twitter:site\" content=\"@AGuarda_es\" \/>\n<meta name=\"twitter:label1\" content=\"Written by\" \/>\n\t<meta name=\"twitter:data1\" content=\"prensa\" \/>\n\t<meta name=\"twitter:label2\" content=\"Est. reading time\" \/>\n\t<meta name=\"twitter:data2\" content=\"2 minutes\" \/>\n<script type=\"application\/ld+json\" class=\"yoast-schema-graph\">{\"@context\":\"https:\/\/schema.org\",\"@graph\":[{\"@type\":\"WebPage\",\"@id\":\"https:\/\/www.aguarda.es\/en\/fin-de-semana-cargado-de-propostas-culturais-para-pechar-o-mes-de-setembro-na-guarda\/\",\"url\":\"https:\/\/www.aguarda.es\/en\/fin-de-semana-cargado-de-propostas-culturais-para-pechar-o-mes-de-setembro-na-guarda\/\",\"name\":\"Fin de semana cargado de propostas culturais para pechar o mes de setembro na Guarda - Concello da Guarda\",\"isPartOf\":{\"@id\":\"https:\/\/www.aguarda.es\/en\/#website\"},\"datePublished\":\"2023-09-28T10:58:43+00:00\",\"dateModified\":\"2023-12-15T13:19:21+00:00\",\"author\":{\"@id\":\"https:\/\/www.aguarda.es\/en\/#\/schema\/person\/c463ca3006858ffb349d11179d044f21\"},\"description\":\"Teatro, m\u00fasica e unha exposici\u00f3n de escultura dan o sorpasso ao mes de Outubro.\",\"breadcrumb\":{\"@id\":\"https:\/\/www.aguarda.es\/en\/fin-de-semana-cargado-de-propostas-culturais-para-pechar-o-mes-de-setembro-na-guarda\/#breadcrumb\"},\"inLanguage\":\"en-US\",\"potentialAction\":[{\"@type\":\"ReadAction\",\"target\":[\"https:\/\/www.aguarda.es\/en\/fin-de-semana-cargado-de-propostas-culturais-para-pechar-o-mes-de-setembro-na-guarda\/\"]}]},{\"@type\":\"BreadcrumbList\",\"@id\":\"https:\/\/www.aguarda.es\/en\/fin-de-semana-cargado-de-propostas-culturais-para-pechar-o-mes-de-setembro-na-guarda\/#breadcrumb\",\"itemListElement\":[{\"@type\":\"ListItem\",\"position\":1,\"name\":\"Portada\",\"item\":\"https:\/\/www.aguarda.es\/en\/\"},{\"@type\":\"ListItem\",\"position\":2,\"name\":\"Fin de semana cargado de propostas culturais para pechar o mes de setembro na Guarda\"}]},{\"@type\":\"WebSite\",\"@id\":\"https:\/\/www.aguarda.es\/en\/#website\",\"url\":\"https:\/\/www.aguarda.es\/en\/\",\"name\":\"Concello da Guarda\",\"description\":\"P\u00e1xina web do concello da Guarda\",\"potentialAction\":[{\"@type\":\"SearchAction\",\"target\":{\"@type\":\"EntryPoint\",\"urlTemplate\":\"https:\/\/www.aguarda.es\/en\/?s={search_term_string}\"},\"query-input\":\"required name=search_term_string\"}],\"inLanguage\":\"en-US\"},{\"@type\":\"Person\",\"@id\":\"https:\/\/www.aguarda.es\/en\/#\/schema\/person\/c463ca3006858ffb349d11179d044f21\",\"name\":\"prensa\",\"image\":{\"@type\":\"ImageObject\",\"inLanguage\":\"en-US\",\"@id\":\"https:\/\/www.aguarda.es\/en\/#\/schema\/person\/image\/\",\"url\":\"https:\/\/secure.gravatar.com\/avatar\/5f90ef536b0f98306edf5c7a1135ffa1?s=96&d=mm&r=g\",\"contentUrl\":\"https:\/\/secure.gravatar.com\/avatar\/5f90ef536b0f98306edf5c7a1135ffa1?s=96&d=mm&r=g\",\"caption\":\"prensa\"},\"url\":\"https:\/\/www.aguarda.es\/en\/author\/prensa\/\"}]}<\/script>\n<!-- \/ Yoast SEO plugin. -->","yoast_head_json":{"title":"Fin de semana cargado de propostas culturais para pechar o mes de setembro na Guarda - Concello da Guarda","description":"Teatro, m\u00fasica e unha exposici\u00f3n de escultura dan o sorpasso ao mes de Outubro.","robots":{"index":"index","follow":"follow","max-snippet":"max-snippet:-1","max-image-preview":"max-image-preview:large","max-video-preview":"max-video-preview:-1"},"canonical":"https:\/\/www.aguarda.es\/en\/fin-de-semana-cargado-de-propostas-culturais-para-pechar-o-mes-de-setembro-na-guarda\/","og_locale":"en_US","og_type":"article","og_title":"Fin de semana cargado de propostas culturais para pechar o mes de setembro na Guarda - Concello da Guarda","og_description":"Teatro, m\u00fasica e unha exposici\u00f3n de escultura dan o sorpasso ao mes de Outubro.","og_url":"https:\/\/www.aguarda.es\/en\/fin-de-semana-cargado-de-propostas-culturais-para-pechar-o-mes-de-setembro-na-guarda\/","og_site_name":"Concello da Guarda","article_publisher":"https:\/\/www.facebook.com\/ConcellodaGuarda","article_published_time":"2023-09-28T10:58:43+00:00","article_modified_time":"2023-12-15T13:19:21+00:00","og_image":[{"width":800,"height":800,"url":"https:\/\/www.aguarda.es\/wp-content\/uploads\/2023\/09\/NP-28092023-PECHE-PROGRAMACION-SETEMBRO.jpg?_t=1702646362","type":"image\/jpeg"}],"author":"prensa","twitter_card":"summary_large_image","twitter_creator":"@AGuarda_es","twitter_site":"@AGuarda_es","twitter_misc":{"Written by":"prensa","Est. reading time":"2 minutes"},"schema":{"@context":"https:\/\/schema.org","@graph":[{"@type":"WebPage","@id":"https:\/\/www.aguarda.es\/en\/fin-de-semana-cargado-de-propostas-culturais-para-pechar-o-mes-de-setembro-na-guarda\/","url":"https:\/\/www.aguarda.es\/en\/fin-de-semana-cargado-de-propostas-culturais-para-pechar-o-mes-de-setembro-na-guarda\/","name":"Fin de semana cargado de propostas culturais para pechar o mes de setembro na Guarda - Concello da Guarda","isPartOf":{"@id":"https:\/\/www.aguarda.es\/en\/#website"},"datePublished":"2023-09-28T10:58:43+00:00","dateModified":"2023-12-15T13:19:21+00:00","author":{"@id":"https:\/\/www.aguarda.es\/en\/#\/schema\/person\/c463ca3006858ffb349d11179d044f21"},"description":"Teatro, m\u00fasica e unha exposici\u00f3n de escultura dan o sorpasso ao mes de Outubro.","breadcrumb":{"@id":"https:\/\/www.aguarda.es\/en\/fin-de-semana-cargado-de-propostas-culturais-para-pechar-o-mes-de-setembro-na-guarda\/#breadcrumb"},"inLanguage":"en-US","potentialAction":[{"@type":"ReadAction","target":["https:\/\/www.aguarda.es\/en\/fin-de-semana-cargado-de-propostas-culturais-para-pechar-o-mes-de-setembro-na-guarda\/"]}]},{"@type":"BreadcrumbList","@id":"https:\/\/www.aguarda.es\/en\/fin-de-semana-cargado-de-propostas-culturais-para-pechar-o-mes-de-setembro-na-guarda\/#breadcrumb","itemListElement":[{"@type":"ListItem","position":1,"name":"Portada","item":"https:\/\/www.aguarda.es\/en\/"},{"@type":"ListItem","position":2,"name":"Fin de semana cargado de propostas culturais para pechar o mes de setembro na Guarda"}]},{"@type":"WebSite","@id":"https:\/\/www.aguarda.es\/en\/#website","url":"https:\/\/www.aguarda.es\/en\/","name":"Concello da Guarda","description":"P\u00e1xina web do concello da Guarda","potentialAction":[{"@type":"SearchAction","target":{"@type":"EntryPoint","urlTemplate":"https:\/\/www.aguarda.es\/en\/?s={search_term_string}"},"query-input":"required name=search_term_string"}],"inLanguage":"en-US"},{"@type":"Person","@id":"https:\/\/www.aguarda.es\/en\/#\/schema\/person\/c463ca3006858ffb349d11179d044f21","name":"prensa","image":{"@type":"ImageObject","inLanguage":"en-US","@id":"https:\/\/www.aguarda.es\/en\/#\/schema\/person\/image\/","url":"https:\/\/secure.gravatar.com\/avatar\/5f90ef536b0f98306edf5c7a1135ffa1?s=96&d=mm&r=g","contentUrl":"https:\/\/secure.gravatar.com\/avatar\/5f90ef536b0f98306edf5c7a1135ffa1?s=96&d=mm&r=g","caption":"prensa"},"url":"https:\/\/www.aguarda.es\/en\/author\/prensa\/"}]}},"_links":{"self":[{"href":"https:\/\/www.aguarda.es\/en\/wp-json\/wp\/v2\/posts\/28781"}],"collection":[{"href":"https:\/\/www.aguarda.es\/en\/wp-json\/wp\/v2\/posts"}],"about":[{"href":"https:\/\/www.aguarda.es\/en\/wp-json\/wp\/v2\/types\/post"}],"author":[{"embeddable":true,"href":"https:\/\/www.aguarda.es\/en\/wp-json\/wp\/v2\/users\/2"}],"replies":[{"embeddable":true,"href":"https:\/\/www.aguarda.es\/en\/wp-json\/wp\/v2\/comments?post=28781"}],"version-history":[{"count":2,"href":"https:\/\/www.aguarda.es\/en\/wp-json\/wp\/v2\/posts\/28781\/revisions"}],"predecessor-version":[{"id":28785,"href":"https:\/\/www.aguarda.es\/en\/wp-json\/wp\/v2\/posts\/28781\/revisions\/28785"}],"wp:featuredmedia":[{"embeddable":true,"href":"https:\/\/www.aguarda.es\/en\/wp-json\/wp\/v2\/media\/28782"}],"wp:attachment":[{"href":"https:\/\/www.aguarda.es\/en\/wp-json\/wp\/v2\/media?parent=28781"}],"wp:term":[{"taxonomy":"category","embeddable":true,"href":"https:\/\/www.aguarda.es\/en\/wp-json\/wp\/v2\/categories?post=28781"},{"taxonomy":"post_tag","embeddable":true,"href":"https:\/\/www.aguarda.es\/en\/wp-json\/wp\/v2\/tags?post=28781"}],"curies":[{"name":"wp","href":"https:\/\/api.w.org\/{rel}","templated":true}]}}