{"id":28966,"date":"2023-10-27T15:03:40","date_gmt":"2023-10-27T15:03:40","guid":{"rendered":"https:\/\/www.aguarda.es\/?p=28966"},"modified":"2023-12-15T13:18:48","modified_gmt":"2023-12-15T13:18:48","slug":"a-guarda-festexa-o-samain-con-actividades-para-todas-as-idades","status":"publish","type":"post","link":"https:\/\/www.aguarda.es\/en\/a-guarda-festexa-o-samain-con-actividades-para-todas-as-idades\/","title":{"rendered":"A Guarda festexa o Sama\u00edn con actividades para todas as idades"},"content":{"rendered":"<ul>\n<li><strong><em>Ser\u00e1 na xornada do martes d\u00eda 31 de outubro na Praza do Rel\u00f3.<\/em><\/strong><\/li>\n<\/ul>\n<p>&nbsp;<\/p>\n<p>A Guarda celebra o Sama\u00edn cunha xornada festiva para todas as idades que ter\u00e1 lugar o martes d\u00eda 31 de outubro na Praza do Rel\u00f3, que ser\u00e1 o epicentro das celebraci\u00f3ns.<\/p>\n<p>As actividades programadas para esta ocasi\u00f3n especial est\u00e1n divididas en d\u00faas partes. \u00c1 tarde, entre as 17:00h e as 19:00h, ter\u00e1 lugar unha sesi\u00f3n especialmente dese\u00f1ada para os m\u00e1is pequenos e para as familias. Nesta parte, animadores percorrer\u00e1n as r\u00faas do centro en busca dos cativos que saen a pedir caramelos, e interactuar\u00e1n con eles, propo\u00f1\u00e9ndolles retos divertidos e proporcionando entretemento.<\/p>\n<p>A partir das 19:00h, a atenci\u00f3n centrarase na Praza do Rel\u00f3. Neste lugar, haber\u00e1 m\u00e1is animaci\u00f3n infantil e sesi\u00f3ns de baile ata as 20:00h. A Praza do Rel\u00f3 ser\u00e1 o escenario perfecto para que os m\u00e1is cativos desfruten dunha festa inesquecible e se divirtan coas s\u00faas familias.<\/p>\n<p>A partires das 22:00h chega o momento para os m\u00e1is maiores cunha sesi\u00f3n DJ coas mellores m\u00fasicas do momento.<\/p>\n<p>Non perdas a oportunidade de participar nesta celebraci\u00f3n do Sama\u00edn en A Guarda, onde a diversi\u00f3n e a alegr\u00eda est\u00e1n garantidas para todas as idades.<\/p>\n","protected":false},"excerpt":{"rendered":"<p>Ser\u00e1 na xornada do martes d\u00eda 31 de outubro na Praza do Rel\u00f3. &nbsp; A Guarda celebra o Sama\u00edn cunha xornada festiva para todas as idades que ter\u00e1 lugar o martes d\u00eda 31 de outubro na Praza do Rel\u00f3, que &hellip; <\/p>\n","protected":false},"author":2,"featured_media":28967,"comment_status":"closed","ping_status":"open","sticky":false,"template":"","format":"standard","meta":[],"categories":[34],"tags":[226,359,354,628],"yoast_head":"<!-- This site is optimized with the Yoast SEO plugin v21.1 - https:\/\/yoast.com\/wordpress\/plugins\/seo\/ -->\n<title>A Guarda festexa o Sama\u00edn con actividades para todas as idades - Concello da Guarda<\/title>\n<meta name=\"description\" content=\"\u2022 Ser\u00e1 na xornada do martes d\u00eda 31 de outubro na Praza do Rel\u00f3.\" \/>\n<meta name=\"robots\" content=\"index, follow, max-snippet:-1, max-image-preview:large, max-video-preview:-1\" \/>\n<link rel=\"canonical\" href=\"https:\/\/www.aguarda.es\/en\/a-guarda-festexa-o-samain-con-actividades-para-todas-as-idades\/\" \/>\n<meta property=\"og:locale\" content=\"en_US\" \/>\n<meta property=\"og:type\" content=\"article\" \/>\n<meta property=\"og:title\" content=\"A Guarda festexa o Sama\u00edn con actividades para todas as idades - Concello da Guarda\" \/>\n<meta property=\"og:description\" content=\"\u2022 Ser\u00e1 na xornada do martes d\u00eda 31 de outubro na Praza do Rel\u00f3.\" \/>\n<meta property=\"og:url\" content=\"https:\/\/www.aguarda.es\/en\/a-guarda-festexa-o-samain-con-actividades-para-todas-as-idades\/\" \/>\n<meta property=\"og:site_name\" content=\"Concello da Guarda\" \/>\n<meta property=\"article:publisher\" content=\"https:\/\/www.facebook.com\/ConcellodaGuarda\" \/>\n<meta property=\"article:published_time\" content=\"2023-10-27T15:03:40+00:00\" \/>\n<meta property=\"article:modified_time\" content=\"2023-12-15T13:18:48+00:00\" \/>\n<meta property=\"og:image\" content=\"https:\/\/www.aguarda.es\/wp-content\/uploads\/2023\/10\/SAMAIN-2022-1.jpg?_t=1702646330\" \/>\n\t<meta property=\"og:image:width\" content=\"800\" \/>\n\t<meta property=\"og:image:height\" content=\"1132\" \/>\n\t<meta property=\"og:image:type\" content=\"image\/jpeg\" \/>\n<meta name=\"author\" content=\"prensa\" \/>\n<meta name=\"twitter:card\" content=\"summary_large_image\" \/>\n<meta name=\"twitter:creator\" content=\"@AGuarda_es\" \/>\n<meta name=\"twitter:site\" content=\"@AGuarda_es\" \/>\n<meta name=\"twitter:label1\" content=\"Written by\" \/>\n\t<meta name=\"twitter:data1\" content=\"prensa\" \/>\n\t<meta name=\"twitter:label2\" content=\"Est. reading time\" \/>\n\t<meta name=\"twitter:data2\" content=\"2 minutes\" \/>\n<script type=\"application\/ld+json\" class=\"yoast-schema-graph\">{\"@context\":\"https:\/\/schema.org\",\"@graph\":[{\"@type\":\"WebPage\",\"@id\":\"https:\/\/www.aguarda.es\/en\/a-guarda-festexa-o-samain-con-actividades-para-todas-as-idades\/\",\"url\":\"https:\/\/www.aguarda.es\/en\/a-guarda-festexa-o-samain-con-actividades-para-todas-as-idades\/\",\"name\":\"A Guarda festexa o Sama\u00edn con actividades para todas as idades - Concello da Guarda\",\"isPartOf\":{\"@id\":\"https:\/\/www.aguarda.es\/en\/#website\"},\"datePublished\":\"2023-10-27T15:03:40+00:00\",\"dateModified\":\"2023-12-15T13:18:48+00:00\",\"author\":{\"@id\":\"https:\/\/www.aguarda.es\/en\/#\/schema\/person\/c463ca3006858ffb349d11179d044f21\"},\"description\":\"\u2022 Ser\u00e1 na xornada do martes d\u00eda 31 de outubro na Praza do Rel\u00f3.\",\"breadcrumb\":{\"@id\":\"https:\/\/www.aguarda.es\/en\/a-guarda-festexa-o-samain-con-actividades-para-todas-as-idades\/#breadcrumb\"},\"inLanguage\":\"en-US\",\"potentialAction\":[{\"@type\":\"ReadAction\",\"target\":[\"https:\/\/www.aguarda.es\/en\/a-guarda-festexa-o-samain-con-actividades-para-todas-as-idades\/\"]}]},{\"@type\":\"BreadcrumbList\",\"@id\":\"https:\/\/www.aguarda.es\/en\/a-guarda-festexa-o-samain-con-actividades-para-todas-as-idades\/#breadcrumb\",\"itemListElement\":[{\"@type\":\"ListItem\",\"position\":1,\"name\":\"Portada\",\"item\":\"https:\/\/www.aguarda.es\/en\/\"},{\"@type\":\"ListItem\",\"position\":2,\"name\":\"A Guarda festexa o Sama\u00edn con actividades para todas as idades\"}]},{\"@type\":\"WebSite\",\"@id\":\"https:\/\/www.aguarda.es\/en\/#website\",\"url\":\"https:\/\/www.aguarda.es\/en\/\",\"name\":\"Concello da Guarda\",\"description\":\"P\u00e1xina web do concello da Guarda\",\"potentialAction\":[{\"@type\":\"SearchAction\",\"target\":{\"@type\":\"EntryPoint\",\"urlTemplate\":\"https:\/\/www.aguarda.es\/en\/?s={search_term_string}\"},\"query-input\":\"required name=search_term_string\"}],\"inLanguage\":\"en-US\"},{\"@type\":\"Person\",\"@id\":\"https:\/\/www.aguarda.es\/en\/#\/schema\/person\/c463ca3006858ffb349d11179d044f21\",\"name\":\"prensa\",\"image\":{\"@type\":\"ImageObject\",\"inLanguage\":\"en-US\",\"@id\":\"https:\/\/www.aguarda.es\/en\/#\/schema\/person\/image\/\",\"url\":\"https:\/\/secure.gravatar.com\/avatar\/5f90ef536b0f98306edf5c7a1135ffa1?s=96&d=mm&r=g\",\"contentUrl\":\"https:\/\/secure.gravatar.com\/avatar\/5f90ef536b0f98306edf5c7a1135ffa1?s=96&d=mm&r=g\",\"caption\":\"prensa\"},\"url\":\"https:\/\/www.aguarda.es\/en\/author\/prensa\/\"}]}<\/script>\n<!-- \/ Yoast SEO plugin. -->","yoast_head_json":{"title":"A Guarda festexa o Sama\u00edn con actividades para todas as idades - Concello da Guarda","description":"\u2022 Ser\u00e1 na xornada do martes d\u00eda 31 de outubro na Praza do Rel\u00f3.","robots":{"index":"index","follow":"follow","max-snippet":"max-snippet:-1","max-image-preview":"max-image-preview:large","max-video-preview":"max-video-preview:-1"},"canonical":"https:\/\/www.aguarda.es\/en\/a-guarda-festexa-o-samain-con-actividades-para-todas-as-idades\/","og_locale":"en_US","og_type":"article","og_title":"A Guarda festexa o Sama\u00edn con actividades para todas as idades - Concello da Guarda","og_description":"\u2022 Ser\u00e1 na xornada do martes d\u00eda 31 de outubro na Praza do Rel\u00f3.","og_url":"https:\/\/www.aguarda.es\/en\/a-guarda-festexa-o-samain-con-actividades-para-todas-as-idades\/","og_site_name":"Concello da Guarda","article_publisher":"https:\/\/www.facebook.com\/ConcellodaGuarda","article_published_time":"2023-10-27T15:03:40+00:00","article_modified_time":"2023-12-15T13:18:48+00:00","og_image":[{"width":800,"height":1132,"url":"https:\/\/www.aguarda.es\/wp-content\/uploads\/2023\/10\/SAMAIN-2022-1.jpg?_t=1702646330","type":"image\/jpeg"}],"author":"prensa","twitter_card":"summary_large_image","twitter_creator":"@AGuarda_es","twitter_site":"@AGuarda_es","twitter_misc":{"Written by":"prensa","Est. reading time":"2 minutes"},"schema":{"@context":"https:\/\/schema.org","@graph":[{"@type":"WebPage","@id":"https:\/\/www.aguarda.es\/en\/a-guarda-festexa-o-samain-con-actividades-para-todas-as-idades\/","url":"https:\/\/www.aguarda.es\/en\/a-guarda-festexa-o-samain-con-actividades-para-todas-as-idades\/","name":"A Guarda festexa o Sama\u00edn con actividades para todas as idades - Concello da Guarda","isPartOf":{"@id":"https:\/\/www.aguarda.es\/en\/#website"},"datePublished":"2023-10-27T15:03:40+00:00","dateModified":"2023-12-15T13:18:48+00:00","author":{"@id":"https:\/\/www.aguarda.es\/en\/#\/schema\/person\/c463ca3006858ffb349d11179d044f21"},"description":"\u2022 Ser\u00e1 na xornada do martes d\u00eda 31 de outubro na Praza do Rel\u00f3.","breadcrumb":{"@id":"https:\/\/www.aguarda.es\/en\/a-guarda-festexa-o-samain-con-actividades-para-todas-as-idades\/#breadcrumb"},"inLanguage":"en-US","potentialAction":[{"@type":"ReadAction","target":["https:\/\/www.aguarda.es\/en\/a-guarda-festexa-o-samain-con-actividades-para-todas-as-idades\/"]}]},{"@type":"BreadcrumbList","@id":"https:\/\/www.aguarda.es\/en\/a-guarda-festexa-o-samain-con-actividades-para-todas-as-idades\/#breadcrumb","itemListElement":[{"@type":"ListItem","position":1,"name":"Portada","item":"https:\/\/www.aguarda.es\/en\/"},{"@type":"ListItem","position":2,"name":"A Guarda festexa o Sama\u00edn con actividades para todas as idades"}]},{"@type":"WebSite","@id":"https:\/\/www.aguarda.es\/en\/#website","url":"https:\/\/www.aguarda.es\/en\/","name":"Concello da Guarda","description":"P\u00e1xina web do concello da Guarda","potentialAction":[{"@type":"SearchAction","target":{"@type":"EntryPoint","urlTemplate":"https:\/\/www.aguarda.es\/en\/?s={search_term_string}"},"query-input":"required name=search_term_string"}],"inLanguage":"en-US"},{"@type":"Person","@id":"https:\/\/www.aguarda.es\/en\/#\/schema\/person\/c463ca3006858ffb349d11179d044f21","name":"prensa","image":{"@type":"ImageObject","inLanguage":"en-US","@id":"https:\/\/www.aguarda.es\/en\/#\/schema\/person\/image\/","url":"https:\/\/secure.gravatar.com\/avatar\/5f90ef536b0f98306edf5c7a1135ffa1?s=96&d=mm&r=g","contentUrl":"https:\/\/secure.gravatar.com\/avatar\/5f90ef536b0f98306edf5c7a1135ffa1?s=96&d=mm&r=g","caption":"prensa"},"url":"https:\/\/www.aguarda.es\/en\/author\/prensa\/"}]}},"_links":{"self":[{"href":"https:\/\/www.aguarda.es\/en\/wp-json\/wp\/v2\/posts\/28966"}],"collection":[{"href":"https:\/\/www.aguarda.es\/en\/wp-json\/wp\/v2\/posts"}],"about":[{"href":"https:\/\/www.aguarda.es\/en\/wp-json\/wp\/v2\/types\/post"}],"author":[{"embeddable":true,"href":"https:\/\/www.aguarda.es\/en\/wp-json\/wp\/v2\/users\/2"}],"replies":[{"embeddable":true,"href":"https:\/\/www.aguarda.es\/en\/wp-json\/wp\/v2\/comments?post=28966"}],"version-history":[{"count":1,"href":"https:\/\/www.aguarda.es\/en\/wp-json\/wp\/v2\/posts\/28966\/revisions"}],"predecessor-version":[{"id":28969,"href":"https:\/\/www.aguarda.es\/en\/wp-json\/wp\/v2\/posts\/28966\/revisions\/28969"}],"wp:featuredmedia":[{"embeddable":true,"href":"https:\/\/www.aguarda.es\/en\/wp-json\/wp\/v2\/media\/28967"}],"wp:attachment":[{"href":"https:\/\/www.aguarda.es\/en\/wp-json\/wp\/v2\/media?parent=28966"}],"wp:term":[{"taxonomy":"category","embeddable":true,"href":"https:\/\/www.aguarda.es\/en\/wp-json\/wp\/v2\/categories?post=28966"},{"taxonomy":"post_tag","embeddable":true,"href":"https:\/\/www.aguarda.es\/en\/wp-json\/wp\/v2\/tags?post=28966"}],"curies":[{"name":"wp","href":"https:\/\/api.w.org\/{rel}","templated":true}]}}