{"id":28990,"date":"2023-10-31T08:17:51","date_gmt":"2023-10-31T08:17:51","guid":{"rendered":"https:\/\/www.aguarda.es\/?p=28990"},"modified":"2023-12-15T13:18:45","modified_gmt":"2023-12-15T13:18:45","slug":"nova-entrega-teatral-na-guarda-este-sabado-coa-obra-as-alumnas","status":"publish","type":"post","link":"https:\/\/www.aguarda.es\/en\/nova-entrega-teatral-na-guarda-este-sabado-coa-obra-as-alumnas\/","title":{"rendered":"Nova entrega teatral na Guarda este s\u00e1bado coa obra \u201cAs Alumnas\u201d"},"content":{"rendered":"<ul>\n<li><strong><em>Ser\u00e1 o vindeiro s\u00e1bado \u00e1s 20:30h no Centro Cultural da Guarda<\/em><\/strong><\/li>\n<\/ul>\n<p><em>\u00a0<\/em><\/p>\n<p>O ciclo Outono Teatral continua esta semana na Guarda coa representaci\u00f3n de \u201cAs Alumnas\u201d, unha obra que recupera a historia de Mar\u00eda Barbeito (A Coru\u00f1a, 1880-1970, destacada mestra, pedagoga e escritora e unha das figuras femininas de m\u00e1is destaque na Galicia urbana do primeiro tercio do s\u00e9culo XX. Renovadora e impulsora\u00a0 de novas consideraci\u00f3ns pedag\u00f3xicas e sociais na escola, Mar\u00eda Barbeito mantivo unha forte implicaci\u00f3n ideol\u00f3xica cara a ideas progresistas que lle levaron trala Guerra Civil a ser apartada do eido educativo.<\/p>\n<p>&nbsp;<\/p>\n<p><strong>Na obra que veremos este s\u00e1bado \u00e1s 20.30h. no Centro Cultura<\/strong>l, d\u00faas antiguas alumnas de Mar\u00eda Barbeito at\u00f3panse tralo seu falecemento en 1971 lembrando a s\u00faa infancia e a s\u00faa educaci\u00f3n con ela. Tras ter sido afastada da docencia polo Comit\u00e9 de Depuraci\u00f3n, Elvira e Rosa son as d\u00faas \u00fanicas alumnas que lle escribiron cartas cont\u00e1ndolle o que foi das s\u00faas vidas. A trav\u00e9s desas cartas, e da reconstruci\u00f3n daqueles tempos nos que eran as mellores amigas, iremos descubrindo como as decisi\u00f3ns marcan o destino de cadaqu\u00e9n, o medo, e a rebeld\u00eda.\u00a0 Adem\u00e1is deste percorrido \u00edntimo, os temas centrais da obra son a memoria hist\u00f3rica, a educaci\u00f3n\u00a0 e o retroceso que esta sufriu nos anos posteriores \u00e1 Guerra Civil, as\u00ed como os cambios sociais vividos naqueles anos de xuventude das protagonistas.<\/p>\n<p>&nbsp;<\/p>\n<p>As Alumnas ven de recibir recentemente o Premio Nacional de Literatura Dram\u00e1tica, para a s\u00faa autora, Paula Carballeira, unha das mais prol\u00edficas narradoras e escritoras teatrais galegas. Conta na direcci\u00f3n con Fina Calleja e con M\u00f3nica Cama\u00f1o e Anabel Gago como reparto.<\/p>\n<p>&nbsp;<\/p>\n<p>Esta representaci\u00f3n, xunto coa pr\u00f3xima entrega de teatro para p\u00fablico adulto, \u201cIphixenia na porta do s\u00faper\u201d do d\u00eda 25 de novembro forman parte das actividades de concienciaci\u00f3n sobre a muller e a violencia machista e foron organizadas conxuntamente dende o Departamento de Cultura e o Centro de Informaci\u00f3n \u00e1 muller da Guarda. E contan co financiamento da Deputaci\u00f3n de Pontevedra a trav\u00e9s do Plan Concellos 2023,\u00a0 as\u00ed como do Pacto de Estado contra a violencia de x\u00e9nero.<\/p>\n","protected":false},"excerpt":{"rendered":"<p>Ser\u00e1 o vindeiro s\u00e1bado \u00e1s 20:30h no Centro Cultural da Guarda \u00a0 O ciclo Outono Teatral continua esta semana na Guarda coa representaci\u00f3n de \u201cAs Alumnas\u201d, unha obra que recupera a historia de Mar\u00eda Barbeito (A Coru\u00f1a, 1880-1970, destacada mestra, &hellip; <\/p>\n","protected":false},"author":2,"featured_media":28991,"comment_status":"closed","ping_status":"open","sticky":false,"template":"","format":"standard","meta":[],"categories":[34],"tags":[226,243,1551,373],"yoast_head":"<!-- This site is optimized with the Yoast SEO plugin v21.1 - https:\/\/yoast.com\/wordpress\/plugins\/seo\/ -->\n<title>Nova entrega teatral na Guarda este s\u00e1bado coa obra \u201cAs Alumnas\u201d - Concello da Guarda<\/title>\n<meta name=\"description\" content=\"\u2022 Ser\u00e1 o vindeiro s\u00e1bado \u00e1s 20:30h no Centro Cultural da Guarda\" \/>\n<meta name=\"robots\" content=\"index, follow, max-snippet:-1, max-image-preview:large, max-video-preview:-1\" \/>\n<link rel=\"canonical\" href=\"https:\/\/www.aguarda.es\/en\/nova-entrega-teatral-na-guarda-este-sabado-coa-obra-as-alumnas\/\" \/>\n<meta property=\"og:locale\" content=\"en_US\" \/>\n<meta property=\"og:type\" content=\"article\" \/>\n<meta property=\"og:title\" content=\"Nova entrega teatral na Guarda este s\u00e1bado coa obra \u201cAs Alumnas\u201d - Concello da Guarda\" \/>\n<meta property=\"og:description\" content=\"\u2022 Ser\u00e1 o vindeiro s\u00e1bado \u00e1s 20:30h no Centro Cultural da Guarda\" \/>\n<meta property=\"og:url\" content=\"https:\/\/www.aguarda.es\/en\/nova-entrega-teatral-na-guarda-este-sabado-coa-obra-as-alumnas\/\" \/>\n<meta property=\"og:site_name\" content=\"Concello da Guarda\" \/>\n<meta property=\"article:publisher\" content=\"https:\/\/www.facebook.com\/ConcellodaGuarda\" \/>\n<meta property=\"article:published_time\" content=\"2023-10-31T08:17:51+00:00\" \/>\n<meta property=\"article:modified_time\" content=\"2023-12-15T13:18:45+00:00\" \/>\n<meta property=\"og:image\" content=\"https:\/\/www.aguarda.es\/wp-content\/uploads\/2023\/10\/2.jpg?_t=1702646327\" \/>\n\t<meta property=\"og:image:width\" content=\"800\" \/>\n\t<meta property=\"og:image:height\" content=\"1132\" \/>\n\t<meta property=\"og:image:type\" content=\"image\/jpeg\" \/>\n<meta name=\"author\" content=\"prensa\" \/>\n<meta name=\"twitter:card\" content=\"summary_large_image\" \/>\n<meta name=\"twitter:creator\" content=\"@AGuarda_es\" \/>\n<meta name=\"twitter:site\" content=\"@AGuarda_es\" \/>\n<meta name=\"twitter:label1\" content=\"Written by\" \/>\n\t<meta name=\"twitter:data1\" content=\"prensa\" \/>\n\t<meta name=\"twitter:label2\" content=\"Est. reading time\" \/>\n\t<meta name=\"twitter:data2\" content=\"2 minutes\" \/>\n<script type=\"application\/ld+json\" class=\"yoast-schema-graph\">{\"@context\":\"https:\/\/schema.org\",\"@graph\":[{\"@type\":\"WebPage\",\"@id\":\"https:\/\/www.aguarda.es\/en\/nova-entrega-teatral-na-guarda-este-sabado-coa-obra-as-alumnas\/\",\"url\":\"https:\/\/www.aguarda.es\/en\/nova-entrega-teatral-na-guarda-este-sabado-coa-obra-as-alumnas\/\",\"name\":\"Nova entrega teatral na Guarda este s\u00e1bado coa obra \u201cAs Alumnas\u201d - Concello da Guarda\",\"isPartOf\":{\"@id\":\"https:\/\/www.aguarda.es\/en\/#website\"},\"datePublished\":\"2023-10-31T08:17:51+00:00\",\"dateModified\":\"2023-12-15T13:18:45+00:00\",\"author\":{\"@id\":\"https:\/\/www.aguarda.es\/en\/#\/schema\/person\/c463ca3006858ffb349d11179d044f21\"},\"description\":\"\u2022 Ser\u00e1 o vindeiro s\u00e1bado \u00e1s 20:30h no Centro Cultural da Guarda\",\"breadcrumb\":{\"@id\":\"https:\/\/www.aguarda.es\/en\/nova-entrega-teatral-na-guarda-este-sabado-coa-obra-as-alumnas\/#breadcrumb\"},\"inLanguage\":\"en-US\",\"potentialAction\":[{\"@type\":\"ReadAction\",\"target\":[\"https:\/\/www.aguarda.es\/en\/nova-entrega-teatral-na-guarda-este-sabado-coa-obra-as-alumnas\/\"]}]},{\"@type\":\"BreadcrumbList\",\"@id\":\"https:\/\/www.aguarda.es\/en\/nova-entrega-teatral-na-guarda-este-sabado-coa-obra-as-alumnas\/#breadcrumb\",\"itemListElement\":[{\"@type\":\"ListItem\",\"position\":1,\"name\":\"Portada\",\"item\":\"https:\/\/www.aguarda.es\/en\/\"},{\"@type\":\"ListItem\",\"position\":2,\"name\":\"Nova entrega teatral na Guarda este s\u00e1bado coa obra \u201cAs Alumnas\u201d\"}]},{\"@type\":\"WebSite\",\"@id\":\"https:\/\/www.aguarda.es\/en\/#website\",\"url\":\"https:\/\/www.aguarda.es\/en\/\",\"name\":\"Concello da Guarda\",\"description\":\"P\u00e1xina web do concello da Guarda\",\"potentialAction\":[{\"@type\":\"SearchAction\",\"target\":{\"@type\":\"EntryPoint\",\"urlTemplate\":\"https:\/\/www.aguarda.es\/en\/?s={search_term_string}\"},\"query-input\":\"required name=search_term_string\"}],\"inLanguage\":\"en-US\"},{\"@type\":\"Person\",\"@id\":\"https:\/\/www.aguarda.es\/en\/#\/schema\/person\/c463ca3006858ffb349d11179d044f21\",\"name\":\"prensa\",\"image\":{\"@type\":\"ImageObject\",\"inLanguage\":\"en-US\",\"@id\":\"https:\/\/www.aguarda.es\/en\/#\/schema\/person\/image\/\",\"url\":\"https:\/\/secure.gravatar.com\/avatar\/5f90ef536b0f98306edf5c7a1135ffa1?s=96&d=mm&r=g\",\"contentUrl\":\"https:\/\/secure.gravatar.com\/avatar\/5f90ef536b0f98306edf5c7a1135ffa1?s=96&d=mm&r=g\",\"caption\":\"prensa\"},\"url\":\"https:\/\/www.aguarda.es\/en\/author\/prensa\/\"}]}<\/script>\n<!-- \/ Yoast SEO plugin. -->","yoast_head_json":{"title":"Nova entrega teatral na Guarda este s\u00e1bado coa obra \u201cAs Alumnas\u201d - Concello da Guarda","description":"\u2022 Ser\u00e1 o vindeiro s\u00e1bado \u00e1s 20:30h no Centro Cultural da Guarda","robots":{"index":"index","follow":"follow","max-snippet":"max-snippet:-1","max-image-preview":"max-image-preview:large","max-video-preview":"max-video-preview:-1"},"canonical":"https:\/\/www.aguarda.es\/en\/nova-entrega-teatral-na-guarda-este-sabado-coa-obra-as-alumnas\/","og_locale":"en_US","og_type":"article","og_title":"Nova entrega teatral na Guarda este s\u00e1bado coa obra \u201cAs Alumnas\u201d - Concello da Guarda","og_description":"\u2022 Ser\u00e1 o vindeiro s\u00e1bado \u00e1s 20:30h no Centro Cultural da Guarda","og_url":"https:\/\/www.aguarda.es\/en\/nova-entrega-teatral-na-guarda-este-sabado-coa-obra-as-alumnas\/","og_site_name":"Concello da Guarda","article_publisher":"https:\/\/www.facebook.com\/ConcellodaGuarda","article_published_time":"2023-10-31T08:17:51+00:00","article_modified_time":"2023-12-15T13:18:45+00:00","og_image":[{"width":800,"height":1132,"url":"https:\/\/www.aguarda.es\/wp-content\/uploads\/2023\/10\/2.jpg?_t=1702646327","type":"image\/jpeg"}],"author":"prensa","twitter_card":"summary_large_image","twitter_creator":"@AGuarda_es","twitter_site":"@AGuarda_es","twitter_misc":{"Written by":"prensa","Est. reading time":"2 minutes"},"schema":{"@context":"https:\/\/schema.org","@graph":[{"@type":"WebPage","@id":"https:\/\/www.aguarda.es\/en\/nova-entrega-teatral-na-guarda-este-sabado-coa-obra-as-alumnas\/","url":"https:\/\/www.aguarda.es\/en\/nova-entrega-teatral-na-guarda-este-sabado-coa-obra-as-alumnas\/","name":"Nova entrega teatral na Guarda este s\u00e1bado coa obra \u201cAs Alumnas\u201d - Concello da Guarda","isPartOf":{"@id":"https:\/\/www.aguarda.es\/en\/#website"},"datePublished":"2023-10-31T08:17:51+00:00","dateModified":"2023-12-15T13:18:45+00:00","author":{"@id":"https:\/\/www.aguarda.es\/en\/#\/schema\/person\/c463ca3006858ffb349d11179d044f21"},"description":"\u2022 Ser\u00e1 o vindeiro s\u00e1bado \u00e1s 20:30h no Centro Cultural da Guarda","breadcrumb":{"@id":"https:\/\/www.aguarda.es\/en\/nova-entrega-teatral-na-guarda-este-sabado-coa-obra-as-alumnas\/#breadcrumb"},"inLanguage":"en-US","potentialAction":[{"@type":"ReadAction","target":["https:\/\/www.aguarda.es\/en\/nova-entrega-teatral-na-guarda-este-sabado-coa-obra-as-alumnas\/"]}]},{"@type":"BreadcrumbList","@id":"https:\/\/www.aguarda.es\/en\/nova-entrega-teatral-na-guarda-este-sabado-coa-obra-as-alumnas\/#breadcrumb","itemListElement":[{"@type":"ListItem","position":1,"name":"Portada","item":"https:\/\/www.aguarda.es\/en\/"},{"@type":"ListItem","position":2,"name":"Nova entrega teatral na Guarda este s\u00e1bado coa obra \u201cAs Alumnas\u201d"}]},{"@type":"WebSite","@id":"https:\/\/www.aguarda.es\/en\/#website","url":"https:\/\/www.aguarda.es\/en\/","name":"Concello da Guarda","description":"P\u00e1xina web do concello da Guarda","potentialAction":[{"@type":"SearchAction","target":{"@type":"EntryPoint","urlTemplate":"https:\/\/www.aguarda.es\/en\/?s={search_term_string}"},"query-input":"required name=search_term_string"}],"inLanguage":"en-US"},{"@type":"Person","@id":"https:\/\/www.aguarda.es\/en\/#\/schema\/person\/c463ca3006858ffb349d11179d044f21","name":"prensa","image":{"@type":"ImageObject","inLanguage":"en-US","@id":"https:\/\/www.aguarda.es\/en\/#\/schema\/person\/image\/","url":"https:\/\/secure.gravatar.com\/avatar\/5f90ef536b0f98306edf5c7a1135ffa1?s=96&d=mm&r=g","contentUrl":"https:\/\/secure.gravatar.com\/avatar\/5f90ef536b0f98306edf5c7a1135ffa1?s=96&d=mm&r=g","caption":"prensa"},"url":"https:\/\/www.aguarda.es\/en\/author\/prensa\/"}]}},"_links":{"self":[{"href":"https:\/\/www.aguarda.es\/en\/wp-json\/wp\/v2\/posts\/28990"}],"collection":[{"href":"https:\/\/www.aguarda.es\/en\/wp-json\/wp\/v2\/posts"}],"about":[{"href":"https:\/\/www.aguarda.es\/en\/wp-json\/wp\/v2\/types\/post"}],"author":[{"embeddable":true,"href":"https:\/\/www.aguarda.es\/en\/wp-json\/wp\/v2\/users\/2"}],"replies":[{"embeddable":true,"href":"https:\/\/www.aguarda.es\/en\/wp-json\/wp\/v2\/comments?post=28990"}],"version-history":[{"count":1,"href":"https:\/\/www.aguarda.es\/en\/wp-json\/wp\/v2\/posts\/28990\/revisions"}],"predecessor-version":[{"id":28993,"href":"https:\/\/www.aguarda.es\/en\/wp-json\/wp\/v2\/posts\/28990\/revisions\/28993"}],"wp:featuredmedia":[{"embeddable":true,"href":"https:\/\/www.aguarda.es\/en\/wp-json\/wp\/v2\/media\/28991"}],"wp:attachment":[{"href":"https:\/\/www.aguarda.es\/en\/wp-json\/wp\/v2\/media?parent=28990"}],"wp:term":[{"taxonomy":"category","embeddable":true,"href":"https:\/\/www.aguarda.es\/en\/wp-json\/wp\/v2\/categories?post=28990"},{"taxonomy":"post_tag","embeddable":true,"href":"https:\/\/www.aguarda.es\/en\/wp-json\/wp\/v2\/tags?post=28990"}],"curies":[{"name":"wp","href":"https:\/\/api.w.org\/{rel}","templated":true}]}}