{"id":28994,"date":"2023-11-02T09:48:18","date_gmt":"2023-11-02T09:48:18","guid":{"rendered":"https:\/\/www.aguarda.es\/?p=28994"},"modified":"2023-12-15T13:18:44","modified_gmt":"2023-12-15T13:18:44","slug":"actividades-culturais-con-motivo-do-25n-na-guarda","status":"publish","type":"post","link":"https:\/\/www.aguarda.es\/en\/actividades-culturais-con-motivo-do-25n-na-guarda\/","title":{"rendered":"Actividades culturais con motivo do 25N na Guarda"},"content":{"rendered":"<ul>\n<li><strong><em>As actividades programadas ter\u00e1n lugar no Centro cultural da Guarda \u00e1s 20:30 h.<\/em><\/strong><\/li>\n<\/ul>\n<p>&nbsp;<\/p>\n<p>A continuaci\u00f3n pres\u00e9ntase a programaci\u00f3n de actividades culturais organizada polo Departamento de Cultura en colaboraci\u00f3n co Centro de Informaci\u00f3n \u00e1 Muller (CIM) do Concello da Guarda, con motivo do D\u00eda Internacional da Eliminaci\u00f3n da Violencia contra as Mulleres,<\/p>\n<p>&nbsp;<\/p>\n<p>O obxectivo desta programaci\u00f3n \u00e9 empregar a cultura como ferramenta de concienciaci\u00f3n e de defensa da igualdade real de mulleres e homes, as\u00ed como de rexeitamento frontal ante calquera forma de violencia machista.<\/p>\n<p>&nbsp;<\/p>\n<p>As actividades programadas ter\u00e1n lugar no Centro cultural da Guarda \u00e1s 20:30 h e arrancan o d\u00eda 4 de novembro, coa representaci\u00f3n teatral de \u201cAs alumnas\u201d, que ve\u00f1en de recibir o Premio Nacional de Literatura Dram\u00e1tica.<\/p>\n<p>&nbsp;<\/p>\n<p>As Alumnas, trata a historia de d\u00faas alumnas da pedagoga Mar\u00eda Barbeito, que se volven a atopar en 1970 trala morte da s\u00faa mestra, lembran a infancia e o\u00a0 mundo que lles abriu\u00a0 antes de que o Comit\u00e9 de Depuraci\u00f3n afastase a Mar\u00eda do seu traballo na escola. Elvira e Rosa son as d\u00faas \u00fanicas alumnas que lle escribiron cartas cont\u00e1ndolle o que foi das s\u00faas vidas. A trav\u00e9s desas cartas, e da reconstruci\u00f3n daqueles tempos nos que eran as mellores amigas, iremos descubrindo como as decisi\u00f3ns marcan o destino de cadaqu\u00e9n, e o medo, e a rebeld\u00eda. Adem\u00e1is deste percorrido \u00edntimo os temas centrais da obra, son a memoria hist\u00f3rica, a educaci\u00f3n e o retroceso que esta sufriu nos anos posteriores \u00e1 Guerra Civil.<\/p>\n<p>Contin\u00faan o d\u00eda 16 de novembro co documental \u201cOnde m\u00e1is doe\u201d do Ciclo Mestre Mateo. Este documental nos achega \u00e1 cuesti\u00f3n da violencia vicaria, como outra forma de violencia contra as mulleres exercida polas s\u00faas parellas. Que move a unha persoa en pleno uso das s\u00faas facultades a matar a un fillo? Por que o feito de que unha muller non se someta e intente actuar pola s\u00faa cuenta pode alentar un castigo tan brutal? Sen d\u00fabida un filme duro, baseado no asasinato dun neno a mans do seu pai, en Oza no 2017.<\/p>\n<p>&nbsp;<\/p>\n<p>E como peche, o propio d\u00eda 25 de Novembro, D\u00eda Internacional da Eliminaci\u00f3n da Violencia contra a Muller, contaremos coa funci\u00f3n de \u201cIphixenia na porta do s\u00faper\u201d, un mon\u00f3logo actual que fala das consecuencias dos recortes sociais a trav\u00e9s da vida da s\u00faa protagonista, unha moza de barrio que pasa os d\u00edas nun bucle de alcohol e apat\u00eda rondando as r\u00faas da s\u00faa vila. Interpretada maxistralmente por Alba Caneda, a s\u00faa personalidade magn\u00e9tica e directa amosa sen filtros e con humor os dilemas da protagonista na s\u00faa particular historia de amor-desamor, nas decisi\u00f3ns que lle seguen e as consecuencias finais as que se ve abocada polos recortes sociais.<\/p>\n","protected":false},"excerpt":{"rendered":"<p>As actividades programadas ter\u00e1n lugar no Centro cultural da Guarda \u00e1s 20:30 h. &nbsp; A continuaci\u00f3n pres\u00e9ntase a programaci\u00f3n de actividades culturais organizada polo Departamento de Cultura en colaboraci\u00f3n co Centro de Informaci\u00f3n \u00e1 Muller (CIM) do Concello da Guarda, &hellip; <\/p>\n","protected":false},"author":2,"featured_media":28995,"comment_status":"closed","ping_status":"open","sticky":false,"template":"","format":"standard","meta":[],"categories":[33],"tags":[226,664,602,243,1238],"yoast_head":"<!-- This site is optimized with the Yoast SEO plugin v21.1 - https:\/\/yoast.com\/wordpress\/plugins\/seo\/ -->\n<title>Actividades culturais con motivo do 25N na Guarda - Concello da Guarda<\/title>\n<meta name=\"description\" content=\"\u2022 As actividades programadas ter\u00e1n lugar no Centro cultural da Guarda \u00e1s 20:30 h.\" \/>\n<meta name=\"robots\" content=\"index, follow, max-snippet:-1, max-image-preview:large, max-video-preview:-1\" \/>\n<link rel=\"canonical\" href=\"https:\/\/www.aguarda.es\/en\/actividades-culturais-con-motivo-do-25n-na-guarda\/\" \/>\n<meta property=\"og:locale\" content=\"en_US\" \/>\n<meta property=\"og:type\" content=\"article\" \/>\n<meta property=\"og:title\" content=\"Actividades culturais con motivo do 25N na Guarda - Concello da Guarda\" \/>\n<meta property=\"og:description\" content=\"\u2022 As actividades programadas ter\u00e1n lugar no Centro cultural da Guarda \u00e1s 20:30 h.\" \/>\n<meta property=\"og:url\" content=\"https:\/\/www.aguarda.es\/en\/actividades-culturais-con-motivo-do-25n-na-guarda\/\" \/>\n<meta property=\"og:site_name\" content=\"Concello da Guarda\" \/>\n<meta property=\"article:publisher\" content=\"https:\/\/www.facebook.com\/ConcellodaGuarda\" \/>\n<meta property=\"article:published_time\" content=\"2023-11-02T09:48:18+00:00\" \/>\n<meta property=\"article:modified_time\" content=\"2023-12-15T13:18:44+00:00\" \/>\n<meta property=\"og:image\" content=\"https:\/\/www.aguarda.es\/wp-content\/uploads\/2023\/11\/NP-02112023-Actividades-culturais-con-motivo-do-25N-na-Guarda.jpg?_t=1702646325\" \/>\n\t<meta property=\"og:image:width\" content=\"800\" \/>\n\t<meta property=\"og:image:height\" content=\"1131\" \/>\n\t<meta property=\"og:image:type\" content=\"image\/jpeg\" \/>\n<meta name=\"author\" content=\"prensa\" \/>\n<meta name=\"twitter:card\" content=\"summary_large_image\" \/>\n<meta name=\"twitter:creator\" content=\"@AGuarda_es\" \/>\n<meta name=\"twitter:site\" content=\"@AGuarda_es\" \/>\n<meta name=\"twitter:label1\" content=\"Written by\" \/>\n\t<meta name=\"twitter:data1\" content=\"prensa\" \/>\n\t<meta name=\"twitter:label2\" content=\"Est. reading time\" \/>\n\t<meta name=\"twitter:data2\" content=\"3 minutes\" \/>\n<script type=\"application\/ld+json\" class=\"yoast-schema-graph\">{\"@context\":\"https:\/\/schema.org\",\"@graph\":[{\"@type\":\"WebPage\",\"@id\":\"https:\/\/www.aguarda.es\/en\/actividades-culturais-con-motivo-do-25n-na-guarda\/\",\"url\":\"https:\/\/www.aguarda.es\/en\/actividades-culturais-con-motivo-do-25n-na-guarda\/\",\"name\":\"Actividades culturais con motivo do 25N na Guarda - Concello da Guarda\",\"isPartOf\":{\"@id\":\"https:\/\/www.aguarda.es\/en\/#website\"},\"datePublished\":\"2023-11-02T09:48:18+00:00\",\"dateModified\":\"2023-12-15T13:18:44+00:00\",\"author\":{\"@id\":\"https:\/\/www.aguarda.es\/en\/#\/schema\/person\/c463ca3006858ffb349d11179d044f21\"},\"description\":\"\u2022 As actividades programadas ter\u00e1n lugar no Centro cultural da Guarda \u00e1s 20:30 h.\",\"breadcrumb\":{\"@id\":\"https:\/\/www.aguarda.es\/en\/actividades-culturais-con-motivo-do-25n-na-guarda\/#breadcrumb\"},\"inLanguage\":\"en-US\",\"potentialAction\":[{\"@type\":\"ReadAction\",\"target\":[\"https:\/\/www.aguarda.es\/en\/actividades-culturais-con-motivo-do-25n-na-guarda\/\"]}]},{\"@type\":\"BreadcrumbList\",\"@id\":\"https:\/\/www.aguarda.es\/en\/actividades-culturais-con-motivo-do-25n-na-guarda\/#breadcrumb\",\"itemListElement\":[{\"@type\":\"ListItem\",\"position\":1,\"name\":\"Portada\",\"item\":\"https:\/\/www.aguarda.es\/en\/\"},{\"@type\":\"ListItem\",\"position\":2,\"name\":\"Actividades culturais con motivo do 25N na Guarda\"}]},{\"@type\":\"WebSite\",\"@id\":\"https:\/\/www.aguarda.es\/en\/#website\",\"url\":\"https:\/\/www.aguarda.es\/en\/\",\"name\":\"Concello da Guarda\",\"description\":\"P\u00e1xina web do concello da Guarda\",\"potentialAction\":[{\"@type\":\"SearchAction\",\"target\":{\"@type\":\"EntryPoint\",\"urlTemplate\":\"https:\/\/www.aguarda.es\/en\/?s={search_term_string}\"},\"query-input\":\"required name=search_term_string\"}],\"inLanguage\":\"en-US\"},{\"@type\":\"Person\",\"@id\":\"https:\/\/www.aguarda.es\/en\/#\/schema\/person\/c463ca3006858ffb349d11179d044f21\",\"name\":\"prensa\",\"image\":{\"@type\":\"ImageObject\",\"inLanguage\":\"en-US\",\"@id\":\"https:\/\/www.aguarda.es\/en\/#\/schema\/person\/image\/\",\"url\":\"https:\/\/secure.gravatar.com\/avatar\/5f90ef536b0f98306edf5c7a1135ffa1?s=96&d=mm&r=g\",\"contentUrl\":\"https:\/\/secure.gravatar.com\/avatar\/5f90ef536b0f98306edf5c7a1135ffa1?s=96&d=mm&r=g\",\"caption\":\"prensa\"},\"url\":\"https:\/\/www.aguarda.es\/en\/author\/prensa\/\"}]}<\/script>\n<!-- \/ Yoast SEO plugin. -->","yoast_head_json":{"title":"Actividades culturais con motivo do 25N na Guarda - Concello da Guarda","description":"\u2022 As actividades programadas ter\u00e1n lugar no Centro cultural da Guarda \u00e1s 20:30 h.","robots":{"index":"index","follow":"follow","max-snippet":"max-snippet:-1","max-image-preview":"max-image-preview:large","max-video-preview":"max-video-preview:-1"},"canonical":"https:\/\/www.aguarda.es\/en\/actividades-culturais-con-motivo-do-25n-na-guarda\/","og_locale":"en_US","og_type":"article","og_title":"Actividades culturais con motivo do 25N na Guarda - Concello da Guarda","og_description":"\u2022 As actividades programadas ter\u00e1n lugar no Centro cultural da Guarda \u00e1s 20:30 h.","og_url":"https:\/\/www.aguarda.es\/en\/actividades-culturais-con-motivo-do-25n-na-guarda\/","og_site_name":"Concello da Guarda","article_publisher":"https:\/\/www.facebook.com\/ConcellodaGuarda","article_published_time":"2023-11-02T09:48:18+00:00","article_modified_time":"2023-12-15T13:18:44+00:00","og_image":[{"width":800,"height":1131,"url":"https:\/\/www.aguarda.es\/wp-content\/uploads\/2023\/11\/NP-02112023-Actividades-culturais-con-motivo-do-25N-na-Guarda.jpg?_t=1702646325","type":"image\/jpeg"}],"author":"prensa","twitter_card":"summary_large_image","twitter_creator":"@AGuarda_es","twitter_site":"@AGuarda_es","twitter_misc":{"Written by":"prensa","Est. reading time":"3 minutes"},"schema":{"@context":"https:\/\/schema.org","@graph":[{"@type":"WebPage","@id":"https:\/\/www.aguarda.es\/en\/actividades-culturais-con-motivo-do-25n-na-guarda\/","url":"https:\/\/www.aguarda.es\/en\/actividades-culturais-con-motivo-do-25n-na-guarda\/","name":"Actividades culturais con motivo do 25N na Guarda - Concello da Guarda","isPartOf":{"@id":"https:\/\/www.aguarda.es\/en\/#website"},"datePublished":"2023-11-02T09:48:18+00:00","dateModified":"2023-12-15T13:18:44+00:00","author":{"@id":"https:\/\/www.aguarda.es\/en\/#\/schema\/person\/c463ca3006858ffb349d11179d044f21"},"description":"\u2022 As actividades programadas ter\u00e1n lugar no Centro cultural da Guarda \u00e1s 20:30 h.","breadcrumb":{"@id":"https:\/\/www.aguarda.es\/en\/actividades-culturais-con-motivo-do-25n-na-guarda\/#breadcrumb"},"inLanguage":"en-US","potentialAction":[{"@type":"ReadAction","target":["https:\/\/www.aguarda.es\/en\/actividades-culturais-con-motivo-do-25n-na-guarda\/"]}]},{"@type":"BreadcrumbList","@id":"https:\/\/www.aguarda.es\/en\/actividades-culturais-con-motivo-do-25n-na-guarda\/#breadcrumb","itemListElement":[{"@type":"ListItem","position":1,"name":"Portada","item":"https:\/\/www.aguarda.es\/en\/"},{"@type":"ListItem","position":2,"name":"Actividades culturais con motivo do 25N na Guarda"}]},{"@type":"WebSite","@id":"https:\/\/www.aguarda.es\/en\/#website","url":"https:\/\/www.aguarda.es\/en\/","name":"Concello da Guarda","description":"P\u00e1xina web do concello da Guarda","potentialAction":[{"@type":"SearchAction","target":{"@type":"EntryPoint","urlTemplate":"https:\/\/www.aguarda.es\/en\/?s={search_term_string}"},"query-input":"required name=search_term_string"}],"inLanguage":"en-US"},{"@type":"Person","@id":"https:\/\/www.aguarda.es\/en\/#\/schema\/person\/c463ca3006858ffb349d11179d044f21","name":"prensa","image":{"@type":"ImageObject","inLanguage":"en-US","@id":"https:\/\/www.aguarda.es\/en\/#\/schema\/person\/image\/","url":"https:\/\/secure.gravatar.com\/avatar\/5f90ef536b0f98306edf5c7a1135ffa1?s=96&d=mm&r=g","contentUrl":"https:\/\/secure.gravatar.com\/avatar\/5f90ef536b0f98306edf5c7a1135ffa1?s=96&d=mm&r=g","caption":"prensa"},"url":"https:\/\/www.aguarda.es\/en\/author\/prensa\/"}]}},"_links":{"self":[{"href":"https:\/\/www.aguarda.es\/en\/wp-json\/wp\/v2\/posts\/28994"}],"collection":[{"href":"https:\/\/www.aguarda.es\/en\/wp-json\/wp\/v2\/posts"}],"about":[{"href":"https:\/\/www.aguarda.es\/en\/wp-json\/wp\/v2\/types\/post"}],"author":[{"embeddable":true,"href":"https:\/\/www.aguarda.es\/en\/wp-json\/wp\/v2\/users\/2"}],"replies":[{"embeddable":true,"href":"https:\/\/www.aguarda.es\/en\/wp-json\/wp\/v2\/comments?post=28994"}],"version-history":[{"count":1,"href":"https:\/\/www.aguarda.es\/en\/wp-json\/wp\/v2\/posts\/28994\/revisions"}],"predecessor-version":[{"id":28997,"href":"https:\/\/www.aguarda.es\/en\/wp-json\/wp\/v2\/posts\/28994\/revisions\/28997"}],"wp:featuredmedia":[{"embeddable":true,"href":"https:\/\/www.aguarda.es\/en\/wp-json\/wp\/v2\/media\/28995"}],"wp:attachment":[{"href":"https:\/\/www.aguarda.es\/en\/wp-json\/wp\/v2\/media?parent=28994"}],"wp:term":[{"taxonomy":"category","embeddable":true,"href":"https:\/\/www.aguarda.es\/en\/wp-json\/wp\/v2\/categories?post=28994"},{"taxonomy":"post_tag","embeddable":true,"href":"https:\/\/www.aguarda.es\/en\/wp-json\/wp\/v2\/tags?post=28994"}],"curies":[{"name":"wp","href":"https:\/\/api.w.org\/{rel}","templated":true}]}}