{"id":29032,"date":"2023-11-08T18:04:13","date_gmt":"2023-11-08T18:04:13","guid":{"rendered":"https:\/\/www.aguarda.es\/?p=29032"},"modified":"2023-12-15T13:18:36","modified_gmt":"2023-12-15T13:18:36","slug":"a-guarda-promocionase-ante-axencias-de-viaxes-especializadas-no-fairway-forum-do-camino","status":"publish","type":"post","link":"https:\/\/www.aguarda.es\/en\/a-guarda-promocionase-ante-axencias-de-viaxes-especializadas-no-fairway-forum-do-camino\/","title":{"rendered":"A Guarda promocionase ante axencias de viaxes especializadas no FAIRWAY, Forum do Cami\u00f1o"},"content":{"rendered":"<p>O Concello da Guarda participou por cuarta vez nas xornadas profesionais do Fairway, o V F\u00f3rum do Cami\u00f1o de Santiago que se celebrou o xoves e venres pasados no Palacio de Congresos e Exposici\u00f3ns de Galicia en Santiago de Compostela.<\/p>\n<p>Durante as d\u00faas xornadas o Concello da Guarda participou no Workshop que \u00e9 o espazo\u00a0 adicado as reuni\u00f3ns de traballo na que estiveron presentes preto de 40 axencias de viaxes e turoperadores de 16 pa\u00edses.<\/p>\n<p>Estas reuni\u00f3ns de traballo permitiron o intercambio de informaci\u00f3n entre as axencias e o Concello. Ademais de promocionar A Guarda como o primeiro concello galego do Cami\u00f1o Portugu\u00e9s da Costa e tam\u00e9n como punto de comezo do cami\u00f1o, procurouse co\u00f1ecer das propias axencias a s\u00faas experiencias e as necesidades dos actuais peregrinos.<\/p>\n<p>Nas m\u00e1is de 30 reuni\u00f3ns mantidas aproveitouse para destacar A Guarda como destino tur\u00edstico cos seus grandes referentes: Monte Santa Trega, a cultura mari\u00f1eira, a gastronom\u00eda e, sen esquecer, o seu patrimonio natural e cultural tan relevante.<\/p>\n<p>Estes contactos mantidos coas axencias e turoperadores confirmaron que estas empresas xa te\u00f1en ao noso concello dentro da s\u00faa oferta pero si agradeceron a nova informaci\u00f3n para mellorar os seus produtos.<\/p>\n<p>No caso doutras empresas que asistiron ao Fairway para comezar a dar os pasos para comercializar novos produtos, valoraron moi positivamente a informaci\u00f3n da Guarda e do noso cami\u00f1o. Nesta semana xa continuaron estes contactos polo que no vindeiro ano, novas axencias ofrecer\u00e1n A Guarda como etapa de inicio, o que facilitar\u00e1 que os peregrinos podan co\u00f1ecer con m\u00e1is detalle o noso concello antes de comezar a peregrinaci\u00f3n a Santiago.<\/p>\n<p>Na secci\u00f3n aberta ao p\u00fablico o Cami\u00f1o Portugu\u00e9s da Costa estivo presente no stand de Turismo R\u00edas Baixas e no stand de Turismo de Galicia.<\/p>\n","protected":false},"excerpt":{"rendered":"<p>O Concello da Guarda participou por cuarta vez nas xornadas profesionais do Fairway, o V F\u00f3rum do Cami\u00f1o de Santiago que se celebrou o xoves e venres pasados no Palacio de Congresos e Exposici\u00f3ns de Galicia en Santiago de Compostela. &hellip; <\/p>\n","protected":false},"author":2,"featured_media":29033,"comment_status":"closed","ping_status":"open","sticky":false,"template":"","format":"standard","meta":[],"categories":[56],"tags":[226,1675,684,232],"yoast_head":"<!-- This site is optimized with the Yoast SEO plugin v21.1 - https:\/\/yoast.com\/wordpress\/plugins\/seo\/ -->\n<title>A Guarda promocionase ante axencias de viaxes especializadas no FAIRWAY, Forum do Cami\u00f1o - Concello da Guarda<\/title>\n<meta name=\"description\" content=\"Na secci\u00f3n aberta ao p\u00fablico o Cami\u00f1o Portugu\u00e9s da Costa estivo presente no stand de Turismo R\u00edas Baixas e no stand de Turismo de Galicia.\" \/>\n<meta name=\"robots\" content=\"index, follow, max-snippet:-1, max-image-preview:large, max-video-preview:-1\" \/>\n<link rel=\"canonical\" href=\"https:\/\/www.aguarda.es\/en\/a-guarda-promocionase-ante-axencias-de-viaxes-especializadas-no-fairway-forum-do-camino\/\" \/>\n<meta property=\"og:locale\" content=\"en_US\" \/>\n<meta property=\"og:type\" content=\"article\" \/>\n<meta property=\"og:title\" content=\"A Guarda promocionase ante axencias de viaxes especializadas no FAIRWAY, Forum do Cami\u00f1o - Concello da Guarda\" \/>\n<meta property=\"og:description\" content=\"Na secci\u00f3n aberta ao p\u00fablico o Cami\u00f1o Portugu\u00e9s da Costa estivo presente no stand de Turismo R\u00edas Baixas e no stand de Turismo de Galicia.\" \/>\n<meta property=\"og:url\" content=\"https:\/\/www.aguarda.es\/en\/a-guarda-promocionase-ante-axencias-de-viaxes-especializadas-no-fairway-forum-do-camino\/\" \/>\n<meta property=\"og:site_name\" content=\"Concello da Guarda\" \/>\n<meta property=\"article:publisher\" content=\"https:\/\/www.facebook.com\/ConcellodaGuarda\" \/>\n<meta property=\"article:published_time\" content=\"2023-11-08T18:04:13+00:00\" \/>\n<meta property=\"article:modified_time\" content=\"2023-12-15T13:18:36+00:00\" \/>\n<meta property=\"og:image\" content=\"https:\/\/www.aguarda.es\/wp-content\/uploads\/2023\/11\/NP-08112023-A-Guarda-promocionase-ante-axencias-de-viaxes-especializadas-no-FAIRWAY-Forum-do-Camino-1.jpg?_t=1702646317\" \/>\n\t<meta property=\"og:image:width\" content=\"800\" \/>\n\t<meta property=\"og:image:height\" content=\"600\" \/>\n\t<meta property=\"og:image:type\" content=\"image\/jpeg\" \/>\n<meta name=\"author\" content=\"prensa\" \/>\n<meta name=\"twitter:card\" content=\"summary_large_image\" \/>\n<meta name=\"twitter:creator\" content=\"@AGuarda_es\" \/>\n<meta name=\"twitter:site\" content=\"@AGuarda_es\" \/>\n<meta name=\"twitter:label1\" content=\"Written by\" \/>\n\t<meta name=\"twitter:data1\" content=\"prensa\" \/>\n\t<meta name=\"twitter:label2\" content=\"Est. reading time\" \/>\n\t<meta name=\"twitter:data2\" content=\"2 minutes\" \/>\n<script type=\"application\/ld+json\" class=\"yoast-schema-graph\">{\"@context\":\"https:\/\/schema.org\",\"@graph\":[{\"@type\":\"WebPage\",\"@id\":\"https:\/\/www.aguarda.es\/en\/a-guarda-promocionase-ante-axencias-de-viaxes-especializadas-no-fairway-forum-do-camino\/\",\"url\":\"https:\/\/www.aguarda.es\/en\/a-guarda-promocionase-ante-axencias-de-viaxes-especializadas-no-fairway-forum-do-camino\/\",\"name\":\"A Guarda promocionase ante axencias de viaxes especializadas no FAIRWAY, Forum do Cami\u00f1o - Concello da Guarda\",\"isPartOf\":{\"@id\":\"https:\/\/www.aguarda.es\/en\/#website\"},\"datePublished\":\"2023-11-08T18:04:13+00:00\",\"dateModified\":\"2023-12-15T13:18:36+00:00\",\"author\":{\"@id\":\"https:\/\/www.aguarda.es\/en\/#\/schema\/person\/c463ca3006858ffb349d11179d044f21\"},\"description\":\"Na secci\u00f3n aberta ao p\u00fablico o Cami\u00f1o Portugu\u00e9s da Costa estivo presente no stand de Turismo R\u00edas Baixas e no stand de Turismo de Galicia.\",\"breadcrumb\":{\"@id\":\"https:\/\/www.aguarda.es\/en\/a-guarda-promocionase-ante-axencias-de-viaxes-especializadas-no-fairway-forum-do-camino\/#breadcrumb\"},\"inLanguage\":\"en-US\",\"potentialAction\":[{\"@type\":\"ReadAction\",\"target\":[\"https:\/\/www.aguarda.es\/en\/a-guarda-promocionase-ante-axencias-de-viaxes-especializadas-no-fairway-forum-do-camino\/\"]}]},{\"@type\":\"BreadcrumbList\",\"@id\":\"https:\/\/www.aguarda.es\/en\/a-guarda-promocionase-ante-axencias-de-viaxes-especializadas-no-fairway-forum-do-camino\/#breadcrumb\",\"itemListElement\":[{\"@type\":\"ListItem\",\"position\":1,\"name\":\"Portada\",\"item\":\"https:\/\/www.aguarda.es\/en\/\"},{\"@type\":\"ListItem\",\"position\":2,\"name\":\"A Guarda promocionase ante axencias de viaxes especializadas no FAIRWAY, Forum do Cami\u00f1o\"}]},{\"@type\":\"WebSite\",\"@id\":\"https:\/\/www.aguarda.es\/en\/#website\",\"url\":\"https:\/\/www.aguarda.es\/en\/\",\"name\":\"Concello da Guarda\",\"description\":\"P\u00e1xina web do concello da Guarda\",\"potentialAction\":[{\"@type\":\"SearchAction\",\"target\":{\"@type\":\"EntryPoint\",\"urlTemplate\":\"https:\/\/www.aguarda.es\/en\/?s={search_term_string}\"},\"query-input\":\"required name=search_term_string\"}],\"inLanguage\":\"en-US\"},{\"@type\":\"Person\",\"@id\":\"https:\/\/www.aguarda.es\/en\/#\/schema\/person\/c463ca3006858ffb349d11179d044f21\",\"name\":\"prensa\",\"image\":{\"@type\":\"ImageObject\",\"inLanguage\":\"en-US\",\"@id\":\"https:\/\/www.aguarda.es\/en\/#\/schema\/person\/image\/\",\"url\":\"https:\/\/secure.gravatar.com\/avatar\/5f90ef536b0f98306edf5c7a1135ffa1?s=96&d=mm&r=g\",\"contentUrl\":\"https:\/\/secure.gravatar.com\/avatar\/5f90ef536b0f98306edf5c7a1135ffa1?s=96&d=mm&r=g\",\"caption\":\"prensa\"},\"url\":\"https:\/\/www.aguarda.es\/en\/author\/prensa\/\"}]}<\/script>\n<!-- \/ Yoast SEO plugin. -->","yoast_head_json":{"title":"A Guarda promocionase ante axencias de viaxes especializadas no FAIRWAY, Forum do Cami\u00f1o - Concello da Guarda","description":"Na secci\u00f3n aberta ao p\u00fablico o Cami\u00f1o Portugu\u00e9s da Costa estivo presente no stand de Turismo R\u00edas Baixas e no stand de Turismo de Galicia.","robots":{"index":"index","follow":"follow","max-snippet":"max-snippet:-1","max-image-preview":"max-image-preview:large","max-video-preview":"max-video-preview:-1"},"canonical":"https:\/\/www.aguarda.es\/en\/a-guarda-promocionase-ante-axencias-de-viaxes-especializadas-no-fairway-forum-do-camino\/","og_locale":"en_US","og_type":"article","og_title":"A Guarda promocionase ante axencias de viaxes especializadas no FAIRWAY, Forum do Cami\u00f1o - Concello da Guarda","og_description":"Na secci\u00f3n aberta ao p\u00fablico o Cami\u00f1o Portugu\u00e9s da Costa estivo presente no stand de Turismo R\u00edas Baixas e no stand de Turismo de Galicia.","og_url":"https:\/\/www.aguarda.es\/en\/a-guarda-promocionase-ante-axencias-de-viaxes-especializadas-no-fairway-forum-do-camino\/","og_site_name":"Concello da Guarda","article_publisher":"https:\/\/www.facebook.com\/ConcellodaGuarda","article_published_time":"2023-11-08T18:04:13+00:00","article_modified_time":"2023-12-15T13:18:36+00:00","og_image":[{"width":800,"height":600,"url":"https:\/\/www.aguarda.es\/wp-content\/uploads\/2023\/11\/NP-08112023-A-Guarda-promocionase-ante-axencias-de-viaxes-especializadas-no-FAIRWAY-Forum-do-Camino-1.jpg?_t=1702646317","type":"image\/jpeg"}],"author":"prensa","twitter_card":"summary_large_image","twitter_creator":"@AGuarda_es","twitter_site":"@AGuarda_es","twitter_misc":{"Written by":"prensa","Est. reading time":"2 minutes"},"schema":{"@context":"https:\/\/schema.org","@graph":[{"@type":"WebPage","@id":"https:\/\/www.aguarda.es\/en\/a-guarda-promocionase-ante-axencias-de-viaxes-especializadas-no-fairway-forum-do-camino\/","url":"https:\/\/www.aguarda.es\/en\/a-guarda-promocionase-ante-axencias-de-viaxes-especializadas-no-fairway-forum-do-camino\/","name":"A Guarda promocionase ante axencias de viaxes especializadas no FAIRWAY, Forum do Cami\u00f1o - Concello da Guarda","isPartOf":{"@id":"https:\/\/www.aguarda.es\/en\/#website"},"datePublished":"2023-11-08T18:04:13+00:00","dateModified":"2023-12-15T13:18:36+00:00","author":{"@id":"https:\/\/www.aguarda.es\/en\/#\/schema\/person\/c463ca3006858ffb349d11179d044f21"},"description":"Na secci\u00f3n aberta ao p\u00fablico o Cami\u00f1o Portugu\u00e9s da Costa estivo presente no stand de Turismo R\u00edas Baixas e no stand de Turismo de Galicia.","breadcrumb":{"@id":"https:\/\/www.aguarda.es\/en\/a-guarda-promocionase-ante-axencias-de-viaxes-especializadas-no-fairway-forum-do-camino\/#breadcrumb"},"inLanguage":"en-US","potentialAction":[{"@type":"ReadAction","target":["https:\/\/www.aguarda.es\/en\/a-guarda-promocionase-ante-axencias-de-viaxes-especializadas-no-fairway-forum-do-camino\/"]}]},{"@type":"BreadcrumbList","@id":"https:\/\/www.aguarda.es\/en\/a-guarda-promocionase-ante-axencias-de-viaxes-especializadas-no-fairway-forum-do-camino\/#breadcrumb","itemListElement":[{"@type":"ListItem","position":1,"name":"Portada","item":"https:\/\/www.aguarda.es\/en\/"},{"@type":"ListItem","position":2,"name":"A Guarda promocionase ante axencias de viaxes especializadas no FAIRWAY, Forum do Cami\u00f1o"}]},{"@type":"WebSite","@id":"https:\/\/www.aguarda.es\/en\/#website","url":"https:\/\/www.aguarda.es\/en\/","name":"Concello da Guarda","description":"P\u00e1xina web do concello da Guarda","potentialAction":[{"@type":"SearchAction","target":{"@type":"EntryPoint","urlTemplate":"https:\/\/www.aguarda.es\/en\/?s={search_term_string}"},"query-input":"required name=search_term_string"}],"inLanguage":"en-US"},{"@type":"Person","@id":"https:\/\/www.aguarda.es\/en\/#\/schema\/person\/c463ca3006858ffb349d11179d044f21","name":"prensa","image":{"@type":"ImageObject","inLanguage":"en-US","@id":"https:\/\/www.aguarda.es\/en\/#\/schema\/person\/image\/","url":"https:\/\/secure.gravatar.com\/avatar\/5f90ef536b0f98306edf5c7a1135ffa1?s=96&d=mm&r=g","contentUrl":"https:\/\/secure.gravatar.com\/avatar\/5f90ef536b0f98306edf5c7a1135ffa1?s=96&d=mm&r=g","caption":"prensa"},"url":"https:\/\/www.aguarda.es\/en\/author\/prensa\/"}]}},"_links":{"self":[{"href":"https:\/\/www.aguarda.es\/en\/wp-json\/wp\/v2\/posts\/29032"}],"collection":[{"href":"https:\/\/www.aguarda.es\/en\/wp-json\/wp\/v2\/posts"}],"about":[{"href":"https:\/\/www.aguarda.es\/en\/wp-json\/wp\/v2\/types\/post"}],"author":[{"embeddable":true,"href":"https:\/\/www.aguarda.es\/en\/wp-json\/wp\/v2\/users\/2"}],"replies":[{"embeddable":true,"href":"https:\/\/www.aguarda.es\/en\/wp-json\/wp\/v2\/comments?post=29032"}],"version-history":[{"count":2,"href":"https:\/\/www.aguarda.es\/en\/wp-json\/wp\/v2\/posts\/29032\/revisions"}],"predecessor-version":[{"id":29036,"href":"https:\/\/www.aguarda.es\/en\/wp-json\/wp\/v2\/posts\/29032\/revisions\/29036"}],"wp:featuredmedia":[{"embeddable":true,"href":"https:\/\/www.aguarda.es\/en\/wp-json\/wp\/v2\/media\/29033"}],"wp:attachment":[{"href":"https:\/\/www.aguarda.es\/en\/wp-json\/wp\/v2\/media?parent=29032"}],"wp:term":[{"taxonomy":"category","embeddable":true,"href":"https:\/\/www.aguarda.es\/en\/wp-json\/wp\/v2\/categories?post=29032"},{"taxonomy":"post_tag","embeddable":true,"href":"https:\/\/www.aguarda.es\/en\/wp-json\/wp\/v2\/tags?post=29032"}],"curies":[{"name":"wp","href":"https:\/\/api.w.org\/{rel}","templated":true}]}}